{"id":3363,"date":"2023-08-07T14:39:05","date_gmt":"2023-08-07T14:39:05","guid":{"rendered":"https:\/\/alcaldiaalbertoadriani.com\/?p=3363"},"modified":"2023-08-07T14:39:08","modified_gmt":"2023-08-07T14:39:08","slug":"recoleccion-basura-nuevo-horario","status":"publish","type":"post","link":"https:\/\/alcaldiaalbertoadriani.com\/?p=3363","title":{"rendered":"Recolecci\u00f3n de la basura tendr\u00e1 nuevo horario en El Vig\u00eda"},"content":{"rendered":"<div class=\"wp-block-post-excerpt\"><p class=\"wp-block-post-excerpt__excerpt\">Entre las 9:00 de la ma\u00f1ana y 8:00 de la noche, de lunes a s\u00e1bado; mientras que los domingos ser\u00e1 solo diurno <\/p><\/div>\n\n\n<p>La gerencia de <a href=\"https:\/\/alcaldiaalbertoadriani.com\/?p=3350\" target=\"_blank\" rel=\"noreferrer noopener\">Servicios P\u00fablicos Municipales,<\/a> a cargo de Dar\u00edo Belandria, present\u00f3 un nuevo plan de trabajo en materia de <a href=\"https:\/\/alcaldiaalbertoadriani.com\/?p=3272\" target=\"_blank\" rel=\"noreferrer noopener\">concientizaci\u00f3n y recolecci\u00f3n de la basura<\/a> con un nuevo horario en el <a href=\"https:\/\/twitter.com\/alcaldiaaa\" target=\"_blank\" rel=\"noreferrer noopener\">municipio Alberto Adriani<\/a>.<\/p>\n\n\n\n<h2 class=\"wp-block-heading\">Recolecci\u00f3n de basura en las avenidas y el centro<\/h2>\n\n\n\n<p>De acuerdo a la informaci\u00f3n dada por el funcionario, se implement\u00f3 un nuevo horario en el servicio del aseo urbano para las avenidas y centro, con dos rutas diarias a partir de las 9:00 de la ma\u00f1ana.<\/p>\n\n\n\n<p>Dijo que en el nuevo horario se continuar\u00e1 recogiendo la basura en la avenida Don Pepe Rojas, Jos\u00e9 Antonio P\u00e1ez (conocida como aeropuerto), avenida 15, as\u00ed como la avenida Bol\u00edvar y el centro de la ciudad.<\/p>\n\n\n\n<!--more-->\n\n\n\n<p>\u201cEs de reiterar que con estas dos rutas diarias que ser\u00e1n a partir de las 9 de la ma\u00f1ana y 8 de la noche, se busca hacer un excelente trabajo y sobre todo, generar conciencia en la ciudadan\u00eda vig\u00edense de que tenemos que mantener limpios nuestros espacios\u201d, acentu\u00f3.<\/p>\n\n\n\n<h2 class=\"wp-block-heading\">Nuevo Horario en El Vig\u00eda<\/h2>\n\n\n\n<p>Explic\u00f3 Dar\u00edo Belandria que las dos rutas, ser\u00e1n entre las 9:00 de la ma\u00f1ana y 8:00 de la noche, a partir del este jueves 3 de agosto y hasta el s\u00e1bado; mientras que los domingos en horario diurno estar\u00e1n cumpliendo con la ruta del centro, avenida Bol\u00edvar y algunos sectores de la localidad.<\/p>\n\n\n\n<p>Para concluir, el titular de los Servicios P\u00fablicos recalc\u00f3 que estos cambios positivos obedecen a las orientaciones del <a href=\"https:\/\/twitter.com\/lisandrosegura\" target=\"_blank\" rel=\"noreferrer noopener\">alcalde Lisandro Segura<\/a>, para sanear y garantizar la salubridad de la poblaci\u00f3n en la disposici\u00f3n final de los desechos s\u00f3lidos. <strong>Prensa <a href=\"https:\/\/twitter.com\/alcaldiaaa\" target=\"_blank\" rel=\"noreferrer noopener\">Alcald\u00eda Alberto Adriani<\/a>\/Edgar Mendoza CNP.25.736\/Fotos: Emmanuel M\u00e9ndez.<\/strong><\/p>\n","protected":false},"excerpt":{"rendered":"<p><em><strong>Entre las 9:00 de la ma\u00f1ana y 8:00 de la noche, de lunes a s\u00e1bado; mientras que los domingos ser\u00e1 solo diurno<\/strong><\/em><\/p>\n","protected":false},"author":2,"featured_media":3364,"comment_status":"closed","ping_status":"closed","sticky":false,"template":"","format":"standard","meta":{"_et_pb_use_builder":"off","_et_pb_old_content":"","_et_gb_content_width":"","footnotes":""},"categories":[341,300,34,175,25,24,295],"tags":[31,11,12,15,30,29,28,458],"class_list":["post-3363","post","type-post","status-publish","format-standard","has-post-thumbnail","hentry","category-alcaldia-alberto-adriani","category-aseo","category-gerencia-de-servicios-publicos-municipales","category-gestion-municipal","category-nuestro-municipio","category-recuperacion-de-espacios","category-servicios-publicos","tag-alcalde","tag-alcaldia","tag-alcaldiaalbertoadriani","tag-elvigia","tag-lisandrosegura","tag-municipioquenosmerecemos","tag-porelrenacer","tag-recoleccion-basura-nuevo-horario"],"yoast_head":"<!-- This site is optimized with the Yoast SEO plugin v19.13 - https:\/\/yoast.com\/wordpress\/plugins\/seo\/ -->\n<title>Recolecci\u00f3n de la basura tendr\u00e1 nuevo horario en El Vig\u00eda - Alcaldia Alberto Adriani<\/title>\n<meta name=\"description\" content=\"Alcald\u00eda de Alberto Adriani implement\u00f3 un nuevo horario de recolecci\u00f3n de la basura, con dos rutas diarias a partir de las 9:00 de la ma\u00f1ana.\" \/>\n<meta name=\"robots\" content=\"index, follow, max-snippet:-1, max-image-preview:large, max-video-preview:-1\" \/>\n<link rel=\"canonical\" href=\"https:\/\/alcaldiaalbertoadriani.com\/?p=3363\" \/>\n<meta property=\"og:locale\" content=\"es_ES\" \/>\n<meta property=\"og:type\" content=\"article\" \/>\n<meta property=\"og:title\" content=\"Recolecci\u00f3n de la basura tendr\u00e1 nuevo horario en El Vig\u00eda - Alcaldia Alberto Adriani\" \/>\n<meta property=\"og:description\" content=\"Alcald\u00eda de Alberto Adriani implement\u00f3 un nuevo horario de recolecci\u00f3n de la basura, con dos rutas diarias a partir de las 9:00 de la ma\u00f1ana.\" \/>\n<meta property=\"og:url\" content=\"https:\/\/alcaldiaalbertoadriani.com\/?p=3363\" \/>\n<meta property=\"og:site_name\" content=\"Alcaldia Alberto Adriani\" \/>\n<meta property=\"article:published_time\" content=\"2023-08-07T14:39:05+00:00\" \/>\n<meta property=\"article:modified_time\" content=\"2023-08-07T14:39:08+00:00\" \/>\n<meta property=\"og:image\" content=\"https:\/\/alcaldiaalbertoadriani.com\/wp-content\/uploads\/2023\/08\/WhatsApp-Image-2023-01-27-at-9.33.56-AM.jpg\" \/>\n\t<meta property=\"og:image:width\" content=\"1020\" \/>\n\t<meta property=\"og:image:height\" content=\"768\" \/>\n\t<meta property=\"og:image:type\" content=\"image\/jpeg\" \/>\n<meta name=\"author\" content=\"Prensa\" \/>\n<meta name=\"twitter:card\" content=\"summary_large_image\" \/>\n<meta name=\"twitter:label1\" content=\"Escrito por\" \/>\n\t<meta name=\"twitter:data1\" content=\"Prensa\" \/>\n\t<meta name=\"twitter:label2\" content=\"Tiempo de lectura\" \/>\n\t<meta name=\"twitter:data2\" content=\"2 minutos\" \/>\n<script type=\"application\/ld+json\" class=\"yoast-schema-graph\">{\"@context\":\"https:\/\/schema.org\",\"@graph\":[{\"@type\":\"WebPage\",\"@id\":\"https:\/\/alcaldiaalbertoadriani.com\/?p=3363\",\"url\":\"https:\/\/alcaldiaalbertoadriani.com\/?p=3363\",\"name\":\"Recolecci\u00f3n de la basura tendr\u00e1 nuevo horario en El Vig\u00eda - Alcaldia Alberto Adriani\",\"isPartOf\":{\"@id\":\"https:\/\/alcaldiaalbertoadriani.com\/#website\"},\"datePublished\":\"2023-08-07T14:39:05+00:00\",\"dateModified\":\"2023-08-07T14:39:08+00:00\",\"author\":{\"@id\":\"https:\/\/alcaldiaalbertoadriani.com\/#\/schema\/person\/549b4483ff8999ac780deeea78795fc9\"},\"description\":\"Alcald\u00eda de Alberto Adriani implement\u00f3 un nuevo horario de recolecci\u00f3n de la basura, con dos rutas diarias a partir de las 9:00 de la ma\u00f1ana.\",\"breadcrumb\":{\"@id\":\"https:\/\/alcaldiaalbertoadriani.com\/?p=3363#breadcrumb\"},\"inLanguage\":\"es\",\"potentialAction\":[{\"@type\":\"ReadAction\",\"target\":[\"https:\/\/alcaldiaalbertoadriani.com\/?p=3363\"]}]},{\"@type\":\"BreadcrumbList\",\"@id\":\"https:\/\/alcaldiaalbertoadriani.com\/?p=3363#breadcrumb\",\"itemListElement\":[{\"@type\":\"ListItem\",\"position\":1,\"name\":\"Portada\",\"item\":\"https:\/\/alcaldiaalbertoadriani.com\/\"},{\"@type\":\"ListItem\",\"position\":2,\"name\":\"Recolecci\u00f3n de la basura tendr\u00e1 nuevo horario en El Vig\u00eda\"}]},{\"@type\":\"WebSite\",\"@id\":\"https:\/\/alcaldiaalbertoadriani.com\/#website\",\"url\":\"https:\/\/alcaldiaalbertoadriani.com\/\",\"name\":\"Alcaldia Alberto Adriani\",\"description\":\"\",\"potentialAction\":[{\"@type\":\"SearchAction\",\"target\":{\"@type\":\"EntryPoint\",\"urlTemplate\":\"https:\/\/alcaldiaalbertoadriani.com\/?s={search_term_string}\"},\"query-input\":\"required name=search_term_string\"}],\"inLanguage\":\"es\"},{\"@type\":\"Person\",\"@id\":\"https:\/\/alcaldiaalbertoadriani.com\/#\/schema\/person\/549b4483ff8999ac780deeea78795fc9\",\"name\":\"Prensa\",\"image\":{\"@type\":\"ImageObject\",\"inLanguage\":\"es\",\"@id\":\"https:\/\/alcaldiaalbertoadriani.com\/#\/schema\/person\/image\/\",\"url\":\"https:\/\/secure.gravatar.com\/avatar\/ea1cb567ea992a29627f4eee1c2eb185ec16decec6342d508fdf18dedb56c9de?s=96&d=mm&r=g\",\"contentUrl\":\"https:\/\/secure.gravatar.com\/avatar\/ea1cb567ea992a29627f4eee1c2eb185ec16decec6342d508fdf18dedb56c9de?s=96&d=mm&r=g\",\"caption\":\"Prensa\"},\"url\":\"https:\/\/alcaldiaalbertoadriani.com\/?author=2\"}]}<\/script>\n<!-- \/ Yoast SEO plugin. -->","yoast_head_json":{"title":"Recolecci\u00f3n de la basura tendr\u00e1 nuevo horario en El Vig\u00eda - Alcaldia Alberto Adriani","description":"Alcald\u00eda de Alberto Adriani implement\u00f3 un nuevo horario de recolecci\u00f3n de la basura, con dos rutas diarias a partir de las 9:00 de la ma\u00f1ana.","robots":{"index":"index","follow":"follow","max-snippet":"max-snippet:-1","max-image-preview":"max-image-preview:large","max-video-preview":"max-video-preview:-1"},"canonical":"https:\/\/alcaldiaalbertoadriani.com\/?p=3363","og_locale":"es_ES","og_type":"article","og_title":"Recolecci\u00f3n de la basura tendr\u00e1 nuevo horario en El Vig\u00eda - Alcaldia Alberto Adriani","og_description":"Alcald\u00eda de Alberto Adriani implement\u00f3 un nuevo horario de recolecci\u00f3n de la basura, con dos rutas diarias a partir de las 9:00 de la ma\u00f1ana.","og_url":"https:\/\/alcaldiaalbertoadriani.com\/?p=3363","og_site_name":"Alcaldia Alberto Adriani","article_published_time":"2023-08-07T14:39:05+00:00","article_modified_time":"2023-08-07T14:39:08+00:00","og_image":[{"width":1020,"height":768,"url":"https:\/\/alcaldiaalbertoadriani.com\/wp-content\/uploads\/2023\/08\/WhatsApp-Image-2023-01-27-at-9.33.56-AM.jpg","type":"image\/jpeg"}],"author":"Prensa","twitter_card":"summary_large_image","twitter_misc":{"Escrito por":"Prensa","Tiempo de lectura":"2 minutos"},"schema":{"@context":"https:\/\/schema.org","@graph":[{"@type":"WebPage","@id":"https:\/\/alcaldiaalbertoadriani.com\/?p=3363","url":"https:\/\/alcaldiaalbertoadriani.com\/?p=3363","name":"Recolecci\u00f3n de la basura tendr\u00e1 nuevo horario en El Vig\u00eda - Alcaldia Alberto Adriani","isPartOf":{"@id":"https:\/\/alcaldiaalbertoadriani.com\/#website"},"datePublished":"2023-08-07T14:39:05+00:00","dateModified":"2023-08-07T14:39:08+00:00","author":{"@id":"https:\/\/alcaldiaalbertoadriani.com\/#\/schema\/person\/549b4483ff8999ac780deeea78795fc9"},"description":"Alcald\u00eda de Alberto Adriani implement\u00f3 un nuevo horario de recolecci\u00f3n de la basura, con dos rutas diarias a partir de las 9:00 de la ma\u00f1ana.","breadcrumb":{"@id":"https:\/\/alcaldiaalbertoadriani.com\/?p=3363#breadcrumb"},"inLanguage":"es","potentialAction":[{"@type":"ReadAction","target":["https:\/\/alcaldiaalbertoadriani.com\/?p=3363"]}]},{"@type":"BreadcrumbList","@id":"https:\/\/alcaldiaalbertoadriani.com\/?p=3363#breadcrumb","itemListElement":[{"@type":"ListItem","position":1,"name":"Portada","item":"https:\/\/alcaldiaalbertoadriani.com\/"},{"@type":"ListItem","position":2,"name":"Recolecci\u00f3n de la basura tendr\u00e1 nuevo horario en El Vig\u00eda"}]},{"@type":"WebSite","@id":"https:\/\/alcaldiaalbertoadriani.com\/#website","url":"https:\/\/alcaldiaalbertoadriani.com\/","name":"Alcaldia Alberto Adriani","description":"","potentialAction":[{"@type":"SearchAction","target":{"@type":"EntryPoint","urlTemplate":"https:\/\/alcaldiaalbertoadriani.com\/?s={search_term_string}"},"query-input":"required name=search_term_string"}],"inLanguage":"es"},{"@type":"Person","@id":"https:\/\/alcaldiaalbertoadriani.com\/#\/schema\/person\/549b4483ff8999ac780deeea78795fc9","name":"Prensa","image":{"@type":"ImageObject","inLanguage":"es","@id":"https:\/\/alcaldiaalbertoadriani.com\/#\/schema\/person\/image\/","url":"https:\/\/secure.gravatar.com\/avatar\/ea1cb567ea992a29627f4eee1c2eb185ec16decec6342d508fdf18dedb56c9de?s=96&d=mm&r=g","contentUrl":"https:\/\/secure.gravatar.com\/avatar\/ea1cb567ea992a29627f4eee1c2eb185ec16decec6342d508fdf18dedb56c9de?s=96&d=mm&r=g","caption":"Prensa"},"url":"https:\/\/alcaldiaalbertoadriani.com\/?author=2"}]}},"_links":{"self":[{"href":"https:\/\/alcaldiaalbertoadriani.com\/index.php?rest_route=\/wp\/v2\/posts\/3363","targetHints":{"allow":["GET"]}}],"collection":[{"href":"https:\/\/alcaldiaalbertoadriani.com\/index.php?rest_route=\/wp\/v2\/posts"}],"about":[{"href":"https:\/\/alcaldiaalbertoadriani.com\/index.php?rest_route=\/wp\/v2\/types\/post"}],"author":[{"embeddable":true,"href":"https:\/\/alcaldiaalbertoadriani.com\/index.php?rest_route=\/wp\/v2\/users\/2"}],"replies":[{"embeddable":true,"href":"https:\/\/alcaldiaalbertoadriani.com\/index.php?rest_route=%2Fwp%2Fv2%2Fcomments&post=3363"}],"version-history":[{"count":1,"href":"https:\/\/alcaldiaalbertoadriani.com\/index.php?rest_route=\/wp\/v2\/posts\/3363\/revisions"}],"predecessor-version":[{"id":3365,"href":"https:\/\/alcaldiaalbertoadriani.com\/index.php?rest_route=\/wp\/v2\/posts\/3363\/revisions\/3365"}],"wp:featuredmedia":[{"embeddable":true,"href":"https:\/\/alcaldiaalbertoadriani.com\/index.php?rest_route=\/wp\/v2\/media\/3364"}],"wp:attachment":[{"href":"https:\/\/alcaldiaalbertoadriani.com\/index.php?rest_route=%2Fwp%2Fv2%2Fmedia&parent=3363"}],"wp:term":[{"taxonomy":"category","embeddable":true,"href":"https:\/\/alcaldiaalbertoadriani.com\/index.php?rest_route=%2Fwp%2Fv2%2Fcategories&post=3363"},{"taxonomy":"post_tag","embeddable":true,"href":"https:\/\/alcaldiaalbertoadriani.com\/index.php?rest_route=%2Fwp%2Fv2%2Ftags&post=3363"}],"curies":[{"name":"wp","href":"https:\/\/api.w.org\/{rel}","templated":true}]}}