{"id":3350,"date":"2023-08-05T01:34:55","date_gmt":"2023-08-05T01:34:55","guid":{"rendered":"https:\/\/alcaldiaalbertoadriani.com\/?p=3350"},"modified":"2023-08-05T01:35:00","modified_gmt":"2023-08-05T01:35:00","slug":"alcaldia-rehabilito-via-vertedero-de-onia","status":"publish","type":"post","link":"https:\/\/alcaldiaalbertoadriani.com\/?p=3350","title":{"rendered":"Alcald\u00eda de El Vig\u00eda rehabilit\u00f3 v\u00eda principal de acceso a las terrazas del vertedero de Onia"},"content":{"rendered":"<div class=\"wp-block-post-excerpt\"><p class=\"wp-block-post-excerpt__excerpt\">Fueron m\u00e1s de 20 camiones de granz\u00f3n colocados en la v\u00eda y la utilizaci\u00f3n de maquinaria pesada tipo retroexcavador <\/p><\/div>\n\n\n<p>La alcald\u00eda del <a href=\"https:\/\/twitter.com\/alcaldiaaa\" target=\"_blank\" rel=\"noreferrer noopener\">municipio Alberto Adriani<\/a>, a trav\u00e9s de la <a href=\"https:\/\/alcaldiaalbertoadriani.com\/?p=3328\" target=\"_blank\" rel=\"noreferrer noopener\">gerencia de Servicios P\u00fablicos Municipales<\/a>, rehabilit\u00f3 la v\u00eda principal de acceso hacia las terrazas dentro del vertedero de Onia en la parroquia R\u00f3mulo Gallegos.<\/p>\n\n\n\n<h2 class=\"wp-block-heading\">Alcald\u00eda rehabilit\u00f3 v\u00eda hac\u00eda las terrazas vertedero de Onia<\/h2>\n\n\n\n<p>El reacondicionamiento se hizo el pasado fin de semana, con la colocaci\u00f3n de m\u00e1s de 20 camiones de granz\u00f3n y maquinaria tipo retroexcavador.<\/p>\n\n\n\n<figure class=\"wp-block-image size-full\"><img loading=\"lazy\" decoding=\"async\" width=\"768\" height=\"432\" src=\"https:\/\/alcaldiaalbertoadriani.com\/wp-content\/uploads\/2023\/08\/photo_2023-08-04_18-34-25-edited.jpg\" alt=\"\" class=\"wp-image-3353\" srcset=\"https:\/\/alcaldiaalbertoadriani.com\/wp-content\/uploads\/2023\/08\/photo_2023-08-04_18-34-25-edited.jpg 768w, https:\/\/alcaldiaalbertoadriani.com\/wp-content\/uploads\/2023\/08\/photo_2023-08-04_18-34-25-edited-480x270.jpg 480w\" sizes=\"auto, (min-width: 0px) and (max-width: 480px) 480px, (min-width: 481px) 768px, 100vw\" \/><\/figure>\n\n\n\n<!--more-->\n\n\n\n<p>Los detalles los dio a conocer Dar\u00edo Belandria, gerente de Servicios P\u00fablicos, al se\u00f1alar que siguiendo instrucciones del <a href=\"https:\/\/twitter.com\/lisandrosegura\" target=\"_blank\" rel=\"noreferrer noopener\">alcalde Lisandro Segura<\/a>, \u201cse hizo el pasado fin de semana una importante jornada de recolecci\u00f3n de basura en el municipio, para lo cual implementamos la <a href=\"https:\/\/alcaldiaalbertoadriani.com\/?p=1547\" target=\"_blank\" rel=\"noreferrer noopener\">recuperaci\u00f3n de la v\u00eda principal dentro de Macumo<\/a>, con recursos propios de la alcald\u00eda de Alberto Adriani\u201d, apunt\u00f3.<\/p>\n\n\n\n<p>Explic\u00f3 Belandria que &#8220;el granz\u00f3n fue tra\u00eddo desde el r\u00edo Onia con transporte pesado tipo volteo hasta las terrazas, movilizaci\u00f3n que se hizo con recursos propios de la alcald\u00eda&#8221;, acot\u00f3.<\/p>\n\n\n\n<p>A\u00f1adi\u00f3 que dentro de un lapso de 5 a 6 meses se podr\u00e1 hacer mantenimiento nuevamente a esta importante vialidad para el acceso a las terrazas principales del vertedero.<\/p>\n\n\n\n<h2 class=\"wp-block-heading\">Adecuaci\u00f3n de drenajes<\/h2>\n\n\n\n<p>Por otra parte, Ricardo \u00c1lvarez, representante ante la mancomunidad de Macumo por <a href=\"https:\/\/twitter.com\/alcaldiaaa\" target=\"_blank\" rel=\"noreferrer noopener\">Alberto Adriani<\/a>, agreg\u00f3 que tambi\u00e9n se hizo la adecuaci\u00f3n a los drenajes que permiten la movilizaci\u00f3n de los veh\u00edculos y mejor acceso hacia las terrazas para la descarga final de los desechos s\u00f3lidos.<\/p>\n\n\n\n<p>Finalmente, los funcionarios informaron que, con los trabajos de recuperaci\u00f3n de la mencionada v\u00eda por parte de la gesti\u00f3n municipal del <a href=\"https:\/\/twitter.com\/lisandrosegura\" target=\"_blank\" rel=\"noreferrer noopener\">alcalde Lisandro Segura<\/a>, qued\u00f3 en total funcionamiento y se mantiene la operatividad del relleno sanitario. <strong>Prensa <a href=\"https:\/\/twitter.com\/alcaldiaaa\" target=\"_blank\" rel=\"noreferrer noopener\">Alberto Adriani<\/a>\/ Claribel Zambrano CNP: 11.843\/ Fotos: Servicios P\u00fablicos Municipales.<\/strong><\/p>\n\n\n\n<figure class=\"wp-block-gallery has-nested-images columns-default is-cropped wp-block-gallery-1 is-layout-flex wp-block-gallery-is-layout-flex\">\n<figure class=\"wp-block-image size-large\"><img loading=\"lazy\" decoding=\"async\" width=\"768\" height=\"1020\" data-id=\"3360\" src=\"https:\/\/alcaldiaalbertoadriani.com\/wp-content\/uploads\/2023\/08\/photo_2023-08-04_18-34-24.jpg\" alt=\"\" class=\"wp-image-3360\" srcset=\"https:\/\/alcaldiaalbertoadriani.com\/wp-content\/uploads\/2023\/08\/photo_2023-08-04_18-34-24.jpg 768w, https:\/\/alcaldiaalbertoadriani.com\/wp-content\/uploads\/2023\/08\/photo_2023-08-04_18-34-24-480x638.jpg 480w\" sizes=\"auto, (min-width: 0px) and (max-width: 480px) 480px, (min-width: 481px) 768px, 100vw\" \/><\/figure>\n\n\n\n<figure class=\"wp-block-image size-large\"><img loading=\"lazy\" decoding=\"async\" width=\"1024\" height=\"460\" data-id=\"3354\" src=\"https:\/\/alcaldiaalbertoadriani.com\/wp-content\/uploads\/2023\/08\/photo_2023-08-04_18-34-25-2-1024x460.jpg\" alt=\"\" class=\"wp-image-3354\" srcset=\"https:\/\/alcaldiaalbertoadriani.com\/wp-content\/uploads\/2023\/08\/photo_2023-08-04_18-34-25-2-1024x460.jpg 1024w, https:\/\/alcaldiaalbertoadriani.com\/wp-content\/uploads\/2023\/08\/photo_2023-08-04_18-34-25-2-980x441.jpg 980w, https:\/\/alcaldiaalbertoadriani.com\/wp-content\/uploads\/2023\/08\/photo_2023-08-04_18-34-25-2-480x216.jpg 480w\" sizes=\"auto, (min-width: 0px) and (max-width: 480px) 480px, (min-width: 481px) and (max-width: 980px) 980px, (min-width: 981px) 1024px, 100vw\" \/><\/figure>\n\n\n\n<figure class=\"wp-block-image size-large\"><img loading=\"lazy\" decoding=\"async\" width=\"768\" height=\"1024\" data-id=\"3357\" src=\"https:\/\/alcaldiaalbertoadriani.com\/wp-content\/uploads\/2023\/08\/photo_2023-08-04_18-34-26-3-768x1024.jpg\" alt=\"\" class=\"wp-image-3357\" srcset=\"https:\/\/alcaldiaalbertoadriani.com\/wp-content\/uploads\/2023\/08\/photo_2023-08-04_18-34-26-3-768x1024.jpg 768w, https:\/\/alcaldiaalbertoadriani.com\/wp-content\/uploads\/2023\/08\/photo_2023-08-04_18-34-26-3-480x640.jpg 480w\" sizes=\"auto, (min-width: 0px) and (max-width: 480px) 480px, (min-width: 481px) 768px, 100vw\" \/><\/figure>\n\n\n\n<figure class=\"wp-block-image size-large\"><img loading=\"lazy\" decoding=\"async\" width=\"768\" height=\"1024\" data-id=\"3356\" src=\"https:\/\/alcaldiaalbertoadriani.com\/wp-content\/uploads\/2023\/08\/photo_2023-08-04_18-34-26-768x1024.jpg\" alt=\"\" class=\"wp-image-3356\" srcset=\"https:\/\/alcaldiaalbertoadriani.com\/wp-content\/uploads\/2023\/08\/photo_2023-08-04_18-34-26-768x1024.jpg 768w, https:\/\/alcaldiaalbertoadriani.com\/wp-content\/uploads\/2023\/08\/photo_2023-08-04_18-34-26-480x640.jpg 480w\" sizes=\"auto, (min-width: 0px) and (max-width: 480px) 480px, (min-width: 481px) 768px, 100vw\" \/><\/figure>\n\n\n\n<figure class=\"wp-block-image size-large\"><img loading=\"lazy\" decoding=\"async\" width=\"1024\" height=\"768\" data-id=\"3358\" src=\"https:\/\/alcaldiaalbertoadriani.com\/wp-content\/uploads\/2023\/08\/photo_2023-08-04_18-34-27-1024x768.jpg\" alt=\"\" class=\"wp-image-3358\" srcset=\"https:\/\/alcaldiaalbertoadriani.com\/wp-content\/uploads\/2023\/08\/photo_2023-08-04_18-34-27-1024x768.jpg 1024w, https:\/\/alcaldiaalbertoadriani.com\/wp-content\/uploads\/2023\/08\/photo_2023-08-04_18-34-27-980x735.jpg 980w, https:\/\/alcaldiaalbertoadriani.com\/wp-content\/uploads\/2023\/08\/photo_2023-08-04_18-34-27-480x360.jpg 480w\" sizes=\"auto, (min-width: 0px) and (max-width: 480px) 480px, (min-width: 481px) and (max-width: 980px) 980px, (min-width: 981px) 1024px, 100vw\" \/><\/figure>\n\n\n\n<figure class=\"wp-block-image size-large\"><img loading=\"lazy\" decoding=\"async\" width=\"1024\" height=\"768\" data-id=\"3361\" src=\"https:\/\/alcaldiaalbertoadriani.com\/wp-content\/uploads\/2023\/08\/photo_2023-08-04_18-34-32-1024x768.jpg\" alt=\"\" class=\"wp-image-3361\" srcset=\"https:\/\/alcaldiaalbertoadriani.com\/wp-content\/uploads\/2023\/08\/photo_2023-08-04_18-34-32-1024x768.jpg 1024w, https:\/\/alcaldiaalbertoadriani.com\/wp-content\/uploads\/2023\/08\/photo_2023-08-04_18-34-32-980x735.jpg 980w, https:\/\/alcaldiaalbertoadriani.com\/wp-content\/uploads\/2023\/08\/photo_2023-08-04_18-34-32-480x360.jpg 480w\" sizes=\"auto, (min-width: 0px) and (max-width: 480px) 480px, (min-width: 481px) and (max-width: 980px) 980px, (min-width: 981px) 1024px, 100vw\" \/><\/figure>\n\n\n\n<figure class=\"wp-block-image size-large\"><img loading=\"lazy\" decoding=\"async\" width=\"768\" height=\"1024\" data-id=\"3359\" src=\"https:\/\/alcaldiaalbertoadriani.com\/wp-content\/uploads\/2023\/08\/photo_2023-08-04_18-34-33-2-768x1024.jpg\" alt=\"\" class=\"wp-image-3359\" srcset=\"https:\/\/alcaldiaalbertoadriani.com\/wp-content\/uploads\/2023\/08\/photo_2023-08-04_18-34-33-2-768x1024.jpg 768w, https:\/\/alcaldiaalbertoadriani.com\/wp-content\/uploads\/2023\/08\/photo_2023-08-04_18-34-33-2-480x640.jpg 480w\" sizes=\"auto, (min-width: 0px) and (max-width: 480px) 480px, (min-width: 481px) 768px, 100vw\" \/><\/figure>\n\n\n\n<figure class=\"wp-block-image size-large\"><img loading=\"lazy\" decoding=\"async\" width=\"1024\" height=\"768\" data-id=\"3355\" src=\"https:\/\/alcaldiaalbertoadriani.com\/wp-content\/uploads\/2023\/08\/photo_2023-08-04_18-34-33-1024x768.jpg\" alt=\"\" class=\"wp-image-3355\" srcset=\"https:\/\/alcaldiaalbertoadriani.com\/wp-content\/uploads\/2023\/08\/photo_2023-08-04_18-34-33-1024x768.jpg 1024w, https:\/\/alcaldiaalbertoadriani.com\/wp-content\/uploads\/2023\/08\/photo_2023-08-04_18-34-33-980x735.jpg 980w, https:\/\/alcaldiaalbertoadriani.com\/wp-content\/uploads\/2023\/08\/photo_2023-08-04_18-34-33-480x360.jpg 480w\" sizes=\"auto, (min-width: 0px) and (max-width: 480px) 480px, (min-width: 481px) and (max-width: 980px) 980px, (min-width: 981px) 1024px, 100vw\" \/><\/figure>\n<\/figure>\n","protected":false},"excerpt":{"rendered":"<p><em><strong>Fueron m\u00e1s de 20 camiones de granz\u00f3n colocados en la v\u00eda y la utilizaci\u00f3n de maquinaria pesada tipo retroexcavador<\/strong><\/em><\/p>\n","protected":false},"author":2,"featured_media":3351,"comment_status":"closed","ping_status":"closed","sticky":false,"template":"","format":"standard","meta":{"_et_pb_use_builder":"off","_et_pb_old_content":"","_et_gb_content_width":"","footnotes":""},"categories":[341,175,25,24,367],"tags":[31,11,12,15,30,29,28,457],"class_list":["post-3350","post","type-post","status-publish","format-standard","has-post-thumbnail","hentry","category-alcaldia-alberto-adriani","category-gestion-municipal","category-nuestro-municipio","category-recuperacion-de-espacios","category-vialidad","tag-alcalde","tag-alcaldia","tag-alcaldiaalbertoadriani","tag-elvigia","tag-lisandrosegura","tag-municipioquenosmerecemos","tag-porelrenacer","tag-alcaldia-rehabilito-via-vertedero-de-onia"],"yoast_head":"<!-- This site is optimized with the Yoast SEO plugin v19.13 - https:\/\/yoast.com\/wordpress\/plugins\/seo\/ -->\n<title>Alcald\u00eda de El Vig\u00eda rehabilit\u00f3 v\u00eda principal de acceso a las terrazas del vertedero de Onia - Alcaldia Alberto Adriani<\/title>\n<meta name=\"description\" content=\"Alcald\u00eda del municipio Alberto Adriani rehabilit\u00f3 la v\u00eda principal de acceso hacia las terrazas dentro del vertedero de Onia.\" \/>\n<meta name=\"robots\" content=\"index, follow, max-snippet:-1, max-image-preview:large, max-video-preview:-1\" \/>\n<link rel=\"canonical\" href=\"https:\/\/alcaldiaalbertoadriani.com\/?p=3350\" \/>\n<meta property=\"og:locale\" content=\"es_ES\" \/>\n<meta property=\"og:type\" content=\"article\" \/>\n<meta property=\"og:title\" content=\"Alcald\u00eda de El Vig\u00eda rehabilit\u00f3 v\u00eda principal de acceso a las terrazas del vertedero de Onia - Alcaldia Alberto Adriani\" \/>\n<meta property=\"og:description\" content=\"Alcald\u00eda del municipio Alberto Adriani rehabilit\u00f3 la v\u00eda principal de acceso hacia las terrazas dentro del vertedero de Onia.\" \/>\n<meta property=\"og:url\" content=\"https:\/\/alcaldiaalbertoadriani.com\/?p=3350\" \/>\n<meta property=\"og:site_name\" content=\"Alcaldia Alberto Adriani\" \/>\n<meta property=\"article:published_time\" content=\"2023-08-05T01:34:55+00:00\" \/>\n<meta property=\"article:modified_time\" content=\"2023-08-05T01:35:00+00:00\" \/>\n<meta property=\"og:image\" content=\"https:\/\/alcaldiaalbertoadriani.com\/wp-content\/uploads\/2023\/08\/photo_2023-08-04_18-34-26-2.jpg\" \/>\n\t<meta property=\"og:image:width\" content=\"780\" \/>\n\t<meta property=\"og:image:height\" content=\"1040\" \/>\n\t<meta property=\"og:image:type\" content=\"image\/jpeg\" \/>\n<meta name=\"author\" content=\"Prensa\" \/>\n<meta name=\"twitter:card\" content=\"summary_large_image\" \/>\n<meta name=\"twitter:label1\" content=\"Escrito por\" \/>\n\t<meta name=\"twitter:data1\" content=\"Prensa\" \/>\n\t<meta name=\"twitter:label2\" content=\"Tiempo de lectura\" \/>\n\t<meta name=\"twitter:data2\" content=\"4 minutos\" \/>\n<script type=\"application\/ld+json\" class=\"yoast-schema-graph\">{\"@context\":\"https:\/\/schema.org\",\"@graph\":[{\"@type\":\"WebPage\",\"@id\":\"https:\/\/alcaldiaalbertoadriani.com\/?p=3350\",\"url\":\"https:\/\/alcaldiaalbertoadriani.com\/?p=3350\",\"name\":\"Alcald\u00eda de El Vig\u00eda rehabilit\u00f3 v\u00eda principal de acceso a las terrazas del vertedero de Onia - Alcaldia Alberto Adriani\",\"isPartOf\":{\"@id\":\"https:\/\/alcaldiaalbertoadriani.com\/#website\"},\"datePublished\":\"2023-08-05T01:34:55+00:00\",\"dateModified\":\"2023-08-05T01:35:00+00:00\",\"author\":{\"@id\":\"https:\/\/alcaldiaalbertoadriani.com\/#\/schema\/person\/549b4483ff8999ac780deeea78795fc9\"},\"description\":\"Alcald\u00eda del municipio Alberto Adriani rehabilit\u00f3 la v\u00eda principal de acceso hacia las terrazas dentro del vertedero de Onia.\",\"breadcrumb\":{\"@id\":\"https:\/\/alcaldiaalbertoadriani.com\/?p=3350#breadcrumb\"},\"inLanguage\":\"es\",\"potentialAction\":[{\"@type\":\"ReadAction\",\"target\":[\"https:\/\/alcaldiaalbertoadriani.com\/?p=3350\"]}]},{\"@type\":\"BreadcrumbList\",\"@id\":\"https:\/\/alcaldiaalbertoadriani.com\/?p=3350#breadcrumb\",\"itemListElement\":[{\"@type\":\"ListItem\",\"position\":1,\"name\":\"Portada\",\"item\":\"https:\/\/alcaldiaalbertoadriani.com\/\"},{\"@type\":\"ListItem\",\"position\":2,\"name\":\"Alcald\u00eda de El Vig\u00eda rehabilit\u00f3 v\u00eda principal de acceso a las terrazas del vertedero de Onia\"}]},{\"@type\":\"WebSite\",\"@id\":\"https:\/\/alcaldiaalbertoadriani.com\/#website\",\"url\":\"https:\/\/alcaldiaalbertoadriani.com\/\",\"name\":\"Alcaldia Alberto Adriani\",\"description\":\"\",\"potentialAction\":[{\"@type\":\"SearchAction\",\"target\":{\"@type\":\"EntryPoint\",\"urlTemplate\":\"https:\/\/alcaldiaalbertoadriani.com\/?s={search_term_string}\"},\"query-input\":\"required name=search_term_string\"}],\"inLanguage\":\"es\"},{\"@type\":\"Person\",\"@id\":\"https:\/\/alcaldiaalbertoadriani.com\/#\/schema\/person\/549b4483ff8999ac780deeea78795fc9\",\"name\":\"Prensa\",\"image\":{\"@type\":\"ImageObject\",\"inLanguage\":\"es\",\"@id\":\"https:\/\/alcaldiaalbertoadriani.com\/#\/schema\/person\/image\/\",\"url\":\"https:\/\/secure.gravatar.com\/avatar\/ea1cb567ea992a29627f4eee1c2eb185ec16decec6342d508fdf18dedb56c9de?s=96&d=mm&r=g\",\"contentUrl\":\"https:\/\/secure.gravatar.com\/avatar\/ea1cb567ea992a29627f4eee1c2eb185ec16decec6342d508fdf18dedb56c9de?s=96&d=mm&r=g\",\"caption\":\"Prensa\"},\"url\":\"https:\/\/alcaldiaalbertoadriani.com\/?author=2\"}]}<\/script>\n<!-- \/ Yoast SEO plugin. -->","yoast_head_json":{"title":"Alcald\u00eda de El Vig\u00eda rehabilit\u00f3 v\u00eda principal de acceso a las terrazas del vertedero de Onia - Alcaldia Alberto Adriani","description":"Alcald\u00eda del municipio Alberto Adriani rehabilit\u00f3 la v\u00eda principal de acceso hacia las terrazas dentro del vertedero de Onia.","robots":{"index":"index","follow":"follow","max-snippet":"max-snippet:-1","max-image-preview":"max-image-preview:large","max-video-preview":"max-video-preview:-1"},"canonical":"https:\/\/alcaldiaalbertoadriani.com\/?p=3350","og_locale":"es_ES","og_type":"article","og_title":"Alcald\u00eda de El Vig\u00eda rehabilit\u00f3 v\u00eda principal de acceso a las terrazas del vertedero de Onia - Alcaldia Alberto Adriani","og_description":"Alcald\u00eda del municipio Alberto Adriani rehabilit\u00f3 la v\u00eda principal de acceso hacia las terrazas dentro del vertedero de Onia.","og_url":"https:\/\/alcaldiaalbertoadriani.com\/?p=3350","og_site_name":"Alcaldia Alberto Adriani","article_published_time":"2023-08-05T01:34:55+00:00","article_modified_time":"2023-08-05T01:35:00+00:00","og_image":[{"width":780,"height":1040,"url":"https:\/\/alcaldiaalbertoadriani.com\/wp-content\/uploads\/2023\/08\/photo_2023-08-04_18-34-26-2.jpg","type":"image\/jpeg"}],"author":"Prensa","twitter_card":"summary_large_image","twitter_misc":{"Escrito por":"Prensa","Tiempo de lectura":"4 minutos"},"schema":{"@context":"https:\/\/schema.org","@graph":[{"@type":"WebPage","@id":"https:\/\/alcaldiaalbertoadriani.com\/?p=3350","url":"https:\/\/alcaldiaalbertoadriani.com\/?p=3350","name":"Alcald\u00eda de El Vig\u00eda rehabilit\u00f3 v\u00eda principal de acceso a las terrazas del vertedero de Onia - Alcaldia Alberto Adriani","isPartOf":{"@id":"https:\/\/alcaldiaalbertoadriani.com\/#website"},"datePublished":"2023-08-05T01:34:55+00:00","dateModified":"2023-08-05T01:35:00+00:00","author":{"@id":"https:\/\/alcaldiaalbertoadriani.com\/#\/schema\/person\/549b4483ff8999ac780deeea78795fc9"},"description":"Alcald\u00eda del municipio Alberto Adriani rehabilit\u00f3 la v\u00eda principal de acceso hacia las terrazas dentro del vertedero de Onia.","breadcrumb":{"@id":"https:\/\/alcaldiaalbertoadriani.com\/?p=3350#breadcrumb"},"inLanguage":"es","potentialAction":[{"@type":"ReadAction","target":["https:\/\/alcaldiaalbertoadriani.com\/?p=3350"]}]},{"@type":"BreadcrumbList","@id":"https:\/\/alcaldiaalbertoadriani.com\/?p=3350#breadcrumb","itemListElement":[{"@type":"ListItem","position":1,"name":"Portada","item":"https:\/\/alcaldiaalbertoadriani.com\/"},{"@type":"ListItem","position":2,"name":"Alcald\u00eda de El Vig\u00eda rehabilit\u00f3 v\u00eda principal de acceso a las terrazas del vertedero de Onia"}]},{"@type":"WebSite","@id":"https:\/\/alcaldiaalbertoadriani.com\/#website","url":"https:\/\/alcaldiaalbertoadriani.com\/","name":"Alcaldia Alberto Adriani","description":"","potentialAction":[{"@type":"SearchAction","target":{"@type":"EntryPoint","urlTemplate":"https:\/\/alcaldiaalbertoadriani.com\/?s={search_term_string}"},"query-input":"required name=search_term_string"}],"inLanguage":"es"},{"@type":"Person","@id":"https:\/\/alcaldiaalbertoadriani.com\/#\/schema\/person\/549b4483ff8999ac780deeea78795fc9","name":"Prensa","image":{"@type":"ImageObject","inLanguage":"es","@id":"https:\/\/alcaldiaalbertoadriani.com\/#\/schema\/person\/image\/","url":"https:\/\/secure.gravatar.com\/avatar\/ea1cb567ea992a29627f4eee1c2eb185ec16decec6342d508fdf18dedb56c9de?s=96&d=mm&r=g","contentUrl":"https:\/\/secure.gravatar.com\/avatar\/ea1cb567ea992a29627f4eee1c2eb185ec16decec6342d508fdf18dedb56c9de?s=96&d=mm&r=g","caption":"Prensa"},"url":"https:\/\/alcaldiaalbertoadriani.com\/?author=2"}]}},"_links":{"self":[{"href":"https:\/\/alcaldiaalbertoadriani.com\/index.php?rest_route=\/wp\/v2\/posts\/3350","targetHints":{"allow":["GET"]}}],"collection":[{"href":"https:\/\/alcaldiaalbertoadriani.com\/index.php?rest_route=\/wp\/v2\/posts"}],"about":[{"href":"https:\/\/alcaldiaalbertoadriani.com\/index.php?rest_route=\/wp\/v2\/types\/post"}],"author":[{"embeddable":true,"href":"https:\/\/alcaldiaalbertoadriani.com\/index.php?rest_route=\/wp\/v2\/users\/2"}],"replies":[{"embeddable":true,"href":"https:\/\/alcaldiaalbertoadriani.com\/index.php?rest_route=%2Fwp%2Fv2%2Fcomments&post=3350"}],"version-history":[{"count":1,"href":"https:\/\/alcaldiaalbertoadriani.com\/index.php?rest_route=\/wp\/v2\/posts\/3350\/revisions"}],"predecessor-version":[{"id":3362,"href":"https:\/\/alcaldiaalbertoadriani.com\/index.php?rest_route=\/wp\/v2\/posts\/3350\/revisions\/3362"}],"wp:featuredmedia":[{"embeddable":true,"href":"https:\/\/alcaldiaalbertoadriani.com\/index.php?rest_route=\/wp\/v2\/media\/3351"}],"wp:attachment":[{"href":"https:\/\/alcaldiaalbertoadriani.com\/index.php?rest_route=%2Fwp%2Fv2%2Fmedia&parent=3350"}],"wp:term":[{"taxonomy":"category","embeddable":true,"href":"https:\/\/alcaldiaalbertoadriani.com\/index.php?rest_route=%2Fwp%2Fv2%2Fcategories&post=3350"},{"taxonomy":"post_tag","embeddable":true,"href":"https:\/\/alcaldiaalbertoadriani.com\/index.php?rest_route=%2Fwp%2Fv2%2Ftags&post=3350"}],"curies":[{"name":"wp","href":"https:\/\/api.w.org\/{rel}","templated":true}]}}