{"id":3328,"date":"2023-08-03T00:29:14","date_gmt":"2023-08-03T00:29:14","guid":{"rendered":"https:\/\/alcaldiaalbertoadriani.com\/?p=3328"},"modified":"2023-08-03T00:29:18","modified_gmt":"2023-08-03T00:29:18","slug":"alcaldia-vialidad-agricola","status":"publish","type":"post","link":"https:\/\/alcaldiaalbertoadriani.com\/?p=3328","title":{"rendered":"Alcald\u00eda recupera vialidad agr\u00edcola en la parroquia R\u00f3mulo Gallegos"},"content":{"rendered":"\n<p>Este martes el <a href=\"https:\/\/twitter.com\/lisandrosegura\">alcalde Lisandro Segura<\/a> en compa\u00f1\u00eda de la ingeniero municipal, Minerva Mora; el gerente de los Servicios P\u00fablicos Municipales, Dar\u00edo Belandria y el consejero del Clpp, Leonel G\u00e1mez; realizaron <a href=\"https:\/\/alcaldiaalbertoadriani.com\/?p=2514\" target=\"_blank\" rel=\"noreferrer noopener\">una supervisi\u00f3n a la vialidad agr\u00edcola<\/a> de la parroquia R\u00f3mulo Gallegos, metros m\u00e1s arriba del vertedero de Onia, espec\u00edficamente en el tramo que va desde los sectores La Batea, El Cimiento, as\u00ed como El Serracho hasta Ca\u00f1o G\u00f3mez en el l\u00edmite con el municipio Zea.<\/p>\n\n\n\n<figure class=\"wp-block-image size-large\"><img loading=\"lazy\" decoding=\"async\" width=\"1024\" height=\"768\" src=\"https:\/\/alcaldiaalbertoadriani.com\/wp-content\/uploads\/2023\/08\/photo_2023-08-02_20-06-34-3-1024x768.jpg\" alt=\"\" class=\"wp-image-3330\" srcset=\"https:\/\/alcaldiaalbertoadriani.com\/wp-content\/uploads\/2023\/08\/photo_2023-08-02_20-06-34-3-1024x768.jpg 1024w, https:\/\/alcaldiaalbertoadriani.com\/wp-content\/uploads\/2023\/08\/photo_2023-08-02_20-06-34-3-980x735.jpg 980w, https:\/\/alcaldiaalbertoadriani.com\/wp-content\/uploads\/2023\/08\/photo_2023-08-02_20-06-34-3-480x360.jpg 480w\" sizes=\"auto, (min-width: 0px) and (max-width: 480px) 480px, (min-width: 481px) and (max-width: 980px) 980px, (min-width: 981px) 1024px, 100vw\" \/><\/figure>\n\n\n\n<!--more-->\n\n\n\n<p>Explic\u00f3 el burgomaestre que la supervisi\u00f3n se realiz\u00f3 con el fin de constatar los da\u00f1os por los derrumbes y determinar los trabajos a ejecutar, a fin de recuperar esta vialidad rural con la maquinaria pesada tipo retro excavador.<\/p>\n\n\n\n<p>En tal sentido, la primera autoridad civil, dispuso de inmediato de la maquinaria para realizar las labores de despeje de material el cual se encuentra sobre la vialidad y obstaculiza el libre tr\u00e1nsito.<\/p>\n\n\n\n<p>De igual manera, dijo que la gesti\u00f3n municipal recuperar\u00e1 un tramo en el sector Ca\u00f1o G\u00f3mez que permita restablecer la v\u00eda que comunica hacia Los Giros, que es la v\u00eda alterna a la carretera panamericana. <strong>Prensa <a href=\"https:\/\/twitter.com\/alcaldiaaa\" target=\"_blank\" rel=\"noreferrer noopener\">Alcald\u00eda Alberto Adriani<\/a>\/ Claribel Zambrano CNP: 11.843\/Fotos: C.Z<\/strong><\/p>\n\n\n\n<figure class=\"wp-block-gallery has-nested-images columns-default is-cropped wp-block-gallery-1 is-layout-flex wp-block-gallery-is-layout-flex\">\n<figure class=\"wp-block-image size-large\"><img loading=\"lazy\" decoding=\"async\" width=\"1024\" height=\"768\" data-id=\"3332\" src=\"https:\/\/alcaldiaalbertoadriani.com\/wp-content\/uploads\/2023\/08\/photo_2023-08-02_20-06-32-2-1024x768.jpg\" alt=\"\" class=\"wp-image-3332\" srcset=\"https:\/\/alcaldiaalbertoadriani.com\/wp-content\/uploads\/2023\/08\/photo_2023-08-02_20-06-32-2-1024x768.jpg 1024w, https:\/\/alcaldiaalbertoadriani.com\/wp-content\/uploads\/2023\/08\/photo_2023-08-02_20-06-32-2-980x735.jpg 980w, https:\/\/alcaldiaalbertoadriani.com\/wp-content\/uploads\/2023\/08\/photo_2023-08-02_20-06-32-2-480x360.jpg 480w\" sizes=\"auto, (min-width: 0px) and (max-width: 480px) 480px, (min-width: 481px) and (max-width: 980px) 980px, (min-width: 981px) 1024px, 100vw\" \/><\/figure>\n\n\n\n<figure class=\"wp-block-image size-large\"><img loading=\"lazy\" decoding=\"async\" width=\"768\" height=\"1024\" data-id=\"3336\" src=\"https:\/\/alcaldiaalbertoadriani.com\/wp-content\/uploads\/2023\/08\/photo_2023-08-02_20-06-32-768x1024.jpg\" alt=\"\" class=\"wp-image-3336\" srcset=\"https:\/\/alcaldiaalbertoadriani.com\/wp-content\/uploads\/2023\/08\/photo_2023-08-02_20-06-32-768x1024.jpg 768w, https:\/\/alcaldiaalbertoadriani.com\/wp-content\/uploads\/2023\/08\/photo_2023-08-02_20-06-32-480x640.jpg 480w\" sizes=\"auto, (min-width: 0px) and (max-width: 480px) 480px, (min-width: 481px) 768px, 100vw\" \/><\/figure>\n\n\n\n<figure class=\"wp-block-image size-large\"><img loading=\"lazy\" decoding=\"async\" width=\"1024\" height=\"768\" data-id=\"3335\" src=\"https:\/\/alcaldiaalbertoadriani.com\/wp-content\/uploads\/2023\/08\/photo_2023-08-02_20-06-33-2-1024x768.jpg\" alt=\"\" class=\"wp-image-3335\" srcset=\"https:\/\/alcaldiaalbertoadriani.com\/wp-content\/uploads\/2023\/08\/photo_2023-08-02_20-06-33-2-1024x768.jpg 1024w, https:\/\/alcaldiaalbertoadriani.com\/wp-content\/uploads\/2023\/08\/photo_2023-08-02_20-06-33-2-980x735.jpg 980w, https:\/\/alcaldiaalbertoadriani.com\/wp-content\/uploads\/2023\/08\/photo_2023-08-02_20-06-33-2-480x360.jpg 480w\" sizes=\"auto, (min-width: 0px) and (max-width: 480px) 480px, (min-width: 481px) and (max-width: 980px) 980px, (min-width: 981px) 1024px, 100vw\" \/><\/figure>\n\n\n\n<figure class=\"wp-block-image size-large\"><img loading=\"lazy\" decoding=\"async\" width=\"1024\" height=\"768\" data-id=\"3334\" src=\"https:\/\/alcaldiaalbertoadriani.com\/wp-content\/uploads\/2023\/08\/photo_2023-08-02_20-06-34-2-1024x768.jpg\" alt=\"\" class=\"wp-image-3334\" srcset=\"https:\/\/alcaldiaalbertoadriani.com\/wp-content\/uploads\/2023\/08\/photo_2023-08-02_20-06-34-2-1024x768.jpg 1024w, https:\/\/alcaldiaalbertoadriani.com\/wp-content\/uploads\/2023\/08\/photo_2023-08-02_20-06-34-2-980x735.jpg 980w, https:\/\/alcaldiaalbertoadriani.com\/wp-content\/uploads\/2023\/08\/photo_2023-08-02_20-06-34-2-480x360.jpg 480w\" sizes=\"auto, (min-width: 0px) and (max-width: 480px) 480px, (min-width: 481px) and (max-width: 980px) 980px, (min-width: 981px) 1024px, 100vw\" \/><\/figure>\n\n\n\n<figure class=\"wp-block-image size-large\"><img loading=\"lazy\" decoding=\"async\" width=\"1024\" height=\"768\" data-id=\"3337\" src=\"https:\/\/alcaldiaalbertoadriani.com\/wp-content\/uploads\/2023\/08\/photo_2023-08-02_20-06-34-1024x768.jpg\" alt=\"\" class=\"wp-image-3337\" srcset=\"https:\/\/alcaldiaalbertoadriani.com\/wp-content\/uploads\/2023\/08\/photo_2023-08-02_20-06-34-1024x768.jpg 1024w, https:\/\/alcaldiaalbertoadriani.com\/wp-content\/uploads\/2023\/08\/photo_2023-08-02_20-06-34-980x735.jpg 980w, https:\/\/alcaldiaalbertoadriani.com\/wp-content\/uploads\/2023\/08\/photo_2023-08-02_20-06-34-480x360.jpg 480w\" sizes=\"auto, (min-width: 0px) and (max-width: 480px) 480px, (min-width: 481px) and (max-width: 980px) 980px, (min-width: 981px) 1024px, 100vw\" \/><\/figure>\n\n\n\n<figure class=\"wp-block-image size-large\"><img loading=\"lazy\" decoding=\"async\" width=\"1024\" height=\"768\" data-id=\"3333\" src=\"https:\/\/alcaldiaalbertoadriani.com\/wp-content\/uploads\/2023\/08\/photo_2023-08-02_20-06-35-1024x768.jpg\" alt=\"\" class=\"wp-image-3333\" srcset=\"https:\/\/alcaldiaalbertoadriani.com\/wp-content\/uploads\/2023\/08\/photo_2023-08-02_20-06-35-1024x768.jpg 1024w, https:\/\/alcaldiaalbertoadriani.com\/wp-content\/uploads\/2023\/08\/photo_2023-08-02_20-06-35-980x735.jpg 980w, https:\/\/alcaldiaalbertoadriani.com\/wp-content\/uploads\/2023\/08\/photo_2023-08-02_20-06-35-480x360.jpg 480w\" sizes=\"auto, (min-width: 0px) and (max-width: 480px) 480px, (min-width: 481px) and (max-width: 980px) 980px, (min-width: 981px) 1024px, 100vw\" \/><\/figure>\n\n\n\n<figure class=\"wp-block-image size-large\"><img loading=\"lazy\" decoding=\"async\" width=\"1024\" height=\"768\" data-id=\"3331\" src=\"https:\/\/alcaldiaalbertoadriani.com\/wp-content\/uploads\/2023\/08\/photo_2023-08-02_20-06-36-1024x768.jpg\" alt=\"\" class=\"wp-image-3331\" srcset=\"https:\/\/alcaldiaalbertoadriani.com\/wp-content\/uploads\/2023\/08\/photo_2023-08-02_20-06-36-1024x768.jpg 1024w, https:\/\/alcaldiaalbertoadriani.com\/wp-content\/uploads\/2023\/08\/photo_2023-08-02_20-06-36-980x735.jpg 980w, https:\/\/alcaldiaalbertoadriani.com\/wp-content\/uploads\/2023\/08\/photo_2023-08-02_20-06-36-480x360.jpg 480w\" sizes=\"auto, (min-width: 0px) and (max-width: 480px) 480px, (min-width: 481px) and (max-width: 980px) 980px, (min-width: 981px) 1024px, 100vw\" \/><\/figure>\n<\/figure>\n","protected":false},"excerpt":{"rendered":"<p>Este martes el alcalde Lisandro Segura en compa\u00f1\u00eda de la ingeniero municipal, Minerva Mora; el gerente de los Servicios P\u00fablicos Municipales, Dar\u00edo Belandria y el consejero del Clpp, Leonel G\u00e1mez; [&hellip;]<\/p>\n","protected":false},"author":2,"featured_media":3329,"comment_status":"closed","ping_status":"closed","sticky":false,"template":"","format":"standard","meta":{"_et_pb_use_builder":"off","_et_pb_old_content":"","_et_gb_content_width":"","footnotes":""},"categories":[341,25,24,295,367],"tags":[31,11,12,15,30,29,28,454],"class_list":["post-3328","post","type-post","status-publish","format-standard","has-post-thumbnail","hentry","category-alcaldia-alberto-adriani","category-nuestro-municipio","category-recuperacion-de-espacios","category-servicios-publicos","category-vialidad","tag-alcalde","tag-alcaldia","tag-alcaldiaalbertoadriani","tag-elvigia","tag-lisandrosegura","tag-municipioquenosmerecemos","tag-porelrenacer","tag-alcaldia-vialidad-agricola"],"yoast_head":"<!-- This site is optimized with the Yoast SEO plugin v19.13 - https:\/\/yoast.com\/wordpress\/plugins\/seo\/ -->\n<title>Alcald\u00eda recupera vialidad agr\u00edcola en la parroquia R\u00f3mulo Gallegos - Alcaldia Alberto Adriani<\/title>\n<meta name=\"description\" content=\"Alcald\u00eda vig\u00edense realiz\u00f3 una supervisi\u00f3n a la vialidad agr\u00edcola de la parroquia R\u00f3mulo Gallegos, metros m\u00e1s arriba del vertedero de Onia.\" \/>\n<meta name=\"robots\" content=\"index, follow, max-snippet:-1, max-image-preview:large, max-video-preview:-1\" \/>\n<link rel=\"canonical\" href=\"https:\/\/alcaldiaalbertoadriani.com\/?p=3328\" \/>\n<meta property=\"og:locale\" content=\"es_ES\" \/>\n<meta property=\"og:type\" content=\"article\" \/>\n<meta property=\"og:title\" content=\"Alcald\u00eda recupera vialidad agr\u00edcola en la parroquia R\u00f3mulo Gallegos - Alcaldia Alberto Adriani\" \/>\n<meta property=\"og:description\" content=\"Alcald\u00eda vig\u00edense realiz\u00f3 una supervisi\u00f3n a la vialidad agr\u00edcola de la parroquia R\u00f3mulo Gallegos, metros m\u00e1s arriba del vertedero de Onia.\" \/>\n<meta property=\"og:url\" content=\"https:\/\/alcaldiaalbertoadriani.com\/?p=3328\" \/>\n<meta property=\"og:site_name\" content=\"Alcaldia Alberto Adriani\" \/>\n<meta property=\"article:published_time\" content=\"2023-08-03T00:29:14+00:00\" \/>\n<meta property=\"article:modified_time\" content=\"2023-08-03T00:29:18+00:00\" \/>\n<meta property=\"og:image\" content=\"https:\/\/alcaldiaalbertoadriani.com\/wp-content\/uploads\/2023\/08\/photo_2023-08-02_20-06-33.jpg\" \/>\n\t<meta property=\"og:image:width\" content=\"1280\" \/>\n\t<meta property=\"og:image:height\" content=\"960\" \/>\n\t<meta property=\"og:image:type\" content=\"image\/jpeg\" \/>\n<meta name=\"author\" content=\"Prensa\" \/>\n<meta name=\"twitter:card\" content=\"summary_large_image\" \/>\n<meta name=\"twitter:label1\" content=\"Escrito por\" \/>\n\t<meta name=\"twitter:data1\" content=\"Prensa\" \/>\n\t<meta name=\"twitter:label2\" content=\"Tiempo de lectura\" \/>\n\t<meta name=\"twitter:data2\" content=\"3 minutos\" \/>\n<script type=\"application\/ld+json\" class=\"yoast-schema-graph\">{\"@context\":\"https:\/\/schema.org\",\"@graph\":[{\"@type\":\"WebPage\",\"@id\":\"https:\/\/alcaldiaalbertoadriani.com\/?p=3328\",\"url\":\"https:\/\/alcaldiaalbertoadriani.com\/?p=3328\",\"name\":\"Alcald\u00eda recupera vialidad agr\u00edcola en la parroquia R\u00f3mulo Gallegos - Alcaldia Alberto Adriani\",\"isPartOf\":{\"@id\":\"https:\/\/alcaldiaalbertoadriani.com\/#website\"},\"datePublished\":\"2023-08-03T00:29:14+00:00\",\"dateModified\":\"2023-08-03T00:29:18+00:00\",\"author\":{\"@id\":\"https:\/\/alcaldiaalbertoadriani.com\/#\/schema\/person\/549b4483ff8999ac780deeea78795fc9\"},\"description\":\"Alcald\u00eda vig\u00edense realiz\u00f3 una supervisi\u00f3n a la vialidad agr\u00edcola de la parroquia R\u00f3mulo Gallegos, metros m\u00e1s arriba del vertedero de Onia.\",\"breadcrumb\":{\"@id\":\"https:\/\/alcaldiaalbertoadriani.com\/?p=3328#breadcrumb\"},\"inLanguage\":\"es\",\"potentialAction\":[{\"@type\":\"ReadAction\",\"target\":[\"https:\/\/alcaldiaalbertoadriani.com\/?p=3328\"]}]},{\"@type\":\"BreadcrumbList\",\"@id\":\"https:\/\/alcaldiaalbertoadriani.com\/?p=3328#breadcrumb\",\"itemListElement\":[{\"@type\":\"ListItem\",\"position\":1,\"name\":\"Portada\",\"item\":\"https:\/\/alcaldiaalbertoadriani.com\/\"},{\"@type\":\"ListItem\",\"position\":2,\"name\":\"Alcald\u00eda recupera vialidad agr\u00edcola en la parroquia R\u00f3mulo Gallegos\"}]},{\"@type\":\"WebSite\",\"@id\":\"https:\/\/alcaldiaalbertoadriani.com\/#website\",\"url\":\"https:\/\/alcaldiaalbertoadriani.com\/\",\"name\":\"Alcaldia Alberto Adriani\",\"description\":\"\",\"potentialAction\":[{\"@type\":\"SearchAction\",\"target\":{\"@type\":\"EntryPoint\",\"urlTemplate\":\"https:\/\/alcaldiaalbertoadriani.com\/?s={search_term_string}\"},\"query-input\":\"required name=search_term_string\"}],\"inLanguage\":\"es\"},{\"@type\":\"Person\",\"@id\":\"https:\/\/alcaldiaalbertoadriani.com\/#\/schema\/person\/549b4483ff8999ac780deeea78795fc9\",\"name\":\"Prensa\",\"image\":{\"@type\":\"ImageObject\",\"inLanguage\":\"es\",\"@id\":\"https:\/\/alcaldiaalbertoadriani.com\/#\/schema\/person\/image\/\",\"url\":\"https:\/\/secure.gravatar.com\/avatar\/ea1cb567ea992a29627f4eee1c2eb185ec16decec6342d508fdf18dedb56c9de?s=96&d=mm&r=g\",\"contentUrl\":\"https:\/\/secure.gravatar.com\/avatar\/ea1cb567ea992a29627f4eee1c2eb185ec16decec6342d508fdf18dedb56c9de?s=96&d=mm&r=g\",\"caption\":\"Prensa\"},\"url\":\"https:\/\/alcaldiaalbertoadriani.com\/?author=2\"}]}<\/script>\n<!-- \/ Yoast SEO plugin. -->","yoast_head_json":{"title":"Alcald\u00eda recupera vialidad agr\u00edcola en la parroquia R\u00f3mulo Gallegos - Alcaldia Alberto Adriani","description":"Alcald\u00eda vig\u00edense realiz\u00f3 una supervisi\u00f3n a la vialidad agr\u00edcola de la parroquia R\u00f3mulo Gallegos, metros m\u00e1s arriba del vertedero de Onia.","robots":{"index":"index","follow":"follow","max-snippet":"max-snippet:-1","max-image-preview":"max-image-preview:large","max-video-preview":"max-video-preview:-1"},"canonical":"https:\/\/alcaldiaalbertoadriani.com\/?p=3328","og_locale":"es_ES","og_type":"article","og_title":"Alcald\u00eda recupera vialidad agr\u00edcola en la parroquia R\u00f3mulo Gallegos - Alcaldia Alberto Adriani","og_description":"Alcald\u00eda vig\u00edense realiz\u00f3 una supervisi\u00f3n a la vialidad agr\u00edcola de la parroquia R\u00f3mulo Gallegos, metros m\u00e1s arriba del vertedero de Onia.","og_url":"https:\/\/alcaldiaalbertoadriani.com\/?p=3328","og_site_name":"Alcaldia Alberto Adriani","article_published_time":"2023-08-03T00:29:14+00:00","article_modified_time":"2023-08-03T00:29:18+00:00","og_image":[{"width":1280,"height":960,"url":"https:\/\/alcaldiaalbertoadriani.com\/wp-content\/uploads\/2023\/08\/photo_2023-08-02_20-06-33.jpg","type":"image\/jpeg"}],"author":"Prensa","twitter_card":"summary_large_image","twitter_misc":{"Escrito por":"Prensa","Tiempo de lectura":"3 minutos"},"schema":{"@context":"https:\/\/schema.org","@graph":[{"@type":"WebPage","@id":"https:\/\/alcaldiaalbertoadriani.com\/?p=3328","url":"https:\/\/alcaldiaalbertoadriani.com\/?p=3328","name":"Alcald\u00eda recupera vialidad agr\u00edcola en la parroquia R\u00f3mulo Gallegos - Alcaldia Alberto Adriani","isPartOf":{"@id":"https:\/\/alcaldiaalbertoadriani.com\/#website"},"datePublished":"2023-08-03T00:29:14+00:00","dateModified":"2023-08-03T00:29:18+00:00","author":{"@id":"https:\/\/alcaldiaalbertoadriani.com\/#\/schema\/person\/549b4483ff8999ac780deeea78795fc9"},"description":"Alcald\u00eda vig\u00edense realiz\u00f3 una supervisi\u00f3n a la vialidad agr\u00edcola de la parroquia R\u00f3mulo Gallegos, metros m\u00e1s arriba del vertedero de Onia.","breadcrumb":{"@id":"https:\/\/alcaldiaalbertoadriani.com\/?p=3328#breadcrumb"},"inLanguage":"es","potentialAction":[{"@type":"ReadAction","target":["https:\/\/alcaldiaalbertoadriani.com\/?p=3328"]}]},{"@type":"BreadcrumbList","@id":"https:\/\/alcaldiaalbertoadriani.com\/?p=3328#breadcrumb","itemListElement":[{"@type":"ListItem","position":1,"name":"Portada","item":"https:\/\/alcaldiaalbertoadriani.com\/"},{"@type":"ListItem","position":2,"name":"Alcald\u00eda recupera vialidad agr\u00edcola en la parroquia R\u00f3mulo Gallegos"}]},{"@type":"WebSite","@id":"https:\/\/alcaldiaalbertoadriani.com\/#website","url":"https:\/\/alcaldiaalbertoadriani.com\/","name":"Alcaldia Alberto Adriani","description":"","potentialAction":[{"@type":"SearchAction","target":{"@type":"EntryPoint","urlTemplate":"https:\/\/alcaldiaalbertoadriani.com\/?s={search_term_string}"},"query-input":"required name=search_term_string"}],"inLanguage":"es"},{"@type":"Person","@id":"https:\/\/alcaldiaalbertoadriani.com\/#\/schema\/person\/549b4483ff8999ac780deeea78795fc9","name":"Prensa","image":{"@type":"ImageObject","inLanguage":"es","@id":"https:\/\/alcaldiaalbertoadriani.com\/#\/schema\/person\/image\/","url":"https:\/\/secure.gravatar.com\/avatar\/ea1cb567ea992a29627f4eee1c2eb185ec16decec6342d508fdf18dedb56c9de?s=96&d=mm&r=g","contentUrl":"https:\/\/secure.gravatar.com\/avatar\/ea1cb567ea992a29627f4eee1c2eb185ec16decec6342d508fdf18dedb56c9de?s=96&d=mm&r=g","caption":"Prensa"},"url":"https:\/\/alcaldiaalbertoadriani.com\/?author=2"}]}},"_links":{"self":[{"href":"https:\/\/alcaldiaalbertoadriani.com\/index.php?rest_route=\/wp\/v2\/posts\/3328","targetHints":{"allow":["GET"]}}],"collection":[{"href":"https:\/\/alcaldiaalbertoadriani.com\/index.php?rest_route=\/wp\/v2\/posts"}],"about":[{"href":"https:\/\/alcaldiaalbertoadriani.com\/index.php?rest_route=\/wp\/v2\/types\/post"}],"author":[{"embeddable":true,"href":"https:\/\/alcaldiaalbertoadriani.com\/index.php?rest_route=\/wp\/v2\/users\/2"}],"replies":[{"embeddable":true,"href":"https:\/\/alcaldiaalbertoadriani.com\/index.php?rest_route=%2Fwp%2Fv2%2Fcomments&post=3328"}],"version-history":[{"count":1,"href":"https:\/\/alcaldiaalbertoadriani.com\/index.php?rest_route=\/wp\/v2\/posts\/3328\/revisions"}],"predecessor-version":[{"id":3338,"href":"https:\/\/alcaldiaalbertoadriani.com\/index.php?rest_route=\/wp\/v2\/posts\/3328\/revisions\/3338"}],"wp:featuredmedia":[{"embeddable":true,"href":"https:\/\/alcaldiaalbertoadriani.com\/index.php?rest_route=\/wp\/v2\/media\/3329"}],"wp:attachment":[{"href":"https:\/\/alcaldiaalbertoadriani.com\/index.php?rest_route=%2Fwp%2Fv2%2Fmedia&parent=3328"}],"wp:term":[{"taxonomy":"category","embeddable":true,"href":"https:\/\/alcaldiaalbertoadriani.com\/index.php?rest_route=%2Fwp%2Fv2%2Fcategories&post=3328"},{"taxonomy":"post_tag","embeddable":true,"href":"https:\/\/alcaldiaalbertoadriani.com\/index.php?rest_route=%2Fwp%2Fv2%2Ftags&post=3328"}],"curies":[{"name":"wp","href":"https:\/\/api.w.org\/{rel}","templated":true}]}}