{"id":3287,"date":"2023-08-02T15:35:30","date_gmt":"2023-08-02T15:35:30","guid":{"rendered":"https:\/\/alcaldiaalbertoadriani.com\/?p=3287"},"modified":"2023-08-02T15:35:35","modified_gmt":"2023-08-02T15:35:35","slug":"festival-una-cancion-para-el-vigia","status":"publish","type":"post","link":"https:\/\/alcaldiaalbertoadriani.com\/?p=3287","title":{"rendered":"Alcald\u00eda realiz\u00f3 el Festival \u201cUna Canci\u00f3n para El Vig\u00eda\u201d"},"content":{"rendered":"<div class=\"wp-block-post-excerpt\"><p class=\"wp-block-post-excerpt__excerpt\">Las canciones ganadoras ser\u00e1n grabadas en un estudio profesional junto a la producci\u00f3n discogr\u00e1fica, para darle proyecci\u00f3n necesaria en todo el territorio nacional <\/p><\/div>\n\n\n<p>A lo grande y en el marco del 131 Aniversario de la primera llegada del ferrocarril a El Vig\u00eda, el Gobierno municipal llev\u00f3 a cabo el Festival \u201cUna Canci\u00f3n para El Vig\u00eda\u201d, desde el estacionamiento de la <a href=\"https:\/\/alcaldiaalbertoadriani.com\/?p=2849\" target=\"_blank\" rel=\"noreferrer noopener\">Asociaci\u00f3n de Ganaderos y Agricultores \u2013Asodegaa-<\/a>.<\/p>\n\n\n\n<p>La actividad cont\u00f3 con la presencia del <a href=\"https:\/\/www.instagram.com\/lisandrosegura02\/\" target=\"_blank\" rel=\"noreferrer noopener\">alcalde Lisandro Segura<\/a> y parte de su Tren Ejecutivo. Indic\u00f3 el burgomaestre que este festival abre las puertas a los distintos g\u00e9neros musicales.<\/p>\n\n\n\n<h2 class=\"wp-block-heading\">Festival \u201cUna Canci\u00f3n para El Vig\u00eda\u201d<\/h2>\n\n\n\n<p>\u201cHemos comenzado un festival en el que vinieron a concursar todos los g\u00e9neros de la m\u00fasica, por eso invitaremos a compositores del vallenato, gaita zuliana y la m\u00fasica venezolana. El jurado calificador se enriquecer\u00e1 con m\u00e1s integrantes y tendr\u00e1 durante todo este per\u00edodo un arduo trabajo para finalmente, en ocasi\u00f3n del aniversario de la creaci\u00f3n del Distrito <a href=\"https:\/\/www.instagram.com\/alcaldia_aa\/\" target=\"_blank\" rel=\"noreferrer noopener\">Alberto Adriani<\/a>, en noviembre, premiar las mejores canciones&#8221;, explic\u00f3.<\/p>\n\n\n\n<p>Asimismo, record\u00f3 que las canciones ganadoras ser\u00e1n grabadas en un estudio profesional junto a la producci\u00f3n discogr\u00e1fica, para darle proyecci\u00f3n necesaria en todo el territorio nacional.<\/p>\n\n\n\n<p>Dijo el alcalde que tomar\u00e1n en cuenta las canciones del doctor Anan\u00edas M\u00e1rquez, autor del Himno de El Vig\u00eda, as\u00ed como las coreograf\u00edas de las diferentes agrupaciones danc\u00edsticas de la jurisdicci\u00f3n.<\/p>\n\n\n\n<figure class=\"wp-block-image size-large\"><img loading=\"lazy\" decoding=\"async\" width=\"1024\" height=\"768\" src=\"https:\/\/alcaldiaalbertoadriani.com\/wp-content\/uploads\/2023\/08\/IMG_20230801_154217_848-1024x768.jpg\" alt=\"\" class=\"wp-image-3290\" srcset=\"https:\/\/alcaldiaalbertoadriani.com\/wp-content\/uploads\/2023\/08\/IMG_20230801_154217_848-1024x768.jpg 1024w, https:\/\/alcaldiaalbertoadriani.com\/wp-content\/uploads\/2023\/08\/IMG_20230801_154217_848-980x735.jpg 980w, https:\/\/alcaldiaalbertoadriani.com\/wp-content\/uploads\/2023\/08\/IMG_20230801_154217_848-480x360.jpg 480w\" sizes=\"auto, (min-width: 0px) and (max-width: 480px) 480px, (min-width: 481px) and (max-width: 980px) 980px, (min-width: 981px) 1024px, 100vw\" \/><\/figure>\n\n\n\n<!--more-->\n\n\n\n<h2 class=\"wp-block-heading\">Derroche de talento<\/h2>\n\n\n\n<p>Importante destacar que, el Festival \u201cUna Canci\u00f3n para El Vig\u00eda\u201d, inici\u00f3 con un derroche de talento, en el cual participaron ni\u00f1os, ni\u00f1as, j\u00f3venes y adolescentes, provenientes de las sietes parroquias del municipio Alberto Adriani.<\/p>\n\n\n\n<p>Entre los temas interpretados estuvieron: \u201cLindo Vig\u00eda\u201d, \u201cVig\u00eda del Alma&#8221;, \u201cRenacer de mi Vig\u00eda\u201d e igualmente, se hizo presente la m\u00fasica llanera; un merengue &#8220;Soy Andinita&#8221;, &#8220;Quirpa para El Vig\u00eda&#8221;, &#8220;Vig\u00eda Se\u00f1oral&#8221;, asimismo el vals &#8220;Al Tono del Sol Mayor\u201d y la presentaci\u00f3n de una danza zuliana.<\/p>\n\n\n\n<h2 class=\"wp-block-heading\">Premiaci\u00f3n<\/h2>\n\n\n\n<p><a href=\"https:\/\/www.instagram.com\/lisandrosegura02\/\" target=\"_blank\" rel=\"noreferrer noopener\">Lisandro Segura<\/a> realiz\u00f3 la entrega de premiaci\u00f3n al primer y segundo ganador del Festival \u201cUna Canci\u00f3n para El Vig\u00eda\u201d e hizo menci\u00f3n del primer postulado para dicho concurso hasta el final.<\/p>\n\n\n\n<figure class=\"wp-block-image size-large\"><img loading=\"lazy\" decoding=\"async\" width=\"1024\" height=\"768\" src=\"https:\/\/alcaldiaalbertoadriani.com\/wp-content\/uploads\/2023\/08\/IMG_20230801_154216_230-1024x768.jpg\" alt=\"\" class=\"wp-image-3291\" srcset=\"https:\/\/alcaldiaalbertoadriani.com\/wp-content\/uploads\/2023\/08\/IMG_20230801_154216_230-1024x768.jpg 1024w, https:\/\/alcaldiaalbertoadriani.com\/wp-content\/uploads\/2023\/08\/IMG_20230801_154216_230-980x735.jpg 980w, https:\/\/alcaldiaalbertoadriani.com\/wp-content\/uploads\/2023\/08\/IMG_20230801_154216_230-480x360.jpg 480w\" sizes=\"auto, (min-width: 0px) and (max-width: 480px) 480px, (min-width: 481px) and (max-width: 980px) 980px, (min-width: 981px) 1024px, 100vw\" \/><\/figure>\n\n\n\n<h2 class=\"wp-block-heading\">Amanecer llanero<\/h2>\n\n\n\n<p>Igualmente y en el marco de los 131 a\u00f1os de la llegada del primer ferrocarril a El Vig\u00eda, punto fundamental en la g\u00e9nesis de este municipio, el alcalde organiz\u00f3 un gran amanecer llanero con los mejores copleros de la canta criolla del llano venezolano.<\/p>\n\n\n\n<p>El evento cont\u00f3 con el apoyo de Jes\u00fas Fern\u00e1ndez, reconocido propietario de la empresa Agropecuaria \u201cChuch\u00edn\u201d, quien sostuvo una fruct\u00edfera reuni\u00f3n meses anteriores con el Ejecutivo municipal.<\/p>\n\n\n\n<p>Por \u00faltimo, el p\u00fablico presente disfrut\u00f3 de grandes temas de int\u00e9rpretes de la canta criolla venezolana, entre ellos: Rafael Gudi\u00f1o, Henrry Contreras, Eimer Escalona (El Pollo de Moroturo), Yoliangel Matute y Yorman Ratia (El Cartelu). <strong>Prensa <a href=\"https:\/\/www.instagram.com\/alcaldia_aa\/\" target=\"_blank\" rel=\"noreferrer noopener\">Alcald\u00eda Alberto Adriani<\/a>\/Edgar Mendoza CNP. 25.736\/Foto: Yorman Parra y Mar\u00eda Jos\u00e9 Molina.<\/strong><\/p>\n\n\n\n<figure class=\"wp-block-gallery has-nested-images columns-default is-cropped wp-block-gallery-1 is-layout-flex wp-block-gallery-is-layout-flex\">\n<figure class=\"wp-block-image size-large\"><img loading=\"lazy\" decoding=\"async\" width=\"1024\" height=\"1024\" data-id=\"3292\" src=\"https:\/\/alcaldiaalbertoadriani.com\/wp-content\/uploads\/2023\/08\/IMG_20230801_154158_487-1024x1024.jpg\" alt=\"\" class=\"wp-image-3292\" srcset=\"https:\/\/alcaldiaalbertoadriani.com\/wp-content\/uploads\/2023\/08\/IMG_20230801_154158_487-1024x1024.jpg 1024w, https:\/\/alcaldiaalbertoadriani.com\/wp-content\/uploads\/2023\/08\/IMG_20230801_154158_487-980x980.jpg 980w, https:\/\/alcaldiaalbertoadriani.com\/wp-content\/uploads\/2023\/08\/IMG_20230801_154158_487-480x480.jpg 480w\" sizes=\"auto, (min-width: 0px) and (max-width: 480px) 480px, (min-width: 481px) and (max-width: 980px) 980px, (min-width: 981px) 1024px, 100vw\" \/><\/figure>\n\n\n\n<figure class=\"wp-block-image size-large\"><img loading=\"lazy\" decoding=\"async\" width=\"1024\" height=\"1024\" data-id=\"3294\" src=\"https:\/\/alcaldiaalbertoadriani.com\/wp-content\/uploads\/2023\/08\/IMG_20230801_154201_218-1024x1024.jpg\" alt=\"\" class=\"wp-image-3294\" srcset=\"https:\/\/alcaldiaalbertoadriani.com\/wp-content\/uploads\/2023\/08\/IMG_20230801_154201_218-1024x1024.jpg 1024w, https:\/\/alcaldiaalbertoadriani.com\/wp-content\/uploads\/2023\/08\/IMG_20230801_154201_218-980x980.jpg 980w, https:\/\/alcaldiaalbertoadriani.com\/wp-content\/uploads\/2023\/08\/IMG_20230801_154201_218-480x480.jpg 480w\" sizes=\"auto, (min-width: 0px) and (max-width: 480px) 480px, (min-width: 481px) and (max-width: 980px) 980px, (min-width: 981px) 1024px, 100vw\" \/><\/figure>\n\n\n\n<figure class=\"wp-block-image size-large\"><img loading=\"lazy\" decoding=\"async\" width=\"1024\" height=\"768\" data-id=\"3295\" src=\"https:\/\/alcaldiaalbertoadriani.com\/wp-content\/uploads\/2023\/08\/IMG_20230801_154203_527-1024x768.jpg\" alt=\"\" class=\"wp-image-3295\" srcset=\"https:\/\/alcaldiaalbertoadriani.com\/wp-content\/uploads\/2023\/08\/IMG_20230801_154203_527-1024x768.jpg 1024w, https:\/\/alcaldiaalbertoadriani.com\/wp-content\/uploads\/2023\/08\/IMG_20230801_154203_527-980x735.jpg 980w, https:\/\/alcaldiaalbertoadriani.com\/wp-content\/uploads\/2023\/08\/IMG_20230801_154203_527-480x360.jpg 480w\" sizes=\"auto, (min-width: 0px) and (max-width: 480px) 480px, (min-width: 481px) and (max-width: 980px) 980px, (min-width: 981px) 1024px, 100vw\" \/><\/figure>\n\n\n\n<figure class=\"wp-block-image size-large\"><img loading=\"lazy\" decoding=\"async\" width=\"1024\" height=\"768\" data-id=\"3293\" src=\"https:\/\/alcaldiaalbertoadriani.com\/wp-content\/uploads\/2023\/08\/IMG_20230801_154205_635-1024x768.jpg\" alt=\"\" class=\"wp-image-3293\" srcset=\"https:\/\/alcaldiaalbertoadriani.com\/wp-content\/uploads\/2023\/08\/IMG_20230801_154205_635-1024x768.jpg 1024w, https:\/\/alcaldiaalbertoadriani.com\/wp-content\/uploads\/2023\/08\/IMG_20230801_154205_635-980x735.jpg 980w, https:\/\/alcaldiaalbertoadriani.com\/wp-content\/uploads\/2023\/08\/IMG_20230801_154205_635-480x360.jpg 480w\" sizes=\"auto, (min-width: 0px) and (max-width: 480px) 480px, (min-width: 481px) and (max-width: 980px) 980px, (min-width: 981px) 1024px, 100vw\" \/><\/figure>\n\n\n\n<figure class=\"wp-block-image size-large\"><img loading=\"lazy\" decoding=\"async\" width=\"1024\" height=\"1024\" data-id=\"3296\" src=\"https:\/\/alcaldiaalbertoadriani.com\/wp-content\/uploads\/2023\/08\/IMG_20230801_154207_765-1024x1024.jpg\" alt=\"\" class=\"wp-image-3296\" srcset=\"https:\/\/alcaldiaalbertoadriani.com\/wp-content\/uploads\/2023\/08\/IMG_20230801_154207_765-1024x1024.jpg 1024w, https:\/\/alcaldiaalbertoadriani.com\/wp-content\/uploads\/2023\/08\/IMG_20230801_154207_765-980x980.jpg 980w, https:\/\/alcaldiaalbertoadriani.com\/wp-content\/uploads\/2023\/08\/IMG_20230801_154207_765-480x480.jpg 480w\" sizes=\"auto, (min-width: 0px) and (max-width: 480px) 480px, (min-width: 481px) and (max-width: 980px) 980px, (min-width: 981px) 1024px, 100vw\" \/><\/figure>\n\n\n\n<figure class=\"wp-block-image size-large\"><img loading=\"lazy\" decoding=\"async\" width=\"1024\" height=\"1024\" data-id=\"3297\" src=\"https:\/\/alcaldiaalbertoadriani.com\/wp-content\/uploads\/2023\/08\/IMG_20230801_154209_732-1024x1024.jpg\" alt=\"\" class=\"wp-image-3297\" srcset=\"https:\/\/alcaldiaalbertoadriani.com\/wp-content\/uploads\/2023\/08\/IMG_20230801_154209_732-1024x1024.jpg 1024w, https:\/\/alcaldiaalbertoadriani.com\/wp-content\/uploads\/2023\/08\/IMG_20230801_154209_732-980x980.jpg 980w, https:\/\/alcaldiaalbertoadriani.com\/wp-content\/uploads\/2023\/08\/IMG_20230801_154209_732-480x480.jpg 480w\" sizes=\"auto, (min-width: 0px) and (max-width: 480px) 480px, (min-width: 481px) and (max-width: 980px) 980px, (min-width: 981px) 1024px, 100vw\" \/><\/figure>\n\n\n\n<figure class=\"wp-block-image size-large\"><img loading=\"lazy\" decoding=\"async\" width=\"1024\" height=\"768\" data-id=\"3298\" src=\"https:\/\/alcaldiaalbertoadriani.com\/wp-content\/uploads\/2023\/08\/IMG_20230801_154212_730-1024x768.jpg\" alt=\"\" class=\"wp-image-3298\" srcset=\"https:\/\/alcaldiaalbertoadriani.com\/wp-content\/uploads\/2023\/08\/IMG_20230801_154212_730-1024x768.jpg 1024w, https:\/\/alcaldiaalbertoadriani.com\/wp-content\/uploads\/2023\/08\/IMG_20230801_154212_730-980x735.jpg 980w, https:\/\/alcaldiaalbertoadriani.com\/wp-content\/uploads\/2023\/08\/IMG_20230801_154212_730-480x360.jpg 480w\" sizes=\"auto, (min-width: 0px) and (max-width: 480px) 480px, (min-width: 481px) and (max-width: 980px) 980px, (min-width: 981px) 1024px, 100vw\" \/><\/figure>\n<\/figure>\n","protected":false},"excerpt":{"rendered":"<p><em><strong>Las canciones ganadoras ser\u00e1n grabadas en un estudio profesional junto a la producci\u00f3n discogr\u00e1fica, para darle proyecci\u00f3n necesaria en todo el territorio nacional<\/strong><\/em><\/p>\n","protected":false},"author":2,"featured_media":3289,"comment_status":"closed","ping_status":"closed","sticky":false,"template":"","format":"standard","meta":{"_et_pb_use_builder":"off","_et_pb_old_content":"","_et_gb_content_width":"","footnotes":""},"categories":[39,341,78,77,25],"tags":[29,452],"class_list":["post-3287","post","type-post","status-publish","format-standard","has-post-thumbnail","hentry","category-actividades-sociales","category-alcaldia-alberto-adriani","category-cultura","category-iamcaa","category-nuestro-municipio","tag-municipioquenosmerecemos","tag-festival-una-cancion-para-el-vigia"],"yoast_head":"<!-- This site is optimized with the Yoast SEO plugin v19.13 - https:\/\/yoast.com\/wordpress\/plugins\/seo\/ -->\n<title>Alcald\u00eda realiz\u00f3 el Festival \u201cUna Canci\u00f3n para El Vig\u00eda\u201d - Alcaldia Alberto Adriani<\/title>\n<meta name=\"description\" content=\"Alcald\u00eda vig\u00edense llev\u00f3 a cabo el Festival \u201cUna Canci\u00f3n para El Vig\u00eda\u201d en la Asociaci\u00f3n de Ganaderos y Agricultores \u2013Asodegaa-.\" \/>\n<meta name=\"robots\" content=\"index, follow, max-snippet:-1, max-image-preview:large, max-video-preview:-1\" \/>\n<link rel=\"canonical\" href=\"https:\/\/alcaldiaalbertoadriani.com\/?p=3287\" \/>\n<meta property=\"og:locale\" content=\"es_ES\" \/>\n<meta property=\"og:type\" content=\"article\" \/>\n<meta property=\"og:title\" content=\"Alcald\u00eda realiz\u00f3 el Festival \u201cUna Canci\u00f3n para El Vig\u00eda\u201d - Alcaldia Alberto Adriani\" \/>\n<meta property=\"og:description\" content=\"Alcald\u00eda vig\u00edense llev\u00f3 a cabo el Festival \u201cUna Canci\u00f3n para El Vig\u00eda\u201d en la Asociaci\u00f3n de Ganaderos y Agricultores \u2013Asodegaa-.\" \/>\n<meta property=\"og:url\" content=\"https:\/\/alcaldiaalbertoadriani.com\/?p=3287\" \/>\n<meta property=\"og:site_name\" content=\"Alcaldia Alberto Adriani\" \/>\n<meta property=\"article:published_time\" content=\"2023-08-02T15:35:30+00:00\" \/>\n<meta property=\"article:modified_time\" content=\"2023-08-02T15:35:35+00:00\" \/>\n<meta property=\"og:image\" content=\"https:\/\/alcaldiaalbertoadriani.com\/wp-content\/uploads\/2023\/08\/IMG_20230801_154221_062.jpg\" \/>\n\t<meta property=\"og:image:width\" content=\"1280\" \/>\n\t<meta property=\"og:image:height\" content=\"960\" \/>\n\t<meta property=\"og:image:type\" content=\"image\/jpeg\" \/>\n<meta name=\"author\" content=\"Prensa\" \/>\n<meta name=\"twitter:card\" content=\"summary_large_image\" \/>\n<meta name=\"twitter:label1\" content=\"Escrito por\" \/>\n\t<meta name=\"twitter:data1\" content=\"Prensa\" \/>\n\t<meta name=\"twitter:label2\" content=\"Tiempo de lectura\" \/>\n\t<meta name=\"twitter:data2\" content=\"4 minutos\" \/>\n<script type=\"application\/ld+json\" class=\"yoast-schema-graph\">{\"@context\":\"https:\/\/schema.org\",\"@graph\":[{\"@type\":\"WebPage\",\"@id\":\"https:\/\/alcaldiaalbertoadriani.com\/?p=3287\",\"url\":\"https:\/\/alcaldiaalbertoadriani.com\/?p=3287\",\"name\":\"Alcald\u00eda realiz\u00f3 el Festival \u201cUna Canci\u00f3n para El Vig\u00eda\u201d - Alcaldia Alberto Adriani\",\"isPartOf\":{\"@id\":\"https:\/\/alcaldiaalbertoadriani.com\/#website\"},\"datePublished\":\"2023-08-02T15:35:30+00:00\",\"dateModified\":\"2023-08-02T15:35:35+00:00\",\"author\":{\"@id\":\"https:\/\/alcaldiaalbertoadriani.com\/#\/schema\/person\/549b4483ff8999ac780deeea78795fc9\"},\"description\":\"Alcald\u00eda vig\u00edense llev\u00f3 a cabo el Festival \u201cUna Canci\u00f3n para El Vig\u00eda\u201d en la Asociaci\u00f3n de Ganaderos y Agricultores \u2013Asodegaa-.\",\"breadcrumb\":{\"@id\":\"https:\/\/alcaldiaalbertoadriani.com\/?p=3287#breadcrumb\"},\"inLanguage\":\"es\",\"potentialAction\":[{\"@type\":\"ReadAction\",\"target\":[\"https:\/\/alcaldiaalbertoadriani.com\/?p=3287\"]}]},{\"@type\":\"BreadcrumbList\",\"@id\":\"https:\/\/alcaldiaalbertoadriani.com\/?p=3287#breadcrumb\",\"itemListElement\":[{\"@type\":\"ListItem\",\"position\":1,\"name\":\"Portada\",\"item\":\"https:\/\/alcaldiaalbertoadriani.com\/\"},{\"@type\":\"ListItem\",\"position\":2,\"name\":\"Alcald\u00eda realiz\u00f3 el Festival \u201cUna Canci\u00f3n para El Vig\u00eda\u201d\"}]},{\"@type\":\"WebSite\",\"@id\":\"https:\/\/alcaldiaalbertoadriani.com\/#website\",\"url\":\"https:\/\/alcaldiaalbertoadriani.com\/\",\"name\":\"Alcaldia Alberto Adriani\",\"description\":\"\",\"potentialAction\":[{\"@type\":\"SearchAction\",\"target\":{\"@type\":\"EntryPoint\",\"urlTemplate\":\"https:\/\/alcaldiaalbertoadriani.com\/?s={search_term_string}\"},\"query-input\":\"required name=search_term_string\"}],\"inLanguage\":\"es\"},{\"@type\":\"Person\",\"@id\":\"https:\/\/alcaldiaalbertoadriani.com\/#\/schema\/person\/549b4483ff8999ac780deeea78795fc9\",\"name\":\"Prensa\",\"image\":{\"@type\":\"ImageObject\",\"inLanguage\":\"es\",\"@id\":\"https:\/\/alcaldiaalbertoadriani.com\/#\/schema\/person\/image\/\",\"url\":\"https:\/\/secure.gravatar.com\/avatar\/ea1cb567ea992a29627f4eee1c2eb185ec16decec6342d508fdf18dedb56c9de?s=96&d=mm&r=g\",\"contentUrl\":\"https:\/\/secure.gravatar.com\/avatar\/ea1cb567ea992a29627f4eee1c2eb185ec16decec6342d508fdf18dedb56c9de?s=96&d=mm&r=g\",\"caption\":\"Prensa\"},\"url\":\"https:\/\/alcaldiaalbertoadriani.com\/?author=2\"}]}<\/script>\n<!-- \/ Yoast SEO plugin. -->","yoast_head_json":{"title":"Alcald\u00eda realiz\u00f3 el Festival \u201cUna Canci\u00f3n para El Vig\u00eda\u201d - Alcaldia Alberto Adriani","description":"Alcald\u00eda vig\u00edense llev\u00f3 a cabo el Festival \u201cUna Canci\u00f3n para El Vig\u00eda\u201d en la Asociaci\u00f3n de Ganaderos y Agricultores \u2013Asodegaa-.","robots":{"index":"index","follow":"follow","max-snippet":"max-snippet:-1","max-image-preview":"max-image-preview:large","max-video-preview":"max-video-preview:-1"},"canonical":"https:\/\/alcaldiaalbertoadriani.com\/?p=3287","og_locale":"es_ES","og_type":"article","og_title":"Alcald\u00eda realiz\u00f3 el Festival \u201cUna Canci\u00f3n para El Vig\u00eda\u201d - Alcaldia Alberto Adriani","og_description":"Alcald\u00eda vig\u00edense llev\u00f3 a cabo el Festival \u201cUna Canci\u00f3n para El Vig\u00eda\u201d en la Asociaci\u00f3n de Ganaderos y Agricultores \u2013Asodegaa-.","og_url":"https:\/\/alcaldiaalbertoadriani.com\/?p=3287","og_site_name":"Alcaldia Alberto Adriani","article_published_time":"2023-08-02T15:35:30+00:00","article_modified_time":"2023-08-02T15:35:35+00:00","og_image":[{"width":1280,"height":960,"url":"https:\/\/alcaldiaalbertoadriani.com\/wp-content\/uploads\/2023\/08\/IMG_20230801_154221_062.jpg","type":"image\/jpeg"}],"author":"Prensa","twitter_card":"summary_large_image","twitter_misc":{"Escrito por":"Prensa","Tiempo de lectura":"4 minutos"},"schema":{"@context":"https:\/\/schema.org","@graph":[{"@type":"WebPage","@id":"https:\/\/alcaldiaalbertoadriani.com\/?p=3287","url":"https:\/\/alcaldiaalbertoadriani.com\/?p=3287","name":"Alcald\u00eda realiz\u00f3 el Festival \u201cUna Canci\u00f3n para El Vig\u00eda\u201d - Alcaldia Alberto Adriani","isPartOf":{"@id":"https:\/\/alcaldiaalbertoadriani.com\/#website"},"datePublished":"2023-08-02T15:35:30+00:00","dateModified":"2023-08-02T15:35:35+00:00","author":{"@id":"https:\/\/alcaldiaalbertoadriani.com\/#\/schema\/person\/549b4483ff8999ac780deeea78795fc9"},"description":"Alcald\u00eda vig\u00edense llev\u00f3 a cabo el Festival \u201cUna Canci\u00f3n para El Vig\u00eda\u201d en la Asociaci\u00f3n de Ganaderos y Agricultores \u2013Asodegaa-.","breadcrumb":{"@id":"https:\/\/alcaldiaalbertoadriani.com\/?p=3287#breadcrumb"},"inLanguage":"es","potentialAction":[{"@type":"ReadAction","target":["https:\/\/alcaldiaalbertoadriani.com\/?p=3287"]}]},{"@type":"BreadcrumbList","@id":"https:\/\/alcaldiaalbertoadriani.com\/?p=3287#breadcrumb","itemListElement":[{"@type":"ListItem","position":1,"name":"Portada","item":"https:\/\/alcaldiaalbertoadriani.com\/"},{"@type":"ListItem","position":2,"name":"Alcald\u00eda realiz\u00f3 el Festival \u201cUna Canci\u00f3n para El Vig\u00eda\u201d"}]},{"@type":"WebSite","@id":"https:\/\/alcaldiaalbertoadriani.com\/#website","url":"https:\/\/alcaldiaalbertoadriani.com\/","name":"Alcaldia Alberto Adriani","description":"","potentialAction":[{"@type":"SearchAction","target":{"@type":"EntryPoint","urlTemplate":"https:\/\/alcaldiaalbertoadriani.com\/?s={search_term_string}"},"query-input":"required name=search_term_string"}],"inLanguage":"es"},{"@type":"Person","@id":"https:\/\/alcaldiaalbertoadriani.com\/#\/schema\/person\/549b4483ff8999ac780deeea78795fc9","name":"Prensa","image":{"@type":"ImageObject","inLanguage":"es","@id":"https:\/\/alcaldiaalbertoadriani.com\/#\/schema\/person\/image\/","url":"https:\/\/secure.gravatar.com\/avatar\/ea1cb567ea992a29627f4eee1c2eb185ec16decec6342d508fdf18dedb56c9de?s=96&d=mm&r=g","contentUrl":"https:\/\/secure.gravatar.com\/avatar\/ea1cb567ea992a29627f4eee1c2eb185ec16decec6342d508fdf18dedb56c9de?s=96&d=mm&r=g","caption":"Prensa"},"url":"https:\/\/alcaldiaalbertoadriani.com\/?author=2"}]}},"_links":{"self":[{"href":"https:\/\/alcaldiaalbertoadriani.com\/index.php?rest_route=\/wp\/v2\/posts\/3287","targetHints":{"allow":["GET"]}}],"collection":[{"href":"https:\/\/alcaldiaalbertoadriani.com\/index.php?rest_route=\/wp\/v2\/posts"}],"about":[{"href":"https:\/\/alcaldiaalbertoadriani.com\/index.php?rest_route=\/wp\/v2\/types\/post"}],"author":[{"embeddable":true,"href":"https:\/\/alcaldiaalbertoadriani.com\/index.php?rest_route=\/wp\/v2\/users\/2"}],"replies":[{"embeddable":true,"href":"https:\/\/alcaldiaalbertoadriani.com\/index.php?rest_route=%2Fwp%2Fv2%2Fcomments&post=3287"}],"version-history":[{"count":2,"href":"https:\/\/alcaldiaalbertoadriani.com\/index.php?rest_route=\/wp\/v2\/posts\/3287\/revisions"}],"predecessor-version":[{"id":3299,"href":"https:\/\/alcaldiaalbertoadriani.com\/index.php?rest_route=\/wp\/v2\/posts\/3287\/revisions\/3299"}],"wp:featuredmedia":[{"embeddable":true,"href":"https:\/\/alcaldiaalbertoadriani.com\/index.php?rest_route=\/wp\/v2\/media\/3289"}],"wp:attachment":[{"href":"https:\/\/alcaldiaalbertoadriani.com\/index.php?rest_route=%2Fwp%2Fv2%2Fmedia&parent=3287"}],"wp:term":[{"taxonomy":"category","embeddable":true,"href":"https:\/\/alcaldiaalbertoadriani.com\/index.php?rest_route=%2Fwp%2Fv2%2Fcategories&post=3287"},{"taxonomy":"post_tag","embeddable":true,"href":"https:\/\/alcaldiaalbertoadriani.com\/index.php?rest_route=%2Fwp%2Fv2%2Ftags&post=3287"}],"curies":[{"name":"wp","href":"https:\/\/api.w.org\/{rel}","templated":true}]}}