{"id":3272,"date":"2023-07-29T23:19:36","date_gmt":"2023-07-29T23:19:36","guid":{"rendered":"https:\/\/alcaldiaalbertoadriani.com\/?p=3272"},"modified":"2023-07-29T23:38:08","modified_gmt":"2023-07-29T23:38:08","slug":"operativo-especial-recolectar-basura","status":"publish","type":"post","link":"https:\/\/alcaldiaalbertoadriani.com\/?p=3272","title":{"rendered":"Lisandro Segura activ\u00f3 Operativo Especial para recolectar la basura en Alberto Adriani"},"content":{"rendered":"<div class=\"wp-block-post-excerpt\"><p class=\"wp-block-post-excerpt__excerpt\">La jornada especial incluye 48 camiones entre los compactadores del aseo urbano de la municipalidad, y los volteos de distintas organizaciones de transporte pesado que hacen vida activa en la capital vig\u00edense <\/p><\/div>\n\n\n<p>La ca\u00edda del puente sobre el r\u00edo Onia a seis meses, ha impactado fuertemente la recolecci\u00f3n de la basura en el <a href=\"https:\/\/twitter.com\/alcaldiaaa\" target=\"_blank\" rel=\"noreferrer noopener\">municipio Alberto Adriani<\/a>, por ello, el <a href=\"https:\/\/twitter.com\/lisandrosegura\" target=\"_blank\" rel=\"noreferrer noopener\">alcalde Lisandro Segura<\/a> activ\u00f3 este s\u00e1bado un operativo especial con 48 camiones a fin de recolectar la basura en las diferentes parroquias.<\/p>\n\n\n\n<figure class=\"wp-block-image size-large\"><img loading=\"lazy\" decoding=\"async\" width=\"1024\" height=\"768\" src=\"https:\/\/alcaldiaalbertoadriani.com\/wp-content\/uploads\/2023\/07\/photo_2023-07-29_19-12-08-1024x768.jpg\" alt=\"\" class=\"wp-image-3275\" srcset=\"https:\/\/alcaldiaalbertoadriani.com\/wp-content\/uploads\/2023\/07\/photo_2023-07-29_19-12-08-1024x768.jpg 1024w, https:\/\/alcaldiaalbertoadriani.com\/wp-content\/uploads\/2023\/07\/photo_2023-07-29_19-12-08-980x735.jpg 980w, https:\/\/alcaldiaalbertoadriani.com\/wp-content\/uploads\/2023\/07\/photo_2023-07-29_19-12-08-480x360.jpg 480w\" sizes=\"auto, (min-width: 0px) and (max-width: 480px) 480px, (min-width: 481px) and (max-width: 980px) 980px, (min-width: 981px) 1024px, 100vw\" \/><\/figure>\n\n\n\n<!--more-->\n\n\n\n<h2 class=\"wp-block-heading\">M\u00e1s de 150 personas en el Operativo Especial para recolectar basura<\/h2>\n\n\n\n<p>En este operativo acompa\u00f1an m\u00e1s de 150 personas, entre personal obrero, cuadrillas del Plan Renacer de mi Vig\u00eda Querido, gerentes y presidentes de institutos de la <a href=\"https:\/\/twitter.com\/alcaldiaaa\" target=\"_blank\" rel=\"noreferrer noopener\">Alcald\u00eda<\/a>.<\/p>\n\n\n\n<p>El motivo de la jornada obedece a que debido a la ca\u00edda del puente sobre el r\u00edo Onia, el cual tiene casi seis meses sin ser reparado por las instancias correspondientes, ha generado que el traslado de los desechos s\u00f3lidos al vertedero merme en un 50%.<\/p>\n\n\n\n<p>En ese sentido, record\u00f3 el alcalde que \u201c<a href=\"https:\/\/alcaldiaalbertoadriani.com\/?p=3057\" target=\"_blank\" rel=\"noreferrer noopener\">los compactadores hacen un recorrido de 3 horas por la v\u00eda alterna del Km 35- Km15<\/a> para descargar los desechos s\u00f3lidos en el relleno sanitario, lo cual merma la cantidad de viajes y ni siquiera nos han permitido retornar con los compactadores vac\u00edos por el paso provisional que se habilit\u00f3 para veh\u00edculos livianos\u201d.<\/p>\n\n\n\n<p>En raz\u00f3n de esto, el <a href=\"https:\/\/alcaldiaalbertoadriani.com\/?p=2602\" target=\"_blank\" rel=\"noreferrer noopener\">servicio de recolecci\u00f3n del aseo urbano<\/a> se ha visto fuertemente afectado en la localidad.<\/p>\n\n\n\n<figure class=\"wp-block-image size-large\"><img loading=\"lazy\" decoding=\"async\" width=\"1024\" height=\"576\" src=\"https:\/\/alcaldiaalbertoadriani.com\/wp-content\/uploads\/2023\/07\/photo_2023-07-29_19-12-04-2-1024x576.jpg\" alt=\"\" class=\"wp-image-3276\" srcset=\"https:\/\/alcaldiaalbertoadriani.com\/wp-content\/uploads\/2023\/07\/photo_2023-07-29_19-12-04-2-1024x576.jpg 1024w, https:\/\/alcaldiaalbertoadriani.com\/wp-content\/uploads\/2023\/07\/photo_2023-07-29_19-12-04-2-980x551.jpg 980w, https:\/\/alcaldiaalbertoadriani.com\/wp-content\/uploads\/2023\/07\/photo_2023-07-29_19-12-04-2-480x270.jpg 480w\" sizes=\"auto, (min-width: 0px) and (max-width: 480px) 480px, (min-width: 481px) and (max-width: 980px) 980px, (min-width: 981px) 1024px, 100vw\" \/><\/figure>\n\n\n\n<h2 class=\"wp-block-heading\">S\u00e1bado, domingo y lunes<\/h2>\n\n\n\n<p>Acot\u00f3 Lisandro Segura que la jornada se inici\u00f3 este s\u00e1bado y continuar\u00e1 ma\u00f1ana domingo en las parroquias Presidente P\u00e1ez, R\u00f3mulo Betancourt, R\u00f3mulo Gallegos, H\u00e9ctor Amable Mora y Gabriel Pic\u00f3n Gonz\u00e1lez.<\/p>\n\n\n\n<p>\u201cDe igual modo, el lunes y martes se har\u00e1 en las parroquias Rafael Pulido M\u00e9ndez y Jos\u00e9 Nucete Sardi\u201d, apunt\u00f3.<\/p>\n\n\n\n<p>Vale destacar que el punto de concentraci\u00f3n e inicio del operativo se dio en el Galp\u00f3n Municipal, ubicado en la Zona Industrial de la jurisdicci\u00f3n.<\/p>\n\n\n\n<p>Finalmente, la autoridad civil asegur\u00f3 que organizaron la jornada especial para limpiar la ciudad, &#8220;porque adem\u00e1s, no permitiremos nunca m\u00e1s que <a href=\"https:\/\/twitter.com\/alcaldiaaa\" target=\"_blank\" rel=\"noreferrer noopener\">El Vig\u00eda<\/a> vuelva a estar llena de basura, pues lamentablemente se ha convertido la basura en un instrumento pol\u00edtico para querer perjudicar nuestra gesti\u00f3n y aqu\u00ed estamos, dando respuestas a nuestro pueblo as\u00ed como al rellano sanitario con su operatividad\u201d, enfatiz\u00f3. <strong>Prensa <a href=\"https:\/\/twitter.com\/alcaldiaaa\" target=\"_blank\" rel=\"noreferrer noopener\">Alcald\u00eda Alberto Adriani<\/a>\/Edgar Mendoza CNP.25.736\/Fotos: Yorman Parra y Cortes\u00eda.<\/strong><\/p>\n\n\n\n<figure class=\"wp-block-gallery has-nested-images columns-default is-cropped wp-block-gallery-1 is-layout-flex wp-block-gallery-is-layout-flex\">\n<figure class=\"wp-block-image size-large\"><img loading=\"lazy\" decoding=\"async\" width=\"1024\" height=\"768\" data-id=\"3281\" src=\"https:\/\/alcaldiaalbertoadriani.com\/wp-content\/uploads\/2023\/07\/photo_2023-07-29_19-12-04-1024x768.jpg\" alt=\"\" class=\"wp-image-3281\" srcset=\"https:\/\/alcaldiaalbertoadriani.com\/wp-content\/uploads\/2023\/07\/photo_2023-07-29_19-12-04-1024x768.jpg 1024w, https:\/\/alcaldiaalbertoadriani.com\/wp-content\/uploads\/2023\/07\/photo_2023-07-29_19-12-04-980x735.jpg 980w, https:\/\/alcaldiaalbertoadriani.com\/wp-content\/uploads\/2023\/07\/photo_2023-07-29_19-12-04-480x360.jpg 480w\" sizes=\"auto, (min-width: 0px) and (max-width: 480px) 480px, (min-width: 481px) and (max-width: 980px) 980px, (min-width: 981px) 1024px, 100vw\" \/><\/figure>\n\n\n\n<figure class=\"wp-block-image size-large\"><img loading=\"lazy\" decoding=\"async\" width=\"1008\" height=\"754\" data-id=\"3278\" src=\"https:\/\/alcaldiaalbertoadriani.com\/wp-content\/uploads\/2023\/07\/photo_2023-07-29_19-12-05-2.jpg\" alt=\"\" class=\"wp-image-3278\" srcset=\"https:\/\/alcaldiaalbertoadriani.com\/wp-content\/uploads\/2023\/07\/photo_2023-07-29_19-12-05-2.jpg 1008w, https:\/\/alcaldiaalbertoadriani.com\/wp-content\/uploads\/2023\/07\/photo_2023-07-29_19-12-05-2-980x733.jpg 980w, https:\/\/alcaldiaalbertoadriani.com\/wp-content\/uploads\/2023\/07\/photo_2023-07-29_19-12-05-2-480x359.jpg 480w\" sizes=\"auto, (min-width: 0px) and (max-width: 480px) 480px, (min-width: 481px) and (max-width: 980px) 980px, (min-width: 981px) 1008px, 100vw\" \/><\/figure>\n\n\n\n<figure class=\"wp-block-image size-large\"><img loading=\"lazy\" decoding=\"async\" width=\"1008\" height=\"754\" data-id=\"3277\" src=\"https:\/\/alcaldiaalbertoadriani.com\/wp-content\/uploads\/2023\/07\/photo_2023-07-29_19-12-05.jpg\" alt=\"\" class=\"wp-image-3277\" srcset=\"https:\/\/alcaldiaalbertoadriani.com\/wp-content\/uploads\/2023\/07\/photo_2023-07-29_19-12-05.jpg 1008w, https:\/\/alcaldiaalbertoadriani.com\/wp-content\/uploads\/2023\/07\/photo_2023-07-29_19-12-05-980x733.jpg 980w, https:\/\/alcaldiaalbertoadriani.com\/wp-content\/uploads\/2023\/07\/photo_2023-07-29_19-12-05-480x359.jpg 480w\" sizes=\"auto, (min-width: 0px) and (max-width: 480px) 480px, (min-width: 481px) and (max-width: 980px) 980px, (min-width: 981px) 1008px, 100vw\" \/><\/figure>\n\n\n\n<figure class=\"wp-block-image size-large\"><img loading=\"lazy\" decoding=\"async\" width=\"768\" height=\"1024\" data-id=\"3282\" src=\"https:\/\/alcaldiaalbertoadriani.com\/wp-content\/uploads\/2023\/07\/photo_2023-07-29_19-12-06-2-768x1024.jpg\" alt=\"\" class=\"wp-image-3282\" srcset=\"https:\/\/alcaldiaalbertoadriani.com\/wp-content\/uploads\/2023\/07\/photo_2023-07-29_19-12-06-2-768x1024.jpg 768w, https:\/\/alcaldiaalbertoadriani.com\/wp-content\/uploads\/2023\/07\/photo_2023-07-29_19-12-06-2-480x640.jpg 480w\" sizes=\"auto, (min-width: 0px) and (max-width: 480px) 480px, (min-width: 481px) 768px, 100vw\" \/><\/figure>\n\n\n\n<figure class=\"wp-block-image size-large\"><img loading=\"lazy\" decoding=\"async\" width=\"1024\" height=\"768\" data-id=\"3280\" src=\"https:\/\/alcaldiaalbertoadriani.com\/wp-content\/uploads\/2023\/07\/photo_2023-07-29_19-12-06-1024x768.jpg\" alt=\"\" class=\"wp-image-3280\" srcset=\"https:\/\/alcaldiaalbertoadriani.com\/wp-content\/uploads\/2023\/07\/photo_2023-07-29_19-12-06-1024x768.jpg 1024w, https:\/\/alcaldiaalbertoadriani.com\/wp-content\/uploads\/2023\/07\/photo_2023-07-29_19-12-06-980x735.jpg 980w, https:\/\/alcaldiaalbertoadriani.com\/wp-content\/uploads\/2023\/07\/photo_2023-07-29_19-12-06-480x360.jpg 480w\" sizes=\"auto, (min-width: 0px) and (max-width: 480px) 480px, (min-width: 481px) and (max-width: 980px) 980px, (min-width: 981px) 1024px, 100vw\" \/><\/figure>\n\n\n\n<figure class=\"wp-block-image size-large\"><img loading=\"lazy\" decoding=\"async\" width=\"1024\" height=\"768\" data-id=\"3283\" src=\"https:\/\/alcaldiaalbertoadriani.com\/wp-content\/uploads\/2023\/07\/photo_2023-07-29_19-12-07-2-1024x768.jpg\" alt=\"\" class=\"wp-image-3283\" srcset=\"https:\/\/alcaldiaalbertoadriani.com\/wp-content\/uploads\/2023\/07\/photo_2023-07-29_19-12-07-2-1024x768.jpg 1024w, https:\/\/alcaldiaalbertoadriani.com\/wp-content\/uploads\/2023\/07\/photo_2023-07-29_19-12-07-2-980x735.jpg 980w, https:\/\/alcaldiaalbertoadriani.com\/wp-content\/uploads\/2023\/07\/photo_2023-07-29_19-12-07-2-480x360.jpg 480w\" sizes=\"auto, (min-width: 0px) and (max-width: 480px) 480px, (min-width: 481px) and (max-width: 980px) 980px, (min-width: 981px) 1024px, 100vw\" \/><\/figure>\n\n\n\n<figure class=\"wp-block-image size-large\"><img loading=\"lazy\" decoding=\"async\" width=\"1024\" height=\"768\" data-id=\"3279\" src=\"https:\/\/alcaldiaalbertoadriani.com\/wp-content\/uploads\/2023\/07\/photo_2023-07-29_19-12-07-1024x768.jpg\" alt=\"\" class=\"wp-image-3279\" srcset=\"https:\/\/alcaldiaalbertoadriani.com\/wp-content\/uploads\/2023\/07\/photo_2023-07-29_19-12-07-1024x768.jpg 1024w, https:\/\/alcaldiaalbertoadriani.com\/wp-content\/uploads\/2023\/07\/photo_2023-07-29_19-12-07-980x735.jpg 980w, https:\/\/alcaldiaalbertoadriani.com\/wp-content\/uploads\/2023\/07\/photo_2023-07-29_19-12-07-480x360.jpg 480w\" sizes=\"auto, (min-width: 0px) and (max-width: 480px) 480px, (min-width: 481px) and (max-width: 980px) 980px, (min-width: 981px) 1024px, 100vw\" \/><\/figure>\n<\/figure>\n","protected":false},"excerpt":{"rendered":"<p><em><strong>La jornada especial incluye 48 camiones entre los compactadores del aseo urbano de la municipalidad, y los volteos de distintas organizaciones de transporte pesado que hacen vida activa en la capital vig\u00edense<\/strong><\/em><\/p>\n","protected":false},"author":2,"featured_media":3274,"comment_status":"closed","ping_status":"closed","sticky":false,"template":"","format":"standard","meta":{"_et_pb_use_builder":"off","_et_pb_old_content":"","_et_gb_content_width":"","footnotes":""},"categories":[341,300,34,175,25,24],"tags":[31,11,12,15,30,29,28,451],"class_list":["post-3272","post","type-post","status-publish","format-standard","has-post-thumbnail","hentry","category-alcaldia-alberto-adriani","category-aseo","category-gerencia-de-servicios-publicos-municipales","category-gestion-municipal","category-nuestro-municipio","category-recuperacion-de-espacios","tag-alcalde","tag-alcaldia","tag-alcaldiaalbertoadriani","tag-elvigia","tag-lisandrosegura","tag-municipioquenosmerecemos","tag-porelrenacer","tag-operativo-especial-recolectar-basura"],"yoast_head":"<!-- This site is optimized with the Yoast SEO plugin v19.13 - https:\/\/yoast.com\/wordpress\/plugins\/seo\/ -->\n<title>Lisandro Segura activ\u00f3 Operativo Especial para recolectar la basura en Alberto Adriani - Alcaldia Alberto Adriani<\/title>\n<meta name=\"description\" content=\"Alcalde Lisandro Segura activ\u00f3 este s\u00e1bado un operativo especial con 48 camiones a fin de recolectar la basura en las diferentes parroquias.\" \/>\n<meta name=\"robots\" content=\"index, follow, max-snippet:-1, max-image-preview:large, max-video-preview:-1\" \/>\n<link rel=\"canonical\" href=\"https:\/\/alcaldiaalbertoadriani.com\/?p=3272\" \/>\n<meta property=\"og:locale\" content=\"es_ES\" \/>\n<meta property=\"og:type\" content=\"article\" \/>\n<meta property=\"og:title\" content=\"Lisandro Segura activ\u00f3 Operativo Especial para recolectar la basura en Alberto Adriani - Alcaldia Alberto Adriani\" \/>\n<meta property=\"og:description\" content=\"Alcalde Lisandro Segura activ\u00f3 este s\u00e1bado un operativo especial con 48 camiones a fin de recolectar la basura en las diferentes parroquias.\" \/>\n<meta property=\"og:url\" content=\"https:\/\/alcaldiaalbertoadriani.com\/?p=3272\" \/>\n<meta property=\"og:site_name\" content=\"Alcaldia Alberto Adriani\" \/>\n<meta property=\"article:published_time\" content=\"2023-07-29T23:19:36+00:00\" \/>\n<meta property=\"article:modified_time\" content=\"2023-07-29T23:38:08+00:00\" \/>\n<meta property=\"og:image\" content=\"https:\/\/alcaldiaalbertoadriani.com\/wp-content\/uploads\/2023\/07\/photo_2023-07-29_19-12-03.jpg\" \/>\n\t<meta property=\"og:image:width\" content=\"1280\" \/>\n\t<meta property=\"og:image:height\" content=\"960\" \/>\n\t<meta property=\"og:image:type\" content=\"image\/jpeg\" \/>\n<meta name=\"author\" content=\"Prensa\" \/>\n<meta name=\"twitter:card\" content=\"summary_large_image\" \/>\n<meta name=\"twitter:label1\" content=\"Escrito por\" \/>\n\t<meta name=\"twitter:data1\" content=\"Prensa\" \/>\n\t<meta name=\"twitter:label2\" content=\"Tiempo de lectura\" \/>\n\t<meta name=\"twitter:data2\" content=\"4 minutos\" \/>\n<script type=\"application\/ld+json\" class=\"yoast-schema-graph\">{\"@context\":\"https:\/\/schema.org\",\"@graph\":[{\"@type\":\"WebPage\",\"@id\":\"https:\/\/alcaldiaalbertoadriani.com\/?p=3272\",\"url\":\"https:\/\/alcaldiaalbertoadriani.com\/?p=3272\",\"name\":\"Lisandro Segura activ\u00f3 Operativo Especial para recolectar la basura en Alberto Adriani - Alcaldia Alberto Adriani\",\"isPartOf\":{\"@id\":\"https:\/\/alcaldiaalbertoadriani.com\/#website\"},\"datePublished\":\"2023-07-29T23:19:36+00:00\",\"dateModified\":\"2023-07-29T23:38:08+00:00\",\"author\":{\"@id\":\"https:\/\/alcaldiaalbertoadriani.com\/#\/schema\/person\/549b4483ff8999ac780deeea78795fc9\"},\"description\":\"Alcalde Lisandro Segura activ\u00f3 este s\u00e1bado un operativo especial con 48 camiones a fin de recolectar la basura en las diferentes parroquias.\",\"breadcrumb\":{\"@id\":\"https:\/\/alcaldiaalbertoadriani.com\/?p=3272#breadcrumb\"},\"inLanguage\":\"es\",\"potentialAction\":[{\"@type\":\"ReadAction\",\"target\":[\"https:\/\/alcaldiaalbertoadriani.com\/?p=3272\"]}]},{\"@type\":\"BreadcrumbList\",\"@id\":\"https:\/\/alcaldiaalbertoadriani.com\/?p=3272#breadcrumb\",\"itemListElement\":[{\"@type\":\"ListItem\",\"position\":1,\"name\":\"Portada\",\"item\":\"https:\/\/alcaldiaalbertoadriani.com\/\"},{\"@type\":\"ListItem\",\"position\":2,\"name\":\"Lisandro Segura activ\u00f3 Operativo Especial para recolectar la basura en Alberto Adriani\"}]},{\"@type\":\"WebSite\",\"@id\":\"https:\/\/alcaldiaalbertoadriani.com\/#website\",\"url\":\"https:\/\/alcaldiaalbertoadriani.com\/\",\"name\":\"Alcaldia Alberto Adriani\",\"description\":\"\",\"potentialAction\":[{\"@type\":\"SearchAction\",\"target\":{\"@type\":\"EntryPoint\",\"urlTemplate\":\"https:\/\/alcaldiaalbertoadriani.com\/?s={search_term_string}\"},\"query-input\":\"required name=search_term_string\"}],\"inLanguage\":\"es\"},{\"@type\":\"Person\",\"@id\":\"https:\/\/alcaldiaalbertoadriani.com\/#\/schema\/person\/549b4483ff8999ac780deeea78795fc9\",\"name\":\"Prensa\",\"image\":{\"@type\":\"ImageObject\",\"inLanguage\":\"es\",\"@id\":\"https:\/\/alcaldiaalbertoadriani.com\/#\/schema\/person\/image\/\",\"url\":\"https:\/\/secure.gravatar.com\/avatar\/ea1cb567ea992a29627f4eee1c2eb185ec16decec6342d508fdf18dedb56c9de?s=96&d=mm&r=g\",\"contentUrl\":\"https:\/\/secure.gravatar.com\/avatar\/ea1cb567ea992a29627f4eee1c2eb185ec16decec6342d508fdf18dedb56c9de?s=96&d=mm&r=g\",\"caption\":\"Prensa\"},\"url\":\"https:\/\/alcaldiaalbertoadriani.com\/?author=2\"}]}<\/script>\n<!-- \/ Yoast SEO plugin. -->","yoast_head_json":{"title":"Lisandro Segura activ\u00f3 Operativo Especial para recolectar la basura en Alberto Adriani - Alcaldia Alberto Adriani","description":"Alcalde Lisandro Segura activ\u00f3 este s\u00e1bado un operativo especial con 48 camiones a fin de recolectar la basura en las diferentes parroquias.","robots":{"index":"index","follow":"follow","max-snippet":"max-snippet:-1","max-image-preview":"max-image-preview:large","max-video-preview":"max-video-preview:-1"},"canonical":"https:\/\/alcaldiaalbertoadriani.com\/?p=3272","og_locale":"es_ES","og_type":"article","og_title":"Lisandro Segura activ\u00f3 Operativo Especial para recolectar la basura en Alberto Adriani - Alcaldia Alberto Adriani","og_description":"Alcalde Lisandro Segura activ\u00f3 este s\u00e1bado un operativo especial con 48 camiones a fin de recolectar la basura en las diferentes parroquias.","og_url":"https:\/\/alcaldiaalbertoadriani.com\/?p=3272","og_site_name":"Alcaldia Alberto Adriani","article_published_time":"2023-07-29T23:19:36+00:00","article_modified_time":"2023-07-29T23:38:08+00:00","og_image":[{"width":1280,"height":960,"url":"https:\/\/alcaldiaalbertoadriani.com\/wp-content\/uploads\/2023\/07\/photo_2023-07-29_19-12-03.jpg","type":"image\/jpeg"}],"author":"Prensa","twitter_card":"summary_large_image","twitter_misc":{"Escrito por":"Prensa","Tiempo de lectura":"4 minutos"},"schema":{"@context":"https:\/\/schema.org","@graph":[{"@type":"WebPage","@id":"https:\/\/alcaldiaalbertoadriani.com\/?p=3272","url":"https:\/\/alcaldiaalbertoadriani.com\/?p=3272","name":"Lisandro Segura activ\u00f3 Operativo Especial para recolectar la basura en Alberto Adriani - Alcaldia Alberto Adriani","isPartOf":{"@id":"https:\/\/alcaldiaalbertoadriani.com\/#website"},"datePublished":"2023-07-29T23:19:36+00:00","dateModified":"2023-07-29T23:38:08+00:00","author":{"@id":"https:\/\/alcaldiaalbertoadriani.com\/#\/schema\/person\/549b4483ff8999ac780deeea78795fc9"},"description":"Alcalde Lisandro Segura activ\u00f3 este s\u00e1bado un operativo especial con 48 camiones a fin de recolectar la basura en las diferentes parroquias.","breadcrumb":{"@id":"https:\/\/alcaldiaalbertoadriani.com\/?p=3272#breadcrumb"},"inLanguage":"es","potentialAction":[{"@type":"ReadAction","target":["https:\/\/alcaldiaalbertoadriani.com\/?p=3272"]}]},{"@type":"BreadcrumbList","@id":"https:\/\/alcaldiaalbertoadriani.com\/?p=3272#breadcrumb","itemListElement":[{"@type":"ListItem","position":1,"name":"Portada","item":"https:\/\/alcaldiaalbertoadriani.com\/"},{"@type":"ListItem","position":2,"name":"Lisandro Segura activ\u00f3 Operativo Especial para recolectar la basura en Alberto Adriani"}]},{"@type":"WebSite","@id":"https:\/\/alcaldiaalbertoadriani.com\/#website","url":"https:\/\/alcaldiaalbertoadriani.com\/","name":"Alcaldia Alberto Adriani","description":"","potentialAction":[{"@type":"SearchAction","target":{"@type":"EntryPoint","urlTemplate":"https:\/\/alcaldiaalbertoadriani.com\/?s={search_term_string}"},"query-input":"required name=search_term_string"}],"inLanguage":"es"},{"@type":"Person","@id":"https:\/\/alcaldiaalbertoadriani.com\/#\/schema\/person\/549b4483ff8999ac780deeea78795fc9","name":"Prensa","image":{"@type":"ImageObject","inLanguage":"es","@id":"https:\/\/alcaldiaalbertoadriani.com\/#\/schema\/person\/image\/","url":"https:\/\/secure.gravatar.com\/avatar\/ea1cb567ea992a29627f4eee1c2eb185ec16decec6342d508fdf18dedb56c9de?s=96&d=mm&r=g","contentUrl":"https:\/\/secure.gravatar.com\/avatar\/ea1cb567ea992a29627f4eee1c2eb185ec16decec6342d508fdf18dedb56c9de?s=96&d=mm&r=g","caption":"Prensa"},"url":"https:\/\/alcaldiaalbertoadriani.com\/?author=2"}]}},"_links":{"self":[{"href":"https:\/\/alcaldiaalbertoadriani.com\/index.php?rest_route=\/wp\/v2\/posts\/3272","targetHints":{"allow":["GET"]}}],"collection":[{"href":"https:\/\/alcaldiaalbertoadriani.com\/index.php?rest_route=\/wp\/v2\/posts"}],"about":[{"href":"https:\/\/alcaldiaalbertoadriani.com\/index.php?rest_route=\/wp\/v2\/types\/post"}],"author":[{"embeddable":true,"href":"https:\/\/alcaldiaalbertoadriani.com\/index.php?rest_route=\/wp\/v2\/users\/2"}],"replies":[{"embeddable":true,"href":"https:\/\/alcaldiaalbertoadriani.com\/index.php?rest_route=%2Fwp%2Fv2%2Fcomments&post=3272"}],"version-history":[{"count":3,"href":"https:\/\/alcaldiaalbertoadriani.com\/index.php?rest_route=\/wp\/v2\/posts\/3272\/revisions"}],"predecessor-version":[{"id":3286,"href":"https:\/\/alcaldiaalbertoadriani.com\/index.php?rest_route=\/wp\/v2\/posts\/3272\/revisions\/3286"}],"wp:featuredmedia":[{"embeddable":true,"href":"https:\/\/alcaldiaalbertoadriani.com\/index.php?rest_route=\/wp\/v2\/media\/3274"}],"wp:attachment":[{"href":"https:\/\/alcaldiaalbertoadriani.com\/index.php?rest_route=%2Fwp%2Fv2%2Fmedia&parent=3272"}],"wp:term":[{"taxonomy":"category","embeddable":true,"href":"https:\/\/alcaldiaalbertoadriani.com\/index.php?rest_route=%2Fwp%2Fv2%2Fcategories&post=3272"},{"taxonomy":"post_tag","embeddable":true,"href":"https:\/\/alcaldiaalbertoadriani.com\/index.php?rest_route=%2Fwp%2Fv2%2Ftags&post=3272"}],"curies":[{"name":"wp","href":"https:\/\/api.w.org\/{rel}","templated":true}]}}