{"id":3209,"date":"2023-07-25T21:15:17","date_gmt":"2023-07-25T21:15:17","guid":{"rendered":"https:\/\/alcaldiaalbertoadriani.com\/?p=3209"},"modified":"2023-07-25T21:15:23","modified_gmt":"2023-07-25T21:15:23","slug":"primer-encuentro-municipal-de-danza","status":"publish","type":"post","link":"https:\/\/alcaldiaalbertoadriani.com\/?p=3209","title":{"rendered":"Con \u00e9xito se realiz\u00f3 Primer Encuentro Municipal de Danza en El Vig\u00eda"},"content":{"rendered":"<div class=\"wp-block-post-excerpt\"><p class=\"wp-block-post-excerpt__excerpt\">Participaron 14 agrupaciones danc\u00edsticas del municipio Alberto Adriani, con m\u00e1s de 300 bailarines en escena <\/p><\/div>\n\n\n<p>Con un derroche de talento se llev\u00f3 con \u00e9xito el <a href=\"https:\/\/alcaldiaalbertoadriani.com\/?p=2917\" target=\"_blank\" rel=\"noreferrer noopener\">Primer Encuentro Municipal de Danza en el gimnasio \u201cJos\u00e9 Luis Varela\u201d<\/a> del Complejo Deportivo Carlos Maya. Evento organizado por el <a href=\"https:\/\/alcaldiaalbertoadriani.com\/?p=2526\" target=\"_blank\" rel=\"noreferrer noopener\">Instituto Aut\u00f3nomo Municipal de la Cultura \u2013Iamcaa-<\/a> de <a href=\"https:\/\/twitter.com\/alcaldiaaa\" target=\"_blank\" rel=\"noreferrer noopener\">Alberto Adriani<\/a>.<\/p>\n\n\n\n<p>La actividad la abri\u00f3 el <a href=\"https:\/\/twitter.com\/lisandrosegura\" target=\"_blank\" rel=\"noreferrer noopener\">alcalde Lisandro Segura<\/a>, quien adem\u00e1s de felicitar a Keibert Rojas, presidente del Iamcaa, tambi\u00e9n lo hizo con las madres, padres, representantes y familiares de los artistas bailarines, &#8220;por el esfuerzo hecho y deslumbrar sobre el escenario\u201d.<\/p>\n\n\n\n<p>Cabe destacar que el evento tambi\u00e9n lo acompa\u00f1aron las <a href=\"https:\/\/alcaldiaalbertoadriani.com\/?p=957\" target=\"_blank\" rel=\"noreferrer noopener\">Reinas de las Ferias y Fiestas El Vig\u00eda 2023<\/a>.<\/p>\n\n\n\n<figure class=\"wp-block-image size-large\"><img loading=\"lazy\" decoding=\"async\" width=\"1024\" height=\"768\" src=\"https:\/\/alcaldiaalbertoadriani.com\/wp-content\/uploads\/2023\/07\/PXL_20230722_184353670-1-1024x768.jpg\" alt=\"\" class=\"wp-image-3215\" srcset=\"https:\/\/alcaldiaalbertoadriani.com\/wp-content\/uploads\/2023\/07\/PXL_20230722_184353670-1-980x735.jpg 980w, https:\/\/alcaldiaalbertoadriani.com\/wp-content\/uploads\/2023\/07\/PXL_20230722_184353670-1-480x360.jpg 480w\" sizes=\"auto, (min-width: 0px) and (max-width: 480px) 480px, (min-width: 481px) and (max-width: 980px) 980px, (min-width: 981px) 1024px, 100vw\" \/><\/figure>\n\n\n\n<!--more-->\n\n\n\n<h2 class=\"wp-block-heading\">14 agrupaciones y m\u00e1s 300 bailarines<\/h2>\n\n\n\n<p>Keibert Rojas explic\u00f3 que el encuentro cont\u00f3 con la participaci\u00f3n de 14 agrupaciones y m\u00e1s de 300 bailarines en escena.<\/p>\n\n\n\n<p>\u201cEsto ha sido un acontecimiento hist\u00f3rico, un evento que sin duda vino a marcar la historia municipal en lo que tiene que ver con las danzas. Me siento contento por el esfuerzo que dieron los directores, padres, madres y representantes de las diferentes agrupaciones que aqu\u00ed participaron e igualmente, con el alcalde por estar siempre ah\u00ed respald\u00e1ndonos en todo\u201d, apunt\u00f3.<\/p>\n\n\n\n<p>Acot\u00f3 el funcionario que los j\u00f3venes y adultos hacen lo posible para que el patrimonio art\u00edstico se mantenga en la jurisdicci\u00f3n, por ello, aspira en los pr\u00f3ximos encuentros incluir agrupaciones danc\u00edsticas desde lo local, regional y nacional.<\/p>\n\n\n\n<p>Entre las agrupaciones municipales que participaron se destacaron Danza Kapuy, Danz Lover, Venedance, Legacy Studio, Danza El Carmen, Piero Studio y Pasarela, Danza El Bosque, Nova Academia, Chidance, Centro de Formaci\u00f3n Cultural Tito Lino Molina, Ballet Nacionalista El Vig\u00eda, Danza R8, Sol de Los Andes y Danza El Vig\u00eda.<\/p>\n\n\n\n<h2 class=\"wp-block-heading\">Homenaje<\/h2>\n\n\n\n<p>Vale destacar que el <a href=\"https:\/\/alcaldiaalbertoadriani.com\/?p=2917\">Primer Encuentro Municipal de Danza<\/a> fue propicio para rendir homenaje especial a Gilbert Contreras, quien en vida fuera el fundador y director de Danzas Rosa Virginia, luchador comunitario y promotor cultural.<\/p>\n\n\n\n<p>Por ello, el <a href=\"https:\/\/twitter.com\/lisandrosegura\" target=\"_blank\" rel=\"noreferrer noopener\">alcalde Lisandro Segura<\/a> junto a Keibert Rojas y Juan Valero, escultor vig\u00edense, entregaron una estatuilla y reconocimiento a la esposa e hijos de Contreras, quien parti\u00f3 f\u00edsicamente el pasado primero de junio de 2023.<\/p>\n\n\n\n<p>Asimismo, los presentes realizaron un minuto de aplausos en honor a quien en vida dio el todo por el todo en el \u00e1mbito cultural y m\u00e1s all\u00e1.<\/p>\n\n\n\n<p>Por \u00faltimo y para cerrar con broche de oro, las 14 agrupaciones recibieron certificados de reconocimiento en manos del burgomaestre y el presidente del Iamcaa, as\u00ed como una estatuilla elaborada por el escultor Juan Valero. <strong>Prensa <a href=\"https:\/\/twitter.com\/alcaldiaaa\" target=\"_blank\" rel=\"noreferrer noopener\">Alcald\u00eda Alberto Adriani<\/a>\/Edgar Mendoza CNP. 25.736\/Fotos: Catalina Contreras.<\/strong><\/p>\n\n\n\n<figure class=\"wp-block-gallery has-nested-images columns-default is-cropped wp-block-gallery-1 is-layout-flex wp-block-gallery-is-layout-flex\">\n<figure class=\"wp-block-image size-large\"><img loading=\"lazy\" decoding=\"async\" width=\"1024\" height=\"771\" data-id=\"3216\" src=\"https:\/\/alcaldiaalbertoadriani.com\/wp-content\/uploads\/2023\/07\/IMG_20230722_175140-01-1024x771.jpeg\" alt=\"\" class=\"wp-image-3216\" srcset=\"https:\/\/alcaldiaalbertoadriani.com\/wp-content\/uploads\/2023\/07\/IMG_20230722_175140-01-980x738.jpeg 980w, https:\/\/alcaldiaalbertoadriani.com\/wp-content\/uploads\/2023\/07\/IMG_20230722_175140-01-480x362.jpeg 480w\" sizes=\"auto, (min-width: 0px) and (max-width: 480px) 480px, (min-width: 481px) and (max-width: 980px) 980px, (min-width: 981px) 1024px, 100vw\" \/><\/figure>\n\n\n\n<figure class=\"wp-block-image size-large\"><img loading=\"lazy\" decoding=\"async\" width=\"1024\" height=\"768\" data-id=\"3217\" src=\"https:\/\/alcaldiaalbertoadriani.com\/wp-content\/uploads\/2023\/07\/IMG_20230722_204822_509-1024x768.jpg\" alt=\"\" class=\"wp-image-3217\" srcset=\"https:\/\/alcaldiaalbertoadriani.com\/wp-content\/uploads\/2023\/07\/IMG_20230722_204822_509-980x735.jpg 980w, https:\/\/alcaldiaalbertoadriani.com\/wp-content\/uploads\/2023\/07\/IMG_20230722_204822_509-480x360.jpg 480w\" sizes=\"auto, (min-width: 0px) and (max-width: 480px) 480px, (min-width: 481px) and (max-width: 980px) 980px, (min-width: 981px) 1024px, 100vw\" \/><\/figure>\n\n\n\n<figure class=\"wp-block-image size-large\"><img loading=\"lazy\" decoding=\"async\" width=\"1024\" height=\"768\" data-id=\"3218\" src=\"https:\/\/alcaldiaalbertoadriani.com\/wp-content\/uploads\/2023\/07\/IMG_20230722_205917_535-1024x768.jpg\" alt=\"\" class=\"wp-image-3218\" srcset=\"https:\/\/alcaldiaalbertoadriani.com\/wp-content\/uploads\/2023\/07\/IMG_20230722_205917_535-980x735.jpg 980w, https:\/\/alcaldiaalbertoadriani.com\/wp-content\/uploads\/2023\/07\/IMG_20230722_205917_535-480x360.jpg 480w\" sizes=\"auto, (min-width: 0px) and (max-width: 480px) 480px, (min-width: 481px) and (max-width: 980px) 980px, (min-width: 981px) 1024px, 100vw\" \/><\/figure>\n\n\n\n<figure class=\"wp-block-image size-large\"><img loading=\"lazy\" decoding=\"async\" width=\"1024\" height=\"768\" data-id=\"3212\" src=\"https:\/\/alcaldiaalbertoadriani.com\/wp-content\/uploads\/2023\/07\/PXL_20230722_161734337.PORTRAIT-1024x768.jpg\" alt=\"\" class=\"wp-image-3212\" srcset=\"https:\/\/alcaldiaalbertoadriani.com\/wp-content\/uploads\/2023\/07\/PXL_20230722_161734337.PORTRAIT-980x735.jpg 980w, https:\/\/alcaldiaalbertoadriani.com\/wp-content\/uploads\/2023\/07\/PXL_20230722_161734337.PORTRAIT-480x360.jpg 480w\" sizes=\"auto, (min-width: 0px) and (max-width: 480px) 480px, (min-width: 481px) and (max-width: 980px) 980px, (min-width: 981px) 1024px, 100vw\" \/><\/figure>\n\n\n\n<figure class=\"wp-block-image size-large\"><img loading=\"lazy\" decoding=\"async\" width=\"1024\" height=\"768\" data-id=\"3213\" src=\"https:\/\/alcaldiaalbertoadriani.com\/wp-content\/uploads\/2023\/07\/PXL_20230722_183818222-1024x768.jpg\" alt=\"\" class=\"wp-image-3213\" srcset=\"https:\/\/alcaldiaalbertoadriani.com\/wp-content\/uploads\/2023\/07\/PXL_20230722_183818222-980x735.jpg 980w, https:\/\/alcaldiaalbertoadriani.com\/wp-content\/uploads\/2023\/07\/PXL_20230722_183818222-480x360.jpg 480w\" sizes=\"auto, (min-width: 0px) and (max-width: 480px) 480px, (min-width: 481px) and (max-width: 980px) 980px, (min-width: 981px) 1024px, 100vw\" \/><\/figure>\n<\/figure>\n","protected":false},"excerpt":{"rendered":"<p><em><strong>Participaron 14 agrupaciones danc\u00edsticas del municipio Alberto Adriani, con m\u00e1s de 300 bailarines en escena<\/strong><\/em><\/p>\n","protected":false},"author":2,"featured_media":3210,"comment_status":"closed","ping_status":"closed","sticky":false,"template":"","format":"standard","meta":{"_et_pb_use_builder":"off","_et_pb_old_content":"","_et_gb_content_width":"","footnotes":""},"categories":[39,341,78,77],"tags":[31,11,12,15,30,29,28,446],"class_list":["post-3209","post","type-post","status-publish","format-standard","has-post-thumbnail","hentry","category-actividades-sociales","category-alcaldia-alberto-adriani","category-cultura","category-iamcaa","tag-alcalde","tag-alcaldia","tag-alcaldiaalbertoadriani","tag-elvigia","tag-lisandrosegura","tag-municipioquenosmerecemos","tag-porelrenacer","tag-primer-encuentro-municipal-de-danza"],"yoast_head":"<!-- This site is optimized with the Yoast SEO plugin v19.13 - https:\/\/yoast.com\/wordpress\/plugins\/seo\/ -->\n<title>Con \u00e9xito se realiz\u00f3 Primer Encuentro Municipal de Danza en El Vig\u00eda - Alcaldia Alberto Adriani<\/title>\n<meta name=\"description\" content=\"Se llev\u00f3 con \u00e9xito el Primer Encuentro Municipal de Danza en el gimnasio \u201cJos\u00e9 Luis Varela\u201d del Complejo Deportivo Carlos Maya.\" \/>\n<meta name=\"robots\" content=\"index, follow, max-snippet:-1, max-image-preview:large, max-video-preview:-1\" \/>\n<link rel=\"canonical\" href=\"https:\/\/alcaldiaalbertoadriani.com\/?p=3209\" \/>\n<meta property=\"og:locale\" content=\"es_ES\" \/>\n<meta property=\"og:type\" content=\"article\" \/>\n<meta property=\"og:title\" content=\"Con \u00e9xito se realiz\u00f3 Primer Encuentro Municipal de Danza en El Vig\u00eda - Alcaldia Alberto Adriani\" \/>\n<meta property=\"og:description\" content=\"Se llev\u00f3 con \u00e9xito el Primer Encuentro Municipal de Danza en el gimnasio \u201cJos\u00e9 Luis Varela\u201d del Complejo Deportivo Carlos Maya.\" \/>\n<meta property=\"og:url\" content=\"https:\/\/alcaldiaalbertoadriani.com\/?p=3209\" \/>\n<meta property=\"og:site_name\" content=\"Alcaldia Alberto Adriani\" \/>\n<meta property=\"article:published_time\" content=\"2023-07-25T21:15:17+00:00\" \/>\n<meta property=\"article:modified_time\" content=\"2023-07-25T21:15:23+00:00\" \/>\n<meta property=\"og:image\" content=\"https:\/\/alcaldiaalbertoadriani.com\/wp-content\/uploads\/2023\/07\/IMG_20230722_190438-scaled.jpg\" \/>\n\t<meta property=\"og:image:width\" content=\"2560\" \/>\n\t<meta property=\"og:image:height\" content=\"1928\" \/>\n\t<meta property=\"og:image:type\" content=\"image\/jpeg\" \/>\n<meta name=\"author\" content=\"Prensa\" \/>\n<meta name=\"twitter:card\" content=\"summary_large_image\" \/>\n<meta name=\"twitter:label1\" content=\"Escrito por\" \/>\n\t<meta name=\"twitter:data1\" content=\"Prensa\" \/>\n\t<meta name=\"twitter:label2\" content=\"Tiempo de lectura\" \/>\n\t<meta name=\"twitter:data2\" content=\"4 minutos\" \/>\n<script type=\"application\/ld+json\" class=\"yoast-schema-graph\">{\"@context\":\"https:\/\/schema.org\",\"@graph\":[{\"@type\":\"WebPage\",\"@id\":\"https:\/\/alcaldiaalbertoadriani.com\/?p=3209\",\"url\":\"https:\/\/alcaldiaalbertoadriani.com\/?p=3209\",\"name\":\"Con \u00e9xito se realiz\u00f3 Primer Encuentro Municipal de Danza en El Vig\u00eda - Alcaldia Alberto Adriani\",\"isPartOf\":{\"@id\":\"https:\/\/alcaldiaalbertoadriani.com\/#website\"},\"datePublished\":\"2023-07-25T21:15:17+00:00\",\"dateModified\":\"2023-07-25T21:15:23+00:00\",\"author\":{\"@id\":\"https:\/\/alcaldiaalbertoadriani.com\/#\/schema\/person\/549b4483ff8999ac780deeea78795fc9\"},\"description\":\"Se llev\u00f3 con \u00e9xito el Primer Encuentro Municipal de Danza en el gimnasio \u201cJos\u00e9 Luis Varela\u201d del Complejo Deportivo Carlos Maya.\",\"breadcrumb\":{\"@id\":\"https:\/\/alcaldiaalbertoadriani.com\/?p=3209#breadcrumb\"},\"inLanguage\":\"es\",\"potentialAction\":[{\"@type\":\"ReadAction\",\"target\":[\"https:\/\/alcaldiaalbertoadriani.com\/?p=3209\"]}]},{\"@type\":\"BreadcrumbList\",\"@id\":\"https:\/\/alcaldiaalbertoadriani.com\/?p=3209#breadcrumb\",\"itemListElement\":[{\"@type\":\"ListItem\",\"position\":1,\"name\":\"Portada\",\"item\":\"https:\/\/alcaldiaalbertoadriani.com\/\"},{\"@type\":\"ListItem\",\"position\":2,\"name\":\"Con \u00e9xito se realiz\u00f3 Primer Encuentro Municipal de Danza en El Vig\u00eda\"}]},{\"@type\":\"WebSite\",\"@id\":\"https:\/\/alcaldiaalbertoadriani.com\/#website\",\"url\":\"https:\/\/alcaldiaalbertoadriani.com\/\",\"name\":\"Alcaldia Alberto Adriani\",\"description\":\"\",\"potentialAction\":[{\"@type\":\"SearchAction\",\"target\":{\"@type\":\"EntryPoint\",\"urlTemplate\":\"https:\/\/alcaldiaalbertoadriani.com\/?s={search_term_string}\"},\"query-input\":\"required name=search_term_string\"}],\"inLanguage\":\"es\"},{\"@type\":\"Person\",\"@id\":\"https:\/\/alcaldiaalbertoadriani.com\/#\/schema\/person\/549b4483ff8999ac780deeea78795fc9\",\"name\":\"Prensa\",\"image\":{\"@type\":\"ImageObject\",\"inLanguage\":\"es\",\"@id\":\"https:\/\/alcaldiaalbertoadriani.com\/#\/schema\/person\/image\/\",\"url\":\"https:\/\/secure.gravatar.com\/avatar\/ea1cb567ea992a29627f4eee1c2eb185ec16decec6342d508fdf18dedb56c9de?s=96&d=mm&r=g\",\"contentUrl\":\"https:\/\/secure.gravatar.com\/avatar\/ea1cb567ea992a29627f4eee1c2eb185ec16decec6342d508fdf18dedb56c9de?s=96&d=mm&r=g\",\"caption\":\"Prensa\"},\"url\":\"https:\/\/alcaldiaalbertoadriani.com\/?author=2\"}]}<\/script>\n<!-- \/ Yoast SEO plugin. -->","yoast_head_json":{"title":"Con \u00e9xito se realiz\u00f3 Primer Encuentro Municipal de Danza en El Vig\u00eda - Alcaldia Alberto Adriani","description":"Se llev\u00f3 con \u00e9xito el Primer Encuentro Municipal de Danza en el gimnasio \u201cJos\u00e9 Luis Varela\u201d del Complejo Deportivo Carlos Maya.","robots":{"index":"index","follow":"follow","max-snippet":"max-snippet:-1","max-image-preview":"max-image-preview:large","max-video-preview":"max-video-preview:-1"},"canonical":"https:\/\/alcaldiaalbertoadriani.com\/?p=3209","og_locale":"es_ES","og_type":"article","og_title":"Con \u00e9xito se realiz\u00f3 Primer Encuentro Municipal de Danza en El Vig\u00eda - Alcaldia Alberto Adriani","og_description":"Se llev\u00f3 con \u00e9xito el Primer Encuentro Municipal de Danza en el gimnasio \u201cJos\u00e9 Luis Varela\u201d del Complejo Deportivo Carlos Maya.","og_url":"https:\/\/alcaldiaalbertoadriani.com\/?p=3209","og_site_name":"Alcaldia Alberto Adriani","article_published_time":"2023-07-25T21:15:17+00:00","article_modified_time":"2023-07-25T21:15:23+00:00","og_image":[{"width":2560,"height":1928,"url":"https:\/\/alcaldiaalbertoadriani.com\/wp-content\/uploads\/2023\/07\/IMG_20230722_190438-scaled.jpg","type":"image\/jpeg"}],"author":"Prensa","twitter_card":"summary_large_image","twitter_misc":{"Escrito por":"Prensa","Tiempo de lectura":"4 minutos"},"schema":{"@context":"https:\/\/schema.org","@graph":[{"@type":"WebPage","@id":"https:\/\/alcaldiaalbertoadriani.com\/?p=3209","url":"https:\/\/alcaldiaalbertoadriani.com\/?p=3209","name":"Con \u00e9xito se realiz\u00f3 Primer Encuentro Municipal de Danza en El Vig\u00eda - Alcaldia Alberto Adriani","isPartOf":{"@id":"https:\/\/alcaldiaalbertoadriani.com\/#website"},"datePublished":"2023-07-25T21:15:17+00:00","dateModified":"2023-07-25T21:15:23+00:00","author":{"@id":"https:\/\/alcaldiaalbertoadriani.com\/#\/schema\/person\/549b4483ff8999ac780deeea78795fc9"},"description":"Se llev\u00f3 con \u00e9xito el Primer Encuentro Municipal de Danza en el gimnasio \u201cJos\u00e9 Luis Varela\u201d del Complejo Deportivo Carlos Maya.","breadcrumb":{"@id":"https:\/\/alcaldiaalbertoadriani.com\/?p=3209#breadcrumb"},"inLanguage":"es","potentialAction":[{"@type":"ReadAction","target":["https:\/\/alcaldiaalbertoadriani.com\/?p=3209"]}]},{"@type":"BreadcrumbList","@id":"https:\/\/alcaldiaalbertoadriani.com\/?p=3209#breadcrumb","itemListElement":[{"@type":"ListItem","position":1,"name":"Portada","item":"https:\/\/alcaldiaalbertoadriani.com\/"},{"@type":"ListItem","position":2,"name":"Con \u00e9xito se realiz\u00f3 Primer Encuentro Municipal de Danza en El Vig\u00eda"}]},{"@type":"WebSite","@id":"https:\/\/alcaldiaalbertoadriani.com\/#website","url":"https:\/\/alcaldiaalbertoadriani.com\/","name":"Alcaldia Alberto Adriani","description":"","potentialAction":[{"@type":"SearchAction","target":{"@type":"EntryPoint","urlTemplate":"https:\/\/alcaldiaalbertoadriani.com\/?s={search_term_string}"},"query-input":"required name=search_term_string"}],"inLanguage":"es"},{"@type":"Person","@id":"https:\/\/alcaldiaalbertoadriani.com\/#\/schema\/person\/549b4483ff8999ac780deeea78795fc9","name":"Prensa","image":{"@type":"ImageObject","inLanguage":"es","@id":"https:\/\/alcaldiaalbertoadriani.com\/#\/schema\/person\/image\/","url":"https:\/\/secure.gravatar.com\/avatar\/ea1cb567ea992a29627f4eee1c2eb185ec16decec6342d508fdf18dedb56c9de?s=96&d=mm&r=g","contentUrl":"https:\/\/secure.gravatar.com\/avatar\/ea1cb567ea992a29627f4eee1c2eb185ec16decec6342d508fdf18dedb56c9de?s=96&d=mm&r=g","caption":"Prensa"},"url":"https:\/\/alcaldiaalbertoadriani.com\/?author=2"}]}},"_links":{"self":[{"href":"https:\/\/alcaldiaalbertoadriani.com\/index.php?rest_route=\/wp\/v2\/posts\/3209","targetHints":{"allow":["GET"]}}],"collection":[{"href":"https:\/\/alcaldiaalbertoadriani.com\/index.php?rest_route=\/wp\/v2\/posts"}],"about":[{"href":"https:\/\/alcaldiaalbertoadriani.com\/index.php?rest_route=\/wp\/v2\/types\/post"}],"author":[{"embeddable":true,"href":"https:\/\/alcaldiaalbertoadriani.com\/index.php?rest_route=\/wp\/v2\/users\/2"}],"replies":[{"embeddable":true,"href":"https:\/\/alcaldiaalbertoadriani.com\/index.php?rest_route=%2Fwp%2Fv2%2Fcomments&post=3209"}],"version-history":[{"count":1,"href":"https:\/\/alcaldiaalbertoadriani.com\/index.php?rest_route=\/wp\/v2\/posts\/3209\/revisions"}],"predecessor-version":[{"id":3219,"href":"https:\/\/alcaldiaalbertoadriani.com\/index.php?rest_route=\/wp\/v2\/posts\/3209\/revisions\/3219"}],"wp:featuredmedia":[{"embeddable":true,"href":"https:\/\/alcaldiaalbertoadriani.com\/index.php?rest_route=\/wp\/v2\/media\/3210"}],"wp:attachment":[{"href":"https:\/\/alcaldiaalbertoadriani.com\/index.php?rest_route=%2Fwp%2Fv2%2Fmedia&parent=3209"}],"wp:term":[{"taxonomy":"category","embeddable":true,"href":"https:\/\/alcaldiaalbertoadriani.com\/index.php?rest_route=%2Fwp%2Fv2%2Fcategories&post=3209"},{"taxonomy":"post_tag","embeddable":true,"href":"https:\/\/alcaldiaalbertoadriani.com\/index.php?rest_route=%2Fwp%2Fv2%2Ftags&post=3209"}],"curies":[{"name":"wp","href":"https:\/\/api.w.org\/{rel}","templated":true}]}}