{"id":3141,"date":"2023-07-21T01:03:18","date_gmt":"2023-07-21T01:03:18","guid":{"rendered":"https:\/\/alcaldiaalbertoadriani.com\/?p=3141"},"modified":"2023-07-21T01:03:23","modified_gmt":"2023-07-21T01:03:23","slug":"213-anos-de-independencia","status":"publish","type":"post","link":"https:\/\/alcaldiaalbertoadriani.com\/?p=3141","title":{"rendered":"Colonia Colombiana conmemor\u00f3 213 a\u00f1os de Independencia"},"content":{"rendered":"<div class=\"wp-block-post-excerpt\"><p class=\"wp-block-post-excerpt__excerpt\">El alcalde Lisandro Segura fungi\u00f3 como Orador de Orden en esta conmemoraci\u00f3n independentista <\/p><\/div>\n\n\n<p>Con una ofrenda floral ante el Padre de la Patria, Sim\u00f3n Bol\u00edvar, representantes de la Colonia Colombiana del <a href=\"https:\/\/www.instagram.com\/alcaldia_aa\/\" target=\"_blank\" rel=\"noreferrer noopener\">municipio Alberto Adriani<\/a>, junto al <a href=\"https:\/\/www.instagram.com\/lisandrosegura02\/\" target=\"_blank\" rel=\"noreferrer noopener\">alcalde Lisandro Segura<\/a> y dem\u00e1s autoridades municipales conmemoraron este 20 de julio el Ducent\u00e9simo D\u00e9cimo Tercero (213) aniversario de la Independencia de Colombia.<\/p>\n\n\n\n<h2 class=\"wp-block-heading\">213 a\u00f1os de la Independencia de Colombia<\/h2>\n\n\n\n<p>La actividad estuvo encabezada por el burgomaestre quien fungi\u00f3 como Orador de Orden, acompa\u00f1\u00e1ndolo Rodolfo Molina, presidente del <a href=\"https:\/\/alcaldiaalbertoadriani.com\/?p=1615\" target=\"_blank\" rel=\"noreferrer noopener\">Concejo Municipal<\/a>, algunos ediles, as\u00ed como Luis Martelo, presidente del Club Colombo Venezolano y miembros de la Junta Directiva.<\/p>\n\n\n\n<p>De igual manera, estuvieron presentes Manuel Mora Izarra, legislador del <a href=\"https:\/\/alcaldiaalbertoadriani.com\/?p=1064\" target=\"_blank\" rel=\"noreferrer noopener\">Consejo Legislativo del estado Bolivariano de M\u00e9rida \u2013Clebm-<\/a>; Orlando Carvajal, Cronista del municipio y Pedro Parra, director del Archivo Hist\u00f3rico.<\/p>\n\n\n\n<figure class=\"wp-block-image size-large\"><img loading=\"lazy\" decoding=\"async\" width=\"1024\" height=\"771\" src=\"https:\/\/alcaldiaalbertoadriani.com\/wp-content\/uploads\/2023\/07\/photo_2023-07-20_18-53-17-1024x771.jpg\" alt=\"\" class=\"wp-image-3143\" srcset=\"https:\/\/alcaldiaalbertoadriani.com\/wp-content\/uploads\/2023\/07\/photo_2023-07-20_18-53-17-980x738.jpg 980w, https:\/\/alcaldiaalbertoadriani.com\/wp-content\/uploads\/2023\/07\/photo_2023-07-20_18-53-17-480x361.jpg 480w\" sizes=\"auto, (min-width: 0px) and (max-width: 480px) 480px, (min-width: 481px) and (max-width: 980px) 980px, (min-width: 981px) 1024px, 100vw\" \/><\/figure>\n\n\n\n<!--more-->\n\n\n\n<h2 class=\"wp-block-heading\">Venezuela y Colombia comprometidos con la lucha libertaria<\/h2>\n\n\n\n<p>En sus palabras, <a href=\"https:\/\/www.instagram.com\/lisandrosegura02\/\" target=\"_blank\" rel=\"noreferrer noopener\">Segura<\/a> expres\u00f3 su agradecimiento al Club Colombo Venezolano y a la Colonia Colombiana por la referencia de ser el orador de orden en esta celebraci\u00f3n independentista de la hermana Rep\u00fablica de Colombia.<\/p>\n\n\n\n<p>&#8220;Sin duda, los colombianos y los venezolanos estamos hermanados pues nuestra relaci\u00f3n es inexcusable, por ejemplo, soy hijo de ciudadana colombiana\u201d, asever\u00f3.<\/p>\n\n\n\n<p>Dijo que Venezuela y Colombia tienen un compromiso sagrado por la lucha libertaria, \u201cde nuestros h\u00e9roes de la gesta independentista como lo dije durante mi discurso, pero m\u00e1s all\u00e1 de eso, estamos comprometidos a trabajar duro para que esa natural relaci\u00f3n entre colombianos y venezolanos se fortalezca cada d\u00eda m\u00e1s\u201d, puntualiz\u00f3.<\/p>\n\n\n\n<p>La primera autoridad civil <a href=\"https:\/\/www.instagram.com\/lisandrosegura02\/\" target=\"_blank\" rel=\"noreferrer noopener\">Lisandro Segura<\/a>, recibi\u00f3 un reconocimiento en manos de Mildred Moreno y Luis Martelo, integrantes de la referida organizaci\u00f3n.<\/p>\n\n\n\n<figure class=\"wp-block-image size-large\"><img loading=\"lazy\" decoding=\"async\" width=\"1024\" height=\"768\" src=\"https:\/\/alcaldiaalbertoadriani.com\/wp-content\/uploads\/2023\/07\/photo_2023-07-20_18-53-17-3-1024x768.jpg\" alt=\"\" class=\"wp-image-3144\" srcset=\"https:\/\/alcaldiaalbertoadriani.com\/wp-content\/uploads\/2023\/07\/photo_2023-07-20_18-53-17-3-980x735.jpg 980w, https:\/\/alcaldiaalbertoadriani.com\/wp-content\/uploads\/2023\/07\/photo_2023-07-20_18-53-17-3-480x360.jpg 480w\" sizes=\"auto, (min-width: 0px) and (max-width: 480px) 480px, (min-width: 481px) and (max-width: 980px) 980px, (min-width: 981px) 1024px, 100vw\" \/><\/figure>\n\n\n\n<h2 class=\"wp-block-heading\">No importa la raza, color, ni condici\u00f3n social<\/h2>\n\n\n\n<p>Por su parte, Santander Castro Z\u00fa\u00f1iga, secretario del Club Colombo Venezolano y representante de la Colonia Colombiana en la jurisdicci\u00f3n, emiti\u00f3 sus palabras de salutaci\u00f3n a los presentes.<\/p>\n\n\n\n<p>\u201cPara m\u00ed un orgullo y un placer estar aqu\u00ed en otro a\u00f1o m\u00e1s de la Independencia de la Rep\u00fablica de Colombia, 213 a\u00f1os de su nacimiento desde ese momento\u201d, enfatiz\u00f3.<\/p>\n\n\n\n<p>Recalc\u00f3 Castro que se han mantenidos unidos, &#8220;porque somos pa\u00edses hermanados con un padre com\u00fan como lo es nuestro Libertador Sim\u00f3n Bol\u00edvar y por eso les digo, cuando nos queramos como otros no importa la raza, no importa el color, ni la raz\u00f3n social&#8221;.<\/p>\n\n\n\n<p>&#8220;Que se acaben las guerras entre nosotros y podamos trabajar juntos de la mano por el presente y el futuro de nuestro pa\u00eds, as\u00ed como por el de Venezuela\u201d, apunt\u00f3 Santander Castro.<\/p>\n\n\n\n<p>Por \u00faltimo, es de mencionar que en la actividad tambi\u00e9n se cont\u00f3 con la participaci\u00f3n de la Banda Municipal Inocente Carre\u00f1o del <a href=\"https:\/\/alcaldiaalbertoadriani.com\/?p=2526\" target=\"_blank\" rel=\"noreferrer noopener\">Instituto Aut\u00f3nomo Municipal de la Cultura \u2013Iamcaa-<\/a>. <strong>Prensa <a href=\"https:\/\/www.instagram.com\/alcaldia_aa\/\" target=\"_blank\" rel=\"noreferrer noopener\">Alcald\u00eda Alberto Adriani<\/a>\/Edgar Mendoza CNP. 25.736\/Fotos: Catalina Contreras.<\/strong><\/p>\n\n\n\n<figure class=\"wp-block-gallery has-nested-images columns-default is-cropped wp-block-gallery-1 is-layout-flex wp-block-gallery-is-layout-flex\">\n<figure class=\"wp-block-image size-large\"><img loading=\"lazy\" decoding=\"async\" width=\"1024\" height=\"768\" data-id=\"3147\" src=\"https:\/\/alcaldiaalbertoadriani.com\/wp-content\/uploads\/2023\/07\/photo_2023-07-20_18-53-15-1-1024x768.jpg\" alt=\"\" class=\"wp-image-3147\" srcset=\"https:\/\/alcaldiaalbertoadriani.com\/wp-content\/uploads\/2023\/07\/photo_2023-07-20_18-53-15-1-980x735.jpg 980w, https:\/\/alcaldiaalbertoadriani.com\/wp-content\/uploads\/2023\/07\/photo_2023-07-20_18-53-15-1-480x360.jpg 480w\" sizes=\"auto, (min-width: 0px) and (max-width: 480px) 480px, (min-width: 481px) and (max-width: 980px) 980px, (min-width: 981px) 1024px, 100vw\" \/><\/figure>\n\n\n\n<figure class=\"wp-block-image size-large\"><img loading=\"lazy\" decoding=\"async\" width=\"1024\" height=\"771\" data-id=\"3145\" src=\"https:\/\/alcaldiaalbertoadriani.com\/wp-content\/uploads\/2023\/07\/photo_2023-07-20_18-53-16-2-1024x771.jpg\" alt=\"\" class=\"wp-image-3145\" srcset=\"https:\/\/alcaldiaalbertoadriani.com\/wp-content\/uploads\/2023\/07\/photo_2023-07-20_18-53-16-2-980x738.jpg 980w, https:\/\/alcaldiaalbertoadriani.com\/wp-content\/uploads\/2023\/07\/photo_2023-07-20_18-53-16-2-480x361.jpg 480w\" sizes=\"auto, (min-width: 0px) and (max-width: 480px) 480px, (min-width: 481px) and (max-width: 980px) 980px, (min-width: 981px) 1024px, 100vw\" \/><\/figure>\n\n\n\n<figure class=\"wp-block-image size-large\"><img loading=\"lazy\" decoding=\"async\" width=\"1024\" height=\"768\" data-id=\"3146\" src=\"https:\/\/alcaldiaalbertoadriani.com\/wp-content\/uploads\/2023\/07\/photo_2023-07-20_18-53-16-1024x768.jpg\" alt=\"\" class=\"wp-image-3146\" srcset=\"https:\/\/alcaldiaalbertoadriani.com\/wp-content\/uploads\/2023\/07\/photo_2023-07-20_18-53-16-980x735.jpg 980w, https:\/\/alcaldiaalbertoadriani.com\/wp-content\/uploads\/2023\/07\/photo_2023-07-20_18-53-16-480x360.jpg 480w\" sizes=\"auto, (min-width: 0px) and (max-width: 480px) 480px, (min-width: 481px) and (max-width: 980px) 980px, (min-width: 981px) 1024px, 100vw\" \/><\/figure>\n<\/figure>\n","protected":false},"excerpt":{"rendered":"<p><strong><em>El alcalde Lisandro Segura fungi\u00f3 como Orador de Orden en esta conmemoraci\u00f3n independentista<\/em><\/strong><\/p>\n","protected":false},"author":2,"featured_media":3142,"comment_status":"closed","ping_status":"closed","sticky":false,"template":"","format":"standard","meta":{"_et_pb_use_builder":"off","_et_pb_old_content":"","_et_gb_content_width":"","footnotes":""},"categories":[39,341,136,78,25],"tags":[31,11,12,15,30,29,28,438],"class_list":["post-3141","post","type-post","status-publish","format-standard","has-post-thumbnail","hentry","category-actividades-sociales","category-alcaldia-alberto-adriani","category-concejo-municipal","category-cultura","category-nuestro-municipio","tag-alcalde","tag-alcaldia","tag-alcaldiaalbertoadriani","tag-elvigia","tag-lisandrosegura","tag-municipioquenosmerecemos","tag-porelrenacer","tag-213-anos-de-independencia"],"yoast_head":"<!-- This site is optimized with the Yoast SEO plugin v19.13 - https:\/\/yoast.com\/wordpress\/plugins\/seo\/ -->\n<title>Colonia Colombiana conmemor\u00f3 213 a\u00f1os de Independencia - Alcaldia Alberto Adriani<\/title>\n<meta name=\"description\" content=\"Alcald\u00eda Vig\u00edense junto al alcalde Lisandro Segura y dem\u00e1s autoridades conmemoraron el 213 aniversario de la Independencia de Colombia.\" \/>\n<meta name=\"robots\" content=\"index, follow, max-snippet:-1, max-image-preview:large, max-video-preview:-1\" \/>\n<link rel=\"canonical\" href=\"https:\/\/alcaldiaalbertoadriani.com\/?p=3141\" \/>\n<meta property=\"og:locale\" content=\"es_ES\" \/>\n<meta property=\"og:type\" content=\"article\" \/>\n<meta property=\"og:title\" content=\"Colonia Colombiana conmemor\u00f3 213 a\u00f1os de Independencia - Alcaldia Alberto Adriani\" \/>\n<meta property=\"og:description\" content=\"Alcald\u00eda Vig\u00edense junto al alcalde Lisandro Segura y dem\u00e1s autoridades conmemoraron el 213 aniversario de la Independencia de Colombia.\" \/>\n<meta property=\"og:url\" content=\"https:\/\/alcaldiaalbertoadriani.com\/?p=3141\" \/>\n<meta property=\"og:site_name\" content=\"Alcaldia Alberto Adriani\" \/>\n<meta property=\"article:published_time\" content=\"2023-07-21T01:03:18+00:00\" \/>\n<meta property=\"article:modified_time\" content=\"2023-07-21T01:03:23+00:00\" \/>\n<meta property=\"og:image\" content=\"https:\/\/alcaldiaalbertoadriani.com\/wp-content\/uploads\/2023\/07\/photo_2023-07-20_18-53-15.jpg\" \/>\n\t<meta property=\"og:image:width\" content=\"2560\" \/>\n\t<meta property=\"og:image:height\" content=\"1920\" \/>\n\t<meta property=\"og:image:type\" content=\"image\/jpeg\" \/>\n<meta name=\"author\" content=\"Prensa\" \/>\n<meta name=\"twitter:card\" content=\"summary_large_image\" \/>\n<meta name=\"twitter:label1\" content=\"Escrito por\" \/>\n\t<meta name=\"twitter:data1\" content=\"Prensa\" \/>\n\t<meta name=\"twitter:label2\" content=\"Tiempo de lectura\" \/>\n\t<meta name=\"twitter:data2\" content=\"4 minutos\" \/>\n<script type=\"application\/ld+json\" class=\"yoast-schema-graph\">{\"@context\":\"https:\/\/schema.org\",\"@graph\":[{\"@type\":\"WebPage\",\"@id\":\"https:\/\/alcaldiaalbertoadriani.com\/?p=3141\",\"url\":\"https:\/\/alcaldiaalbertoadriani.com\/?p=3141\",\"name\":\"Colonia Colombiana conmemor\u00f3 213 a\u00f1os de Independencia - Alcaldia Alberto Adriani\",\"isPartOf\":{\"@id\":\"https:\/\/alcaldiaalbertoadriani.com\/#website\"},\"datePublished\":\"2023-07-21T01:03:18+00:00\",\"dateModified\":\"2023-07-21T01:03:23+00:00\",\"author\":{\"@id\":\"https:\/\/alcaldiaalbertoadriani.com\/#\/schema\/person\/549b4483ff8999ac780deeea78795fc9\"},\"description\":\"Alcald\u00eda Vig\u00edense junto al alcalde Lisandro Segura y dem\u00e1s autoridades conmemoraron el 213 aniversario de la Independencia de Colombia.\",\"breadcrumb\":{\"@id\":\"https:\/\/alcaldiaalbertoadriani.com\/?p=3141#breadcrumb\"},\"inLanguage\":\"es\",\"potentialAction\":[{\"@type\":\"ReadAction\",\"target\":[\"https:\/\/alcaldiaalbertoadriani.com\/?p=3141\"]}]},{\"@type\":\"BreadcrumbList\",\"@id\":\"https:\/\/alcaldiaalbertoadriani.com\/?p=3141#breadcrumb\",\"itemListElement\":[{\"@type\":\"ListItem\",\"position\":1,\"name\":\"Portada\",\"item\":\"https:\/\/alcaldiaalbertoadriani.com\/\"},{\"@type\":\"ListItem\",\"position\":2,\"name\":\"Colonia Colombiana conmemor\u00f3 213 a\u00f1os de Independencia\"}]},{\"@type\":\"WebSite\",\"@id\":\"https:\/\/alcaldiaalbertoadriani.com\/#website\",\"url\":\"https:\/\/alcaldiaalbertoadriani.com\/\",\"name\":\"Alcaldia Alberto Adriani\",\"description\":\"\",\"potentialAction\":[{\"@type\":\"SearchAction\",\"target\":{\"@type\":\"EntryPoint\",\"urlTemplate\":\"https:\/\/alcaldiaalbertoadriani.com\/?s={search_term_string}\"},\"query-input\":\"required name=search_term_string\"}],\"inLanguage\":\"es\"},{\"@type\":\"Person\",\"@id\":\"https:\/\/alcaldiaalbertoadriani.com\/#\/schema\/person\/549b4483ff8999ac780deeea78795fc9\",\"name\":\"Prensa\",\"image\":{\"@type\":\"ImageObject\",\"inLanguage\":\"es\",\"@id\":\"https:\/\/alcaldiaalbertoadriani.com\/#\/schema\/person\/image\/\",\"url\":\"https:\/\/secure.gravatar.com\/avatar\/ea1cb567ea992a29627f4eee1c2eb185ec16decec6342d508fdf18dedb56c9de?s=96&d=mm&r=g\",\"contentUrl\":\"https:\/\/secure.gravatar.com\/avatar\/ea1cb567ea992a29627f4eee1c2eb185ec16decec6342d508fdf18dedb56c9de?s=96&d=mm&r=g\",\"caption\":\"Prensa\"},\"url\":\"https:\/\/alcaldiaalbertoadriani.com\/?author=2\"}]}<\/script>\n<!-- \/ Yoast SEO plugin. -->","yoast_head_json":{"title":"Colonia Colombiana conmemor\u00f3 213 a\u00f1os de Independencia - Alcaldia Alberto Adriani","description":"Alcald\u00eda Vig\u00edense junto al alcalde Lisandro Segura y dem\u00e1s autoridades conmemoraron el 213 aniversario de la Independencia de Colombia.","robots":{"index":"index","follow":"follow","max-snippet":"max-snippet:-1","max-image-preview":"max-image-preview:large","max-video-preview":"max-video-preview:-1"},"canonical":"https:\/\/alcaldiaalbertoadriani.com\/?p=3141","og_locale":"es_ES","og_type":"article","og_title":"Colonia Colombiana conmemor\u00f3 213 a\u00f1os de Independencia - Alcaldia Alberto Adriani","og_description":"Alcald\u00eda Vig\u00edense junto al alcalde Lisandro Segura y dem\u00e1s autoridades conmemoraron el 213 aniversario de la Independencia de Colombia.","og_url":"https:\/\/alcaldiaalbertoadriani.com\/?p=3141","og_site_name":"Alcaldia Alberto Adriani","article_published_time":"2023-07-21T01:03:18+00:00","article_modified_time":"2023-07-21T01:03:23+00:00","og_image":[{"width":2560,"height":1920,"url":"https:\/\/alcaldiaalbertoadriani.com\/wp-content\/uploads\/2023\/07\/photo_2023-07-20_18-53-15.jpg","type":"image\/jpeg"}],"author":"Prensa","twitter_card":"summary_large_image","twitter_misc":{"Escrito por":"Prensa","Tiempo de lectura":"4 minutos"},"schema":{"@context":"https:\/\/schema.org","@graph":[{"@type":"WebPage","@id":"https:\/\/alcaldiaalbertoadriani.com\/?p=3141","url":"https:\/\/alcaldiaalbertoadriani.com\/?p=3141","name":"Colonia Colombiana conmemor\u00f3 213 a\u00f1os de Independencia - Alcaldia Alberto Adriani","isPartOf":{"@id":"https:\/\/alcaldiaalbertoadriani.com\/#website"},"datePublished":"2023-07-21T01:03:18+00:00","dateModified":"2023-07-21T01:03:23+00:00","author":{"@id":"https:\/\/alcaldiaalbertoadriani.com\/#\/schema\/person\/549b4483ff8999ac780deeea78795fc9"},"description":"Alcald\u00eda Vig\u00edense junto al alcalde Lisandro Segura y dem\u00e1s autoridades conmemoraron el 213 aniversario de la Independencia de Colombia.","breadcrumb":{"@id":"https:\/\/alcaldiaalbertoadriani.com\/?p=3141#breadcrumb"},"inLanguage":"es","potentialAction":[{"@type":"ReadAction","target":["https:\/\/alcaldiaalbertoadriani.com\/?p=3141"]}]},{"@type":"BreadcrumbList","@id":"https:\/\/alcaldiaalbertoadriani.com\/?p=3141#breadcrumb","itemListElement":[{"@type":"ListItem","position":1,"name":"Portada","item":"https:\/\/alcaldiaalbertoadriani.com\/"},{"@type":"ListItem","position":2,"name":"Colonia Colombiana conmemor\u00f3 213 a\u00f1os de Independencia"}]},{"@type":"WebSite","@id":"https:\/\/alcaldiaalbertoadriani.com\/#website","url":"https:\/\/alcaldiaalbertoadriani.com\/","name":"Alcaldia Alberto Adriani","description":"","potentialAction":[{"@type":"SearchAction","target":{"@type":"EntryPoint","urlTemplate":"https:\/\/alcaldiaalbertoadriani.com\/?s={search_term_string}"},"query-input":"required name=search_term_string"}],"inLanguage":"es"},{"@type":"Person","@id":"https:\/\/alcaldiaalbertoadriani.com\/#\/schema\/person\/549b4483ff8999ac780deeea78795fc9","name":"Prensa","image":{"@type":"ImageObject","inLanguage":"es","@id":"https:\/\/alcaldiaalbertoadriani.com\/#\/schema\/person\/image\/","url":"https:\/\/secure.gravatar.com\/avatar\/ea1cb567ea992a29627f4eee1c2eb185ec16decec6342d508fdf18dedb56c9de?s=96&d=mm&r=g","contentUrl":"https:\/\/secure.gravatar.com\/avatar\/ea1cb567ea992a29627f4eee1c2eb185ec16decec6342d508fdf18dedb56c9de?s=96&d=mm&r=g","caption":"Prensa"},"url":"https:\/\/alcaldiaalbertoadriani.com\/?author=2"}]}},"_links":{"self":[{"href":"https:\/\/alcaldiaalbertoadriani.com\/index.php?rest_route=\/wp\/v2\/posts\/3141","targetHints":{"allow":["GET"]}}],"collection":[{"href":"https:\/\/alcaldiaalbertoadriani.com\/index.php?rest_route=\/wp\/v2\/posts"}],"about":[{"href":"https:\/\/alcaldiaalbertoadriani.com\/index.php?rest_route=\/wp\/v2\/types\/post"}],"author":[{"embeddable":true,"href":"https:\/\/alcaldiaalbertoadriani.com\/index.php?rest_route=\/wp\/v2\/users\/2"}],"replies":[{"embeddable":true,"href":"https:\/\/alcaldiaalbertoadriani.com\/index.php?rest_route=%2Fwp%2Fv2%2Fcomments&post=3141"}],"version-history":[{"count":1,"href":"https:\/\/alcaldiaalbertoadriani.com\/index.php?rest_route=\/wp\/v2\/posts\/3141\/revisions"}],"predecessor-version":[{"id":3148,"href":"https:\/\/alcaldiaalbertoadriani.com\/index.php?rest_route=\/wp\/v2\/posts\/3141\/revisions\/3148"}],"wp:featuredmedia":[{"embeddable":true,"href":"https:\/\/alcaldiaalbertoadriani.com\/index.php?rest_route=\/wp\/v2\/media\/3142"}],"wp:attachment":[{"href":"https:\/\/alcaldiaalbertoadriani.com\/index.php?rest_route=%2Fwp%2Fv2%2Fmedia&parent=3141"}],"wp:term":[{"taxonomy":"category","embeddable":true,"href":"https:\/\/alcaldiaalbertoadriani.com\/index.php?rest_route=%2Fwp%2Fv2%2Fcategories&post=3141"},{"taxonomy":"post_tag","embeddable":true,"href":"https:\/\/alcaldiaalbertoadriani.com\/index.php?rest_route=%2Fwp%2Fv2%2Ftags&post=3141"}],"curies":[{"name":"wp","href":"https:\/\/api.w.org\/{rel}","templated":true}]}}