{"id":306,"date":"2022-07-25T01:52:46","date_gmt":"2022-07-25T01:52:46","guid":{"rendered":"https:\/\/alcaldiaalbertoadriani.com\/?p=306"},"modified":"2022-07-25T01:52:50","modified_gmt":"2022-07-25T01:52:50","slug":"el-vigia-tiene-nueva-reina-de-las-ferias-2022","status":"publish","type":"post","link":"https:\/\/alcaldiaalbertoadriani.com\/?p=306","title":{"rendered":"El Vig\u00eda tiene nueva Reina de las Ferias 2022"},"content":{"rendered":"\n<p>Con mucha alegr\u00eda, ritmo, m\u00fasica y algarab\u00eda, despu\u00e9s de ocho a\u00f1os este s\u00e1bado 23 de julio, se realiz\u00f3 uno de los eventos m\u00e1s esperados por los vigienses, la elecci\u00f3n y coronaci\u00f3n de la Reina de las Ferias y Fiestas El Vig\u00eda, FeriVig\u00eda 2022.<\/p>\n\n\n\n<p>El estadio Acacio Sandia Ram\u00edrez del Complejo Deportivo Carlos Maya, fue el escenario propicio para que propios y visitantes disfrutaran del talento y la belleza de las siete j\u00f3venes aspirantes a la corona.<\/p>\n\n\n\n<p>El magno evento cont\u00f3 con la presencia del alcalde Lisandro Segura; la Primera Dama, Yudith Parra, parte del Tren ejecutivo; miembros del jurado calificador, directivos de Ferivig\u00eda 2022 y los espectadores quienes plenaron las tribunas y \u00e1reas del VIP.<\/p>\n\n\n\n<p><strong>Agradecimientos<\/strong><\/p>\n\n\n\n<p>En sus palabras, el burgomaestre dio gracias a &#8220;Dios, la Divina Providencia y a Nuestra Se\u00f1ora del Perpetuo Socorro, por todas las bendiciones que nos ha regalado para nuestro Vig\u00eda Querido, adem\u00e1s, el agradecimiento al Gobernador del estado en la persona de la Primera Dama meride\u00f1a, Gayrimar Cano de Guzm\u00e1n quien&nbsp; tambi\u00e9n fungi\u00f3 como jurado calificador&#8221;.&nbsp;<\/p>\n\n\n\n<p>De igual modo, mostr\u00f3 su satisfacci\u00f3n por el civismo y la organizaci\u00f3n del evento que sin duda marc\u00f3 un antes y un despu\u00e9s en las ferias y fiestas de El Vig\u00eda.<\/p>\n\n\n\n<p><strong>Desborde de talento, seguridad y glamour<\/strong><\/p>\n\n\n\n<p>El opening cont\u00f3 con la agrupaci\u00f3n local Alfa&amp;Omega Feat Yalvier, quienes interpretaron el tema oficial de las ferias, con lo cual las aspirantes al reinado hicieron su aparici\u00f3n ante los miles de asistentes, desbordando talento.&nbsp;<\/p>\n\n\n\n<p>Luego, al ritmo de los tambores, las se\u00f1oritas Valentina, Karelis, Greiby, Yoxandra, Greimar, Yhornadys y Milena, hicieron su pasarela para presentarse en traje de ba\u00f1o, demostrando seguridad y versatilidad. El desfile en traje de gala, estuvo signado por la elegancia y el glamour, adem\u00e1s, fue el momento propicio para que el jurado calificador hiciera las preguntas a las j\u00f3venes, quienes respondieron con naturalidad y fluidez, lo que les permiti\u00f3 ganarse los aplausos del p\u00fablico.<\/p>\n\n\n\n<p>El evento estuvo animado por las danzas, y la m\u00fasica a cargo de Alfa&amp;Omega, Yalvier, Lian Ibiza, Unidad Local y Media Luna.<\/p>\n\n\n\n<p><strong>Cuadro final<\/strong><\/p>\n\n\n\n<p>Luego de las demostraciones de sus cualidades, el jurado calificador eligi\u00f3 a Karelis Prieto, representante de la parroquia Gabriel Pic\u00f3n Gonz\u00e1lez como la nueva Reina de las Ferias y Fiestas El Vig\u00eda 2022; Milena Soto de la parroquia H\u00e9ctor Amable Mora se coron\u00f3 como la Reina Taurina y la se\u00f1orita Valentina Mele\u00e1n de la parroquia R\u00f3mulo Betancourt, fue la ganadora como Reina de los Medios de Comunicaci\u00f3n.<\/p>\n\n\n\n<p>Las primeras palabras de la reina 2022, Karelis Prieto, estuvieron llenas de mucha emotividad y agradecimiento a su pe\u00f1a taurina, familia, y todos los que se unieron y la apoyaron, \u201cahora es que empieza el trabajo de dejar el nombre de El Vig\u00eda en alto\u201d, expres\u00f3 la nueva Soberana. <\/p>\n\n\n\n<p><strong>Prensa Alcald\u00eda Alberto Adriani\/Claribel Zambrano CNP: 11.843\/Fotos: Mar\u00eda Jos\u00e9 Molina y Yorman Parra.<\/strong><\/p>\n\n\n\n<figure class=\"wp-block-gallery has-nested-images columns-default is-cropped wp-block-gallery-1 is-layout-flex wp-block-gallery-is-layout-flex\">\n<figure class=\"wp-block-image size-large\"><img loading=\"lazy\" decoding=\"async\" width=\"1024\" height=\"682\" data-id=\"308\" src=\"https:\/\/alcaldiaalbertoadriani.com\/wp-content\/uploads\/2022\/07\/REINAS-FERIVIGIA-2022-4-1024x682.jpg\" alt=\"\" class=\"wp-image-308\" srcset=\"https:\/\/alcaldiaalbertoadriani.com\/wp-content\/uploads\/2022\/07\/REINAS-FERIVIGIA-2022-4-1024x682.jpg 1024w, https:\/\/alcaldiaalbertoadriani.com\/wp-content\/uploads\/2022\/07\/REINAS-FERIVIGIA-2022-4-980x653.jpg 980w, https:\/\/alcaldiaalbertoadriani.com\/wp-content\/uploads\/2022\/07\/REINAS-FERIVIGIA-2022-4-480x320.jpg 480w\" sizes=\"auto, (min-width: 0px) and (max-width: 480px) 480px, (min-width: 481px) and (max-width: 980px) 980px, (min-width: 981px) 1024px, 100vw\" \/><\/figure>\n\n\n\n<figure class=\"wp-block-image size-large\"><img loading=\"lazy\" decoding=\"async\" width=\"1024\" height=\"682\" data-id=\"309\" src=\"https:\/\/alcaldiaalbertoadriani.com\/wp-content\/uploads\/2022\/07\/REINAS-FERIVIGIA-2022-3-1024x682.jpg\" alt=\"\" class=\"wp-image-309\" srcset=\"https:\/\/alcaldiaalbertoadriani.com\/wp-content\/uploads\/2022\/07\/REINAS-FERIVIGIA-2022-3-1024x682.jpg 1024w, https:\/\/alcaldiaalbertoadriani.com\/wp-content\/uploads\/2022\/07\/REINAS-FERIVIGIA-2022-3-980x653.jpg 980w, https:\/\/alcaldiaalbertoadriani.com\/wp-content\/uploads\/2022\/07\/REINAS-FERIVIGIA-2022-3-480x320.jpg 480w\" sizes=\"auto, (min-width: 0px) and (max-width: 480px) 480px, (min-width: 481px) and (max-width: 980px) 980px, (min-width: 981px) 1024px, 100vw\" \/><\/figure>\n\n\n\n<figure class=\"wp-block-image size-large\"><img loading=\"lazy\" decoding=\"async\" width=\"1024\" height=\"682\" data-id=\"312\" src=\"https:\/\/alcaldiaalbertoadriani.com\/wp-content\/uploads\/2022\/07\/REINAS-FERIVIGIA-2022-7-1024x682.jpg\" alt=\"\" class=\"wp-image-312\" srcset=\"https:\/\/alcaldiaalbertoadriani.com\/wp-content\/uploads\/2022\/07\/REINAS-FERIVIGIA-2022-7-1024x682.jpg 1024w, https:\/\/alcaldiaalbertoadriani.com\/wp-content\/uploads\/2022\/07\/REINAS-FERIVIGIA-2022-7-980x653.jpg 980w, https:\/\/alcaldiaalbertoadriani.com\/wp-content\/uploads\/2022\/07\/REINAS-FERIVIGIA-2022-7-480x320.jpg 480w\" sizes=\"auto, (min-width: 0px) and (max-width: 480px) 480px, (min-width: 481px) and (max-width: 980px) 980px, (min-width: 981px) 1024px, 100vw\" \/><\/figure>\n\n\n\n<figure class=\"wp-block-image size-large\"><img loading=\"lazy\" decoding=\"async\" width=\"995\" height=\"1024\" data-id=\"313\" src=\"https:\/\/alcaldiaalbertoadriani.com\/wp-content\/uploads\/2022\/07\/REINAS-FERIVIGIA-2022-1-995x1024.jpg\" alt=\"\" class=\"wp-image-313\" srcset=\"https:\/\/alcaldiaalbertoadriani.com\/wp-content\/uploads\/2022\/07\/REINAS-FERIVIGIA-2022-1-995x1024.jpg 995w, https:\/\/alcaldiaalbertoadriani.com\/wp-content\/uploads\/2022\/07\/REINAS-FERIVIGIA-2022-1-980x1009.jpg 980w, https:\/\/alcaldiaalbertoadriani.com\/wp-content\/uploads\/2022\/07\/REINAS-FERIVIGIA-2022-1-480x494.jpg 480w\" sizes=\"auto, (min-width: 0px) and (max-width: 480px) 480px, (min-width: 481px) and (max-width: 980px) 980px, (min-width: 981px) 995px, 100vw\" \/><\/figure>\n\n\n\n<figure class=\"wp-block-image size-large\"><img loading=\"lazy\" decoding=\"async\" width=\"736\" height=\"1024\" data-id=\"310\" src=\"https:\/\/alcaldiaalbertoadriani.com\/wp-content\/uploads\/2022\/07\/REINAS-FERIVIGIA-2022-5-736x1024.jpg\" alt=\"\" class=\"wp-image-310\" srcset=\"https:\/\/alcaldiaalbertoadriani.com\/wp-content\/uploads\/2022\/07\/REINAS-FERIVIGIA-2022-5-736x1024.jpg 736w, https:\/\/alcaldiaalbertoadriani.com\/wp-content\/uploads\/2022\/07\/REINAS-FERIVIGIA-2022-5-480x668.jpg 480w\" sizes=\"auto, (min-width: 0px) and (max-width: 480px) 480px, (min-width: 481px) 736px, 100vw\" \/><\/figure>\n\n\n\n<figure class=\"wp-block-image size-large\"><img loading=\"lazy\" decoding=\"async\" width=\"1024\" height=\"682\" data-id=\"311\" src=\"https:\/\/alcaldiaalbertoadriani.com\/wp-content\/uploads\/2022\/07\/REINAS-FERIVIGIA-2022-2-1024x682.jpg\" alt=\"\" class=\"wp-image-311\" srcset=\"https:\/\/alcaldiaalbertoadriani.com\/wp-content\/uploads\/2022\/07\/REINAS-FERIVIGIA-2022-2-1024x682.jpg 1024w, https:\/\/alcaldiaalbertoadriani.com\/wp-content\/uploads\/2022\/07\/REINAS-FERIVIGIA-2022-2-980x653.jpg 980w, https:\/\/alcaldiaalbertoadriani.com\/wp-content\/uploads\/2022\/07\/REINAS-FERIVIGIA-2022-2-480x320.jpg 480w\" sizes=\"auto, (min-width: 0px) and (max-width: 480px) 480px, (min-width: 481px) and (max-width: 980px) 980px, (min-width: 981px) 1024px, 100vw\" \/><\/figure>\n<\/figure>\n","protected":false},"excerpt":{"rendered":"<p>Con mucha alegr\u00eda, ritmo, m\u00fasica y algarab\u00eda, despu\u00e9s de ocho a\u00f1os este s\u00e1bado 23 de julio, se realiz\u00f3 uno de los eventos m\u00e1s esperados por los vigienses, la elecci\u00f3n y [&hellip;]<\/p>\n","protected":false},"author":1,"featured_media":307,"comment_status":"open","ping_status":"closed","sticky":false,"template":"","format":"standard","meta":{"_et_pb_use_builder":"off","_et_pb_old_content":"","_et_gb_content_width":"","footnotes":""},"categories":[1],"tags":[],"class_list":["post-306","post","type-post","status-publish","format-standard","has-post-thumbnail","hentry","category-uncategorized"],"yoast_head":"<!-- This site is optimized with the Yoast SEO plugin v19.13 - https:\/\/yoast.com\/wordpress\/plugins\/seo\/ -->\n<title>El Vig\u00eda tiene nueva Reina de las Ferias 2022 - Alcaldia Alberto Adriani<\/title>\n<meta name=\"robots\" content=\"index, follow, max-snippet:-1, max-image-preview:large, max-video-preview:-1\" \/>\n<link rel=\"canonical\" href=\"https:\/\/alcaldiaalbertoadriani.com\/?p=306\" \/>\n<meta property=\"og:locale\" content=\"es_ES\" \/>\n<meta property=\"og:type\" content=\"article\" \/>\n<meta property=\"og:title\" content=\"El Vig\u00eda tiene nueva Reina de las Ferias 2022 - Alcaldia Alberto Adriani\" \/>\n<meta property=\"og:description\" content=\"Con mucha alegr\u00eda, ritmo, m\u00fasica y algarab\u00eda, despu\u00e9s de ocho a\u00f1os este s\u00e1bado 23 de julio, se realiz\u00f3 uno de los eventos m\u00e1s esperados por los vigienses, la elecci\u00f3n y [&hellip;]\" \/>\n<meta property=\"og:url\" content=\"https:\/\/alcaldiaalbertoadriani.com\/?p=306\" \/>\n<meta property=\"og:site_name\" content=\"Alcaldia Alberto Adriani\" \/>\n<meta property=\"article:published_time\" content=\"2022-07-25T01:52:46+00:00\" \/>\n<meta property=\"article:modified_time\" content=\"2022-07-25T01:52:50+00:00\" \/>\n<meta property=\"og:image\" content=\"https:\/\/alcaldiaalbertoadriani.com\/wp-content\/uploads\/2022\/07\/REINAS-FERIVIGIA-2022-6.jpg\" \/>\n\t<meta property=\"og:image:width\" content=\"1280\" \/>\n\t<meta property=\"og:image:height\" content=\"853\" \/>\n\t<meta property=\"og:image:type\" content=\"image\/jpeg\" \/>\n<meta name=\"author\" content=\"Prensa\" \/>\n<meta name=\"twitter:card\" content=\"summary_large_image\" \/>\n<meta name=\"twitter:label1\" content=\"Escrito por\" \/>\n\t<meta name=\"twitter:data1\" content=\"Prensa\" \/>\n\t<meta name=\"twitter:label2\" content=\"Tiempo de lectura\" \/>\n\t<meta name=\"twitter:data2\" content=\"3 minutos\" \/>\n<script type=\"application\/ld+json\" class=\"yoast-schema-graph\">{\"@context\":\"https:\/\/schema.org\",\"@graph\":[{\"@type\":\"WebPage\",\"@id\":\"https:\/\/alcaldiaalbertoadriani.com\/?p=306\",\"url\":\"https:\/\/alcaldiaalbertoadriani.com\/?p=306\",\"name\":\"El Vig\u00eda tiene nueva Reina de las Ferias 2022 - Alcaldia Alberto Adriani\",\"isPartOf\":{\"@id\":\"https:\/\/alcaldiaalbertoadriani.com\/#website\"},\"datePublished\":\"2022-07-25T01:52:46+00:00\",\"dateModified\":\"2022-07-25T01:52:50+00:00\",\"author\":{\"@id\":\"https:\/\/alcaldiaalbertoadriani.com\/#\/schema\/person\/69c8fba4a6288deb2beff834feaa14d2\"},\"breadcrumb\":{\"@id\":\"https:\/\/alcaldiaalbertoadriani.com\/?p=306#breadcrumb\"},\"inLanguage\":\"es\",\"potentialAction\":[{\"@type\":\"ReadAction\",\"target\":[\"https:\/\/alcaldiaalbertoadriani.com\/?p=306\"]}]},{\"@type\":\"BreadcrumbList\",\"@id\":\"https:\/\/alcaldiaalbertoadriani.com\/?p=306#breadcrumb\",\"itemListElement\":[{\"@type\":\"ListItem\",\"position\":1,\"name\":\"Portada\",\"item\":\"https:\/\/alcaldiaalbertoadriani.com\/\"},{\"@type\":\"ListItem\",\"position\":2,\"name\":\"El Vig\u00eda tiene nueva Reina de las Ferias 2022\"}]},{\"@type\":\"WebSite\",\"@id\":\"https:\/\/alcaldiaalbertoadriani.com\/#website\",\"url\":\"https:\/\/alcaldiaalbertoadriani.com\/\",\"name\":\"Alcaldia Alberto Adriani\",\"description\":\"\",\"potentialAction\":[{\"@type\":\"SearchAction\",\"target\":{\"@type\":\"EntryPoint\",\"urlTemplate\":\"https:\/\/alcaldiaalbertoadriani.com\/?s={search_term_string}\"},\"query-input\":\"required name=search_term_string\"}],\"inLanguage\":\"es\"},{\"@type\":\"Person\",\"@id\":\"https:\/\/alcaldiaalbertoadriani.com\/#\/schema\/person\/69c8fba4a6288deb2beff834feaa14d2\",\"name\":\"Prensa\",\"image\":{\"@type\":\"ImageObject\",\"inLanguage\":\"es\",\"@id\":\"https:\/\/alcaldiaalbertoadriani.com\/#\/schema\/person\/image\/\",\"url\":\"https:\/\/secure.gravatar.com\/avatar\/e05ad710d89715c22c5c7f1fc25160718e381c25c9eb1a6c98546d208c9a6034?s=96&d=mm&r=g\",\"contentUrl\":\"https:\/\/secure.gravatar.com\/avatar\/e05ad710d89715c22c5c7f1fc25160718e381c25c9eb1a6c98546d208c9a6034?s=96&d=mm&r=g\",\"caption\":\"Prensa\"},\"sameAs\":[\"https:\/\/alcaldiaalbertoadriani.com\"],\"url\":\"https:\/\/alcaldiaalbertoadriani.com\/?author=1\"}]}<\/script>\n<!-- \/ Yoast SEO plugin. -->","yoast_head_json":{"title":"El Vig\u00eda tiene nueva Reina de las Ferias 2022 - Alcaldia Alberto Adriani","robots":{"index":"index","follow":"follow","max-snippet":"max-snippet:-1","max-image-preview":"max-image-preview:large","max-video-preview":"max-video-preview:-1"},"canonical":"https:\/\/alcaldiaalbertoadriani.com\/?p=306","og_locale":"es_ES","og_type":"article","og_title":"El Vig\u00eda tiene nueva Reina de las Ferias 2022 - Alcaldia Alberto Adriani","og_description":"Con mucha alegr\u00eda, ritmo, m\u00fasica y algarab\u00eda, despu\u00e9s de ocho a\u00f1os este s\u00e1bado 23 de julio, se realiz\u00f3 uno de los eventos m\u00e1s esperados por los vigienses, la elecci\u00f3n y [&hellip;]","og_url":"https:\/\/alcaldiaalbertoadriani.com\/?p=306","og_site_name":"Alcaldia Alberto Adriani","article_published_time":"2022-07-25T01:52:46+00:00","article_modified_time":"2022-07-25T01:52:50+00:00","og_image":[{"width":1280,"height":853,"url":"https:\/\/alcaldiaalbertoadriani.com\/wp-content\/uploads\/2022\/07\/REINAS-FERIVIGIA-2022-6.jpg","type":"image\/jpeg"}],"author":"Prensa","twitter_card":"summary_large_image","twitter_misc":{"Escrito por":"Prensa","Tiempo de lectura":"3 minutos"},"schema":{"@context":"https:\/\/schema.org","@graph":[{"@type":"WebPage","@id":"https:\/\/alcaldiaalbertoadriani.com\/?p=306","url":"https:\/\/alcaldiaalbertoadriani.com\/?p=306","name":"El Vig\u00eda tiene nueva Reina de las Ferias 2022 - Alcaldia Alberto Adriani","isPartOf":{"@id":"https:\/\/alcaldiaalbertoadriani.com\/#website"},"datePublished":"2022-07-25T01:52:46+00:00","dateModified":"2022-07-25T01:52:50+00:00","author":{"@id":"https:\/\/alcaldiaalbertoadriani.com\/#\/schema\/person\/69c8fba4a6288deb2beff834feaa14d2"},"breadcrumb":{"@id":"https:\/\/alcaldiaalbertoadriani.com\/?p=306#breadcrumb"},"inLanguage":"es","potentialAction":[{"@type":"ReadAction","target":["https:\/\/alcaldiaalbertoadriani.com\/?p=306"]}]},{"@type":"BreadcrumbList","@id":"https:\/\/alcaldiaalbertoadriani.com\/?p=306#breadcrumb","itemListElement":[{"@type":"ListItem","position":1,"name":"Portada","item":"https:\/\/alcaldiaalbertoadriani.com\/"},{"@type":"ListItem","position":2,"name":"El Vig\u00eda tiene nueva Reina de las Ferias 2022"}]},{"@type":"WebSite","@id":"https:\/\/alcaldiaalbertoadriani.com\/#website","url":"https:\/\/alcaldiaalbertoadriani.com\/","name":"Alcaldia Alberto Adriani","description":"","potentialAction":[{"@type":"SearchAction","target":{"@type":"EntryPoint","urlTemplate":"https:\/\/alcaldiaalbertoadriani.com\/?s={search_term_string}"},"query-input":"required name=search_term_string"}],"inLanguage":"es"},{"@type":"Person","@id":"https:\/\/alcaldiaalbertoadriani.com\/#\/schema\/person\/69c8fba4a6288deb2beff834feaa14d2","name":"Prensa","image":{"@type":"ImageObject","inLanguage":"es","@id":"https:\/\/alcaldiaalbertoadriani.com\/#\/schema\/person\/image\/","url":"https:\/\/secure.gravatar.com\/avatar\/e05ad710d89715c22c5c7f1fc25160718e381c25c9eb1a6c98546d208c9a6034?s=96&d=mm&r=g","contentUrl":"https:\/\/secure.gravatar.com\/avatar\/e05ad710d89715c22c5c7f1fc25160718e381c25c9eb1a6c98546d208c9a6034?s=96&d=mm&r=g","caption":"Prensa"},"sameAs":["https:\/\/alcaldiaalbertoadriani.com"],"url":"https:\/\/alcaldiaalbertoadriani.com\/?author=1"}]}},"_links":{"self":[{"href":"https:\/\/alcaldiaalbertoadriani.com\/index.php?rest_route=\/wp\/v2\/posts\/306","targetHints":{"allow":["GET"]}}],"collection":[{"href":"https:\/\/alcaldiaalbertoadriani.com\/index.php?rest_route=\/wp\/v2\/posts"}],"about":[{"href":"https:\/\/alcaldiaalbertoadriani.com\/index.php?rest_route=\/wp\/v2\/types\/post"}],"author":[{"embeddable":true,"href":"https:\/\/alcaldiaalbertoadriani.com\/index.php?rest_route=\/wp\/v2\/users\/1"}],"replies":[{"embeddable":true,"href":"https:\/\/alcaldiaalbertoadriani.com\/index.php?rest_route=%2Fwp%2Fv2%2Fcomments&post=306"}],"version-history":[{"count":1,"href":"https:\/\/alcaldiaalbertoadriani.com\/index.php?rest_route=\/wp\/v2\/posts\/306\/revisions"}],"predecessor-version":[{"id":314,"href":"https:\/\/alcaldiaalbertoadriani.com\/index.php?rest_route=\/wp\/v2\/posts\/306\/revisions\/314"}],"wp:featuredmedia":[{"embeddable":true,"href":"https:\/\/alcaldiaalbertoadriani.com\/index.php?rest_route=\/wp\/v2\/media\/307"}],"wp:attachment":[{"href":"https:\/\/alcaldiaalbertoadriani.com\/index.php?rest_route=%2Fwp%2Fv2%2Fmedia&parent=306"}],"wp:term":[{"taxonomy":"category","embeddable":true,"href":"https:\/\/alcaldiaalbertoadriani.com\/index.php?rest_route=%2Fwp%2Fv2%2Fcategories&post=306"},{"taxonomy":"post_tag","embeddable":true,"href":"https:\/\/alcaldiaalbertoadriani.com\/index.php?rest_route=%2Fwp%2Fv2%2Ftags&post=306"}],"curies":[{"name":"wp","href":"https:\/\/api.w.org\/{rel}","templated":true}]}}