{"id":2905,"date":"2023-06-29T22:00:00","date_gmt":"2023-06-29T22:00:00","guid":{"rendered":"https:\/\/alcaldiaalbertoadriani.com\/?p=2905"},"modified":"2023-06-29T22:00:05","modified_gmt":"2023-06-29T22:00:05","slug":"unifica-actividades-proyectos","status":"publish","type":"post","link":"https:\/\/alcaldiaalbertoadriani.com\/?p=2905","title":{"rendered":"Imdraa unifica criterios para pr\u00f3ximas actividades y proyectos"},"content":{"rendered":"<div class=\"wp-block-post-excerpt\"><p class=\"wp-block-post-excerpt__excerpt\">La idea es resaltar lo cultural, deportivo e hist\u00f3rico del municipio Alberto Adriani <\/p><\/div>\n\n\n<p>El <a href=\"https:\/\/alcaldiaalbertoadriani.com\/?p=2856\" target=\"_blank\" rel=\"noreferrer noopener\">Instituto Municipal del Deporte y Recreaci\u00f3n \u2013Imdraa-<\/a>, presidido por Ricardo Romero, unifica criterios con instancias regionales y nacionales en apoyo para actividades y proyectos para el \u00e1rea cultural, deportiva e hist\u00f3rica del <a href=\"https:\/\/www.tiktok.com\/@alcaldia_aa\" target=\"_blank\" rel=\"noreferrer noopener\">municipio Alberto Adriani<\/a>.<\/p>\n\n\n\n<p>As\u00ed lo inform\u00f3 Ricardo Romero, quien expres\u00f3 que por orientaciones del <a href=\"https:\/\/www.instagram.com\/lisandrosegura02\/\" target=\"_blank\" rel=\"noreferrer noopener\">alcalde Lisandro Segura<\/a>, sostuvo una mesa de trabajo con Freddy Contreras, coordinador nacional de la Fundaci\u00f3n Filat\u00e9lica, Numism\u00e1tica, Ol\u00edmpica y Deportiva de Venezuela, as\u00ed como Coromoto Rond\u00f3n, coordinadora regional del f\u00fatbol 3*3, para realizar pr\u00f3ximas actividades en la jurisdicci\u00f3n.<\/p>\n\n\n\n<figure class=\"wp-block-image size-large\"><img loading=\"lazy\" decoding=\"async\" width=\"1024\" height=\"768\" src=\"https:\/\/alcaldiaalbertoadriani.com\/wp-content\/uploads\/2023\/06\/photo_2023-06-29_16-34-07-1024x768.jpg\" alt=\"\" class=\"wp-image-2907\" srcset=\"https:\/\/alcaldiaalbertoadriani.com\/wp-content\/uploads\/2023\/06\/photo_2023-06-29_16-34-07-1024x768.jpg 1024w, https:\/\/alcaldiaalbertoadriani.com\/wp-content\/uploads\/2023\/06\/photo_2023-06-29_16-34-07-980x735.jpg 980w, https:\/\/alcaldiaalbertoadriani.com\/wp-content\/uploads\/2023\/06\/photo_2023-06-29_16-34-07-480x360.jpg 480w\" sizes=\"auto, (min-width: 0px) and (max-width: 480px) 480px, (min-width: 481px) and (max-width: 980px) 980px, (min-width: 981px) 1024px, 100vw\" \/><\/figure>\n\n\n\n<!--more-->\n\n\n\n<h2 class=\"wp-block-heading\">Unifica actividades y proyectos<\/h2>\n\n\n\n<p>Record\u00f3 Ricardo Romero que el a\u00f1o pasado consign\u00f3 un proyecto ante \u00c1ngel Contreras, gerente General de la <a href=\"https:\/\/www.tiktok.com\/@alcaldia_aa\" target=\"_blank\" rel=\"noreferrer noopener\">alcald\u00eda<\/a>, \u201cen el cual present\u00e9 el boulevard de las Glorias Deportivas de nuestro municipio y consider\u00e9 que el sitio ideal es llegando al campo deportivo del Complejo Deportivo Carlos Maya, espec\u00edficamente en las \u00e1reas verdes que est\u00e1n para colocar las huellas de los deportistas y cultores\u201d, puntualiz\u00f3.<\/p>\n\n\n\n<p>Dijo que tiene previsto invitar a una reuni\u00f3n a Orlando Carvajal, Cronista del municipio; Pedro Parra, director del Archivo; Keibert Rojas, presidente del <a href=\"https:\/\/alcaldiaalbertoadriani.com\/?p=2526\" target=\"_blank\" rel=\"noreferrer noopener\">Instituto Aut\u00f3nomo Municipal de la Cultura \u2013Iamcaa<\/a>&#8211; y Junior Contreras, presidente del <a href=\"https:\/\/alcaldiaalbertoadriani.com\/?p=2619\" target=\"_blank\" rel=\"noreferrer noopener\">Instituto Municipal de la Juventud \u2013Imjaa<\/a>-; \u201cpara tratar todos estos temas que son de inter\u00e9s colectivo y as\u00ed crear el Centro de Documentaci\u00f3n Historico, Deportiva y Cultural del <a href=\"https:\/\/www.tiktok.com\/@alcaldia_aa\" target=\"_blank\" rel=\"noreferrer noopener\">municipio Alberto Adriani<\/a>\u201d, enfatiz\u00f3.<\/p>\n\n\n\n<h2 class=\"wp-block-heading\">Rescate, promoci\u00f3n y proyecci\u00f3n<\/h2>\n\n\n\n<p>Por su parte, Freddy Contreras, coordinador nacional de la mencionada fundaci\u00f3n, indic\u00f3 que esta organizaci\u00f3n es la encargada de rescatar, promover y proyectar la memoria hist\u00f3rica de los hechos, obras y personajes que han marcado pauta en tiempo y espacio en la evoluci\u00f3n y trascendencia del pa\u00eds.<\/p>\n\n\n\n<p>\u201cVine de visita a El Vig\u00eda en aras de proponer un programa de Registro Documental de la Memoria Hist\u00f3rica del Deporte y la Cultura. Tambi\u00e9n poder traer la presentaci\u00f3n del Proyecto de Ley de Protecci\u00f3n al Patrimonio Hist\u00f3rico del Deporte, la educaci\u00f3n f\u00edsica y la actividad f\u00edsica, con la intenci\u00f3n de dejar un legado referencial a nuestras futuras generaciones\u201d.<\/p>\n\n\n\n<p>Refiri\u00f3 el funcionario que en el mes de julio realizar\u00e1n por primera vez en la capital vig\u00edense, la captaci\u00f3n de la huella plantal (pie) de las Glorias Deportivas y la mano de los cultores, para obtener los elementos referenciales que servir\u00e1n para justificar la creaci\u00f3n del Centro de Documentaci\u00f3n Hist\u00f3rico, Cultural y Deportivo y tambi\u00e9n los Museos Tem\u00e1ticos del Deporte y Cultura.<\/p>\n\n\n\n<p>Para concluir, Coromoto Rond\u00f3n, dijo que junto con Freddy Contreras y Ricardo Romero, estar\u00e1n desarrollando en el mes que se avecina \u201clos juegos del f\u00fatbol 3*3, es decir, el f\u00fatbol de calle y que esto se d\u00e9 como el espect\u00e1culo m\u00e1s lindo para los vig\u00edenses\u201d. <strong>Prensa Alcald\u00eda Alberto Adriani\/Edgar Mendoza CNP. 25.736\/Fotos: Yorman Parra.<\/strong><\/p>\n\n\n\n<figure class=\"wp-block-image size-large\"><img loading=\"lazy\" decoding=\"async\" width=\"1024\" height=\"768\" src=\"https:\/\/alcaldiaalbertoadriani.com\/wp-content\/uploads\/2023\/06\/photo_2023-06-29_16-34-07-2-1024x768.jpg\" alt=\"\" class=\"wp-image-2908\" srcset=\"https:\/\/alcaldiaalbertoadriani.com\/wp-content\/uploads\/2023\/06\/photo_2023-06-29_16-34-07-2-1024x768.jpg 1024w, https:\/\/alcaldiaalbertoadriani.com\/wp-content\/uploads\/2023\/06\/photo_2023-06-29_16-34-07-2-980x735.jpg 980w, https:\/\/alcaldiaalbertoadriani.com\/wp-content\/uploads\/2023\/06\/photo_2023-06-29_16-34-07-2-480x360.jpg 480w\" sizes=\"auto, (min-width: 0px) and (max-width: 480px) 480px, (min-width: 481px) and (max-width: 980px) 980px, (min-width: 981px) 1024px, 100vw\" \/><\/figure>\n","protected":false},"excerpt":{"rendered":"<p><em><strong>La idea es resaltar lo cultural, deportivo e hist\u00f3rico del municipio Alberto Adriani<\/strong><\/em><\/p>\n","protected":false},"author":2,"featured_media":2906,"comment_status":"closed","ping_status":"closed","sticky":false,"template":"","format":"standard","meta":{"_et_pb_use_builder":"off","_et_pb_old_content":"","_et_gb_content_width":"","footnotes":""},"categories":[341,61,50,25],"tags":[31,11,12,15,30,29,28,52,416],"class_list":["post-2905","post","type-post","status-publish","format-standard","has-post-thumbnail","hentry","category-alcaldia-alberto-adriani","category-deportes","category-imdraa","category-nuestro-municipio","tag-alcalde","tag-alcaldia","tag-alcaldiaalbertoadriani","tag-elvigia","tag-lisandrosegura","tag-municipioquenosmerecemos","tag-porelrenacer","tag-imdraa","tag-imdraa-unifica-actividades-proyectos"],"yoast_head":"<!-- This site is optimized with the Yoast SEO plugin v19.13 - https:\/\/yoast.com\/wordpress\/plugins\/seo\/ -->\n<title>Imdraa unifica criterios para pr\u00f3ximas actividades y proyectos - Alcaldia Alberto Adriani<\/title>\n<meta name=\"description\" content=\"Imdraa unifica criterios en apoyo para actividades y proyectos para el \u00e1rea cultural, deportiva e hist\u00f3rica del municipio Alberto Adriani.\" \/>\n<meta name=\"robots\" content=\"index, follow, max-snippet:-1, max-image-preview:large, max-video-preview:-1\" \/>\n<link rel=\"canonical\" href=\"https:\/\/alcaldiaalbertoadriani.com\/?p=2905\" \/>\n<meta property=\"og:locale\" content=\"es_ES\" \/>\n<meta property=\"og:type\" content=\"article\" \/>\n<meta property=\"og:title\" content=\"Imdraa unifica criterios para pr\u00f3ximas actividades y proyectos - Alcaldia Alberto Adriani\" \/>\n<meta property=\"og:description\" content=\"Imdraa unifica criterios en apoyo para actividades y proyectos para el \u00e1rea cultural, deportiva e hist\u00f3rica del municipio Alberto Adriani.\" \/>\n<meta property=\"og:url\" content=\"https:\/\/alcaldiaalbertoadriani.com\/?p=2905\" \/>\n<meta property=\"og:site_name\" content=\"Alcaldia Alberto Adriani\" \/>\n<meta property=\"article:published_time\" content=\"2023-06-29T22:00:00+00:00\" \/>\n<meta property=\"article:modified_time\" content=\"2023-06-29T22:00:05+00:00\" \/>\n<meta property=\"og:image\" content=\"https:\/\/alcaldiaalbertoadriani.com\/wp-content\/uploads\/2023\/06\/photo_2023-06-29_16-34-08.jpg\" \/>\n\t<meta property=\"og:image:width\" content=\"1280\" \/>\n\t<meta property=\"og:image:height\" content=\"960\" \/>\n\t<meta property=\"og:image:type\" content=\"image\/jpeg\" \/>\n<meta name=\"author\" content=\"Prensa\" \/>\n<meta name=\"twitter:card\" content=\"summary_large_image\" \/>\n<meta name=\"twitter:label1\" content=\"Escrito por\" \/>\n\t<meta name=\"twitter:data1\" content=\"Prensa\" \/>\n\t<meta name=\"twitter:label2\" content=\"Tiempo de lectura\" \/>\n\t<meta name=\"twitter:data2\" content=\"3 minutos\" \/>\n<script type=\"application\/ld+json\" class=\"yoast-schema-graph\">{\"@context\":\"https:\/\/schema.org\",\"@graph\":[{\"@type\":\"WebPage\",\"@id\":\"https:\/\/alcaldiaalbertoadriani.com\/?p=2905\",\"url\":\"https:\/\/alcaldiaalbertoadriani.com\/?p=2905\",\"name\":\"Imdraa unifica criterios para pr\u00f3ximas actividades y proyectos - Alcaldia Alberto Adriani\",\"isPartOf\":{\"@id\":\"https:\/\/alcaldiaalbertoadriani.com\/#website\"},\"datePublished\":\"2023-06-29T22:00:00+00:00\",\"dateModified\":\"2023-06-29T22:00:05+00:00\",\"author\":{\"@id\":\"https:\/\/alcaldiaalbertoadriani.com\/#\/schema\/person\/549b4483ff8999ac780deeea78795fc9\"},\"description\":\"Imdraa unifica criterios en apoyo para actividades y proyectos para el \u00e1rea cultural, deportiva e hist\u00f3rica del municipio Alberto Adriani.\",\"breadcrumb\":{\"@id\":\"https:\/\/alcaldiaalbertoadriani.com\/?p=2905#breadcrumb\"},\"inLanguage\":\"es\",\"potentialAction\":[{\"@type\":\"ReadAction\",\"target\":[\"https:\/\/alcaldiaalbertoadriani.com\/?p=2905\"]}]},{\"@type\":\"BreadcrumbList\",\"@id\":\"https:\/\/alcaldiaalbertoadriani.com\/?p=2905#breadcrumb\",\"itemListElement\":[{\"@type\":\"ListItem\",\"position\":1,\"name\":\"Portada\",\"item\":\"https:\/\/alcaldiaalbertoadriani.com\/\"},{\"@type\":\"ListItem\",\"position\":2,\"name\":\"Imdraa unifica criterios para pr\u00f3ximas actividades y proyectos\"}]},{\"@type\":\"WebSite\",\"@id\":\"https:\/\/alcaldiaalbertoadriani.com\/#website\",\"url\":\"https:\/\/alcaldiaalbertoadriani.com\/\",\"name\":\"Alcaldia Alberto Adriani\",\"description\":\"\",\"potentialAction\":[{\"@type\":\"SearchAction\",\"target\":{\"@type\":\"EntryPoint\",\"urlTemplate\":\"https:\/\/alcaldiaalbertoadriani.com\/?s={search_term_string}\"},\"query-input\":\"required name=search_term_string\"}],\"inLanguage\":\"es\"},{\"@type\":\"Person\",\"@id\":\"https:\/\/alcaldiaalbertoadriani.com\/#\/schema\/person\/549b4483ff8999ac780deeea78795fc9\",\"name\":\"Prensa\",\"image\":{\"@type\":\"ImageObject\",\"inLanguage\":\"es\",\"@id\":\"https:\/\/alcaldiaalbertoadriani.com\/#\/schema\/person\/image\/\",\"url\":\"https:\/\/secure.gravatar.com\/avatar\/ea1cb567ea992a29627f4eee1c2eb185ec16decec6342d508fdf18dedb56c9de?s=96&d=mm&r=g\",\"contentUrl\":\"https:\/\/secure.gravatar.com\/avatar\/ea1cb567ea992a29627f4eee1c2eb185ec16decec6342d508fdf18dedb56c9de?s=96&d=mm&r=g\",\"caption\":\"Prensa\"},\"url\":\"https:\/\/alcaldiaalbertoadriani.com\/?author=2\"}]}<\/script>\n<!-- \/ Yoast SEO plugin. -->","yoast_head_json":{"title":"Imdraa unifica criterios para pr\u00f3ximas actividades y proyectos - Alcaldia Alberto Adriani","description":"Imdraa unifica criterios en apoyo para actividades y proyectos para el \u00e1rea cultural, deportiva e hist\u00f3rica del municipio Alberto Adriani.","robots":{"index":"index","follow":"follow","max-snippet":"max-snippet:-1","max-image-preview":"max-image-preview:large","max-video-preview":"max-video-preview:-1"},"canonical":"https:\/\/alcaldiaalbertoadriani.com\/?p=2905","og_locale":"es_ES","og_type":"article","og_title":"Imdraa unifica criterios para pr\u00f3ximas actividades y proyectos - Alcaldia Alberto Adriani","og_description":"Imdraa unifica criterios en apoyo para actividades y proyectos para el \u00e1rea cultural, deportiva e hist\u00f3rica del municipio Alberto Adriani.","og_url":"https:\/\/alcaldiaalbertoadriani.com\/?p=2905","og_site_name":"Alcaldia Alberto Adriani","article_published_time":"2023-06-29T22:00:00+00:00","article_modified_time":"2023-06-29T22:00:05+00:00","og_image":[{"width":1280,"height":960,"url":"https:\/\/alcaldiaalbertoadriani.com\/wp-content\/uploads\/2023\/06\/photo_2023-06-29_16-34-08.jpg","type":"image\/jpeg"}],"author":"Prensa","twitter_card":"summary_large_image","twitter_misc":{"Escrito por":"Prensa","Tiempo de lectura":"3 minutos"},"schema":{"@context":"https:\/\/schema.org","@graph":[{"@type":"WebPage","@id":"https:\/\/alcaldiaalbertoadriani.com\/?p=2905","url":"https:\/\/alcaldiaalbertoadriani.com\/?p=2905","name":"Imdraa unifica criterios para pr\u00f3ximas actividades y proyectos - Alcaldia Alberto Adriani","isPartOf":{"@id":"https:\/\/alcaldiaalbertoadriani.com\/#website"},"datePublished":"2023-06-29T22:00:00+00:00","dateModified":"2023-06-29T22:00:05+00:00","author":{"@id":"https:\/\/alcaldiaalbertoadriani.com\/#\/schema\/person\/549b4483ff8999ac780deeea78795fc9"},"description":"Imdraa unifica criterios en apoyo para actividades y proyectos para el \u00e1rea cultural, deportiva e hist\u00f3rica del municipio Alberto Adriani.","breadcrumb":{"@id":"https:\/\/alcaldiaalbertoadriani.com\/?p=2905#breadcrumb"},"inLanguage":"es","potentialAction":[{"@type":"ReadAction","target":["https:\/\/alcaldiaalbertoadriani.com\/?p=2905"]}]},{"@type":"BreadcrumbList","@id":"https:\/\/alcaldiaalbertoadriani.com\/?p=2905#breadcrumb","itemListElement":[{"@type":"ListItem","position":1,"name":"Portada","item":"https:\/\/alcaldiaalbertoadriani.com\/"},{"@type":"ListItem","position":2,"name":"Imdraa unifica criterios para pr\u00f3ximas actividades y proyectos"}]},{"@type":"WebSite","@id":"https:\/\/alcaldiaalbertoadriani.com\/#website","url":"https:\/\/alcaldiaalbertoadriani.com\/","name":"Alcaldia Alberto Adriani","description":"","potentialAction":[{"@type":"SearchAction","target":{"@type":"EntryPoint","urlTemplate":"https:\/\/alcaldiaalbertoadriani.com\/?s={search_term_string}"},"query-input":"required name=search_term_string"}],"inLanguage":"es"},{"@type":"Person","@id":"https:\/\/alcaldiaalbertoadriani.com\/#\/schema\/person\/549b4483ff8999ac780deeea78795fc9","name":"Prensa","image":{"@type":"ImageObject","inLanguage":"es","@id":"https:\/\/alcaldiaalbertoadriani.com\/#\/schema\/person\/image\/","url":"https:\/\/secure.gravatar.com\/avatar\/ea1cb567ea992a29627f4eee1c2eb185ec16decec6342d508fdf18dedb56c9de?s=96&d=mm&r=g","contentUrl":"https:\/\/secure.gravatar.com\/avatar\/ea1cb567ea992a29627f4eee1c2eb185ec16decec6342d508fdf18dedb56c9de?s=96&d=mm&r=g","caption":"Prensa"},"url":"https:\/\/alcaldiaalbertoadriani.com\/?author=2"}]}},"_links":{"self":[{"href":"https:\/\/alcaldiaalbertoadriani.com\/index.php?rest_route=\/wp\/v2\/posts\/2905","targetHints":{"allow":["GET"]}}],"collection":[{"href":"https:\/\/alcaldiaalbertoadriani.com\/index.php?rest_route=\/wp\/v2\/posts"}],"about":[{"href":"https:\/\/alcaldiaalbertoadriani.com\/index.php?rest_route=\/wp\/v2\/types\/post"}],"author":[{"embeddable":true,"href":"https:\/\/alcaldiaalbertoadriani.com\/index.php?rest_route=\/wp\/v2\/users\/2"}],"replies":[{"embeddable":true,"href":"https:\/\/alcaldiaalbertoadriani.com\/index.php?rest_route=%2Fwp%2Fv2%2Fcomments&post=2905"}],"version-history":[{"count":1,"href":"https:\/\/alcaldiaalbertoadriani.com\/index.php?rest_route=\/wp\/v2\/posts\/2905\/revisions"}],"predecessor-version":[{"id":2909,"href":"https:\/\/alcaldiaalbertoadriani.com\/index.php?rest_route=\/wp\/v2\/posts\/2905\/revisions\/2909"}],"wp:featuredmedia":[{"embeddable":true,"href":"https:\/\/alcaldiaalbertoadriani.com\/index.php?rest_route=\/wp\/v2\/media\/2906"}],"wp:attachment":[{"href":"https:\/\/alcaldiaalbertoadriani.com\/index.php?rest_route=%2Fwp%2Fv2%2Fmedia&parent=2905"}],"wp:term":[{"taxonomy":"category","embeddable":true,"href":"https:\/\/alcaldiaalbertoadriani.com\/index.php?rest_route=%2Fwp%2Fv2%2Fcategories&post=2905"},{"taxonomy":"post_tag","embeddable":true,"href":"https:\/\/alcaldiaalbertoadriani.com\/index.php?rest_route=%2Fwp%2Fv2%2Ftags&post=2905"}],"curies":[{"name":"wp","href":"https:\/\/api.w.org\/{rel}","templated":true}]}}