{"id":2810,"date":"2023-06-23T23:10:49","date_gmt":"2023-06-23T23:10:49","guid":{"rendered":"https:\/\/alcaldiaalbertoadriani.com\/?p=2810"},"modified":"2023-06-23T23:10:55","modified_gmt":"2023-06-23T23:10:55","slug":"clpp-asambleas-diagnostico","status":"publish","type":"post","link":"https:\/\/alcaldiaalbertoadriani.com\/?p=2810","title":{"rendered":"Clpp realizar\u00e1 Asambleas para el Diagn\u00f3stico Participativo 2024"},"content":{"rendered":"<div class=\"wp-block-post-excerpt\"><p class=\"wp-block-post-excerpt__excerpt\">Desde el pr\u00f3ximo lunes 26 de junio comenzar\u00e1n a desarrollar 15 mil encuestas y 200 asambleas en los 329 sectores de las siete parroquias del municipio Alberto Adriani <\/p><\/div>\n\n\n<p>Este jueves miembros del <a href=\"https:\/\/alcaldiaalbertoadriani.com\/?p=2538\" target=\"_blank\" rel=\"noreferrer noopener\">Consejo Local de Planificaci\u00f3n P\u00fablica \u2013Clpp-<\/a> participaron en una reuni\u00f3n ordinaria, en la cual se abordaron tres aspectos importantes desde el auditorio \u201cProf. Guillermo Brice\u00f1o\u201d, de la Casa del Ni\u00f1o Trabajador \u201cDr. H\u00e9ctor Rodr\u00edguez\u201d.<\/p>\n\n\n\n<p>As\u00ed lo inform\u00f3 <a href=\"https:\/\/twitter.com\/lisandrosegura\" target=\"_blank\" rel=\"noreferrer noopener\">Lisandro Segura, alcalde<\/a> y presidente del Clpp, al se\u00f1alar que pudieron avanzar en temas vitales para la jurisdicci\u00f3n, especialmente en el desarrollo y soluciones de los problemas.<\/p>\n\n\n\n<figure class=\"wp-block-image size-large\"><img loading=\"lazy\" decoding=\"async\" width=\"1024\" height=\"1024\" src=\"https:\/\/alcaldiaalbertoadriani.com\/wp-content\/uploads\/2023\/06\/photo_2023-06-23_18-49-14-2-1024x1024.jpg\" alt=\"\" class=\"wp-image-2812\" srcset=\"https:\/\/alcaldiaalbertoadriani.com\/wp-content\/uploads\/2023\/06\/photo_2023-06-23_18-49-14-2-1024x1024.jpg 1024w, https:\/\/alcaldiaalbertoadriani.com\/wp-content\/uploads\/2023\/06\/photo_2023-06-23_18-49-14-2-980x980.jpg 980w, https:\/\/alcaldiaalbertoadriani.com\/wp-content\/uploads\/2023\/06\/photo_2023-06-23_18-49-14-2-480x480.jpg 480w\" sizes=\"auto, (min-width: 0px) and (max-width: 480px) 480px, (min-width: 481px) and (max-width: 980px) 980px, (min-width: 981px) 1024px, 100vw\" \/><\/figure>\n\n\n\n<!--more-->\n\n\n\n<h2 class=\"wp-block-heading\">Puntos abordados para las Asambleas de Diagn\u00f3stico Participativo 2024<\/h2>\n\n\n\n<p>Explic\u00f3 <a href=\"https:\/\/twitter.com\/lisandrosegura\" target=\"_blank\" rel=\"noreferrer noopener\">Lisandro Segura<\/a> que los puntos tratados fueron la entrega del cronograma de las Asambleas para el Diagn\u00f3stico Participativo 2024; informe sobre Recursos Aprobados por el Consejo Federal de Gobierno, a trav\u00e9s del Fondo de Compensaci\u00f3n Interterritorial \u2013FCI- para el primer ciclo de proyectos del a\u00f1o 2023 y la presentaci\u00f3n del avance de ejecuci\u00f3n del Plan de Inversi\u00f3n Municipal, Ejercicio Fiscal a\u00f1o 2023, en repuesta a la solicitud realizada por el consejero, vicepresidente Luis Calder\u00f3n.<\/p>\n\n\n\n<p>Dijo la autoridad civil que \u00c1ngel Contreras, gerente General del Ayuntamiento, fue el encargado de entregar el cronograma de las Asambleas para el Diagn\u00f3stico Participativo 2024 y por eso, desde el pr\u00f3ximo lunes 26 se desarrollar\u00e1n 15 mil encuestas y 200 asambleas en los 329 sectores de las siete parroquias que conforman la jurisdicci\u00f3n.<\/p>\n\n\n\n<p>\u201cHoy quisimos entregar este cronograma a nuestros consejeros de manera individual mediante una carpeta personalizada, para ir m\u00e1s all\u00e1 en la comunicaci\u00f3n e informaci\u00f3n\u201d, acentu\u00f3.<\/p>\n\n\n\n<h2 class=\"wp-block-heading\">Recursos aprobados por consejeros del Clpp<\/h2>\n\n\n\n<p>En cuanto a los recursos aprobados por el Consejo Federal de Gobierno \u2013CFG-, a trav\u00e9s del FCI, acot\u00f3 el presidente del Clpp que para el primer ciclo de proyectos del 2023, refiri\u00f3 &#8220;este a\u00f1o han sido aprobados recursos econ\u00f3micos que permitir\u00e1n tres camiones, un compactador y dos camiones volteos 17-21 que ser\u00e1n incorporados a la prestaci\u00f3n de servicios de la recolecci\u00f3n de los desechos s\u00f3lidos\u201d, enfatiz\u00f3.<\/p>\n\n\n\n<p>Record\u00f3 <a href=\"https:\/\/twitter.com\/lisandrosegura\" target=\"_blank\" rel=\"noreferrer noopener\">Lisandro Segura<\/a> que ante la ca\u00edda del puente Onia, los compactadores hacen un recorrido de 3 horas por la <a href=\"https:\/\/alcaldiaalbertoadriani.com\/?p=2602\" target=\"_blank\" rel=\"noreferrer noopener\">v\u00eda alterna del Km 35 para descargar los desechos s\u00f3lidos en el relleno sanitario<\/a>, lo cual merma la cantidad de viajes en un 50%.<\/p>\n\n\n\n<p>&#8220;Con lo anterior fue solicitado ante las instancias correspondientes que me permitan por lo menos el regreso de nuestros camiones compactadores vac\u00edos por el puente de Onia, a la altura del paso provisional despu\u00e9s de hacer sus descargas en el relleno sanitario\u201d, exhort\u00f3.<\/p>\n\n\n\n<p>Se\u00f1al\u00f3 que si se restablece el paso por el puente de Onia, con la incorporaci\u00f3n de estos tres nuevos camiones realizar\u00e1n un recorrido por las comunidades cada 12 d\u00edas como m\u00e1ximo. <strong>Prensa Alcald\u00eda Alcald\u00eda Alberto Adriani\/Edgar Mendoza CNP. 25.736\/Fotos: Yorman Parra.<\/strong><\/p>\n\n\n\n<figure class=\"wp-block-gallery has-nested-images columns-default is-cropped wp-block-gallery-1 is-layout-flex wp-block-gallery-is-layout-flex\">\n<figure class=\"wp-block-image size-large\"><img loading=\"lazy\" decoding=\"async\" width=\"1024\" height=\"1024\" data-id=\"2813\" src=\"https:\/\/alcaldiaalbertoadriani.com\/wp-content\/uploads\/2023\/06\/photo_2023-06-23_18-49-12-1024x1024.jpg\" alt=\"\" class=\"wp-image-2813\" srcset=\"https:\/\/alcaldiaalbertoadriani.com\/wp-content\/uploads\/2023\/06\/photo_2023-06-23_18-49-12-1024x1024.jpg 1024w, https:\/\/alcaldiaalbertoadriani.com\/wp-content\/uploads\/2023\/06\/photo_2023-06-23_18-49-12-980x980.jpg 980w, https:\/\/alcaldiaalbertoadriani.com\/wp-content\/uploads\/2023\/06\/photo_2023-06-23_18-49-12-480x480.jpg 480w\" sizes=\"auto, (min-width: 0px) and (max-width: 480px) 480px, (min-width: 481px) and (max-width: 980px) 980px, (min-width: 981px) 1024px, 100vw\" \/><\/figure>\n\n\n\n<figure class=\"wp-block-image size-large\"><img loading=\"lazy\" decoding=\"async\" width=\"1024\" height=\"1024\" data-id=\"2816\" src=\"https:\/\/alcaldiaalbertoadriani.com\/wp-content\/uploads\/2023\/06\/photo_2023-06-23_18-49-14-1024x1024.jpg\" alt=\"\" class=\"wp-image-2816\" srcset=\"https:\/\/alcaldiaalbertoadriani.com\/wp-content\/uploads\/2023\/06\/photo_2023-06-23_18-49-14-1024x1024.jpg 1024w, https:\/\/alcaldiaalbertoadriani.com\/wp-content\/uploads\/2023\/06\/photo_2023-06-23_18-49-14-980x980.jpg 980w, https:\/\/alcaldiaalbertoadriani.com\/wp-content\/uploads\/2023\/06\/photo_2023-06-23_18-49-14-480x480.jpg 480w\" sizes=\"auto, (min-width: 0px) and (max-width: 480px) 480px, (min-width: 481px) and (max-width: 980px) 980px, (min-width: 981px) 1024px, 100vw\" \/><figcaption><strong>Foto: Clpp presentando el cronograma de las Asambleas de Diagn\u00f3stico Participativo 2024.<\/strong><\/figcaption><\/figure>\n\n\n\n<figure class=\"wp-block-image size-large\"><img loading=\"lazy\" decoding=\"async\" width=\"1024\" height=\"1024\" data-id=\"2815\" src=\"https:\/\/alcaldiaalbertoadriani.com\/wp-content\/uploads\/2023\/06\/photo_2023-06-23_18-49-15-1024x1024.jpg\" alt=\"\" class=\"wp-image-2815\" srcset=\"https:\/\/alcaldiaalbertoadriani.com\/wp-content\/uploads\/2023\/06\/photo_2023-06-23_18-49-15-1024x1024.jpg 1024w, https:\/\/alcaldiaalbertoadriani.com\/wp-content\/uploads\/2023\/06\/photo_2023-06-23_18-49-15-980x980.jpg 980w, https:\/\/alcaldiaalbertoadriani.com\/wp-content\/uploads\/2023\/06\/photo_2023-06-23_18-49-15-480x480.jpg 480w\" sizes=\"auto, (min-width: 0px) and (max-width: 480px) 480px, (min-width: 481px) and (max-width: 980px) 980px, (min-width: 981px) 1024px, 100vw\" \/><\/figure>\n\n\n\n<figure class=\"wp-block-image size-large\"><img loading=\"lazy\" decoding=\"async\" width=\"1024\" height=\"1024\" data-id=\"2814\" src=\"https:\/\/alcaldiaalbertoadriani.com\/wp-content\/uploads\/2023\/06\/photo_2023-06-23_18-49-16-1024x1024.jpg\" alt=\"\" class=\"wp-image-2814\" srcset=\"https:\/\/alcaldiaalbertoadriani.com\/wp-content\/uploads\/2023\/06\/photo_2023-06-23_18-49-16-1024x1024.jpg 1024w, https:\/\/alcaldiaalbertoadriani.com\/wp-content\/uploads\/2023\/06\/photo_2023-06-23_18-49-16-980x980.jpg 980w, https:\/\/alcaldiaalbertoadriani.com\/wp-content\/uploads\/2023\/06\/photo_2023-06-23_18-49-16-480x480.jpg 480w\" sizes=\"auto, (min-width: 0px) and (max-width: 480px) 480px, (min-width: 481px) and (max-width: 980px) 980px, (min-width: 981px) 1024px, 100vw\" \/><figcaption><strong>Foto: Clpp presentando el cronograma de las Asambleas de Diagn\u00f3stico Participativo 2024.<\/strong><\/figcaption><\/figure>\n<\/figure>\n","protected":false},"excerpt":{"rendered":"<p><em><strong>Desde el pr\u00f3ximo lunes 26 de junio comenzar\u00e1n a desarrollar 15 mil encuestas y 200 asambleas en los 329 sectores de las siete parroquias del municipio Alberto Adriani<\/strong><\/em><\/p>\n","protected":false},"author":2,"featured_media":2811,"comment_status":"closed","ping_status":"closed","sticky":false,"template":"","format":"standard","meta":{"_et_pb_use_builder":"off","_et_pb_old_content":"","_et_gb_content_width":"","footnotes":""},"categories":[341,56,175,25,131],"tags":[31,11,12,15,30,29,28,405],"class_list":["post-2810","post","type-post","status-publish","format-standard","has-post-thumbnail","hentry","category-alcaldia-alberto-adriani","category-clpp","category-gestion-municipal","category-nuestro-municipio","category-participacion-ciudadana","tag-alcalde","tag-alcaldia","tag-alcaldiaalbertoadriani","tag-elvigia","tag-lisandrosegura","tag-municipioquenosmerecemos","tag-porelrenacer","tag-clpp-asambleas-diagnostico"],"yoast_head":"<!-- This site is optimized with the Yoast SEO plugin v19.13 - https:\/\/yoast.com\/wordpress\/plugins\/seo\/ -->\n<title>Clpp realizar\u00e1 Asambleas para el Diagn\u00f3stico Participativo 2024 - Alcaldia Alberto Adriani<\/title>\n<meta name=\"description\" content=\"Clpp presento el cronograma de las Asambleas para el Diagn\u00f3stico Participativo 2024 a partir del pr\u00f3ximo lunes 26 de junio.\" \/>\n<meta name=\"robots\" content=\"index, follow, max-snippet:-1, max-image-preview:large, max-video-preview:-1\" \/>\n<link rel=\"canonical\" href=\"https:\/\/alcaldiaalbertoadriani.com\/?p=2810\" \/>\n<meta property=\"og:locale\" content=\"es_ES\" \/>\n<meta property=\"og:type\" content=\"article\" \/>\n<meta property=\"og:title\" content=\"Clpp realizar\u00e1 Asambleas para el Diagn\u00f3stico Participativo 2024 - Alcaldia Alberto Adriani\" \/>\n<meta property=\"og:description\" content=\"Clpp presento el cronograma de las Asambleas para el Diagn\u00f3stico Participativo 2024 a partir del pr\u00f3ximo lunes 26 de junio.\" \/>\n<meta property=\"og:url\" content=\"https:\/\/alcaldiaalbertoadriani.com\/?p=2810\" \/>\n<meta property=\"og:site_name\" content=\"Alcaldia Alberto Adriani\" \/>\n<meta property=\"article:published_time\" content=\"2023-06-23T23:10:49+00:00\" \/>\n<meta property=\"article:modified_time\" content=\"2023-06-23T23:10:55+00:00\" \/>\n<meta property=\"og:image\" content=\"https:\/\/alcaldiaalbertoadriani.com\/wp-content\/uploads\/2023\/06\/photo_2023-06-23_18-49-15-2.jpg\" \/>\n\t<meta property=\"og:image:width\" content=\"1280\" \/>\n\t<meta property=\"og:image:height\" content=\"1280\" \/>\n\t<meta property=\"og:image:type\" content=\"image\/jpeg\" \/>\n<meta name=\"author\" content=\"Prensa\" \/>\n<meta name=\"twitter:card\" content=\"summary_large_image\" \/>\n<meta name=\"twitter:label1\" content=\"Escrito por\" \/>\n\t<meta name=\"twitter:data1\" content=\"Prensa\" \/>\n\t<meta name=\"twitter:label2\" content=\"Tiempo de lectura\" \/>\n\t<meta name=\"twitter:data2\" content=\"4 minutos\" \/>\n<script type=\"application\/ld+json\" class=\"yoast-schema-graph\">{\"@context\":\"https:\/\/schema.org\",\"@graph\":[{\"@type\":\"WebPage\",\"@id\":\"https:\/\/alcaldiaalbertoadriani.com\/?p=2810\",\"url\":\"https:\/\/alcaldiaalbertoadriani.com\/?p=2810\",\"name\":\"Clpp realizar\u00e1 Asambleas para el Diagn\u00f3stico Participativo 2024 - Alcaldia Alberto Adriani\",\"isPartOf\":{\"@id\":\"https:\/\/alcaldiaalbertoadriani.com\/#website\"},\"datePublished\":\"2023-06-23T23:10:49+00:00\",\"dateModified\":\"2023-06-23T23:10:55+00:00\",\"author\":{\"@id\":\"https:\/\/alcaldiaalbertoadriani.com\/#\/schema\/person\/549b4483ff8999ac780deeea78795fc9\"},\"description\":\"Clpp presento el cronograma de las Asambleas para el Diagn\u00f3stico Participativo 2024 a partir del pr\u00f3ximo lunes 26 de junio.\",\"breadcrumb\":{\"@id\":\"https:\/\/alcaldiaalbertoadriani.com\/?p=2810#breadcrumb\"},\"inLanguage\":\"es\",\"potentialAction\":[{\"@type\":\"ReadAction\",\"target\":[\"https:\/\/alcaldiaalbertoadriani.com\/?p=2810\"]}]},{\"@type\":\"BreadcrumbList\",\"@id\":\"https:\/\/alcaldiaalbertoadriani.com\/?p=2810#breadcrumb\",\"itemListElement\":[{\"@type\":\"ListItem\",\"position\":1,\"name\":\"Portada\",\"item\":\"https:\/\/alcaldiaalbertoadriani.com\/\"},{\"@type\":\"ListItem\",\"position\":2,\"name\":\"Clpp realizar\u00e1 Asambleas para el Diagn\u00f3stico Participativo 2024\"}]},{\"@type\":\"WebSite\",\"@id\":\"https:\/\/alcaldiaalbertoadriani.com\/#website\",\"url\":\"https:\/\/alcaldiaalbertoadriani.com\/\",\"name\":\"Alcaldia Alberto Adriani\",\"description\":\"\",\"potentialAction\":[{\"@type\":\"SearchAction\",\"target\":{\"@type\":\"EntryPoint\",\"urlTemplate\":\"https:\/\/alcaldiaalbertoadriani.com\/?s={search_term_string}\"},\"query-input\":\"required name=search_term_string\"}],\"inLanguage\":\"es\"},{\"@type\":\"Person\",\"@id\":\"https:\/\/alcaldiaalbertoadriani.com\/#\/schema\/person\/549b4483ff8999ac780deeea78795fc9\",\"name\":\"Prensa\",\"image\":{\"@type\":\"ImageObject\",\"inLanguage\":\"es\",\"@id\":\"https:\/\/alcaldiaalbertoadriani.com\/#\/schema\/person\/image\/\",\"url\":\"https:\/\/secure.gravatar.com\/avatar\/ea1cb567ea992a29627f4eee1c2eb185ec16decec6342d508fdf18dedb56c9de?s=96&d=mm&r=g\",\"contentUrl\":\"https:\/\/secure.gravatar.com\/avatar\/ea1cb567ea992a29627f4eee1c2eb185ec16decec6342d508fdf18dedb56c9de?s=96&d=mm&r=g\",\"caption\":\"Prensa\"},\"url\":\"https:\/\/alcaldiaalbertoadriani.com\/?author=2\"}]}<\/script>\n<!-- \/ Yoast SEO plugin. -->","yoast_head_json":{"title":"Clpp realizar\u00e1 Asambleas para el Diagn\u00f3stico Participativo 2024 - Alcaldia Alberto Adriani","description":"Clpp presento el cronograma de las Asambleas para el Diagn\u00f3stico Participativo 2024 a partir del pr\u00f3ximo lunes 26 de junio.","robots":{"index":"index","follow":"follow","max-snippet":"max-snippet:-1","max-image-preview":"max-image-preview:large","max-video-preview":"max-video-preview:-1"},"canonical":"https:\/\/alcaldiaalbertoadriani.com\/?p=2810","og_locale":"es_ES","og_type":"article","og_title":"Clpp realizar\u00e1 Asambleas para el Diagn\u00f3stico Participativo 2024 - Alcaldia Alberto Adriani","og_description":"Clpp presento el cronograma de las Asambleas para el Diagn\u00f3stico Participativo 2024 a partir del pr\u00f3ximo lunes 26 de junio.","og_url":"https:\/\/alcaldiaalbertoadriani.com\/?p=2810","og_site_name":"Alcaldia Alberto Adriani","article_published_time":"2023-06-23T23:10:49+00:00","article_modified_time":"2023-06-23T23:10:55+00:00","og_image":[{"width":1280,"height":1280,"url":"https:\/\/alcaldiaalbertoadriani.com\/wp-content\/uploads\/2023\/06\/photo_2023-06-23_18-49-15-2.jpg","type":"image\/jpeg"}],"author":"Prensa","twitter_card":"summary_large_image","twitter_misc":{"Escrito por":"Prensa","Tiempo de lectura":"4 minutos"},"schema":{"@context":"https:\/\/schema.org","@graph":[{"@type":"WebPage","@id":"https:\/\/alcaldiaalbertoadriani.com\/?p=2810","url":"https:\/\/alcaldiaalbertoadriani.com\/?p=2810","name":"Clpp realizar\u00e1 Asambleas para el Diagn\u00f3stico Participativo 2024 - Alcaldia Alberto Adriani","isPartOf":{"@id":"https:\/\/alcaldiaalbertoadriani.com\/#website"},"datePublished":"2023-06-23T23:10:49+00:00","dateModified":"2023-06-23T23:10:55+00:00","author":{"@id":"https:\/\/alcaldiaalbertoadriani.com\/#\/schema\/person\/549b4483ff8999ac780deeea78795fc9"},"description":"Clpp presento el cronograma de las Asambleas para el Diagn\u00f3stico Participativo 2024 a partir del pr\u00f3ximo lunes 26 de junio.","breadcrumb":{"@id":"https:\/\/alcaldiaalbertoadriani.com\/?p=2810#breadcrumb"},"inLanguage":"es","potentialAction":[{"@type":"ReadAction","target":["https:\/\/alcaldiaalbertoadriani.com\/?p=2810"]}]},{"@type":"BreadcrumbList","@id":"https:\/\/alcaldiaalbertoadriani.com\/?p=2810#breadcrumb","itemListElement":[{"@type":"ListItem","position":1,"name":"Portada","item":"https:\/\/alcaldiaalbertoadriani.com\/"},{"@type":"ListItem","position":2,"name":"Clpp realizar\u00e1 Asambleas para el Diagn\u00f3stico Participativo 2024"}]},{"@type":"WebSite","@id":"https:\/\/alcaldiaalbertoadriani.com\/#website","url":"https:\/\/alcaldiaalbertoadriani.com\/","name":"Alcaldia Alberto Adriani","description":"","potentialAction":[{"@type":"SearchAction","target":{"@type":"EntryPoint","urlTemplate":"https:\/\/alcaldiaalbertoadriani.com\/?s={search_term_string}"},"query-input":"required name=search_term_string"}],"inLanguage":"es"},{"@type":"Person","@id":"https:\/\/alcaldiaalbertoadriani.com\/#\/schema\/person\/549b4483ff8999ac780deeea78795fc9","name":"Prensa","image":{"@type":"ImageObject","inLanguage":"es","@id":"https:\/\/alcaldiaalbertoadriani.com\/#\/schema\/person\/image\/","url":"https:\/\/secure.gravatar.com\/avatar\/ea1cb567ea992a29627f4eee1c2eb185ec16decec6342d508fdf18dedb56c9de?s=96&d=mm&r=g","contentUrl":"https:\/\/secure.gravatar.com\/avatar\/ea1cb567ea992a29627f4eee1c2eb185ec16decec6342d508fdf18dedb56c9de?s=96&d=mm&r=g","caption":"Prensa"},"url":"https:\/\/alcaldiaalbertoadriani.com\/?author=2"}]}},"_links":{"self":[{"href":"https:\/\/alcaldiaalbertoadriani.com\/index.php?rest_route=\/wp\/v2\/posts\/2810","targetHints":{"allow":["GET"]}}],"collection":[{"href":"https:\/\/alcaldiaalbertoadriani.com\/index.php?rest_route=\/wp\/v2\/posts"}],"about":[{"href":"https:\/\/alcaldiaalbertoadriani.com\/index.php?rest_route=\/wp\/v2\/types\/post"}],"author":[{"embeddable":true,"href":"https:\/\/alcaldiaalbertoadriani.com\/index.php?rest_route=\/wp\/v2\/users\/2"}],"replies":[{"embeddable":true,"href":"https:\/\/alcaldiaalbertoadriani.com\/index.php?rest_route=%2Fwp%2Fv2%2Fcomments&post=2810"}],"version-history":[{"count":1,"href":"https:\/\/alcaldiaalbertoadriani.com\/index.php?rest_route=\/wp\/v2\/posts\/2810\/revisions"}],"predecessor-version":[{"id":2817,"href":"https:\/\/alcaldiaalbertoadriani.com\/index.php?rest_route=\/wp\/v2\/posts\/2810\/revisions\/2817"}],"wp:featuredmedia":[{"embeddable":true,"href":"https:\/\/alcaldiaalbertoadriani.com\/index.php?rest_route=\/wp\/v2\/media\/2811"}],"wp:attachment":[{"href":"https:\/\/alcaldiaalbertoadriani.com\/index.php?rest_route=%2Fwp%2Fv2%2Fmedia&parent=2810"}],"wp:term":[{"taxonomy":"category","embeddable":true,"href":"https:\/\/alcaldiaalbertoadriani.com\/index.php?rest_route=%2Fwp%2Fv2%2Fcategories&post=2810"},{"taxonomy":"post_tag","embeddable":true,"href":"https:\/\/alcaldiaalbertoadriani.com\/index.php?rest_route=%2Fwp%2Fv2%2Ftags&post=2810"}],"curies":[{"name":"wp","href":"https:\/\/api.w.org\/{rel}","templated":true}]}}