{"id":2768,"date":"2023-06-21T20:54:41","date_gmt":"2023-06-21T20:54:41","guid":{"rendered":"https:\/\/alcaldiaalbertoadriani.com\/?p=2768"},"modified":"2023-06-21T20:54:46","modified_gmt":"2023-06-21T20:54:46","slug":"foro-de-salud-mental","status":"publish","type":"post","link":"https:\/\/alcaldiaalbertoadriani.com\/?p=2768","title":{"rendered":"Foro de Salud Mental en El Vig\u00eda fue todo un \u00e9xito"},"content":{"rendered":"<div class=\"wp-block-post-excerpt\"><p class=\"wp-block-post-excerpt__excerpt\">La actividad en la que participaron m\u00e1s de 400 personas fue apoyada por el Instituto Aut\u00f3nomo Municipal de la Cultura <\/p><\/div>\n\n\n<p>Fabi\u00e1n Morales, organizador del <a href=\"https:\/\/alcaldiaalbertoadriani.com\/?p=2753\" target=\"_blank\" rel=\"noreferrer noopener\">Foro de Salud Mental<\/a> en el cual participaron m\u00e1s de 400 personas, agradeci\u00f3 al personal del <a href=\"https:\/\/alcaldiaalbertoadriani.com\/?p=2526\" target=\"_blank\" rel=\"noreferrer noopener\">Instituto Aut\u00f3nomo Municipal de la Cultura \u2013Iamcaa-<\/a>, por el apoyo brindado durante la realizaci\u00f3n del mismo.<\/p>\n\n\n\n<p>Rese\u00f1\u00f3 Morales que la actividad se dividi\u00f3 en dos conferencias, una para el rejuvenecimiento celular y otra para superar la ansiedad en tiempos de crisis.<\/p>\n\n\n\n<!--more-->\n\n\n\n<h2 class=\"wp-block-heading\">Sorteos y donativos del Foro de Salud Mental<\/h2>\n\n\n\n<p>Por otro lado, acot\u00f3 que gracias a la colaboraci\u00f3n de varios comerciantes de la zona \u201cse realizaron sorteos de productos alimenticios y f\u00e1rmacos, adem\u00e1s, la donaci\u00f3n de citas gratuitas para los servicios de medicina general, cardiolog\u00eda, pediatr\u00eda, psiquiatr\u00eda y urolog\u00eda en consultorios privados\u201d, puntualiz\u00f3.<\/p>\n\n\n\n<p>Fabi\u00e1n Morales agradeci\u00f3 la buena receptividad del <a href=\"https:\/\/twitter.com\/lisandrosegura\" target=\"_blank\" rel=\"noreferrer noopener\">alcalde Lisandro Segura<\/a> y Keibert Rojas, presidente del Iamcaa, por el apoyo brindado en la realizaci\u00f3n de la jornada.<\/p>\n\n\n\n<p>Cabe destacar que el foro se efectu\u00f3 el s\u00e1bado 17 de junio en el Teatro Arturo Uslar Pietri del Centro Cultural Mariano Pic\u00f3n Salas de El Vig\u00eda. <strong>Prensa Alcald\u00eda Alberto Adriani\/Edgar Mendoza CNP. 25.736\/Fotos: Iamcaa.<\/strong><\/p>\n\n\n\n<figure class=\"wp-block-image size-full\"><img loading=\"lazy\" decoding=\"async\" width=\"756\" height=\"756\" src=\"https:\/\/alcaldiaalbertoadriani.com\/wp-content\/uploads\/2023\/06\/IMG_20230619_220837_777.webp\" alt=\"\" class=\"wp-image-2771\" srcset=\"https:\/\/alcaldiaalbertoadriani.com\/wp-content\/uploads\/2023\/06\/IMG_20230619_220837_777.webp 756w, https:\/\/alcaldiaalbertoadriani.com\/wp-content\/uploads\/2023\/06\/IMG_20230619_220837_777-480x480.webp 480w\" sizes=\"auto, (min-width: 0px) and (max-width: 480px) 480px, (min-width: 481px) 756px, 100vw\" \/><figcaption><strong>Foto: Foro de Salud Mental Teatro Arturo Uslar Pietri del Centro Cultural Mariano Pic\u00f3n Salas de El Vig\u00eda.<\/strong><\/figcaption><\/figure>\n","protected":false},"excerpt":{"rendered":"<p><em><strong>La actividad en la que participaron m\u00e1s de 400 personas fue apoyada por el Instituto Aut\u00f3nomo Municipal de la Cultura<\/strong><\/em><\/p>\n","protected":false},"author":2,"featured_media":2770,"comment_status":"closed","ping_status":"closed","sticky":false,"template":"","format":"standard","meta":{"_et_pb_use_builder":"off","_et_pb_old_content":"","_et_gb_content_width":"","footnotes":""},"categories":[341,21,77,25],"tags":[31,11,12,15,30,29,28],"class_list":["post-2768","post","type-post","status-publish","format-standard","has-post-thumbnail","hentry","category-alcaldia-alberto-adriani","category-charla","category-iamcaa","category-nuestro-municipio","tag-alcalde","tag-alcaldia","tag-alcaldiaalbertoadriani","tag-elvigia","tag-lisandrosegura","tag-municipioquenosmerecemos","tag-porelrenacer"],"yoast_head":"<!-- This site is optimized with the Yoast SEO plugin v19.13 - https:\/\/yoast.com\/wordpress\/plugins\/seo\/ -->\n<title>Foro de Salud Mental en El Vig\u00eda fue todo un \u00e9xito - Alcaldia Alberto Adriani<\/title>\n<meta name=\"description\" content=\"Fabi\u00e1n Morales, organizador del Foro de Salud Mental en el cual participaron m\u00e1s de 400 personas, agradeci\u00f3 al personal del Iamcaa.\" \/>\n<meta name=\"robots\" content=\"index, follow, max-snippet:-1, max-image-preview:large, max-video-preview:-1\" \/>\n<link rel=\"canonical\" href=\"https:\/\/alcaldiaalbertoadriani.com\/?p=2768\" \/>\n<meta property=\"og:locale\" content=\"es_ES\" \/>\n<meta property=\"og:type\" content=\"article\" \/>\n<meta property=\"og:title\" content=\"Foro de Salud Mental en El Vig\u00eda fue todo un \u00e9xito - Alcaldia Alberto Adriani\" \/>\n<meta property=\"og:description\" content=\"Fabi\u00e1n Morales, organizador del Foro de Salud Mental en el cual participaron m\u00e1s de 400 personas, agradeci\u00f3 al personal del Iamcaa.\" \/>\n<meta property=\"og:url\" content=\"https:\/\/alcaldiaalbertoadriani.com\/?p=2768\" \/>\n<meta property=\"og:site_name\" content=\"Alcaldia Alberto Adriani\" \/>\n<meta property=\"article:published_time\" content=\"2023-06-21T20:54:41+00:00\" \/>\n<meta property=\"article:modified_time\" content=\"2023-06-21T20:54:46+00:00\" \/>\n<meta property=\"og:image\" content=\"https:\/\/alcaldiaalbertoadriani.com\/wp-content\/uploads\/2023\/06\/IMG-20230620-WA0052.jpg\" \/>\n\t<meta property=\"og:image:width\" content=\"1041\" \/>\n\t<meta property=\"og:image:height\" content=\"1280\" \/>\n\t<meta property=\"og:image:type\" content=\"image\/jpeg\" \/>\n<meta name=\"author\" content=\"Prensa\" \/>\n<meta name=\"twitter:card\" content=\"summary_large_image\" \/>\n<meta name=\"twitter:label1\" content=\"Escrito por\" \/>\n\t<meta name=\"twitter:data1\" content=\"Prensa\" \/>\n\t<meta name=\"twitter:label2\" content=\"Tiempo de lectura\" \/>\n\t<meta name=\"twitter:data2\" content=\"2 minutos\" \/>\n<script type=\"application\/ld+json\" class=\"yoast-schema-graph\">{\"@context\":\"https:\/\/schema.org\",\"@graph\":[{\"@type\":\"WebPage\",\"@id\":\"https:\/\/alcaldiaalbertoadriani.com\/?p=2768\",\"url\":\"https:\/\/alcaldiaalbertoadriani.com\/?p=2768\",\"name\":\"Foro de Salud Mental en El Vig\u00eda fue todo un \u00e9xito - Alcaldia Alberto Adriani\",\"isPartOf\":{\"@id\":\"https:\/\/alcaldiaalbertoadriani.com\/#website\"},\"datePublished\":\"2023-06-21T20:54:41+00:00\",\"dateModified\":\"2023-06-21T20:54:46+00:00\",\"author\":{\"@id\":\"https:\/\/alcaldiaalbertoadriani.com\/#\/schema\/person\/549b4483ff8999ac780deeea78795fc9\"},\"description\":\"Fabi\u00e1n Morales, organizador del Foro de Salud Mental en el cual participaron m\u00e1s de 400 personas, agradeci\u00f3 al personal del Iamcaa.\",\"breadcrumb\":{\"@id\":\"https:\/\/alcaldiaalbertoadriani.com\/?p=2768#breadcrumb\"},\"inLanguage\":\"es\",\"potentialAction\":[{\"@type\":\"ReadAction\",\"target\":[\"https:\/\/alcaldiaalbertoadriani.com\/?p=2768\"]}]},{\"@type\":\"BreadcrumbList\",\"@id\":\"https:\/\/alcaldiaalbertoadriani.com\/?p=2768#breadcrumb\",\"itemListElement\":[{\"@type\":\"ListItem\",\"position\":1,\"name\":\"Portada\",\"item\":\"https:\/\/alcaldiaalbertoadriani.com\/\"},{\"@type\":\"ListItem\",\"position\":2,\"name\":\"Foro de Salud Mental en El Vig\u00eda fue todo un \u00e9xito\"}]},{\"@type\":\"WebSite\",\"@id\":\"https:\/\/alcaldiaalbertoadriani.com\/#website\",\"url\":\"https:\/\/alcaldiaalbertoadriani.com\/\",\"name\":\"Alcaldia Alberto Adriani\",\"description\":\"\",\"potentialAction\":[{\"@type\":\"SearchAction\",\"target\":{\"@type\":\"EntryPoint\",\"urlTemplate\":\"https:\/\/alcaldiaalbertoadriani.com\/?s={search_term_string}\"},\"query-input\":\"required name=search_term_string\"}],\"inLanguage\":\"es\"},{\"@type\":\"Person\",\"@id\":\"https:\/\/alcaldiaalbertoadriani.com\/#\/schema\/person\/549b4483ff8999ac780deeea78795fc9\",\"name\":\"Prensa\",\"image\":{\"@type\":\"ImageObject\",\"inLanguage\":\"es\",\"@id\":\"https:\/\/alcaldiaalbertoadriani.com\/#\/schema\/person\/image\/\",\"url\":\"https:\/\/secure.gravatar.com\/avatar\/ea1cb567ea992a29627f4eee1c2eb185ec16decec6342d508fdf18dedb56c9de?s=96&d=mm&r=g\",\"contentUrl\":\"https:\/\/secure.gravatar.com\/avatar\/ea1cb567ea992a29627f4eee1c2eb185ec16decec6342d508fdf18dedb56c9de?s=96&d=mm&r=g\",\"caption\":\"Prensa\"},\"url\":\"https:\/\/alcaldiaalbertoadriani.com\/?author=2\"}]}<\/script>\n<!-- \/ Yoast SEO plugin. -->","yoast_head_json":{"title":"Foro de Salud Mental en El Vig\u00eda fue todo un \u00e9xito - Alcaldia Alberto Adriani","description":"Fabi\u00e1n Morales, organizador del Foro de Salud Mental en el cual participaron m\u00e1s de 400 personas, agradeci\u00f3 al personal del Iamcaa.","robots":{"index":"index","follow":"follow","max-snippet":"max-snippet:-1","max-image-preview":"max-image-preview:large","max-video-preview":"max-video-preview:-1"},"canonical":"https:\/\/alcaldiaalbertoadriani.com\/?p=2768","og_locale":"es_ES","og_type":"article","og_title":"Foro de Salud Mental en El Vig\u00eda fue todo un \u00e9xito - Alcaldia Alberto Adriani","og_description":"Fabi\u00e1n Morales, organizador del Foro de Salud Mental en el cual participaron m\u00e1s de 400 personas, agradeci\u00f3 al personal del Iamcaa.","og_url":"https:\/\/alcaldiaalbertoadriani.com\/?p=2768","og_site_name":"Alcaldia Alberto Adriani","article_published_time":"2023-06-21T20:54:41+00:00","article_modified_time":"2023-06-21T20:54:46+00:00","og_image":[{"width":1041,"height":1280,"url":"https:\/\/alcaldiaalbertoadriani.com\/wp-content\/uploads\/2023\/06\/IMG-20230620-WA0052.jpg","type":"image\/jpeg"}],"author":"Prensa","twitter_card":"summary_large_image","twitter_misc":{"Escrito por":"Prensa","Tiempo de lectura":"2 minutos"},"schema":{"@context":"https:\/\/schema.org","@graph":[{"@type":"WebPage","@id":"https:\/\/alcaldiaalbertoadriani.com\/?p=2768","url":"https:\/\/alcaldiaalbertoadriani.com\/?p=2768","name":"Foro de Salud Mental en El Vig\u00eda fue todo un \u00e9xito - Alcaldia Alberto Adriani","isPartOf":{"@id":"https:\/\/alcaldiaalbertoadriani.com\/#website"},"datePublished":"2023-06-21T20:54:41+00:00","dateModified":"2023-06-21T20:54:46+00:00","author":{"@id":"https:\/\/alcaldiaalbertoadriani.com\/#\/schema\/person\/549b4483ff8999ac780deeea78795fc9"},"description":"Fabi\u00e1n Morales, organizador del Foro de Salud Mental en el cual participaron m\u00e1s de 400 personas, agradeci\u00f3 al personal del Iamcaa.","breadcrumb":{"@id":"https:\/\/alcaldiaalbertoadriani.com\/?p=2768#breadcrumb"},"inLanguage":"es","potentialAction":[{"@type":"ReadAction","target":["https:\/\/alcaldiaalbertoadriani.com\/?p=2768"]}]},{"@type":"BreadcrumbList","@id":"https:\/\/alcaldiaalbertoadriani.com\/?p=2768#breadcrumb","itemListElement":[{"@type":"ListItem","position":1,"name":"Portada","item":"https:\/\/alcaldiaalbertoadriani.com\/"},{"@type":"ListItem","position":2,"name":"Foro de Salud Mental en El Vig\u00eda fue todo un \u00e9xito"}]},{"@type":"WebSite","@id":"https:\/\/alcaldiaalbertoadriani.com\/#website","url":"https:\/\/alcaldiaalbertoadriani.com\/","name":"Alcaldia Alberto Adriani","description":"","potentialAction":[{"@type":"SearchAction","target":{"@type":"EntryPoint","urlTemplate":"https:\/\/alcaldiaalbertoadriani.com\/?s={search_term_string}"},"query-input":"required name=search_term_string"}],"inLanguage":"es"},{"@type":"Person","@id":"https:\/\/alcaldiaalbertoadriani.com\/#\/schema\/person\/549b4483ff8999ac780deeea78795fc9","name":"Prensa","image":{"@type":"ImageObject","inLanguage":"es","@id":"https:\/\/alcaldiaalbertoadriani.com\/#\/schema\/person\/image\/","url":"https:\/\/secure.gravatar.com\/avatar\/ea1cb567ea992a29627f4eee1c2eb185ec16decec6342d508fdf18dedb56c9de?s=96&d=mm&r=g","contentUrl":"https:\/\/secure.gravatar.com\/avatar\/ea1cb567ea992a29627f4eee1c2eb185ec16decec6342d508fdf18dedb56c9de?s=96&d=mm&r=g","caption":"Prensa"},"url":"https:\/\/alcaldiaalbertoadriani.com\/?author=2"}]}},"_links":{"self":[{"href":"https:\/\/alcaldiaalbertoadriani.com\/index.php?rest_route=\/wp\/v2\/posts\/2768","targetHints":{"allow":["GET"]}}],"collection":[{"href":"https:\/\/alcaldiaalbertoadriani.com\/index.php?rest_route=\/wp\/v2\/posts"}],"about":[{"href":"https:\/\/alcaldiaalbertoadriani.com\/index.php?rest_route=\/wp\/v2\/types\/post"}],"author":[{"embeddable":true,"href":"https:\/\/alcaldiaalbertoadriani.com\/index.php?rest_route=\/wp\/v2\/users\/2"}],"replies":[{"embeddable":true,"href":"https:\/\/alcaldiaalbertoadriani.com\/index.php?rest_route=%2Fwp%2Fv2%2Fcomments&post=2768"}],"version-history":[{"count":1,"href":"https:\/\/alcaldiaalbertoadriani.com\/index.php?rest_route=\/wp\/v2\/posts\/2768\/revisions"}],"predecessor-version":[{"id":2772,"href":"https:\/\/alcaldiaalbertoadriani.com\/index.php?rest_route=\/wp\/v2\/posts\/2768\/revisions\/2772"}],"wp:featuredmedia":[{"embeddable":true,"href":"https:\/\/alcaldiaalbertoadriani.com\/index.php?rest_route=\/wp\/v2\/media\/2770"}],"wp:attachment":[{"href":"https:\/\/alcaldiaalbertoadriani.com\/index.php?rest_route=%2Fwp%2Fv2%2Fmedia&parent=2768"}],"wp:term":[{"taxonomy":"category","embeddable":true,"href":"https:\/\/alcaldiaalbertoadriani.com\/index.php?rest_route=%2Fwp%2Fv2%2Fcategories&post=2768"},{"taxonomy":"post_tag","embeddable":true,"href":"https:\/\/alcaldiaalbertoadriani.com\/index.php?rest_route=%2Fwp%2Fv2%2Ftags&post=2768"}],"curies":[{"name":"wp","href":"https:\/\/api.w.org\/{rel}","templated":true}]}}