{"id":2753,"date":"2023-06-19T23:52:25","date_gmt":"2023-06-19T23:52:25","guid":{"rendered":"https:\/\/alcaldiaalbertoadriani.com\/?p=2753"},"modified":"2023-06-21T20:29:48","modified_gmt":"2023-06-21T20:29:48","slug":"foro-salud-mental","status":"publish","type":"post","link":"https:\/\/alcaldiaalbertoadriani.com\/?p=2753","title":{"rendered":"M\u00e1s de 400 personas participaron en el Foro de Salud Mental"},"content":{"rendered":"<div class=\"wp-block-post-excerpt\"><p class=\"wp-block-post-excerpt__excerpt\">La actividad estuvo a cargo del licenciado Fabi\u00e1n Morales y participaron personas de las siete parroquias del municipio Alberto Adriani <\/p><\/div>\n\n\n<p>Con el prop\u00f3sito de contrarrestar la depresi\u00f3n en el ser humano, funcionarios del <a href=\"https:\/\/alcaldiaalbertoadriani.com\/?p=2526\" target=\"_blank\" rel=\"noreferrer noopener\">Instituto Aut\u00f3nomo Municipal de la Cultura \u2013Iamcaa-<\/a>, realizaron un Foro de Salud Mental en el Teatro Arturo Uslar Pietri del Centro Cultural Mariano Pic\u00f3n Salas de El Vig\u00eda.<\/p>\n\n\n\n<h2 class=\"wp-block-heading\">Foro de Salud Mental<\/h2>\n\n\n\n<p>As\u00ed lo inform\u00f3 Keibert Rojas, presidente del Iamcaa, al se\u00f1alar que m\u00e1s de 400 personas provenientes de las siete parroquias del <a href=\"https:\/\/www.facebook.com\/alcaldiaaa\" target=\"_blank\" rel=\"noreferrer noopener\">municipio Alberto Adriani<\/a> participaron en el foro.<\/p>\n\n\n\n<figure class=\"wp-block-image size-full\"><img loading=\"lazy\" decoding=\"async\" width=\"1008\" height=\"756\" src=\"https:\/\/alcaldiaalbertoadriani.com\/wp-content\/uploads\/2023\/06\/photo_2023-06-19_19-39-57.jpg\" alt=\"\" class=\"wp-image-2754\" srcset=\"https:\/\/alcaldiaalbertoadriani.com\/wp-content\/uploads\/2023\/06\/photo_2023-06-19_19-39-57.jpg 1008w, https:\/\/alcaldiaalbertoadriani.com\/wp-content\/uploads\/2023\/06\/photo_2023-06-19_19-39-57-980x735.jpg 980w, https:\/\/alcaldiaalbertoadriani.com\/wp-content\/uploads\/2023\/06\/photo_2023-06-19_19-39-57-480x360.jpg 480w\" sizes=\"auto, (min-width: 0px) and (max-width: 480px) 480px, (min-width: 481px) and (max-width: 980px) 980px, (min-width: 981px) 1008px, 100vw\" \/><\/figure>\n\n\n\n<!--more-->\n\n\n\n<h2 class=\"wp-block-heading\">Depresi\u00f3n y valores<\/h2>\n\n\n\n<p>Keibert Rojas explic\u00f3 que el foro estuvo a cargo del licenciado Fabi\u00e1n Morales, quien en su tem\u00e1tica abord\u00f3 todo lo relacionado a la depresi\u00f3n, valores y principios.<\/p>\n\n\n\n<p>\u201cTambi\u00e9n se habl\u00f3 sobre el nacimiento del ser humano y se estudiaron varias conductas, porque sabemos que si algo nos est\u00e1 atacando \u00faltimamente es la depresi\u00f3n y el estr\u00e9s\u201d, puntualiz\u00f3.<\/p>\n\n\n\n<p>Vale destacar que el foro tuvo una duraci\u00f3n de dos horas y se efectu\u00f3 el s\u00e1bado 17 de junio en la mencionada instituci\u00f3n.<\/p>\n\n\n\n<p>Dijo el funcionario que de la mano del Iamcaa y el <a href=\"https:\/\/www.facebook.com\/LisandroRamirezSegura\" target=\"_blank\" rel=\"noreferrer noopener\">alcalde Lisandro Segura<\/a>, \u201cestamos brindando todas las herramientas necesarias a las comunidades, para no dejarnos agobiar por las cosas del d\u00eda a d\u00eda mediante estos foros de educaci\u00f3n mental\u201d, asever\u00f3.<\/p>\n\n\n\n<p>Por \u00faltimo, Keibert Rojas recalc\u00f3 que seguir\u00e1n promoviendo este tipo de actividades educativas en comunidades e instituciones p\u00fablicas, para continuar en la construcci\u00f3n del municipio que los vig\u00edenses se merecen. <strong>Prensa Alcald\u00eda Alberto Adriani\/Edgar Mendoza CNP. 25.736\/Fotos: Iamcaa.<\/strong><\/p>\n","protected":false},"excerpt":{"rendered":"<p><strong><em>La actividad estuvo a cargo del licenciado Fabi\u00e1n Morales y participaron personas de las siete parroquias del municipio Alberto Adriani<\/em><\/strong><\/p>\n","protected":false},"author":2,"featured_media":2755,"comment_status":"closed","ping_status":"closed","sticky":false,"template":"","format":"standard","meta":{"_et_pb_use_builder":"off","_et_pb_old_content":"","_et_gb_content_width":"","footnotes":""},"categories":[78,352,77,25],"tags":[31,11,12,15,30,29,28],"class_list":["post-2753","post","type-post","status-publish","format-standard","has-post-thumbnail","hentry","category-cultura","category-educacion","category-iamcaa","category-nuestro-municipio","tag-alcalde","tag-alcaldia","tag-alcaldiaalbertoadriani","tag-elvigia","tag-lisandrosegura","tag-municipioquenosmerecemos","tag-porelrenacer"],"yoast_head":"<!-- This site is optimized with the Yoast SEO plugin v19.13 - https:\/\/yoast.com\/wordpress\/plugins\/seo\/ -->\n<title>M\u00e1s de 400 personas participaron en el Foro de Salud Mental - Alcaldia Alberto Adriani<\/title>\n<meta name=\"description\" content=\"Funcionarios del Iamcaa realizaron un Foro de Salud Mental en el Teatro Arturo Uslar Pietri del Centro Cultural Mariano Pic\u00f3n Salas.\" \/>\n<meta name=\"robots\" content=\"index, follow, max-snippet:-1, max-image-preview:large, max-video-preview:-1\" \/>\n<link rel=\"canonical\" href=\"https:\/\/alcaldiaalbertoadriani.com\/?p=2753\" \/>\n<meta property=\"og:locale\" content=\"es_ES\" \/>\n<meta property=\"og:type\" content=\"article\" \/>\n<meta property=\"og:title\" content=\"M\u00e1s de 400 personas participaron en el Foro de Salud Mental - Alcaldia Alberto Adriani\" \/>\n<meta property=\"og:description\" content=\"Funcionarios del Iamcaa realizaron un Foro de Salud Mental en el Teatro Arturo Uslar Pietri del Centro Cultural Mariano Pic\u00f3n Salas.\" \/>\n<meta property=\"og:url\" content=\"https:\/\/alcaldiaalbertoadriani.com\/?p=2753\" \/>\n<meta property=\"og:site_name\" content=\"Alcaldia Alberto Adriani\" \/>\n<meta property=\"article:published_time\" content=\"2023-06-19T23:52:25+00:00\" \/>\n<meta property=\"article:modified_time\" content=\"2023-06-21T20:29:48+00:00\" \/>\n<meta property=\"og:image\" content=\"https:\/\/alcaldiaalbertoadriani.com\/wp-content\/uploads\/2023\/06\/photo_2023-06-19_19-39-58.jpg\" \/>\n\t<meta property=\"og:image:width\" content=\"1280\" \/>\n\t<meta property=\"og:image:height\" content=\"960\" \/>\n\t<meta property=\"og:image:type\" content=\"image\/jpeg\" \/>\n<meta name=\"author\" content=\"Prensa\" \/>\n<meta name=\"twitter:card\" content=\"summary_large_image\" \/>\n<meta name=\"twitter:label1\" content=\"Escrito por\" \/>\n\t<meta name=\"twitter:data1\" content=\"Prensa\" \/>\n\t<meta name=\"twitter:label2\" content=\"Tiempo de lectura\" \/>\n\t<meta name=\"twitter:data2\" content=\"2 minutos\" \/>\n<script type=\"application\/ld+json\" class=\"yoast-schema-graph\">{\"@context\":\"https:\/\/schema.org\",\"@graph\":[{\"@type\":\"WebPage\",\"@id\":\"https:\/\/alcaldiaalbertoadriani.com\/?p=2753\",\"url\":\"https:\/\/alcaldiaalbertoadriani.com\/?p=2753\",\"name\":\"M\u00e1s de 400 personas participaron en el Foro de Salud Mental - Alcaldia Alberto Adriani\",\"isPartOf\":{\"@id\":\"https:\/\/alcaldiaalbertoadriani.com\/#website\"},\"datePublished\":\"2023-06-19T23:52:25+00:00\",\"dateModified\":\"2023-06-21T20:29:48+00:00\",\"author\":{\"@id\":\"https:\/\/alcaldiaalbertoadriani.com\/#\/schema\/person\/549b4483ff8999ac780deeea78795fc9\"},\"description\":\"Funcionarios del Iamcaa realizaron un Foro de Salud Mental en el Teatro Arturo Uslar Pietri del Centro Cultural Mariano Pic\u00f3n Salas.\",\"breadcrumb\":{\"@id\":\"https:\/\/alcaldiaalbertoadriani.com\/?p=2753#breadcrumb\"},\"inLanguage\":\"es\",\"potentialAction\":[{\"@type\":\"ReadAction\",\"target\":[\"https:\/\/alcaldiaalbertoadriani.com\/?p=2753\"]}]},{\"@type\":\"BreadcrumbList\",\"@id\":\"https:\/\/alcaldiaalbertoadriani.com\/?p=2753#breadcrumb\",\"itemListElement\":[{\"@type\":\"ListItem\",\"position\":1,\"name\":\"Portada\",\"item\":\"https:\/\/alcaldiaalbertoadriani.com\/\"},{\"@type\":\"ListItem\",\"position\":2,\"name\":\"M\u00e1s de 400 personas participaron en el Foro de Salud Mental\"}]},{\"@type\":\"WebSite\",\"@id\":\"https:\/\/alcaldiaalbertoadriani.com\/#website\",\"url\":\"https:\/\/alcaldiaalbertoadriani.com\/\",\"name\":\"Alcaldia Alberto Adriani\",\"description\":\"\",\"potentialAction\":[{\"@type\":\"SearchAction\",\"target\":{\"@type\":\"EntryPoint\",\"urlTemplate\":\"https:\/\/alcaldiaalbertoadriani.com\/?s={search_term_string}\"},\"query-input\":\"required name=search_term_string\"}],\"inLanguage\":\"es\"},{\"@type\":\"Person\",\"@id\":\"https:\/\/alcaldiaalbertoadriani.com\/#\/schema\/person\/549b4483ff8999ac780deeea78795fc9\",\"name\":\"Prensa\",\"image\":{\"@type\":\"ImageObject\",\"inLanguage\":\"es\",\"@id\":\"https:\/\/alcaldiaalbertoadriani.com\/#\/schema\/person\/image\/\",\"url\":\"https:\/\/secure.gravatar.com\/avatar\/ea1cb567ea992a29627f4eee1c2eb185ec16decec6342d508fdf18dedb56c9de?s=96&d=mm&r=g\",\"contentUrl\":\"https:\/\/secure.gravatar.com\/avatar\/ea1cb567ea992a29627f4eee1c2eb185ec16decec6342d508fdf18dedb56c9de?s=96&d=mm&r=g\",\"caption\":\"Prensa\"},\"url\":\"https:\/\/alcaldiaalbertoadriani.com\/?author=2\"}]}<\/script>\n<!-- \/ Yoast SEO plugin. -->","yoast_head_json":{"title":"M\u00e1s de 400 personas participaron en el Foro de Salud Mental - Alcaldia Alberto Adriani","description":"Funcionarios del Iamcaa realizaron un Foro de Salud Mental en el Teatro Arturo Uslar Pietri del Centro Cultural Mariano Pic\u00f3n Salas.","robots":{"index":"index","follow":"follow","max-snippet":"max-snippet:-1","max-image-preview":"max-image-preview:large","max-video-preview":"max-video-preview:-1"},"canonical":"https:\/\/alcaldiaalbertoadriani.com\/?p=2753","og_locale":"es_ES","og_type":"article","og_title":"M\u00e1s de 400 personas participaron en el Foro de Salud Mental - Alcaldia Alberto Adriani","og_description":"Funcionarios del Iamcaa realizaron un Foro de Salud Mental en el Teatro Arturo Uslar Pietri del Centro Cultural Mariano Pic\u00f3n Salas.","og_url":"https:\/\/alcaldiaalbertoadriani.com\/?p=2753","og_site_name":"Alcaldia Alberto Adriani","article_published_time":"2023-06-19T23:52:25+00:00","article_modified_time":"2023-06-21T20:29:48+00:00","og_image":[{"width":1280,"height":960,"url":"https:\/\/alcaldiaalbertoadriani.com\/wp-content\/uploads\/2023\/06\/photo_2023-06-19_19-39-58.jpg","type":"image\/jpeg"}],"author":"Prensa","twitter_card":"summary_large_image","twitter_misc":{"Escrito por":"Prensa","Tiempo de lectura":"2 minutos"},"schema":{"@context":"https:\/\/schema.org","@graph":[{"@type":"WebPage","@id":"https:\/\/alcaldiaalbertoadriani.com\/?p=2753","url":"https:\/\/alcaldiaalbertoadriani.com\/?p=2753","name":"M\u00e1s de 400 personas participaron en el Foro de Salud Mental - Alcaldia Alberto Adriani","isPartOf":{"@id":"https:\/\/alcaldiaalbertoadriani.com\/#website"},"datePublished":"2023-06-19T23:52:25+00:00","dateModified":"2023-06-21T20:29:48+00:00","author":{"@id":"https:\/\/alcaldiaalbertoadriani.com\/#\/schema\/person\/549b4483ff8999ac780deeea78795fc9"},"description":"Funcionarios del Iamcaa realizaron un Foro de Salud Mental en el Teatro Arturo Uslar Pietri del Centro Cultural Mariano Pic\u00f3n Salas.","breadcrumb":{"@id":"https:\/\/alcaldiaalbertoadriani.com\/?p=2753#breadcrumb"},"inLanguage":"es","potentialAction":[{"@type":"ReadAction","target":["https:\/\/alcaldiaalbertoadriani.com\/?p=2753"]}]},{"@type":"BreadcrumbList","@id":"https:\/\/alcaldiaalbertoadriani.com\/?p=2753#breadcrumb","itemListElement":[{"@type":"ListItem","position":1,"name":"Portada","item":"https:\/\/alcaldiaalbertoadriani.com\/"},{"@type":"ListItem","position":2,"name":"M\u00e1s de 400 personas participaron en el Foro de Salud Mental"}]},{"@type":"WebSite","@id":"https:\/\/alcaldiaalbertoadriani.com\/#website","url":"https:\/\/alcaldiaalbertoadriani.com\/","name":"Alcaldia Alberto Adriani","description":"","potentialAction":[{"@type":"SearchAction","target":{"@type":"EntryPoint","urlTemplate":"https:\/\/alcaldiaalbertoadriani.com\/?s={search_term_string}"},"query-input":"required name=search_term_string"}],"inLanguage":"es"},{"@type":"Person","@id":"https:\/\/alcaldiaalbertoadriani.com\/#\/schema\/person\/549b4483ff8999ac780deeea78795fc9","name":"Prensa","image":{"@type":"ImageObject","inLanguage":"es","@id":"https:\/\/alcaldiaalbertoadriani.com\/#\/schema\/person\/image\/","url":"https:\/\/secure.gravatar.com\/avatar\/ea1cb567ea992a29627f4eee1c2eb185ec16decec6342d508fdf18dedb56c9de?s=96&d=mm&r=g","contentUrl":"https:\/\/secure.gravatar.com\/avatar\/ea1cb567ea992a29627f4eee1c2eb185ec16decec6342d508fdf18dedb56c9de?s=96&d=mm&r=g","caption":"Prensa"},"url":"https:\/\/alcaldiaalbertoadriani.com\/?author=2"}]}},"_links":{"self":[{"href":"https:\/\/alcaldiaalbertoadriani.com\/index.php?rest_route=\/wp\/v2\/posts\/2753","targetHints":{"allow":["GET"]}}],"collection":[{"href":"https:\/\/alcaldiaalbertoadriani.com\/index.php?rest_route=\/wp\/v2\/posts"}],"about":[{"href":"https:\/\/alcaldiaalbertoadriani.com\/index.php?rest_route=\/wp\/v2\/types\/post"}],"author":[{"embeddable":true,"href":"https:\/\/alcaldiaalbertoadriani.com\/index.php?rest_route=\/wp\/v2\/users\/2"}],"replies":[{"embeddable":true,"href":"https:\/\/alcaldiaalbertoadriani.com\/index.php?rest_route=%2Fwp%2Fv2%2Fcomments&post=2753"}],"version-history":[{"count":2,"href":"https:\/\/alcaldiaalbertoadriani.com\/index.php?rest_route=\/wp\/v2\/posts\/2753\/revisions"}],"predecessor-version":[{"id":2769,"href":"https:\/\/alcaldiaalbertoadriani.com\/index.php?rest_route=\/wp\/v2\/posts\/2753\/revisions\/2769"}],"wp:featuredmedia":[{"embeddable":true,"href":"https:\/\/alcaldiaalbertoadriani.com\/index.php?rest_route=\/wp\/v2\/media\/2755"}],"wp:attachment":[{"href":"https:\/\/alcaldiaalbertoadriani.com\/index.php?rest_route=%2Fwp%2Fv2%2Fmedia&parent=2753"}],"wp:term":[{"taxonomy":"category","embeddable":true,"href":"https:\/\/alcaldiaalbertoadriani.com\/index.php?rest_route=%2Fwp%2Fv2%2Fcategories&post=2753"},{"taxonomy":"post_tag","embeddable":true,"href":"https:\/\/alcaldiaalbertoadriani.com\/index.php?rest_route=%2Fwp%2Fv2%2Ftags&post=2753"}],"curies":[{"name":"wp","href":"https:\/\/api.w.org\/{rel}","templated":true}]}}