{"id":2602,"date":"2023-05-19T08:08:06","date_gmt":"2023-05-19T08:08:06","guid":{"rendered":"https:\/\/alcaldiaalbertoadriani.com\/?p=2602"},"modified":"2023-05-19T08:08:13","modified_gmt":"2023-05-19T08:08:13","slug":"compactador-del-aseo-urbano-se-volco-en-el-km-35-de-el-vigia","status":"publish","type":"post","link":"https:\/\/alcaldiaalbertoadriani.com\/?p=2602","title":{"rendered":"Compactador del aseo urbano se volc\u00f3 en el Km 35 de El Vig\u00eda"},"content":{"rendered":"<div class=\"wp-block-post-excerpt\"><p class=\"wp-block-post-excerpt__excerpt\">Ante la ca\u00edda del puente Onia, los compactadores hacen un recorrido de 3 horas por la v\u00eda alterna del Km 35 para descargar los desechos s\u00f3lidos en el relleno saniatrio, lo cual merma la cantidad de viajes en un 50% <\/p><\/div>\n\n\n<p>Mientras cumpl\u00eda con su ruta un compactador del aseo urbano de la <a href=\"https:\/\/www.instagram.com\/alcaldia_aa\/\" target=\"_blank\" rel=\"noreferrer noopener\">alcald\u00eda Alberto Adriani<\/a>, termin\u00f3 volcado en el Kil\u00f3metro 35. La situaci\u00f3n se present\u00f3 debido a que se explot\u00f3 uno de los neum\u00e1ticos, producto del mal estado de algunos tramos de la vialidad.<\/p>\n\n\n\n<p>As\u00ed lo inform\u00f3 Dar\u00edo Belandria, gerente de los Servicios P\u00fablicos municipales, al se\u00f1alar que ante el mal estado de la v\u00eda el cami\u00f3n cay\u00f3 en uno de los potreros que se encuentran en la zona.<\/p>\n\n\n\n<figure class=\"wp-block-image size-full\"><img loading=\"lazy\" decoding=\"async\" width=\"1020\" height=\"768\" src=\"https:\/\/alcaldiaalbertoadriani.com\/wp-content\/uploads\/2023\/05\/IMG-20230513-WA0016.jpg\" alt=\"\" class=\"wp-image-2604\" srcset=\"https:\/\/alcaldiaalbertoadriani.com\/wp-content\/uploads\/2023\/05\/IMG-20230513-WA0016.jpg 1020w, https:\/\/alcaldiaalbertoadriani.com\/wp-content\/uploads\/2023\/05\/IMG-20230513-WA0016-980x738.jpg 980w, https:\/\/alcaldiaalbertoadriani.com\/wp-content\/uploads\/2023\/05\/IMG-20230513-WA0016-480x361.jpg 480w\" sizes=\"auto, (min-width: 0px) and (max-width: 480px) 480px, (min-width: 481px) and (max-width: 980px) 980px, (min-width: 981px) 1020px, 100vw\" \/><\/figure>\n\n\n\n<!--more-->\n\n\n\n<h2 class=\"wp-block-heading\">Cumpliendo cronograma<\/h2>\n\n\n\n<p>Inform\u00f3 Dar\u00edo Belandria que <a href=\"https:\/\/alcaldiaalbertoadriani.com\/?p=2493\" target=\"_blank\" rel=\"noreferrer noopener\">ante la ca\u00edda del puente de Onia<\/a>, los compactadores hacen un recorrido de 3 horas ida y vuelta por la v\u00eda alterna del Km35 &#8211; Km15 para descargar la basura en el vertedero, lo cual merma la cantidad de viajes en un 50 por ciento, pues de dos viajes diarios solo se puede hacer uno.<\/p>\n\n\n\n<p>\u201cAunque nos negaron la transitabilidad de los <a href=\"https:\/\/alcaldiaalbertoadriani.com\/?p=2486\">camiones compactadores por el paso provisional de Onia<\/a>, nosotros estamos cumpliendo con el cronograma del aseo urbano\u201d, asegur\u00f3.<\/p>\n\n\n\n<h2 class=\"wp-block-heading\">Trabajos realizados<\/h2>\n\n\n\n<p>Record\u00f3 Belandria que durante el mes de marzo del presente a\u00f1o, fueron recuperados 6 kil\u00f3metros de la v\u00eda alterna a la Troncal 001, entre el sector Kil\u00f3metro 35 y el Kil\u00f3metro 15. Esta obra se hizo de emergencia, para habilitar el tr\u00e1nsito vehicular entre El Vig\u00eda y la zona oeste del municipio, entre las parroquias Presidente P\u00e1ez y R\u00f3mulo Gallegos, debido al colapso del puente sobre el r\u00edo Onia.<\/p>\n\n\n\n<p>Asimismo, el funcionario recalc\u00f3 que se aplicaron 45 viajes de camiones con granz\u00f3n n\u00famero 3, para el trabajo referido, sin embargo hay tramos del asfaltado que se encuentra deteriorado. Adem\u00e1s, se utiliz\u00f3 una m\u00e1quina tipo motoniveladora o patrol y una retroexcavadora para la carga del material.<\/p>\n\n\n\n<p>\u201cGracias a Dios que no hubo heridos ni p\u00e9rdidas humanas con el vuelco de este cami\u00f3n compactador, sin embargo, seguiremos avanzando con la recolecci\u00f3n de los desechos s\u00f3lidos en cada una de nuestras comunidades, para honrar el compromiso hecho con la conunidad, concluy\u00f3 Dar\u00edo Belandria. <strong>Prensa Alcald\u00eda Alberto Adriani\/Edgar Mendoza CNP.25.736\/Fotos: Dar\u00edo Belandria.<\/strong><\/p>\n\n\n\n<figure class=\"wp-block-image size-full\"><img loading=\"lazy\" decoding=\"async\" width=\"768\" height=\"1020\" src=\"https:\/\/alcaldiaalbertoadriani.com\/wp-content\/uploads\/2023\/05\/IMG-20230513-WA0008.jpg\" alt=\"\" class=\"wp-image-2605\" srcset=\"https:\/\/alcaldiaalbertoadriani.com\/wp-content\/uploads\/2023\/05\/IMG-20230513-WA0008.jpg 768w, https:\/\/alcaldiaalbertoadriani.com\/wp-content\/uploads\/2023\/05\/IMG-20230513-WA0008-480x638.jpg 480w\" sizes=\"auto, (min-width: 0px) and (max-width: 480px) 480px, (min-width: 481px) 768px, 100vw\" \/><\/figure>\n","protected":false},"excerpt":{"rendered":"<p><em><strong>Ante la ca\u00edda del puente Onia, los compactadores hacen un recorrido de 3 horas por la v\u00eda alterna del Km 35 para descargar los desechos s\u00f3lidos en el relleno saniatrio, lo cual merma la cantidad de viajes en un 50%<\/strong><\/em><\/p>\n","protected":false},"author":2,"featured_media":2603,"comment_status":"closed","ping_status":"closed","sticky":false,"template":"","format":"standard","meta":{"_et_pb_use_builder":"","_et_pb_old_content":"","_et_gb_content_width":"","footnotes":""},"categories":[341,300,175,25,24,189,295],"tags":[31,11,12,15,30,29,28],"class_list":["post-2602","post","type-post","status-publish","format-standard","has-post-thumbnail","hentry","category-alcaldia-alberto-adriani","category-aseo","category-gestion-municipal","category-nuestro-municipio","category-recuperacion-de-espacios","category-renacer-de-mi-vigia-querido","category-servicios-publicos","tag-alcalde","tag-alcaldia","tag-alcaldiaalbertoadriani","tag-elvigia","tag-lisandrosegura","tag-municipioquenosmerecemos","tag-porelrenacer"],"yoast_head":"<!-- This site is optimized with the Yoast SEO plugin v19.13 - https:\/\/yoast.com\/wordpress\/plugins\/seo\/ -->\n<title>Compactador del aseo urbano se volc\u00f3 en el Km 35 de El Vig\u00eda - Alcaldia Alberto Adriani<\/title>\n<meta name=\"robots\" content=\"index, follow, max-snippet:-1, max-image-preview:large, max-video-preview:-1\" \/>\n<link rel=\"canonical\" href=\"https:\/\/alcaldiaalbertoadriani.com\/?p=2602\" \/>\n<meta property=\"og:locale\" content=\"es_ES\" \/>\n<meta property=\"og:type\" content=\"article\" \/>\n<meta property=\"og:title\" content=\"Compactador del aseo urbano se volc\u00f3 en el Km 35 de El Vig\u00eda - Alcaldia Alberto Adriani\" \/>\n<meta property=\"og:description\" content=\"Ante la ca\u00edda del puente Onia, los compactadores hacen un recorrido de 3 horas por la v\u00eda alterna del Km 35 para descargar los desechos s\u00f3lidos en el relleno saniatrio, lo cual merma la cantidad de viajes en un 50%\" \/>\n<meta property=\"og:url\" content=\"https:\/\/alcaldiaalbertoadriani.com\/?p=2602\" \/>\n<meta property=\"og:site_name\" content=\"Alcaldia Alberto Adriani\" \/>\n<meta property=\"article:published_time\" content=\"2023-05-19T08:08:06+00:00\" \/>\n<meta property=\"article:modified_time\" content=\"2023-05-19T08:08:13+00:00\" \/>\n<meta property=\"og:image\" content=\"https:\/\/alcaldiaalbertoadriani.com\/wp-content\/uploads\/2023\/05\/IMG-20230513-WA0017.jpg\" \/>\n\t<meta property=\"og:image:width\" content=\"1020\" \/>\n\t<meta property=\"og:image:height\" content=\"768\" \/>\n\t<meta property=\"og:image:type\" content=\"image\/jpeg\" \/>\n<meta name=\"author\" content=\"Prensa\" \/>\n<meta name=\"twitter:card\" content=\"summary_large_image\" \/>\n<meta name=\"twitter:label1\" content=\"Escrito por\" \/>\n\t<meta name=\"twitter:data1\" content=\"Prensa\" \/>\n\t<meta name=\"twitter:label2\" content=\"Tiempo de lectura\" \/>\n\t<meta name=\"twitter:data2\" content=\"2 minutos\" \/>\n<script type=\"application\/ld+json\" class=\"yoast-schema-graph\">{\"@context\":\"https:\/\/schema.org\",\"@graph\":[{\"@type\":\"WebPage\",\"@id\":\"https:\/\/alcaldiaalbertoadriani.com\/?p=2602\",\"url\":\"https:\/\/alcaldiaalbertoadriani.com\/?p=2602\",\"name\":\"Compactador del aseo urbano se volc\u00f3 en el Km 35 de El Vig\u00eda - Alcaldia Alberto Adriani\",\"isPartOf\":{\"@id\":\"https:\/\/alcaldiaalbertoadriani.com\/#website\"},\"datePublished\":\"2023-05-19T08:08:06+00:00\",\"dateModified\":\"2023-05-19T08:08:13+00:00\",\"author\":{\"@id\":\"https:\/\/alcaldiaalbertoadriani.com\/#\/schema\/person\/549b4483ff8999ac780deeea78795fc9\"},\"breadcrumb\":{\"@id\":\"https:\/\/alcaldiaalbertoadriani.com\/?p=2602#breadcrumb\"},\"inLanguage\":\"es\",\"potentialAction\":[{\"@type\":\"ReadAction\",\"target\":[\"https:\/\/alcaldiaalbertoadriani.com\/?p=2602\"]}]},{\"@type\":\"BreadcrumbList\",\"@id\":\"https:\/\/alcaldiaalbertoadriani.com\/?p=2602#breadcrumb\",\"itemListElement\":[{\"@type\":\"ListItem\",\"position\":1,\"name\":\"Portada\",\"item\":\"https:\/\/alcaldiaalbertoadriani.com\/\"},{\"@type\":\"ListItem\",\"position\":2,\"name\":\"Compactador del aseo urbano se volc\u00f3 en el Km 35 de El Vig\u00eda\"}]},{\"@type\":\"WebSite\",\"@id\":\"https:\/\/alcaldiaalbertoadriani.com\/#website\",\"url\":\"https:\/\/alcaldiaalbertoadriani.com\/\",\"name\":\"Alcaldia Alberto Adriani\",\"description\":\"\",\"potentialAction\":[{\"@type\":\"SearchAction\",\"target\":{\"@type\":\"EntryPoint\",\"urlTemplate\":\"https:\/\/alcaldiaalbertoadriani.com\/?s={search_term_string}\"},\"query-input\":\"required name=search_term_string\"}],\"inLanguage\":\"es\"},{\"@type\":\"Person\",\"@id\":\"https:\/\/alcaldiaalbertoadriani.com\/#\/schema\/person\/549b4483ff8999ac780deeea78795fc9\",\"name\":\"Prensa\",\"image\":{\"@type\":\"ImageObject\",\"inLanguage\":\"es\",\"@id\":\"https:\/\/alcaldiaalbertoadriani.com\/#\/schema\/person\/image\/\",\"url\":\"https:\/\/secure.gravatar.com\/avatar\/ea1cb567ea992a29627f4eee1c2eb185ec16decec6342d508fdf18dedb56c9de?s=96&d=mm&r=g\",\"contentUrl\":\"https:\/\/secure.gravatar.com\/avatar\/ea1cb567ea992a29627f4eee1c2eb185ec16decec6342d508fdf18dedb56c9de?s=96&d=mm&r=g\",\"caption\":\"Prensa\"},\"url\":\"https:\/\/alcaldiaalbertoadriani.com\/?author=2\"}]}<\/script>\n<!-- \/ Yoast SEO plugin. -->","yoast_head_json":{"title":"Compactador del aseo urbano se volc\u00f3 en el Km 35 de El Vig\u00eda - Alcaldia Alberto Adriani","robots":{"index":"index","follow":"follow","max-snippet":"max-snippet:-1","max-image-preview":"max-image-preview:large","max-video-preview":"max-video-preview:-1"},"canonical":"https:\/\/alcaldiaalbertoadriani.com\/?p=2602","og_locale":"es_ES","og_type":"article","og_title":"Compactador del aseo urbano se volc\u00f3 en el Km 35 de El Vig\u00eda - Alcaldia Alberto Adriani","og_description":"Ante la ca\u00edda del puente Onia, los compactadores hacen un recorrido de 3 horas por la v\u00eda alterna del Km 35 para descargar los desechos s\u00f3lidos en el relleno saniatrio, lo cual merma la cantidad de viajes en un 50%","og_url":"https:\/\/alcaldiaalbertoadriani.com\/?p=2602","og_site_name":"Alcaldia Alberto Adriani","article_published_time":"2023-05-19T08:08:06+00:00","article_modified_time":"2023-05-19T08:08:13+00:00","og_image":[{"width":1020,"height":768,"url":"https:\/\/alcaldiaalbertoadriani.com\/wp-content\/uploads\/2023\/05\/IMG-20230513-WA0017.jpg","type":"image\/jpeg"}],"author":"Prensa","twitter_card":"summary_large_image","twitter_misc":{"Escrito por":"Prensa","Tiempo de lectura":"2 minutos"},"schema":{"@context":"https:\/\/schema.org","@graph":[{"@type":"WebPage","@id":"https:\/\/alcaldiaalbertoadriani.com\/?p=2602","url":"https:\/\/alcaldiaalbertoadriani.com\/?p=2602","name":"Compactador del aseo urbano se volc\u00f3 en el Km 35 de El Vig\u00eda - Alcaldia Alberto Adriani","isPartOf":{"@id":"https:\/\/alcaldiaalbertoadriani.com\/#website"},"datePublished":"2023-05-19T08:08:06+00:00","dateModified":"2023-05-19T08:08:13+00:00","author":{"@id":"https:\/\/alcaldiaalbertoadriani.com\/#\/schema\/person\/549b4483ff8999ac780deeea78795fc9"},"breadcrumb":{"@id":"https:\/\/alcaldiaalbertoadriani.com\/?p=2602#breadcrumb"},"inLanguage":"es","potentialAction":[{"@type":"ReadAction","target":["https:\/\/alcaldiaalbertoadriani.com\/?p=2602"]}]},{"@type":"BreadcrumbList","@id":"https:\/\/alcaldiaalbertoadriani.com\/?p=2602#breadcrumb","itemListElement":[{"@type":"ListItem","position":1,"name":"Portada","item":"https:\/\/alcaldiaalbertoadriani.com\/"},{"@type":"ListItem","position":2,"name":"Compactador del aseo urbano se volc\u00f3 en el Km 35 de El Vig\u00eda"}]},{"@type":"WebSite","@id":"https:\/\/alcaldiaalbertoadriani.com\/#website","url":"https:\/\/alcaldiaalbertoadriani.com\/","name":"Alcaldia Alberto Adriani","description":"","potentialAction":[{"@type":"SearchAction","target":{"@type":"EntryPoint","urlTemplate":"https:\/\/alcaldiaalbertoadriani.com\/?s={search_term_string}"},"query-input":"required name=search_term_string"}],"inLanguage":"es"},{"@type":"Person","@id":"https:\/\/alcaldiaalbertoadriani.com\/#\/schema\/person\/549b4483ff8999ac780deeea78795fc9","name":"Prensa","image":{"@type":"ImageObject","inLanguage":"es","@id":"https:\/\/alcaldiaalbertoadriani.com\/#\/schema\/person\/image\/","url":"https:\/\/secure.gravatar.com\/avatar\/ea1cb567ea992a29627f4eee1c2eb185ec16decec6342d508fdf18dedb56c9de?s=96&d=mm&r=g","contentUrl":"https:\/\/secure.gravatar.com\/avatar\/ea1cb567ea992a29627f4eee1c2eb185ec16decec6342d508fdf18dedb56c9de?s=96&d=mm&r=g","caption":"Prensa"},"url":"https:\/\/alcaldiaalbertoadriani.com\/?author=2"}]}},"_links":{"self":[{"href":"https:\/\/alcaldiaalbertoadriani.com\/index.php?rest_route=\/wp\/v2\/posts\/2602","targetHints":{"allow":["GET"]}}],"collection":[{"href":"https:\/\/alcaldiaalbertoadriani.com\/index.php?rest_route=\/wp\/v2\/posts"}],"about":[{"href":"https:\/\/alcaldiaalbertoadriani.com\/index.php?rest_route=\/wp\/v2\/types\/post"}],"author":[{"embeddable":true,"href":"https:\/\/alcaldiaalbertoadriani.com\/index.php?rest_route=\/wp\/v2\/users\/2"}],"replies":[{"embeddable":true,"href":"https:\/\/alcaldiaalbertoadriani.com\/index.php?rest_route=%2Fwp%2Fv2%2Fcomments&post=2602"}],"version-history":[{"count":1,"href":"https:\/\/alcaldiaalbertoadriani.com\/index.php?rest_route=\/wp\/v2\/posts\/2602\/revisions"}],"predecessor-version":[{"id":2606,"href":"https:\/\/alcaldiaalbertoadriani.com\/index.php?rest_route=\/wp\/v2\/posts\/2602\/revisions\/2606"}],"wp:featuredmedia":[{"embeddable":true,"href":"https:\/\/alcaldiaalbertoadriani.com\/index.php?rest_route=\/wp\/v2\/media\/2603"}],"wp:attachment":[{"href":"https:\/\/alcaldiaalbertoadriani.com\/index.php?rest_route=%2Fwp%2Fv2%2Fmedia&parent=2602"}],"wp:term":[{"taxonomy":"category","embeddable":true,"href":"https:\/\/alcaldiaalbertoadriani.com\/index.php?rest_route=%2Fwp%2Fv2%2Fcategories&post=2602"},{"taxonomy":"post_tag","embeddable":true,"href":"https:\/\/alcaldiaalbertoadriani.com\/index.php?rest_route=%2Fwp%2Fv2%2Ftags&post=2602"}],"curies":[{"name":"wp","href":"https:\/\/api.w.org\/{rel}","templated":true}]}}