{"id":2538,"date":"2023-05-18T23:24:13","date_gmt":"2023-05-18T23:24:13","guid":{"rendered":"https:\/\/alcaldiaalbertoadriani.com\/?p=2538"},"modified":"2023-05-18T23:24:16","modified_gmt":"2023-05-18T23:24:16","slug":"presentaron-reforma-total-a-la-ordenanza-del-clpp-y-plan-de-gestion-de-riesgo-municipal","status":"publish","type":"post","link":"https:\/\/alcaldiaalbertoadriani.com\/?p=2538","title":{"rendered":"Presentaron Reforma total a la Ordenanza del Clpp y Plan de Gesti\u00f3n de Riesgo Municipal"},"content":{"rendered":"<div class=\"wp-block-post-excerpt\"><p class=\"wp-block-post-excerpt__excerpt\">La jornada estuvo encabezada por el alcalde y presidente del Clpp del municipio Alberto Adriani, Lisandro Segura <\/p><\/div>\n\n\n<p>Este martes 2 de mayo se realiz\u00f3 la segunda reuni\u00f3n ordinaria del <a href=\"https:\/\/alcaldiaalbertoadriani.com\/?p=2156\" target=\"_blank\" rel=\"noreferrer noopener\">Consejo Local de Planificaci\u00f3n P\u00fablica-Clpp-<\/a> del municipio Alberto Adriani, desde el auditorio de la <a href=\"https:\/\/alcaldiaalbertoadriani.com\/?p=389\" target=\"_blank\" rel=\"noreferrer noopener\">Casa del Ni\u00f1o Trabajador \u201cDr. H\u00e9ctor Rodr\u00edguez Dugarte\u201d<\/a>.<\/p>\n\n\n\n<p>As\u00ed lo inform\u00f3 <a href=\"https:\/\/twitter.com\/lisandrosegura\" target=\"_blank\" rel=\"noreferrer noopener\">Lisandro Segura, alcalde<\/a> y presidente del Clpp, al destacar que la ocasi\u00f3n fue propicia para informar a los consejeros lo referente al pago de dieta de los mismos. Indic\u00f3 que tambi\u00e9n se dio a conocer la Reforma total a la Ordenanza del Clpp aprobada por el <a href=\"https:\/\/twitter.com\/CamaraAdriani\" target=\"_blank\" rel=\"noreferrer noopener\">Concejo Municipal<\/a>.<\/p>\n\n\n\n<!--more-->\n\n\n\n<figure class=\"wp-block-image size-large\"><img loading=\"lazy\" decoding=\"async\" width=\"1024\" height=\"768\" src=\"https:\/\/alcaldiaalbertoadriani.com\/wp-content\/uploads\/2023\/05\/344126812_6089422461093251_3351076595683406436_n-1024x768.jpg\" alt=\"\" class=\"wp-image-2541\" srcset=\"https:\/\/alcaldiaalbertoadriani.com\/wp-content\/uploads\/2023\/05\/344126812_6089422461093251_3351076595683406436_n-1024x768.jpg 1024w, https:\/\/alcaldiaalbertoadriani.com\/wp-content\/uploads\/2023\/05\/344126812_6089422461093251_3351076595683406436_n-980x735.jpg 980w, https:\/\/alcaldiaalbertoadriani.com\/wp-content\/uploads\/2023\/05\/344126812_6089422461093251_3351076595683406436_n-480x360.jpg 480w\" sizes=\"auto, (min-width: 0px) and (max-width: 480px) 480px, (min-width: 481px) and (max-width: 980px) 980px, (min-width: 981px) 1024px, 100vw\" \/><\/figure>\n\n\n\n<h2 class=\"wp-block-heading\">En concordancia con la Constituci\u00f3n<\/h2>\n\n\n\n<p>Explic\u00f3 <a href=\"https:\/\/twitter.com\/lisandrosegura\" target=\"_blank\" rel=\"noreferrer noopener\">Lisandro Segura<\/a> que la Reforma a la Ordenanza va en concordancia con la Constituci\u00f3n Nacional y la ley org\u00e1nica de los Consejos Estadales de Planificaci\u00f3n P\u00fablica, puesto que, la ordenanza existente era del 2011 y hab\u00eda que adecuarla a la ley vigente en esta materia que es del a\u00f1o 2015.<\/p>\n\n\n\n<p>Entretanto, la autoridad civil recalc\u00f3 que a partir de esta fecha comienza a regirse de acuerdo a la ley la Ordenanza Reformada del Clpp.<\/p>\n\n\n\n<p>\u201cCon esto quedan completos todos los instrumentos que se requieren para que pueda funcionar este importante ente planificador. Es fundamental agregar que la propuesta de Reforma dur\u00f3 un a\u00f1o de revisi\u00f3n y discusi\u00f3n hasta que fue aprobada por el<a href=\"https:\/\/twitter.com\/CamaraAdriani\" target=\"_blank\" rel=\"noreferrer noopener\"> Concejo Municipal<\/a>\u201d, record\u00f3.<\/p>\n\n\n\n<h2 class=\"wp-block-heading\">Plan de Gesti\u00f3n de Riesgo Municipal<\/h2>\n\n\n\n<p>Acot\u00f3 el presidente del Clpp que durante la reuni\u00f3n se hizo la presentaci\u00f3n del Plan de Gesti\u00f3n de Riesgo del municipio por parte del ingeniero \u00c1ngel Contreras, gerente General de la alcald\u00eda, \u201cpues de acuerdo a los pron\u00f3sticos del Inameh, se avecinan lluvias para este mes de mayo. Este Plan de Gesti\u00f3n de Riesgo marca los protocolos a seguir y la participaci\u00f3n de los distintos \u00f3rganos de Gobierno para poder responder a la colectividad, por ello, es importante la voluntad pol\u00edtica para proteger a los ciudadanos\u201d, acentu\u00f3 el representante del Clpp.<\/p>\n\n\n\n<h2 class=\"wp-block-heading\">Actualizaci\u00f3n y adecuaci\u00f3n de art\u00edculos<\/h2>\n\n\n\n<p>Por su parte, la concejal Eligia J\u00e1ctiva, presidente de la Comisi\u00f3n de Legislaci\u00f3n del <a href=\"https:\/\/twitter.com\/CamaraAdriani\" target=\"_blank\" rel=\"noreferrer noopener\">Concejo Municipal<\/a>, expuso sobre la aprobaci\u00f3n de Reforma a la Ordenanza del Clpp, la cual fue aprobada el martes 25 de abril de 2023.<\/p>\n\n\n\n<p>Resalt\u00f3 que la Reforma tiene como finalidad \u201cactualizar y adecuar la Ordenanza vigente que fue aprobada en el 2011 a la Ley Org\u00e1nica de la Reforma Parcial de la Ley Nacional de los Consejos Locales de Planificaci\u00f3n P\u00fablica\u201d, asever\u00f3.<\/p>\n\n\n\n<p>Dijo que la comisi\u00f3n de Legislaci\u00f3n present\u00f3 el informe final al cuerpo edilicio municipal, en la que se realizaron algunas propuestas, entre ellas:<\/p>\n\n\n\n<p>\u201cAgregar al art\u00edculo n\u00famero 5 de la Ordenanza, los numerales 37 y 38, donde definen en lo absoluto y calificada para que los consejeros tengan la oportunidad de verificar y entender el prop\u00f3sito de esta mayor\u00eda\u201d, enfatiz\u00f3.<\/p>\n\n\n\n<p>En ese sentido, la funcionaria agreg\u00f3 que en el art\u00edculo 18 que se relaciona a los requisitos para nombrar el secretario o secretaria \u201ctambi\u00e9n propusimos tres numerales. El numeral 5 que no sea funcionario p\u00fablico, el numeral 6 que no est\u00e9 incurso en investigaciones administrativas o judiciales y en el numeral 7 que tendr\u00e1 preferencia el aspirante con una mayor experiencia\u201d, detall\u00f3.<\/p>\n\n\n\n<p>Para concluir, Eligia J\u00e1ctiva manifest\u00f3 que en el caso del art\u00edculo 27 que tiene cuatro par\u00e1grafos incorporados relacionados a la Constituci\u00f3n de la plenaria o asamblea \u201ctambi\u00e9n se le agregaron el par\u00e1grafos 5, 6 y 7, as\u00ed como algunas disposiciones generales\u201d. <strong>Prensa Alcald\u00eda Alberto Adriani\/Edgar Mendoza CNP: 25.736\/Fotos: Mar\u00eda Jos\u00e9 Molina.<\/strong><\/p>\n\n\n\n<figure class=\"wp-block-gallery has-nested-images columns-default is-cropped wp-block-gallery-1 is-layout-flex wp-block-gallery-is-layout-flex\">\n<figure class=\"wp-block-image size-large\"><img loading=\"lazy\" decoding=\"async\" width=\"1024\" height=\"768\" data-id=\"2542\" src=\"https:\/\/alcaldiaalbertoadriani.com\/wp-content\/uploads\/2023\/05\/343947854_989755432397759_3706001181474968583_n-1024x768.jpg\" alt=\"\" class=\"wp-image-2542\" srcset=\"https:\/\/alcaldiaalbertoadriani.com\/wp-content\/uploads\/2023\/05\/343947854_989755432397759_3706001181474968583_n-1024x768.jpg 1024w, https:\/\/alcaldiaalbertoadriani.com\/wp-content\/uploads\/2023\/05\/343947854_989755432397759_3706001181474968583_n-980x735.jpg 980w, https:\/\/alcaldiaalbertoadriani.com\/wp-content\/uploads\/2023\/05\/343947854_989755432397759_3706001181474968583_n-480x360.jpg 480w\" sizes=\"auto, (min-width: 0px) and (max-width: 480px) 480px, (min-width: 481px) and (max-width: 980px) 980px, (min-width: 981px) 1024px, 100vw\" \/><\/figure>\n\n\n\n<figure class=\"wp-block-image size-large\"><img loading=\"lazy\" decoding=\"async\" width=\"1024\" height=\"768\" data-id=\"2543\" src=\"https:\/\/alcaldiaalbertoadriani.com\/wp-content\/uploads\/2023\/05\/344564380_133594353034175_9102977731788075753_n-1024x768.jpg\" alt=\"\" class=\"wp-image-2543\" srcset=\"https:\/\/alcaldiaalbertoadriani.com\/wp-content\/uploads\/2023\/05\/344564380_133594353034175_9102977731788075753_n-1024x768.jpg 1024w, https:\/\/alcaldiaalbertoadriani.com\/wp-content\/uploads\/2023\/05\/344564380_133594353034175_9102977731788075753_n-980x735.jpg 980w, https:\/\/alcaldiaalbertoadriani.com\/wp-content\/uploads\/2023\/05\/344564380_133594353034175_9102977731788075753_n-480x360.jpg 480w\" sizes=\"auto, (min-width: 0px) and (max-width: 480px) 480px, (min-width: 481px) and (max-width: 980px) 980px, (min-width: 981px) 1024px, 100vw\" \/><\/figure>\n<\/figure>\n","protected":false},"excerpt":{"rendered":"<p><em><strong>La jornada estuvo encabezada por el alcalde y presidente del Clpp del municipio Alberto Adriani, Lisandro Segura<\/strong><\/em><\/p>\n","protected":false},"author":2,"featured_media":2540,"comment_status":"closed","ping_status":"closed","sticky":false,"template":"","format":"standard","meta":{"_et_pb_use_builder":"off","_et_pb_old_content":"","_et_gb_content_width":"","footnotes":""},"categories":[56,25,311,218],"tags":[31,11,12,15,30,29,28],"class_list":["post-2538","post","type-post","status-publish","format-standard","has-post-thumbnail","hentry","category-clpp","category-nuestro-municipio","category-ugradmaa","category-unidad-municipal-de-gestion-de-riesgo","tag-alcalde","tag-alcaldia","tag-alcaldiaalbertoadriani","tag-elvigia","tag-lisandrosegura","tag-municipioquenosmerecemos","tag-porelrenacer"],"yoast_head":"<!-- This site is optimized with the Yoast SEO plugin v19.13 - https:\/\/yoast.com\/wordpress\/plugins\/seo\/ -->\n<title>Presentaron Reforma total a la Ordenanza del Clpp y Plan de Gesti\u00f3n de Riesgo Municipal - Alcaldia Alberto Adriani<\/title>\n<meta name=\"robots\" content=\"index, follow, max-snippet:-1, max-image-preview:large, max-video-preview:-1\" \/>\n<link rel=\"canonical\" href=\"https:\/\/alcaldiaalbertoadriani.com\/?p=2538\" \/>\n<meta property=\"og:locale\" content=\"es_ES\" \/>\n<meta property=\"og:type\" content=\"article\" \/>\n<meta property=\"og:title\" content=\"Presentaron Reforma total a la Ordenanza del Clpp y Plan de Gesti\u00f3n de Riesgo Municipal - Alcaldia Alberto Adriani\" \/>\n<meta property=\"og:description\" content=\"La jornada estuvo encabezada por el alcalde y presidente del Clpp del municipio Alberto Adriani, Lisandro Segura\" \/>\n<meta property=\"og:url\" content=\"https:\/\/alcaldiaalbertoadriani.com\/?p=2538\" \/>\n<meta property=\"og:site_name\" content=\"Alcaldia Alberto Adriani\" \/>\n<meta property=\"article:published_time\" content=\"2023-05-18T23:24:13+00:00\" \/>\n<meta property=\"article:modified_time\" content=\"2023-05-18T23:24:16+00:00\" \/>\n<meta property=\"og:image\" content=\"https:\/\/alcaldiaalbertoadriani.com\/wp-content\/uploads\/2023\/05\/344085858_929979324721738_2893466215232086687_n.jpg\" \/>\n\t<meta property=\"og:image:width\" content=\"1280\" \/>\n\t<meta property=\"og:image:height\" content=\"960\" \/>\n\t<meta property=\"og:image:type\" content=\"image\/jpeg\" \/>\n<meta name=\"author\" content=\"Prensa\" \/>\n<meta name=\"twitter:card\" content=\"summary_large_image\" \/>\n<meta name=\"twitter:label1\" content=\"Escrito por\" \/>\n\t<meta name=\"twitter:data1\" content=\"Prensa\" \/>\n\t<meta name=\"twitter:label2\" content=\"Tiempo de lectura\" \/>\n\t<meta name=\"twitter:data2\" content=\"4 minutos\" \/>\n<script type=\"application\/ld+json\" class=\"yoast-schema-graph\">{\"@context\":\"https:\/\/schema.org\",\"@graph\":[{\"@type\":\"WebPage\",\"@id\":\"https:\/\/alcaldiaalbertoadriani.com\/?p=2538\",\"url\":\"https:\/\/alcaldiaalbertoadriani.com\/?p=2538\",\"name\":\"Presentaron Reforma total a la Ordenanza del Clpp y Plan de Gesti\u00f3n de Riesgo Municipal - Alcaldia Alberto Adriani\",\"isPartOf\":{\"@id\":\"https:\/\/alcaldiaalbertoadriani.com\/#website\"},\"datePublished\":\"2023-05-18T23:24:13+00:00\",\"dateModified\":\"2023-05-18T23:24:16+00:00\",\"author\":{\"@id\":\"https:\/\/alcaldiaalbertoadriani.com\/#\/schema\/person\/549b4483ff8999ac780deeea78795fc9\"},\"breadcrumb\":{\"@id\":\"https:\/\/alcaldiaalbertoadriani.com\/?p=2538#breadcrumb\"},\"inLanguage\":\"es\",\"potentialAction\":[{\"@type\":\"ReadAction\",\"target\":[\"https:\/\/alcaldiaalbertoadriani.com\/?p=2538\"]}]},{\"@type\":\"BreadcrumbList\",\"@id\":\"https:\/\/alcaldiaalbertoadriani.com\/?p=2538#breadcrumb\",\"itemListElement\":[{\"@type\":\"ListItem\",\"position\":1,\"name\":\"Portada\",\"item\":\"https:\/\/alcaldiaalbertoadriani.com\/\"},{\"@type\":\"ListItem\",\"position\":2,\"name\":\"Presentaron Reforma total a la Ordenanza del Clpp y Plan de Gesti\u00f3n de Riesgo Municipal\"}]},{\"@type\":\"WebSite\",\"@id\":\"https:\/\/alcaldiaalbertoadriani.com\/#website\",\"url\":\"https:\/\/alcaldiaalbertoadriani.com\/\",\"name\":\"Alcaldia Alberto Adriani\",\"description\":\"\",\"potentialAction\":[{\"@type\":\"SearchAction\",\"target\":{\"@type\":\"EntryPoint\",\"urlTemplate\":\"https:\/\/alcaldiaalbertoadriani.com\/?s={search_term_string}\"},\"query-input\":\"required name=search_term_string\"}],\"inLanguage\":\"es\"},{\"@type\":\"Person\",\"@id\":\"https:\/\/alcaldiaalbertoadriani.com\/#\/schema\/person\/549b4483ff8999ac780deeea78795fc9\",\"name\":\"Prensa\",\"image\":{\"@type\":\"ImageObject\",\"inLanguage\":\"es\",\"@id\":\"https:\/\/alcaldiaalbertoadriani.com\/#\/schema\/person\/image\/\",\"url\":\"https:\/\/secure.gravatar.com\/avatar\/ea1cb567ea992a29627f4eee1c2eb185ec16decec6342d508fdf18dedb56c9de?s=96&d=mm&r=g\",\"contentUrl\":\"https:\/\/secure.gravatar.com\/avatar\/ea1cb567ea992a29627f4eee1c2eb185ec16decec6342d508fdf18dedb56c9de?s=96&d=mm&r=g\",\"caption\":\"Prensa\"},\"url\":\"https:\/\/alcaldiaalbertoadriani.com\/?author=2\"}]}<\/script>\n<!-- \/ Yoast SEO plugin. -->","yoast_head_json":{"title":"Presentaron Reforma total a la Ordenanza del Clpp y Plan de Gesti\u00f3n de Riesgo Municipal - Alcaldia Alberto Adriani","robots":{"index":"index","follow":"follow","max-snippet":"max-snippet:-1","max-image-preview":"max-image-preview:large","max-video-preview":"max-video-preview:-1"},"canonical":"https:\/\/alcaldiaalbertoadriani.com\/?p=2538","og_locale":"es_ES","og_type":"article","og_title":"Presentaron Reforma total a la Ordenanza del Clpp y Plan de Gesti\u00f3n de Riesgo Municipal - Alcaldia Alberto Adriani","og_description":"La jornada estuvo encabezada por el alcalde y presidente del Clpp del municipio Alberto Adriani, Lisandro Segura","og_url":"https:\/\/alcaldiaalbertoadriani.com\/?p=2538","og_site_name":"Alcaldia Alberto Adriani","article_published_time":"2023-05-18T23:24:13+00:00","article_modified_time":"2023-05-18T23:24:16+00:00","og_image":[{"width":1280,"height":960,"url":"https:\/\/alcaldiaalbertoadriani.com\/wp-content\/uploads\/2023\/05\/344085858_929979324721738_2893466215232086687_n.jpg","type":"image\/jpeg"}],"author":"Prensa","twitter_card":"summary_large_image","twitter_misc":{"Escrito por":"Prensa","Tiempo de lectura":"4 minutos"},"schema":{"@context":"https:\/\/schema.org","@graph":[{"@type":"WebPage","@id":"https:\/\/alcaldiaalbertoadriani.com\/?p=2538","url":"https:\/\/alcaldiaalbertoadriani.com\/?p=2538","name":"Presentaron Reforma total a la Ordenanza del Clpp y Plan de Gesti\u00f3n de Riesgo Municipal - Alcaldia Alberto Adriani","isPartOf":{"@id":"https:\/\/alcaldiaalbertoadriani.com\/#website"},"datePublished":"2023-05-18T23:24:13+00:00","dateModified":"2023-05-18T23:24:16+00:00","author":{"@id":"https:\/\/alcaldiaalbertoadriani.com\/#\/schema\/person\/549b4483ff8999ac780deeea78795fc9"},"breadcrumb":{"@id":"https:\/\/alcaldiaalbertoadriani.com\/?p=2538#breadcrumb"},"inLanguage":"es","potentialAction":[{"@type":"ReadAction","target":["https:\/\/alcaldiaalbertoadriani.com\/?p=2538"]}]},{"@type":"BreadcrumbList","@id":"https:\/\/alcaldiaalbertoadriani.com\/?p=2538#breadcrumb","itemListElement":[{"@type":"ListItem","position":1,"name":"Portada","item":"https:\/\/alcaldiaalbertoadriani.com\/"},{"@type":"ListItem","position":2,"name":"Presentaron Reforma total a la Ordenanza del Clpp y Plan de Gesti\u00f3n de Riesgo Municipal"}]},{"@type":"WebSite","@id":"https:\/\/alcaldiaalbertoadriani.com\/#website","url":"https:\/\/alcaldiaalbertoadriani.com\/","name":"Alcaldia Alberto Adriani","description":"","potentialAction":[{"@type":"SearchAction","target":{"@type":"EntryPoint","urlTemplate":"https:\/\/alcaldiaalbertoadriani.com\/?s={search_term_string}"},"query-input":"required name=search_term_string"}],"inLanguage":"es"},{"@type":"Person","@id":"https:\/\/alcaldiaalbertoadriani.com\/#\/schema\/person\/549b4483ff8999ac780deeea78795fc9","name":"Prensa","image":{"@type":"ImageObject","inLanguage":"es","@id":"https:\/\/alcaldiaalbertoadriani.com\/#\/schema\/person\/image\/","url":"https:\/\/secure.gravatar.com\/avatar\/ea1cb567ea992a29627f4eee1c2eb185ec16decec6342d508fdf18dedb56c9de?s=96&d=mm&r=g","contentUrl":"https:\/\/secure.gravatar.com\/avatar\/ea1cb567ea992a29627f4eee1c2eb185ec16decec6342d508fdf18dedb56c9de?s=96&d=mm&r=g","caption":"Prensa"},"url":"https:\/\/alcaldiaalbertoadriani.com\/?author=2"}]}},"_links":{"self":[{"href":"https:\/\/alcaldiaalbertoadriani.com\/index.php?rest_route=\/wp\/v2\/posts\/2538","targetHints":{"allow":["GET"]}}],"collection":[{"href":"https:\/\/alcaldiaalbertoadriani.com\/index.php?rest_route=\/wp\/v2\/posts"}],"about":[{"href":"https:\/\/alcaldiaalbertoadriani.com\/index.php?rest_route=\/wp\/v2\/types\/post"}],"author":[{"embeddable":true,"href":"https:\/\/alcaldiaalbertoadriani.com\/index.php?rest_route=\/wp\/v2\/users\/2"}],"replies":[{"embeddable":true,"href":"https:\/\/alcaldiaalbertoadriani.com\/index.php?rest_route=%2Fwp%2Fv2%2Fcomments&post=2538"}],"version-history":[{"count":2,"href":"https:\/\/alcaldiaalbertoadriani.com\/index.php?rest_route=\/wp\/v2\/posts\/2538\/revisions"}],"predecessor-version":[{"id":2544,"href":"https:\/\/alcaldiaalbertoadriani.com\/index.php?rest_route=\/wp\/v2\/posts\/2538\/revisions\/2544"}],"wp:featuredmedia":[{"embeddable":true,"href":"https:\/\/alcaldiaalbertoadriani.com\/index.php?rest_route=\/wp\/v2\/media\/2540"}],"wp:attachment":[{"href":"https:\/\/alcaldiaalbertoadriani.com\/index.php?rest_route=%2Fwp%2Fv2%2Fmedia&parent=2538"}],"wp:term":[{"taxonomy":"category","embeddable":true,"href":"https:\/\/alcaldiaalbertoadriani.com\/index.php?rest_route=%2Fwp%2Fv2%2Fcategories&post=2538"},{"taxonomy":"post_tag","embeddable":true,"href":"https:\/\/alcaldiaalbertoadriani.com\/index.php?rest_route=%2Fwp%2Fv2%2Ftags&post=2538"}],"curies":[{"name":"wp","href":"https:\/\/api.w.org\/{rel}","templated":true}]}}