{"id":2530,"date":"2023-05-18T23:15:57","date_gmt":"2023-05-18T23:15:57","guid":{"rendered":"https:\/\/alcaldiaalbertoadriani.com\/?p=2530"},"modified":"2023-05-18T23:17:38","modified_gmt":"2023-05-18T23:17:38","slug":"imjaa-dono-mil-libros","status":"publish","type":"post","link":"https:\/\/alcaldiaalbertoadriani.com\/?p=2530","title":{"rendered":"Imjaa don\u00f3 m\u00e1s de mil libros en la \u201cFeria del Libro El Vig\u00eda 2023\u201d"},"content":{"rendered":"<div class=\"wp-block-post-excerpt\"><p class=\"wp-block-post-excerpt__excerpt\">Antes, durante y despu\u00e9s, la actividad cont\u00f3 con el apoyo de los j\u00f3venes de la Federaci\u00f3n Nacional de Estudiantes de Educaci\u00f3n Media en el municipio Alberto Adriani <\/p><\/div>\n\n\n<p>En el marco del D\u00eda Internacional del Libro, trabajadores del <a href=\"https:\/\/alcaldiaalbertoadriani.com\/?p=2345\" target=\"_blank\" rel=\"noreferrer noopener\">Instituto Municipal de la Juventud-Imjaa-<\/a>, realizaron con \u00e9xito este s\u00e1bado la \u201cFeria del Libro El Vig\u00eda 2023\u201d. La actividad se desarroll\u00f3 en la plaza La Cordillera, mejor conocida como El Ferrocarril.<\/p>\n\n\n\n<p>Junior Contreras, presidente del Imjaa, inform\u00f3 que en la feria fueron donados mil 172 libros, en una jornada que inici\u00f3 desde las 9:30 de la ma\u00f1ana hasta las 4:00 de la tarde.<\/p>\n\n\n\n<p>Explic\u00f3 Contreras que en el mes de febrero, dise\u00f1aron una campa\u00f1a publicitaria a trav\u00e9s de los medios radiales y redes sociales, \u201cla cual nos permiti\u00f3 recaudar mil 500 libros en buen estado, para ser donados en esta gran feria\u201d, dijo.<\/p>\n\n\n\n<figure class=\"wp-block-gallery has-nested-images columns-default is-cropped wp-block-gallery-1 is-layout-flex wp-block-gallery-is-layout-flex\">\n<figure class=\"wp-block-image size-large\"><img loading=\"lazy\" decoding=\"async\" width=\"1024\" height=\"768\" data-id=\"2532\" src=\"https:\/\/alcaldiaalbertoadriani.com\/wp-content\/uploads\/2023\/05\/344267145_1974624709546845_2514949958593810899_n-1024x768.jpg\" alt=\"\" class=\"wp-image-2532\" srcset=\"https:\/\/alcaldiaalbertoadriani.com\/wp-content\/uploads\/2023\/05\/344267145_1974624709546845_2514949958593810899_n-1024x768.jpg 1024w, https:\/\/alcaldiaalbertoadriani.com\/wp-content\/uploads\/2023\/05\/344267145_1974624709546845_2514949958593810899_n-980x735.jpg 980w, https:\/\/alcaldiaalbertoadriani.com\/wp-content\/uploads\/2023\/05\/344267145_1974624709546845_2514949958593810899_n-480x360.jpg 480w\" sizes=\"auto, (min-width: 0px) and (max-width: 480px) 480px, (min-width: 481px) and (max-width: 980px) 980px, (min-width: 981px) 1024px, 100vw\" \/><\/figure>\n<\/figure>\n\n\n\n<!--more-->\n\n\n\n<h2 class=\"wp-block-heading\">Instituciones que apoyaron<\/h2>\n\n\n\n<p>De igual manera, Contreras destac\u00f3 que entre el Imjaa y la Federaci\u00f3n Nacional de Estudiantes de Educaci\u00f3n Media-Feneem-, trabajaron de la mano para garantizar el evento.<\/p>\n\n\n\n<p>Manifest\u00f3 el funcionario que horas tempranas contaron con la presencia de Alfredo Mendoza, director General de la alcald\u00eda del municipio Alberto Adriani, en representaci\u00f3n del <a href=\"https:\/\/www.facebook.com\/lisandro.segura.33\" target=\"_blank\" rel=\"noreferrer noopener\">alcalde Lisandro Segura<\/a>.<\/p>\n\n\n\n<h2 class=\"wp-block-heading\">Promoviendo la lectura<\/h2>\n\n\n\n<p>Por su parte, Alejandro Andrade, coordinador municipal de la Feneem, se mostr\u00f3 contento con la exitosa feria del libro y afirm\u00f3 que, en compa\u00f1\u00eda del personal del Imjaa y por segundo a\u00f1o consecutivo, &#8220;hemos logrado con \u00e9xito esta gran feria del libro con el fin de promover la lectura&#8221;.<\/p>\n\n\n\n<p>&#8220;Tambi\u00e9n buscamos mostrarle al mundo la manera en que nosotros queremos que crezca la educaci\u00f3n y la cultura, no s\u00f3lo en nuestro municipio o estado, sino a lo largo y ancho del pa\u00eds\u201d, acentu\u00f3.<\/p>\n\n\n\n<p>Andrade asever\u00f3 que desde que el Imjaa se dise\u00f1\u00f3 la campa\u00f1a publicitaria para la recolecta de los mil 500 libros que fueron recibidos en esa sede, mientras que la Feneem, con recursos propios garantiz\u00f3 el transporte para ir a varias comunidades que contribuyeron con la causa.<\/p>\n\n\n\n<p>Dijo que la Feneem e Imjaa, sumaron esfuerzos para garantizar el \u00e9xito de la gran \u201cFeria del Libro El Vig\u00eda 2023\u201d y agradeci\u00f3 al <a href=\"https:\/\/www.facebook.com\/lisandro.segura.33\" target=\"_blank\" rel=\"noreferrer noopener\">alcalde Lisandro Segura<\/a> por las pol\u00edticas p\u00fablicas que implementa a favor de la educaci\u00f3n mediante este tipo de actividades. <strong>Prensa Alcald\u00eda Alberto Adriani\/Edgar Mendoza CNP: 25.736\/Fotos: Yorman Parra.<\/strong><\/p>\n\n\n\n<figure class=\"wp-block-gallery has-nested-images columns-default is-cropped wp-block-gallery-2 is-layout-flex wp-block-gallery-is-layout-flex\">\n<figure class=\"wp-block-image size-large\"><img loading=\"lazy\" decoding=\"async\" width=\"1024\" height=\"768\" data-id=\"2536\" src=\"https:\/\/alcaldiaalbertoadriani.com\/wp-content\/uploads\/2023\/05\/343760883_219747094089424_3985929371360898013_n-1024x768.jpg\" alt=\"\" class=\"wp-image-2536\" srcset=\"https:\/\/alcaldiaalbertoadriani.com\/wp-content\/uploads\/2023\/05\/343760883_219747094089424_3985929371360898013_n-1024x768.jpg 1024w, https:\/\/alcaldiaalbertoadriani.com\/wp-content\/uploads\/2023\/05\/343760883_219747094089424_3985929371360898013_n-980x735.jpg 980w, https:\/\/alcaldiaalbertoadriani.com\/wp-content\/uploads\/2023\/05\/343760883_219747094089424_3985929371360898013_n-480x360.jpg 480w\" sizes=\"auto, (min-width: 0px) and (max-width: 480px) 480px, (min-width: 481px) and (max-width: 980px) 980px, (min-width: 981px) 1024px, 100vw\" \/><\/figure>\n\n\n\n<figure class=\"wp-block-image size-large\"><img loading=\"lazy\" decoding=\"async\" width=\"1024\" height=\"768\" data-id=\"2534\" src=\"https:\/\/alcaldiaalbertoadriani.com\/wp-content\/uploads\/2023\/05\/343920825_246071694638453_8406393323860316388_n-1024x768.jpg\" alt=\"\" class=\"wp-image-2534\" srcset=\"https:\/\/alcaldiaalbertoadriani.com\/wp-content\/uploads\/2023\/05\/343920825_246071694638453_8406393323860316388_n-1024x768.jpg 1024w, https:\/\/alcaldiaalbertoadriani.com\/wp-content\/uploads\/2023\/05\/343920825_246071694638453_8406393323860316388_n-980x735.jpg 980w, https:\/\/alcaldiaalbertoadriani.com\/wp-content\/uploads\/2023\/05\/343920825_246071694638453_8406393323860316388_n-480x360.jpg 480w\" sizes=\"auto, (min-width: 0px) and (max-width: 480px) 480px, (min-width: 481px) and (max-width: 980px) 980px, (min-width: 981px) 1024px, 100vw\" \/><\/figure>\n\n\n\n<figure class=\"wp-block-image size-large\"><img loading=\"lazy\" decoding=\"async\" width=\"1024\" height=\"768\" data-id=\"2533\" src=\"https:\/\/alcaldiaalbertoadriani.com\/wp-content\/uploads\/2023\/05\/343988215_220513537283104_7322485154554769549_n-1024x768.jpg\" alt=\"\" class=\"wp-image-2533\" srcset=\"https:\/\/alcaldiaalbertoadriani.com\/wp-content\/uploads\/2023\/05\/343988215_220513537283104_7322485154554769549_n-1024x768.jpg 1024w, https:\/\/alcaldiaalbertoadriani.com\/wp-content\/uploads\/2023\/05\/343988215_220513537283104_7322485154554769549_n-980x735.jpg 980w, https:\/\/alcaldiaalbertoadriani.com\/wp-content\/uploads\/2023\/05\/343988215_220513537283104_7322485154554769549_n-480x360.jpg 480w\" sizes=\"auto, (min-width: 0px) and (max-width: 480px) 480px, (min-width: 481px) and (max-width: 980px) 980px, (min-width: 981px) 1024px, 100vw\" \/><\/figure>\n\n\n\n<figure class=\"wp-block-image size-large\"><img loading=\"lazy\" decoding=\"async\" width=\"1024\" height=\"768\" data-id=\"2535\" src=\"https:\/\/alcaldiaalbertoadriani.com\/wp-content\/uploads\/2023\/05\/344348219_935780417763700_6134334238130232138_n-1024x768.jpg\" alt=\"\" class=\"wp-image-2535\" srcset=\"https:\/\/alcaldiaalbertoadriani.com\/wp-content\/uploads\/2023\/05\/344348219_935780417763700_6134334238130232138_n-1024x768.jpg 1024w, https:\/\/alcaldiaalbertoadriani.com\/wp-content\/uploads\/2023\/05\/344348219_935780417763700_6134334238130232138_n-980x735.jpg 980w, https:\/\/alcaldiaalbertoadriani.com\/wp-content\/uploads\/2023\/05\/344348219_935780417763700_6134334238130232138_n-480x360.jpg 480w\" sizes=\"auto, (min-width: 0px) and (max-width: 480px) 480px, (min-width: 481px) and (max-width: 980px) 980px, (min-width: 981px) 1024px, 100vw\" \/><\/figure>\n<\/figure>\n","protected":false},"excerpt":{"rendered":"<p><em><strong>Antes, durante y despu\u00e9s, la actividad cont\u00f3 con el apoyo de los j\u00f3venes de la Federaci\u00f3n Nacional de Estudiantes de Educaci\u00f3n Media en el municipio Alberto Adriani<\/strong><\/em><\/p>\n","protected":false},"author":2,"featured_media":2531,"comment_status":"open","ping_status":"closed","sticky":false,"template":"","format":"standard","meta":{"_et_pb_use_builder":"off","_et_pb_old_content":"","_et_gb_content_width":"","footnotes":""},"categories":[39,352,89,25],"tags":[31,11,12,15,30,29,28,381],"class_list":["post-2530","post","type-post","status-publish","format-standard","has-post-thumbnail","hentry","category-actividades-sociales","category-educacion","category-imjaa","category-nuestro-municipio","tag-alcalde","tag-alcaldia","tag-alcaldiaalbertoadriani","tag-elvigia","tag-lisandrosegura","tag-municipioquenosmerecemos","tag-porelrenacer","tag-imjaa-dono-mil-libros"],"yoast_head":"<!-- This site is optimized with the Yoast SEO plugin v19.13 - https:\/\/yoast.com\/wordpress\/plugins\/seo\/ -->\n<title>Imjaa don\u00f3 m\u00e1s de mil libros en la \u201cFeria del Libro El Vig\u00eda 2023\u201d - Alcaldia Alberto Adriani<\/title>\n<meta name=\"robots\" content=\"index, follow, max-snippet:-1, max-image-preview:large, max-video-preview:-1\" \/>\n<link rel=\"canonical\" href=\"https:\/\/alcaldiaalbertoadriani.com\/?p=2530\" \/>\n<meta property=\"og:locale\" content=\"es_ES\" \/>\n<meta property=\"og:type\" content=\"article\" \/>\n<meta property=\"og:title\" content=\"Imjaa don\u00f3 m\u00e1s de mil libros en la \u201cFeria del Libro El Vig\u00eda 2023\u201d - Alcaldia Alberto Adriani\" \/>\n<meta property=\"og:description\" content=\"Antes, durante y despu\u00e9s, la actividad cont\u00f3 con el apoyo de los j\u00f3venes de la Federaci\u00f3n Nacional de Estudiantes de Educaci\u00f3n Media en el municipio Alberto Adriani\" \/>\n<meta property=\"og:url\" content=\"https:\/\/alcaldiaalbertoadriani.com\/?p=2530\" \/>\n<meta property=\"og:site_name\" content=\"Alcaldia Alberto Adriani\" \/>\n<meta property=\"article:published_time\" content=\"2023-05-18T23:15:57+00:00\" \/>\n<meta property=\"article:modified_time\" content=\"2023-05-18T23:17:38+00:00\" \/>\n<meta property=\"og:image\" content=\"https:\/\/alcaldiaalbertoadriani.com\/wp-content\/uploads\/2023\/05\/343725334_1659661351151636_1354720381791917366_n.jpg\" \/>\n\t<meta property=\"og:image:width\" content=\"1280\" \/>\n\t<meta property=\"og:image:height\" content=\"960\" \/>\n\t<meta property=\"og:image:type\" content=\"image\/jpeg\" \/>\n<meta name=\"author\" content=\"Prensa\" \/>\n<meta name=\"twitter:card\" content=\"summary_large_image\" \/>\n<meta name=\"twitter:label1\" content=\"Escrito por\" \/>\n\t<meta name=\"twitter:data1\" content=\"Prensa\" \/>\n\t<meta name=\"twitter:label2\" content=\"Tiempo de lectura\" \/>\n\t<meta name=\"twitter:data2\" content=\"3 minutos\" \/>\n<script type=\"application\/ld+json\" class=\"yoast-schema-graph\">{\"@context\":\"https:\/\/schema.org\",\"@graph\":[{\"@type\":\"WebPage\",\"@id\":\"https:\/\/alcaldiaalbertoadriani.com\/?p=2530\",\"url\":\"https:\/\/alcaldiaalbertoadriani.com\/?p=2530\",\"name\":\"Imjaa don\u00f3 m\u00e1s de mil libros en la \u201cFeria del Libro El Vig\u00eda 2023\u201d - Alcaldia Alberto Adriani\",\"isPartOf\":{\"@id\":\"https:\/\/alcaldiaalbertoadriani.com\/#website\"},\"datePublished\":\"2023-05-18T23:15:57+00:00\",\"dateModified\":\"2023-05-18T23:17:38+00:00\",\"author\":{\"@id\":\"https:\/\/alcaldiaalbertoadriani.com\/#\/schema\/person\/549b4483ff8999ac780deeea78795fc9\"},\"breadcrumb\":{\"@id\":\"https:\/\/alcaldiaalbertoadriani.com\/?p=2530#breadcrumb\"},\"inLanguage\":\"es\",\"potentialAction\":[{\"@type\":\"ReadAction\",\"target\":[\"https:\/\/alcaldiaalbertoadriani.com\/?p=2530\"]}]},{\"@type\":\"BreadcrumbList\",\"@id\":\"https:\/\/alcaldiaalbertoadriani.com\/?p=2530#breadcrumb\",\"itemListElement\":[{\"@type\":\"ListItem\",\"position\":1,\"name\":\"Portada\",\"item\":\"https:\/\/alcaldiaalbertoadriani.com\/\"},{\"@type\":\"ListItem\",\"position\":2,\"name\":\"Imjaa don\u00f3 m\u00e1s de mil libros en la \u201cFeria del Libro El Vig\u00eda 2023\u201d\"}]},{\"@type\":\"WebSite\",\"@id\":\"https:\/\/alcaldiaalbertoadriani.com\/#website\",\"url\":\"https:\/\/alcaldiaalbertoadriani.com\/\",\"name\":\"Alcaldia Alberto Adriani\",\"description\":\"\",\"potentialAction\":[{\"@type\":\"SearchAction\",\"target\":{\"@type\":\"EntryPoint\",\"urlTemplate\":\"https:\/\/alcaldiaalbertoadriani.com\/?s={search_term_string}\"},\"query-input\":\"required name=search_term_string\"}],\"inLanguage\":\"es\"},{\"@type\":\"Person\",\"@id\":\"https:\/\/alcaldiaalbertoadriani.com\/#\/schema\/person\/549b4483ff8999ac780deeea78795fc9\",\"name\":\"Prensa\",\"image\":{\"@type\":\"ImageObject\",\"inLanguage\":\"es\",\"@id\":\"https:\/\/alcaldiaalbertoadriani.com\/#\/schema\/person\/image\/\",\"url\":\"https:\/\/secure.gravatar.com\/avatar\/ea1cb567ea992a29627f4eee1c2eb185ec16decec6342d508fdf18dedb56c9de?s=96&d=mm&r=g\",\"contentUrl\":\"https:\/\/secure.gravatar.com\/avatar\/ea1cb567ea992a29627f4eee1c2eb185ec16decec6342d508fdf18dedb56c9de?s=96&d=mm&r=g\",\"caption\":\"Prensa\"},\"url\":\"https:\/\/alcaldiaalbertoadriani.com\/?author=2\"}]}<\/script>\n<!-- \/ Yoast SEO plugin. -->","yoast_head_json":{"title":"Imjaa don\u00f3 m\u00e1s de mil libros en la \u201cFeria del Libro El Vig\u00eda 2023\u201d - Alcaldia Alberto Adriani","robots":{"index":"index","follow":"follow","max-snippet":"max-snippet:-1","max-image-preview":"max-image-preview:large","max-video-preview":"max-video-preview:-1"},"canonical":"https:\/\/alcaldiaalbertoadriani.com\/?p=2530","og_locale":"es_ES","og_type":"article","og_title":"Imjaa don\u00f3 m\u00e1s de mil libros en la \u201cFeria del Libro El Vig\u00eda 2023\u201d - Alcaldia Alberto Adriani","og_description":"Antes, durante y despu\u00e9s, la actividad cont\u00f3 con el apoyo de los j\u00f3venes de la Federaci\u00f3n Nacional de Estudiantes de Educaci\u00f3n Media en el municipio Alberto Adriani","og_url":"https:\/\/alcaldiaalbertoadriani.com\/?p=2530","og_site_name":"Alcaldia Alberto Adriani","article_published_time":"2023-05-18T23:15:57+00:00","article_modified_time":"2023-05-18T23:17:38+00:00","og_image":[{"width":1280,"height":960,"url":"https:\/\/alcaldiaalbertoadriani.com\/wp-content\/uploads\/2023\/05\/343725334_1659661351151636_1354720381791917366_n.jpg","type":"image\/jpeg"}],"author":"Prensa","twitter_card":"summary_large_image","twitter_misc":{"Escrito por":"Prensa","Tiempo de lectura":"3 minutos"},"schema":{"@context":"https:\/\/schema.org","@graph":[{"@type":"WebPage","@id":"https:\/\/alcaldiaalbertoadriani.com\/?p=2530","url":"https:\/\/alcaldiaalbertoadriani.com\/?p=2530","name":"Imjaa don\u00f3 m\u00e1s de mil libros en la \u201cFeria del Libro El Vig\u00eda 2023\u201d - Alcaldia Alberto Adriani","isPartOf":{"@id":"https:\/\/alcaldiaalbertoadriani.com\/#website"},"datePublished":"2023-05-18T23:15:57+00:00","dateModified":"2023-05-18T23:17:38+00:00","author":{"@id":"https:\/\/alcaldiaalbertoadriani.com\/#\/schema\/person\/549b4483ff8999ac780deeea78795fc9"},"breadcrumb":{"@id":"https:\/\/alcaldiaalbertoadriani.com\/?p=2530#breadcrumb"},"inLanguage":"es","potentialAction":[{"@type":"ReadAction","target":["https:\/\/alcaldiaalbertoadriani.com\/?p=2530"]}]},{"@type":"BreadcrumbList","@id":"https:\/\/alcaldiaalbertoadriani.com\/?p=2530#breadcrumb","itemListElement":[{"@type":"ListItem","position":1,"name":"Portada","item":"https:\/\/alcaldiaalbertoadriani.com\/"},{"@type":"ListItem","position":2,"name":"Imjaa don\u00f3 m\u00e1s de mil libros en la \u201cFeria del Libro El Vig\u00eda 2023\u201d"}]},{"@type":"WebSite","@id":"https:\/\/alcaldiaalbertoadriani.com\/#website","url":"https:\/\/alcaldiaalbertoadriani.com\/","name":"Alcaldia Alberto Adriani","description":"","potentialAction":[{"@type":"SearchAction","target":{"@type":"EntryPoint","urlTemplate":"https:\/\/alcaldiaalbertoadriani.com\/?s={search_term_string}"},"query-input":"required name=search_term_string"}],"inLanguage":"es"},{"@type":"Person","@id":"https:\/\/alcaldiaalbertoadriani.com\/#\/schema\/person\/549b4483ff8999ac780deeea78795fc9","name":"Prensa","image":{"@type":"ImageObject","inLanguage":"es","@id":"https:\/\/alcaldiaalbertoadriani.com\/#\/schema\/person\/image\/","url":"https:\/\/secure.gravatar.com\/avatar\/ea1cb567ea992a29627f4eee1c2eb185ec16decec6342d508fdf18dedb56c9de?s=96&d=mm&r=g","contentUrl":"https:\/\/secure.gravatar.com\/avatar\/ea1cb567ea992a29627f4eee1c2eb185ec16decec6342d508fdf18dedb56c9de?s=96&d=mm&r=g","caption":"Prensa"},"url":"https:\/\/alcaldiaalbertoadriani.com\/?author=2"}]}},"_links":{"self":[{"href":"https:\/\/alcaldiaalbertoadriani.com\/index.php?rest_route=\/wp\/v2\/posts\/2530","targetHints":{"allow":["GET"]}}],"collection":[{"href":"https:\/\/alcaldiaalbertoadriani.com\/index.php?rest_route=\/wp\/v2\/posts"}],"about":[{"href":"https:\/\/alcaldiaalbertoadriani.com\/index.php?rest_route=\/wp\/v2\/types\/post"}],"author":[{"embeddable":true,"href":"https:\/\/alcaldiaalbertoadriani.com\/index.php?rest_route=\/wp\/v2\/users\/2"}],"replies":[{"embeddable":true,"href":"https:\/\/alcaldiaalbertoadriani.com\/index.php?rest_route=%2Fwp%2Fv2%2Fcomments&post=2530"}],"version-history":[{"count":1,"href":"https:\/\/alcaldiaalbertoadriani.com\/index.php?rest_route=\/wp\/v2\/posts\/2530\/revisions"}],"predecessor-version":[{"id":2537,"href":"https:\/\/alcaldiaalbertoadriani.com\/index.php?rest_route=\/wp\/v2\/posts\/2530\/revisions\/2537"}],"wp:featuredmedia":[{"embeddable":true,"href":"https:\/\/alcaldiaalbertoadriani.com\/index.php?rest_route=\/wp\/v2\/media\/2531"}],"wp:attachment":[{"href":"https:\/\/alcaldiaalbertoadriani.com\/index.php?rest_route=%2Fwp%2Fv2%2Fmedia&parent=2530"}],"wp:term":[{"taxonomy":"category","embeddable":true,"href":"https:\/\/alcaldiaalbertoadriani.com\/index.php?rest_route=%2Fwp%2Fv2%2Fcategories&post=2530"},{"taxonomy":"post_tag","embeddable":true,"href":"https:\/\/alcaldiaalbertoadriani.com\/index.php?rest_route=%2Fwp%2Fv2%2Ftags&post=2530"}],"curies":[{"name":"wp","href":"https:\/\/api.w.org\/{rel}","templated":true}]}}