{"id":2493,"date":"2023-05-18T20:46:53","date_gmt":"2023-05-18T20:46:53","guid":{"rendered":"https:\/\/alcaldiaalbertoadriani.com\/?p=2493"},"modified":"2023-05-18T21:00:59","modified_gmt":"2023-05-18T21:00:59","slug":"productores-comunidades-situacion-onia","status":"publish","type":"post","link":"https:\/\/alcaldiaalbertoadriani.com\/?p=2493","title":{"rendered":"Lisandro Segura se reuni\u00f3 con productores y comunidades del Km 9, 12 y 15 para tratar situaci\u00f3n del paso en Onia"},"content":{"rendered":"\n<p>El <a href=\"https:\/\/www.facebook.com\/lisandro.segura.33\" target=\"_blank\" rel=\"noreferrer noopener\">alcalde Lisandro Segura<\/a> sostuvo una importante reuni\u00f3n este martes con productores agropecuarios y vecinos de las comunidades de Onia, Carlos Andr\u00e9s, Km 9, 12 y 15, para tratar la situaci\u00f3n con el paso vial del sector Onia, toda vez que el puente colaps\u00f3 totalmente el pasado 8 de febrero dejando obstruida la v\u00eda que comunica con el estado T\u00e1chira.<\/p>\n\n\n\n<p>La reuni\u00f3n tuvo lugar en el Km 15 de la parroquia Presidente P\u00e1ez en donde el burgomaestre expuso a los presentes todas las acciones que ha venido ejecutando el Gobierno municipal con el fin de buscar alternativas y sumar voluntades que permitan brindar respuestas y soluciones efectivas.<\/p>\n\n\n\n<p>Explic\u00f3 que la alcald\u00eda desde el primer momento del hecho, colabor\u00f3 en la habilitaci\u00f3n de la v\u00eda alterna que va desde el Km. 35 al Km.15; asimismo, en dos oportunidades con el apoyo de productores de la zona, fue rehabilitado el paso provisional.<\/p>\n\n\n\n<figure class=\"wp-block-image size-large\"><img loading=\"lazy\" decoding=\"async\" width=\"1024\" height=\"768\" src=\"https:\/\/alcaldiaalbertoadriani.com\/wp-content\/uploads\/2023\/05\/341513189_127690223617567_780876570728222507_n-1024x768.jpg\" alt=\"\" class=\"wp-image-2495\" srcset=\"https:\/\/alcaldiaalbertoadriani.com\/wp-content\/uploads\/2023\/05\/341513189_127690223617567_780876570728222507_n-1024x768.jpg 1024w, https:\/\/alcaldiaalbertoadriani.com\/wp-content\/uploads\/2023\/05\/341513189_127690223617567_780876570728222507_n-980x735.jpg 980w, https:\/\/alcaldiaalbertoadriani.com\/wp-content\/uploads\/2023\/05\/341513189_127690223617567_780876570728222507_n-480x360.jpg 480w\" sizes=\"auto, (min-width: 0px) and (max-width: 480px) 480px, (min-width: 481px) and (max-width: 980px) 980px, (min-width: 981px) 1024px, 100vw\" \/><\/figure>\n\n\n\n<!--more-->\n\n\n\n<p>Sin embargo, las constantes lluvias han producido grandes da\u00f1os, dejando nuevamente sin paso a esta importante arteria vial.<\/p>\n\n\n\n<p>De igual modo, los productores y vecinos de las comunidades que se encuentran del otro lado del puente, manifestaron su preocupaci\u00f3n por la agobiante situaci\u00f3n, pero tambi\u00e9n la disposici\u00f3n de buscar soluciones en conjunto a la problem\u00e1tica.<\/p>\n\n\n\n<h2 class=\"wp-block-heading\">Alternativas de soluci\u00f3n<\/h2>\n\n\n\n<p>En el encuentro se acord\u00f3 nombrar una comitiva integrada por el Gobierno municipal, algunos productores y vecinos de los sectores mencionados para dirigirse a la ciudad de M\u00e9rida y conversar directamente con el gobernador del estado.<\/p>\n\n\n\n<p>Para ello, el burgomaestre solicit\u00f3 a trav\u00e9s de una llamada telef\u00f3nica al presidente del <a href=\"https:\/\/alcaldiaalbertoadriani.com\/?p=1064\" target=\"_blank\" rel=\"noreferrer noopener\">Consejo Legislativo del estado Bolivariano de M\u00e9rida (Clebm)<\/a> Pedro \u00c1lvarez, concertar una reuni\u00f3n con el Mandatario regional, a fin de que reciba a dicha comitiva y poder conocer los avances, respuestas y alternativas de soluci\u00f3n respecto a la problem\u00e1tica que a\u00fan persiste en la zona.<\/p>\n\n\n\n<p>Reiter\u00f3 el alcalde que &#8220;la idea es buscar alternativas de soluci\u00f3n, sumar voluntades, trabajar en conjunto con los organismos regionales, nacionales y productores, pues lamentablemente la alcald\u00eda por s\u00ed sola no tiene la capacidad para colocar un nuevo puente y poder restablecer el paso\u201d, apunt\u00f3. <strong>Prensa Alcald\u00eda Alberto Adriani\/Claribel Zambrano CNP: 11.843\/Fotos: Yorman Parra.<\/strong><\/p>\n\n\n\n<figure class=\"wp-block-gallery has-nested-images columns-default is-cropped wp-block-gallery-1 is-layout-flex wp-block-gallery-is-layout-flex\">\n<figure class=\"wp-block-image size-large\"><img loading=\"lazy\" decoding=\"async\" width=\"1024\" height=\"768\" data-id=\"2497\" src=\"https:\/\/alcaldiaalbertoadriani.com\/wp-content\/uploads\/2023\/05\/342183326_170756879242677_6542211883958982046_n-1024x768.jpg\" alt=\"\" class=\"wp-image-2497\" srcset=\"https:\/\/alcaldiaalbertoadriani.com\/wp-content\/uploads\/2023\/05\/342183326_170756879242677_6542211883958982046_n-1024x768.jpg 1024w, https:\/\/alcaldiaalbertoadriani.com\/wp-content\/uploads\/2023\/05\/342183326_170756879242677_6542211883958982046_n-980x735.jpg 980w, https:\/\/alcaldiaalbertoadriani.com\/wp-content\/uploads\/2023\/05\/342183326_170756879242677_6542211883958982046_n-480x360.jpg 480w\" sizes=\"auto, (min-width: 0px) and (max-width: 480px) 480px, (min-width: 481px) and (max-width: 980px) 980px, (min-width: 981px) 1024px, 100vw\" \/><\/figure>\n\n\n\n<figure class=\"wp-block-image size-large\"><img loading=\"lazy\" decoding=\"async\" width=\"1024\" height=\"768\" data-id=\"2498\" src=\"https:\/\/alcaldiaalbertoadriani.com\/wp-content\/uploads\/2023\/05\/342211896_250495514025690_215636517665833119_n-1024x768.jpg\" alt=\"\" class=\"wp-image-2498\" srcset=\"https:\/\/alcaldiaalbertoadriani.com\/wp-content\/uploads\/2023\/05\/342211896_250495514025690_215636517665833119_n-1024x768.jpg 1024w, https:\/\/alcaldiaalbertoadriani.com\/wp-content\/uploads\/2023\/05\/342211896_250495514025690_215636517665833119_n-980x735.jpg 980w, https:\/\/alcaldiaalbertoadriani.com\/wp-content\/uploads\/2023\/05\/342211896_250495514025690_215636517665833119_n-480x360.jpg 480w\" sizes=\"auto, (min-width: 0px) and (max-width: 480px) 480px, (min-width: 481px) and (max-width: 980px) 980px, (min-width: 981px) 1024px, 100vw\" \/><\/figure>\n<\/figure>\n","protected":false},"excerpt":{"rendered":"<p>El alcalde Lisandro Segura sostuvo una importante reuni\u00f3n este martes con productores agropecuarios y vecinos de las comunidades de Onia, Carlos Andr\u00e9s, Km 9, 12 y 15, para tratar la [&hellip;]<\/p>\n","protected":false},"author":2,"featured_media":2494,"comment_status":"closed","ping_status":"closed","sticky":false,"template":"","format":"standard","meta":{"_et_pb_use_builder":"off","_et_pb_old_content":"","_et_gb_content_width":"","footnotes":""},"categories":[1],"tags":[31,11,12,15,30,29,28,375],"class_list":["post-2493","post","type-post","status-publish","format-standard","has-post-thumbnail","hentry","category-uncategorized","tag-alcalde","tag-alcaldia","tag-alcaldiaalbertoadriani","tag-elvigia","tag-lisandrosegura","tag-municipioquenosmerecemos","tag-porelrenacer","tag-productores-comunidades-situacion-onia"],"yoast_head":"<!-- This site is optimized with the Yoast SEO plugin v19.13 - https:\/\/yoast.com\/wordpress\/plugins\/seo\/ -->\n<title>Lisandro Segura se reuni\u00f3 con productores y comunidades del Km 9, 12 y 15 para tratar situaci\u00f3n del paso en Onia - Alcaldia Alberto Adriani<\/title>\n<meta name=\"description\" content=\"Lisandro Segura sostuvo una reuni\u00f3n con productores agropecuariospara y comunidades para tratar la situaci\u00f3n con el paso vial de Onia.\" \/>\n<meta name=\"robots\" content=\"index, follow, max-snippet:-1, max-image-preview:large, max-video-preview:-1\" \/>\n<link rel=\"canonical\" href=\"https:\/\/alcaldiaalbertoadriani.com\/?p=2493\" \/>\n<meta property=\"og:locale\" content=\"es_ES\" \/>\n<meta property=\"og:type\" content=\"article\" \/>\n<meta property=\"og:title\" content=\"Lisandro Segura se reuni\u00f3 con productores y comunidades del Km 9, 12 y 15 para tratar situaci\u00f3n del paso en Onia - Alcaldia Alberto Adriani\" \/>\n<meta property=\"og:description\" content=\"Lisandro Segura sostuvo una reuni\u00f3n con productores agropecuariospara y comunidades para tratar la situaci\u00f3n con el paso vial de Onia.\" \/>\n<meta property=\"og:url\" content=\"https:\/\/alcaldiaalbertoadriani.com\/?p=2493\" \/>\n<meta property=\"og:site_name\" content=\"Alcaldia Alberto Adriani\" \/>\n<meta property=\"article:published_time\" content=\"2023-05-18T20:46:53+00:00\" \/>\n<meta property=\"article:modified_time\" content=\"2023-05-18T21:00:59+00:00\" \/>\n<meta property=\"og:image\" content=\"https:\/\/alcaldiaalbertoadriani.com\/wp-content\/uploads\/2023\/05\/342195767_1457813101657716_3075516806918994750_n.jpg\" \/>\n\t<meta property=\"og:image:width\" content=\"1280\" \/>\n\t<meta property=\"og:image:height\" content=\"960\" \/>\n\t<meta property=\"og:image:type\" content=\"image\/jpeg\" \/>\n<meta name=\"author\" content=\"Prensa\" \/>\n<meta name=\"twitter:card\" content=\"summary_large_image\" \/>\n<meta name=\"twitter:label1\" content=\"Escrito por\" \/>\n\t<meta name=\"twitter:data1\" content=\"Prensa\" \/>\n\t<meta name=\"twitter:label2\" content=\"Tiempo de lectura\" \/>\n\t<meta name=\"twitter:data2\" content=\"3 minutos\" \/>\n<script type=\"application\/ld+json\" class=\"yoast-schema-graph\">{\"@context\":\"https:\/\/schema.org\",\"@graph\":[{\"@type\":\"WebPage\",\"@id\":\"https:\/\/alcaldiaalbertoadriani.com\/?p=2493\",\"url\":\"https:\/\/alcaldiaalbertoadriani.com\/?p=2493\",\"name\":\"Lisandro Segura se reuni\u00f3 con productores y comunidades del Km 9, 12 y 15 para tratar situaci\u00f3n del paso en Onia - Alcaldia Alberto Adriani\",\"isPartOf\":{\"@id\":\"https:\/\/alcaldiaalbertoadriani.com\/#website\"},\"datePublished\":\"2023-05-18T20:46:53+00:00\",\"dateModified\":\"2023-05-18T21:00:59+00:00\",\"author\":{\"@id\":\"https:\/\/alcaldiaalbertoadriani.com\/#\/schema\/person\/549b4483ff8999ac780deeea78795fc9\"},\"description\":\"Lisandro Segura sostuvo una reuni\u00f3n con productores agropecuariospara y comunidades para tratar la situaci\u00f3n con el paso vial de Onia.\",\"breadcrumb\":{\"@id\":\"https:\/\/alcaldiaalbertoadriani.com\/?p=2493#breadcrumb\"},\"inLanguage\":\"es\",\"potentialAction\":[{\"@type\":\"ReadAction\",\"target\":[\"https:\/\/alcaldiaalbertoadriani.com\/?p=2493\"]}]},{\"@type\":\"BreadcrumbList\",\"@id\":\"https:\/\/alcaldiaalbertoadriani.com\/?p=2493#breadcrumb\",\"itemListElement\":[{\"@type\":\"ListItem\",\"position\":1,\"name\":\"Portada\",\"item\":\"https:\/\/alcaldiaalbertoadriani.com\/\"},{\"@type\":\"ListItem\",\"position\":2,\"name\":\"Lisandro Segura se reuni\u00f3 con productores y comunidades del Km 9, 12 y 15 para tratar situaci\u00f3n del paso en Onia\"}]},{\"@type\":\"WebSite\",\"@id\":\"https:\/\/alcaldiaalbertoadriani.com\/#website\",\"url\":\"https:\/\/alcaldiaalbertoadriani.com\/\",\"name\":\"Alcaldia Alberto Adriani\",\"description\":\"\",\"potentialAction\":[{\"@type\":\"SearchAction\",\"target\":{\"@type\":\"EntryPoint\",\"urlTemplate\":\"https:\/\/alcaldiaalbertoadriani.com\/?s={search_term_string}\"},\"query-input\":\"required name=search_term_string\"}],\"inLanguage\":\"es\"},{\"@type\":\"Person\",\"@id\":\"https:\/\/alcaldiaalbertoadriani.com\/#\/schema\/person\/549b4483ff8999ac780deeea78795fc9\",\"name\":\"Prensa\",\"image\":{\"@type\":\"ImageObject\",\"inLanguage\":\"es\",\"@id\":\"https:\/\/alcaldiaalbertoadriani.com\/#\/schema\/person\/image\/\",\"url\":\"https:\/\/secure.gravatar.com\/avatar\/ea1cb567ea992a29627f4eee1c2eb185ec16decec6342d508fdf18dedb56c9de?s=96&d=mm&r=g\",\"contentUrl\":\"https:\/\/secure.gravatar.com\/avatar\/ea1cb567ea992a29627f4eee1c2eb185ec16decec6342d508fdf18dedb56c9de?s=96&d=mm&r=g\",\"caption\":\"Prensa\"},\"url\":\"https:\/\/alcaldiaalbertoadriani.com\/?author=2\"}]}<\/script>\n<!-- \/ Yoast SEO plugin. -->","yoast_head_json":{"title":"Lisandro Segura se reuni\u00f3 con productores y comunidades del Km 9, 12 y 15 para tratar situaci\u00f3n del paso en Onia - Alcaldia Alberto Adriani","description":"Lisandro Segura sostuvo una reuni\u00f3n con productores agropecuariospara y comunidades para tratar la situaci\u00f3n con el paso vial de Onia.","robots":{"index":"index","follow":"follow","max-snippet":"max-snippet:-1","max-image-preview":"max-image-preview:large","max-video-preview":"max-video-preview:-1"},"canonical":"https:\/\/alcaldiaalbertoadriani.com\/?p=2493","og_locale":"es_ES","og_type":"article","og_title":"Lisandro Segura se reuni\u00f3 con productores y comunidades del Km 9, 12 y 15 para tratar situaci\u00f3n del paso en Onia - Alcaldia Alberto Adriani","og_description":"Lisandro Segura sostuvo una reuni\u00f3n con productores agropecuariospara y comunidades para tratar la situaci\u00f3n con el paso vial de Onia.","og_url":"https:\/\/alcaldiaalbertoadriani.com\/?p=2493","og_site_name":"Alcaldia Alberto Adriani","article_published_time":"2023-05-18T20:46:53+00:00","article_modified_time":"2023-05-18T21:00:59+00:00","og_image":[{"width":1280,"height":960,"url":"https:\/\/alcaldiaalbertoadriani.com\/wp-content\/uploads\/2023\/05\/342195767_1457813101657716_3075516806918994750_n.jpg","type":"image\/jpeg"}],"author":"Prensa","twitter_card":"summary_large_image","twitter_misc":{"Escrito por":"Prensa","Tiempo de lectura":"3 minutos"},"schema":{"@context":"https:\/\/schema.org","@graph":[{"@type":"WebPage","@id":"https:\/\/alcaldiaalbertoadriani.com\/?p=2493","url":"https:\/\/alcaldiaalbertoadriani.com\/?p=2493","name":"Lisandro Segura se reuni\u00f3 con productores y comunidades del Km 9, 12 y 15 para tratar situaci\u00f3n del paso en Onia - Alcaldia Alberto Adriani","isPartOf":{"@id":"https:\/\/alcaldiaalbertoadriani.com\/#website"},"datePublished":"2023-05-18T20:46:53+00:00","dateModified":"2023-05-18T21:00:59+00:00","author":{"@id":"https:\/\/alcaldiaalbertoadriani.com\/#\/schema\/person\/549b4483ff8999ac780deeea78795fc9"},"description":"Lisandro Segura sostuvo una reuni\u00f3n con productores agropecuariospara y comunidades para tratar la situaci\u00f3n con el paso vial de Onia.","breadcrumb":{"@id":"https:\/\/alcaldiaalbertoadriani.com\/?p=2493#breadcrumb"},"inLanguage":"es","potentialAction":[{"@type":"ReadAction","target":["https:\/\/alcaldiaalbertoadriani.com\/?p=2493"]}]},{"@type":"BreadcrumbList","@id":"https:\/\/alcaldiaalbertoadriani.com\/?p=2493#breadcrumb","itemListElement":[{"@type":"ListItem","position":1,"name":"Portada","item":"https:\/\/alcaldiaalbertoadriani.com\/"},{"@type":"ListItem","position":2,"name":"Lisandro Segura se reuni\u00f3 con productores y comunidades del Km 9, 12 y 15 para tratar situaci\u00f3n del paso en Onia"}]},{"@type":"WebSite","@id":"https:\/\/alcaldiaalbertoadriani.com\/#website","url":"https:\/\/alcaldiaalbertoadriani.com\/","name":"Alcaldia Alberto Adriani","description":"","potentialAction":[{"@type":"SearchAction","target":{"@type":"EntryPoint","urlTemplate":"https:\/\/alcaldiaalbertoadriani.com\/?s={search_term_string}"},"query-input":"required name=search_term_string"}],"inLanguage":"es"},{"@type":"Person","@id":"https:\/\/alcaldiaalbertoadriani.com\/#\/schema\/person\/549b4483ff8999ac780deeea78795fc9","name":"Prensa","image":{"@type":"ImageObject","inLanguage":"es","@id":"https:\/\/alcaldiaalbertoadriani.com\/#\/schema\/person\/image\/","url":"https:\/\/secure.gravatar.com\/avatar\/ea1cb567ea992a29627f4eee1c2eb185ec16decec6342d508fdf18dedb56c9de?s=96&d=mm&r=g","contentUrl":"https:\/\/secure.gravatar.com\/avatar\/ea1cb567ea992a29627f4eee1c2eb185ec16decec6342d508fdf18dedb56c9de?s=96&d=mm&r=g","caption":"Prensa"},"url":"https:\/\/alcaldiaalbertoadriani.com\/?author=2"}]}},"_links":{"self":[{"href":"https:\/\/alcaldiaalbertoadriani.com\/index.php?rest_route=\/wp\/v2\/posts\/2493","targetHints":{"allow":["GET"]}}],"collection":[{"href":"https:\/\/alcaldiaalbertoadriani.com\/index.php?rest_route=\/wp\/v2\/posts"}],"about":[{"href":"https:\/\/alcaldiaalbertoadriani.com\/index.php?rest_route=\/wp\/v2\/types\/post"}],"author":[{"embeddable":true,"href":"https:\/\/alcaldiaalbertoadriani.com\/index.php?rest_route=\/wp\/v2\/users\/2"}],"replies":[{"embeddable":true,"href":"https:\/\/alcaldiaalbertoadriani.com\/index.php?rest_route=%2Fwp%2Fv2%2Fcomments&post=2493"}],"version-history":[{"count":1,"href":"https:\/\/alcaldiaalbertoadriani.com\/index.php?rest_route=\/wp\/v2\/posts\/2493\/revisions"}],"predecessor-version":[{"id":2499,"href":"https:\/\/alcaldiaalbertoadriani.com\/index.php?rest_route=\/wp\/v2\/posts\/2493\/revisions\/2499"}],"wp:featuredmedia":[{"embeddable":true,"href":"https:\/\/alcaldiaalbertoadriani.com\/index.php?rest_route=\/wp\/v2\/media\/2494"}],"wp:attachment":[{"href":"https:\/\/alcaldiaalbertoadriani.com\/index.php?rest_route=%2Fwp%2Fv2%2Fmedia&parent=2493"}],"wp:term":[{"taxonomy":"category","embeddable":true,"href":"https:\/\/alcaldiaalbertoadriani.com\/index.php?rest_route=%2Fwp%2Fv2%2Fcategories&post=2493"},{"taxonomy":"post_tag","embeddable":true,"href":"https:\/\/alcaldiaalbertoadriani.com\/index.php?rest_route=%2Fwp%2Fv2%2Ftags&post=2493"}],"curies":[{"name":"wp","href":"https:\/\/api.w.org\/{rel}","templated":true}]}}