{"id":2486,"date":"2023-05-18T19:20:14","date_gmt":"2023-05-18T19:20:14","guid":{"rendered":"https:\/\/alcaldiaalbertoadriani.com\/?p=2486"},"modified":"2023-05-18T19:20:19","modified_gmt":"2023-05-18T19:20:19","slug":"paso-provisional-onia","status":"publish","type":"post","link":"https:\/\/alcaldiaalbertoadriani.com\/?p=2486","title":{"rendered":"Alcald\u00eda Alberto Adriani y productores de la zona reparan el paso provisional de Onia"},"content":{"rendered":"<div class=\"wp-block-post-excerpt\"><p class=\"wp-block-post-excerpt__excerpt\">Este martes la alcald\u00eda del municipio Alberto Adriani inici\u00f3 los trabajos de reparaci\u00f3n y recuperaci\u00f3n del paso provisional en el sector Onia, ubicado en la parroquia R\u00f3mulo Gallegos del municipio Alberto Adriani <\/p><\/div>\n\n\n<p>As\u00ed lo inform\u00f3 Dar\u00edo Belandria, gerente de <a href=\"https:\/\/alcaldiaalbertoadriani.com\/?p=2196\" target=\"_blank\" rel=\"noreferrer noopener\">Servicios P\u00fablicos municipales<\/a>, quien record\u00f3 que el paso provisional de Onia fue impactado por el torrencial aguacero registrado en la geograf\u00eda local el pasado jueves Santo.<\/p>\n\n\n\n<p>En ese sentido y por instrucciones del <a href=\"https:\/\/www.instagram.com\/lisandrosegura02\/\" target=\"_blank\" rel=\"noreferrer noopener\">alcalde Lisandro Segura<\/a>, precis\u00f3 el funcionario que este martes arrancaron los trabajos con el fin de rehabilitar el paso peatonal y para veh\u00edculos livianos este mi\u00e9rcoles 12 de abril.<\/p>\n\n\n\n<figure class=\"wp-block-image size-full\"><img loading=\"lazy\" decoding=\"async\" width=\"1020\" height=\"768\" src=\"https:\/\/alcaldiaalbertoadriani.com\/wp-content\/uploads\/2023\/05\/340495367_772949457671618_5972224861726043408_n.jpg\" alt=\"\" class=\"wp-image-2488\" srcset=\"https:\/\/alcaldiaalbertoadriani.com\/wp-content\/uploads\/2023\/05\/340495367_772949457671618_5972224861726043408_n.jpg 1020w, https:\/\/alcaldiaalbertoadriani.com\/wp-content\/uploads\/2023\/05\/340495367_772949457671618_5972224861726043408_n-980x738.jpg 980w, https:\/\/alcaldiaalbertoadriani.com\/wp-content\/uploads\/2023\/05\/340495367_772949457671618_5972224861726043408_n-480x361.jpg 480w\" sizes=\"auto, (min-width: 0px) and (max-width: 480px) 480px, (min-width: 481px) and (max-width: 980px) 980px, (min-width: 981px) 1020px, 100vw\" \/><figcaption><strong>Foto: trabajos de reparaci\u00f3n del paso provisional en el sector Onia.<\/strong><\/figcaption><\/figure>\n\n\n\n<!--more-->\n\n\n\n<p>Dar\u00edo Belandria destac\u00f3 que estos trabajos se ejecutan en alianza <a href=\"https:\/\/www.instagram.com\/alcaldia_aa\/\" target=\"_blank\" rel=\"noreferrer noopener\">Alcald\u00eda Alberto Adriani<\/a> con productores de la zona del Kil\u00f3metro 9, 12 y 15, &#8220;quienes aportaron 14 camiones de piedra bola m\u00e1s el transporte de los materiales&#8221;.<\/p>\n\n\n\n<p>Asimismo, dej\u00f3 claro Belandria que el paso ser\u00e1 para motos; veh\u00edculos livianos; camiones compactadores del aseo urbano de la <a href=\"https:\/\/www.instagram.com\/alcaldia_aa\/\" target=\"_blank\" rel=\"noreferrer noopener\">alcald\u00eda Alberto Adriani<\/a>, tomando en cuenta la prioridad que requiere este servicio p\u00fablico para los adrianistas y los productores de la zona para que trasladen sus rubros. <strong>Prensa\/Alcald\u00eda Alberto Adriani. CNP: 22.661. Fotos: Emmanuel M\u00e9ndez.<\/strong><\/p>\n\n\n\n<figure class=\"wp-block-gallery has-nested-images columns-default is-cropped wp-block-gallery-1 is-layout-flex wp-block-gallery-is-layout-flex\">\n<figure class=\"wp-block-image size-large\"><img loading=\"lazy\" decoding=\"async\" width=\"1020\" height=\"768\" data-id=\"2491\" src=\"https:\/\/alcaldiaalbertoadriani.com\/wp-content\/uploads\/2023\/05\/340518393_921331449199224_6157874181750669547_n.jpg\" alt=\"\" class=\"wp-image-2491\" srcset=\"https:\/\/alcaldiaalbertoadriani.com\/wp-content\/uploads\/2023\/05\/340518393_921331449199224_6157874181750669547_n.jpg 1020w, https:\/\/alcaldiaalbertoadriani.com\/wp-content\/uploads\/2023\/05\/340518393_921331449199224_6157874181750669547_n-980x738.jpg 980w, https:\/\/alcaldiaalbertoadriani.com\/wp-content\/uploads\/2023\/05\/340518393_921331449199224_6157874181750669547_n-480x361.jpg 480w\" sizes=\"auto, (min-width: 0px) and (max-width: 480px) 480px, (min-width: 481px) and (max-width: 980px) 980px, (min-width: 981px) 1020px, 100vw\" \/><\/figure>\n\n\n\n<figure class=\"wp-block-image size-large\"><img loading=\"lazy\" decoding=\"async\" width=\"1020\" height=\"768\" data-id=\"2489\" src=\"https:\/\/alcaldiaalbertoadriani.com\/wp-content\/uploads\/2023\/05\/340540445_1605863049923026_9164702831868104089_n.jpg\" alt=\"\" class=\"wp-image-2489\" srcset=\"https:\/\/alcaldiaalbertoadriani.com\/wp-content\/uploads\/2023\/05\/340540445_1605863049923026_9164702831868104089_n.jpg 1020w, https:\/\/alcaldiaalbertoadriani.com\/wp-content\/uploads\/2023\/05\/340540445_1605863049923026_9164702831868104089_n-980x738.jpg 980w, https:\/\/alcaldiaalbertoadriani.com\/wp-content\/uploads\/2023\/05\/340540445_1605863049923026_9164702831868104089_n-480x361.jpg 480w\" sizes=\"auto, (min-width: 0px) and (max-width: 480px) 480px, (min-width: 481px) and (max-width: 980px) 980px, (min-width: 981px) 1020px, 100vw\" \/><\/figure>\n\n\n\n<figure class=\"wp-block-image size-large\"><img loading=\"lazy\" decoding=\"async\" width=\"1020\" height=\"768\" data-id=\"2490\" src=\"https:\/\/alcaldiaalbertoadriani.com\/wp-content\/uploads\/2023\/05\/340646942_913586389903958_2415857147399402986_n.jpg\" alt=\"\" class=\"wp-image-2490\" srcset=\"https:\/\/alcaldiaalbertoadriani.com\/wp-content\/uploads\/2023\/05\/340646942_913586389903958_2415857147399402986_n.jpg 1020w, https:\/\/alcaldiaalbertoadriani.com\/wp-content\/uploads\/2023\/05\/340646942_913586389903958_2415857147399402986_n-980x738.jpg 980w, https:\/\/alcaldiaalbertoadriani.com\/wp-content\/uploads\/2023\/05\/340646942_913586389903958_2415857147399402986_n-480x361.jpg 480w\" sizes=\"auto, (min-width: 0px) and (max-width: 480px) 480px, (min-width: 481px) and (max-width: 980px) 980px, (min-width: 981px) 1020px, 100vw\" \/><\/figure>\n<\/figure>\n","protected":false},"excerpt":{"rendered":"<p><em><strong>Este martes la alcald\u00eda del municipio Alberto Adriani inici\u00f3 los trabajos de reparaci\u00f3n y recuperaci\u00f3n del paso provisional en el sector Onia, ubicado en la parroquia R\u00f3mulo Gallegos del municipio Alberto Adriani<\/strong><\/em><\/p>\n","protected":false},"author":2,"featured_media":2487,"comment_status":"closed","ping_status":"closed","sticky":false,"template":"","format":"standard","meta":{"_et_pb_use_builder":"off","_et_pb_old_content":"","_et_gb_content_width":"","footnotes":""},"categories":[34,25,24],"tags":[31,11,12,15,30,29,28,374],"class_list":["post-2486","post","type-post","status-publish","format-standard","has-post-thumbnail","hentry","category-gerencia-de-servicios-publicos-municipales","category-nuestro-municipio","category-recuperacion-de-espacios","tag-alcalde","tag-alcaldia","tag-alcaldiaalbertoadriani","tag-elvigia","tag-lisandrosegura","tag-municipioquenosmerecemos","tag-porelrenacer","tag-paso-provisional-onia"],"yoast_head":"<!-- This site is optimized with the Yoast SEO plugin v19.13 - https:\/\/yoast.com\/wordpress\/plugins\/seo\/ -->\n<title>Alcald\u00eda Alberto Adriani y productores de la zona reparan el paso provisional de Onia - Alcaldia Alberto Adriani<\/title>\n<meta name=\"description\" content=\"Alcald\u00eda del municipio Alberto Adriani inici\u00f3 los trabajos de reparaci\u00f3n y recuperaci\u00f3n del paso provisional en el sector Onia.\" \/>\n<meta name=\"robots\" content=\"index, follow, max-snippet:-1, max-image-preview:large, max-video-preview:-1\" \/>\n<link rel=\"canonical\" href=\"https:\/\/alcaldiaalbertoadriani.com\/?p=2486\" \/>\n<meta property=\"og:locale\" content=\"es_ES\" \/>\n<meta property=\"og:type\" content=\"article\" \/>\n<meta property=\"og:title\" content=\"Alcald\u00eda Alberto Adriani y productores de la zona reparan el paso provisional de Onia - Alcaldia Alberto Adriani\" \/>\n<meta property=\"og:description\" content=\"Alcald\u00eda del municipio Alberto Adriani inici\u00f3 los trabajos de reparaci\u00f3n y recuperaci\u00f3n del paso provisional en el sector Onia.\" \/>\n<meta property=\"og:url\" content=\"https:\/\/alcaldiaalbertoadriani.com\/?p=2486\" \/>\n<meta property=\"og:site_name\" content=\"Alcaldia Alberto Adriani\" \/>\n<meta property=\"article:published_time\" content=\"2023-05-18T19:20:14+00:00\" \/>\n<meta property=\"article:modified_time\" content=\"2023-05-18T19:20:19+00:00\" \/>\n<meta property=\"og:image\" content=\"https:\/\/alcaldiaalbertoadriani.com\/wp-content\/uploads\/2023\/05\/341295160_148934237873383_5704579665779822704_n.jpg\" \/>\n\t<meta property=\"og:image:width\" content=\"1020\" \/>\n\t<meta property=\"og:image:height\" content=\"768\" \/>\n\t<meta property=\"og:image:type\" content=\"image\/jpeg\" \/>\n<meta name=\"author\" content=\"Prensa\" \/>\n<meta name=\"twitter:card\" content=\"summary_large_image\" \/>\n<meta name=\"twitter:label1\" content=\"Escrito por\" \/>\n\t<meta name=\"twitter:data1\" content=\"Prensa\" \/>\n\t<meta name=\"twitter:label2\" content=\"Tiempo de lectura\" \/>\n\t<meta name=\"twitter:data2\" content=\"2 minutos\" \/>\n<script type=\"application\/ld+json\" class=\"yoast-schema-graph\">{\"@context\":\"https:\/\/schema.org\",\"@graph\":[{\"@type\":\"WebPage\",\"@id\":\"https:\/\/alcaldiaalbertoadriani.com\/?p=2486\",\"url\":\"https:\/\/alcaldiaalbertoadriani.com\/?p=2486\",\"name\":\"Alcald\u00eda Alberto Adriani y productores de la zona reparan el paso provisional de Onia - Alcaldia Alberto Adriani\",\"isPartOf\":{\"@id\":\"https:\/\/alcaldiaalbertoadriani.com\/#website\"},\"datePublished\":\"2023-05-18T19:20:14+00:00\",\"dateModified\":\"2023-05-18T19:20:19+00:00\",\"author\":{\"@id\":\"https:\/\/alcaldiaalbertoadriani.com\/#\/schema\/person\/549b4483ff8999ac780deeea78795fc9\"},\"description\":\"Alcald\u00eda del municipio Alberto Adriani inici\u00f3 los trabajos de reparaci\u00f3n y recuperaci\u00f3n del paso provisional en el sector Onia.\",\"breadcrumb\":{\"@id\":\"https:\/\/alcaldiaalbertoadriani.com\/?p=2486#breadcrumb\"},\"inLanguage\":\"es\",\"potentialAction\":[{\"@type\":\"ReadAction\",\"target\":[\"https:\/\/alcaldiaalbertoadriani.com\/?p=2486\"]}]},{\"@type\":\"BreadcrumbList\",\"@id\":\"https:\/\/alcaldiaalbertoadriani.com\/?p=2486#breadcrumb\",\"itemListElement\":[{\"@type\":\"ListItem\",\"position\":1,\"name\":\"Portada\",\"item\":\"https:\/\/alcaldiaalbertoadriani.com\/\"},{\"@type\":\"ListItem\",\"position\":2,\"name\":\"Alcald\u00eda Alberto Adriani y productores de la zona reparan el paso provisional de Onia\"}]},{\"@type\":\"WebSite\",\"@id\":\"https:\/\/alcaldiaalbertoadriani.com\/#website\",\"url\":\"https:\/\/alcaldiaalbertoadriani.com\/\",\"name\":\"Alcaldia Alberto Adriani\",\"description\":\"\",\"potentialAction\":[{\"@type\":\"SearchAction\",\"target\":{\"@type\":\"EntryPoint\",\"urlTemplate\":\"https:\/\/alcaldiaalbertoadriani.com\/?s={search_term_string}\"},\"query-input\":\"required name=search_term_string\"}],\"inLanguage\":\"es\"},{\"@type\":\"Person\",\"@id\":\"https:\/\/alcaldiaalbertoadriani.com\/#\/schema\/person\/549b4483ff8999ac780deeea78795fc9\",\"name\":\"Prensa\",\"image\":{\"@type\":\"ImageObject\",\"inLanguage\":\"es\",\"@id\":\"https:\/\/alcaldiaalbertoadriani.com\/#\/schema\/person\/image\/\",\"url\":\"https:\/\/secure.gravatar.com\/avatar\/ea1cb567ea992a29627f4eee1c2eb185ec16decec6342d508fdf18dedb56c9de?s=96&d=mm&r=g\",\"contentUrl\":\"https:\/\/secure.gravatar.com\/avatar\/ea1cb567ea992a29627f4eee1c2eb185ec16decec6342d508fdf18dedb56c9de?s=96&d=mm&r=g\",\"caption\":\"Prensa\"},\"url\":\"https:\/\/alcaldiaalbertoadriani.com\/?author=2\"}]}<\/script>\n<!-- \/ Yoast SEO plugin. -->","yoast_head_json":{"title":"Alcald\u00eda Alberto Adriani y productores de la zona reparan el paso provisional de Onia - Alcaldia Alberto Adriani","description":"Alcald\u00eda del municipio Alberto Adriani inici\u00f3 los trabajos de reparaci\u00f3n y recuperaci\u00f3n del paso provisional en el sector Onia.","robots":{"index":"index","follow":"follow","max-snippet":"max-snippet:-1","max-image-preview":"max-image-preview:large","max-video-preview":"max-video-preview:-1"},"canonical":"https:\/\/alcaldiaalbertoadriani.com\/?p=2486","og_locale":"es_ES","og_type":"article","og_title":"Alcald\u00eda Alberto Adriani y productores de la zona reparan el paso provisional de Onia - Alcaldia Alberto Adriani","og_description":"Alcald\u00eda del municipio Alberto Adriani inici\u00f3 los trabajos de reparaci\u00f3n y recuperaci\u00f3n del paso provisional en el sector Onia.","og_url":"https:\/\/alcaldiaalbertoadriani.com\/?p=2486","og_site_name":"Alcaldia Alberto Adriani","article_published_time":"2023-05-18T19:20:14+00:00","article_modified_time":"2023-05-18T19:20:19+00:00","og_image":[{"width":1020,"height":768,"url":"https:\/\/alcaldiaalbertoadriani.com\/wp-content\/uploads\/2023\/05\/341295160_148934237873383_5704579665779822704_n.jpg","type":"image\/jpeg"}],"author":"Prensa","twitter_card":"summary_large_image","twitter_misc":{"Escrito por":"Prensa","Tiempo de lectura":"2 minutos"},"schema":{"@context":"https:\/\/schema.org","@graph":[{"@type":"WebPage","@id":"https:\/\/alcaldiaalbertoadriani.com\/?p=2486","url":"https:\/\/alcaldiaalbertoadriani.com\/?p=2486","name":"Alcald\u00eda Alberto Adriani y productores de la zona reparan el paso provisional de Onia - Alcaldia Alberto Adriani","isPartOf":{"@id":"https:\/\/alcaldiaalbertoadriani.com\/#website"},"datePublished":"2023-05-18T19:20:14+00:00","dateModified":"2023-05-18T19:20:19+00:00","author":{"@id":"https:\/\/alcaldiaalbertoadriani.com\/#\/schema\/person\/549b4483ff8999ac780deeea78795fc9"},"description":"Alcald\u00eda del municipio Alberto Adriani inici\u00f3 los trabajos de reparaci\u00f3n y recuperaci\u00f3n del paso provisional en el sector Onia.","breadcrumb":{"@id":"https:\/\/alcaldiaalbertoadriani.com\/?p=2486#breadcrumb"},"inLanguage":"es","potentialAction":[{"@type":"ReadAction","target":["https:\/\/alcaldiaalbertoadriani.com\/?p=2486"]}]},{"@type":"BreadcrumbList","@id":"https:\/\/alcaldiaalbertoadriani.com\/?p=2486#breadcrumb","itemListElement":[{"@type":"ListItem","position":1,"name":"Portada","item":"https:\/\/alcaldiaalbertoadriani.com\/"},{"@type":"ListItem","position":2,"name":"Alcald\u00eda Alberto Adriani y productores de la zona reparan el paso provisional de Onia"}]},{"@type":"WebSite","@id":"https:\/\/alcaldiaalbertoadriani.com\/#website","url":"https:\/\/alcaldiaalbertoadriani.com\/","name":"Alcaldia Alberto Adriani","description":"","potentialAction":[{"@type":"SearchAction","target":{"@type":"EntryPoint","urlTemplate":"https:\/\/alcaldiaalbertoadriani.com\/?s={search_term_string}"},"query-input":"required name=search_term_string"}],"inLanguage":"es"},{"@type":"Person","@id":"https:\/\/alcaldiaalbertoadriani.com\/#\/schema\/person\/549b4483ff8999ac780deeea78795fc9","name":"Prensa","image":{"@type":"ImageObject","inLanguage":"es","@id":"https:\/\/alcaldiaalbertoadriani.com\/#\/schema\/person\/image\/","url":"https:\/\/secure.gravatar.com\/avatar\/ea1cb567ea992a29627f4eee1c2eb185ec16decec6342d508fdf18dedb56c9de?s=96&d=mm&r=g","contentUrl":"https:\/\/secure.gravatar.com\/avatar\/ea1cb567ea992a29627f4eee1c2eb185ec16decec6342d508fdf18dedb56c9de?s=96&d=mm&r=g","caption":"Prensa"},"url":"https:\/\/alcaldiaalbertoadriani.com\/?author=2"}]}},"_links":{"self":[{"href":"https:\/\/alcaldiaalbertoadriani.com\/index.php?rest_route=\/wp\/v2\/posts\/2486","targetHints":{"allow":["GET"]}}],"collection":[{"href":"https:\/\/alcaldiaalbertoadriani.com\/index.php?rest_route=\/wp\/v2\/posts"}],"about":[{"href":"https:\/\/alcaldiaalbertoadriani.com\/index.php?rest_route=\/wp\/v2\/types\/post"}],"author":[{"embeddable":true,"href":"https:\/\/alcaldiaalbertoadriani.com\/index.php?rest_route=\/wp\/v2\/users\/2"}],"replies":[{"embeddable":true,"href":"https:\/\/alcaldiaalbertoadriani.com\/index.php?rest_route=%2Fwp%2Fv2%2Fcomments&post=2486"}],"version-history":[{"count":1,"href":"https:\/\/alcaldiaalbertoadriani.com\/index.php?rest_route=\/wp\/v2\/posts\/2486\/revisions"}],"predecessor-version":[{"id":2492,"href":"https:\/\/alcaldiaalbertoadriani.com\/index.php?rest_route=\/wp\/v2\/posts\/2486\/revisions\/2492"}],"wp:featuredmedia":[{"embeddable":true,"href":"https:\/\/alcaldiaalbertoadriani.com\/index.php?rest_route=\/wp\/v2\/media\/2487"}],"wp:attachment":[{"href":"https:\/\/alcaldiaalbertoadriani.com\/index.php?rest_route=%2Fwp%2Fv2%2Fmedia&parent=2486"}],"wp:term":[{"taxonomy":"category","embeddable":true,"href":"https:\/\/alcaldiaalbertoadriani.com\/index.php?rest_route=%2Fwp%2Fv2%2Fcategories&post=2486"},{"taxonomy":"post_tag","embeddable":true,"href":"https:\/\/alcaldiaalbertoadriani.com\/index.php?rest_route=%2Fwp%2Fv2%2Ftags&post=2486"}],"curies":[{"name":"wp","href":"https:\/\/api.w.org\/{rel}","templated":true}]}}