{"id":2396,"date":"2023-03-28T13:28:54","date_gmt":"2023-03-28T13:28:54","guid":{"rendered":"https:\/\/alcaldiaalbertoadriani.com\/?p=2396"},"modified":"2023-03-28T13:28:58","modified_gmt":"2023-03-28T13:28:58","slug":"samat-comerciantes-licencias","status":"publish","type":"post","link":"https:\/\/alcaldiaalbertoadriani.com\/?p=2396","title":{"rendered":"SAMAT formaliz\u00f3 90 comerciantes de El Vig\u00eda en operativo de licencias"},"content":{"rendered":"<div class=\"wp-block-post-excerpt\"><p class=\"wp-block-post-excerpt__excerpt\">Seg\u00fan lo expuso en su reciente entrega de memoria y cuenta, el alcalde Lisandro Segura dijo que el 90 % del presupuesto de la alcald\u00eda se financia con los impuestos municipales <\/p><\/div>\n\n\n<p><strong>(El Vig\u00eda, 25\/3\/2023).-<\/strong> Con total \u00e9xito culmin\u00f3 el primer operativo de emisi\u00f3n y renovaci\u00f3n de licencias de actividad econ\u00f3mica y renovaci\u00f3n de licencias de licores, del a\u00f1o 2023, el cual fue realizado por el <a href=\"https:\/\/alcaldiaalbertoadriani.com\/?p=2337\" target=\"_blank\" rel=\"noreferrer noopener\">Servicio Aut\u00f3nomo de Administraci\u00f3n Tributaria (Samat)<\/a>, de la <a href=\"https:\/\/www.facebook.com\/alcaldiaaa\" target=\"_blank\" rel=\"noreferrer noopener\">alcald\u00eda de Alberto Adriani<\/a>. En el mismo participaron 90 comerciantes, as\u00ed lo inform\u00f3 Kellys Contreras, superintendente a cargo de este despacho.<\/p>\n\n\n\n<p>El <a href=\"https:\/\/www.facebook.com\/lisandro.segura.33\" target=\"_blank\" rel=\"noreferrer noopener\">alcalde Lisandro Segura<\/a> lidera esfuerzos para ampliar la base de contribuyentes, lo que resulta en una mejor distribuci\u00f3n de la carga tributaria.<\/p>\n\n\n\n<h2 class=\"wp-block-heading\">Jornada de expendici\u00f3n y renovaci\u00f3n de licencias por el Samat<\/h2>\n\n\n\n<p>Kellys Contreras dijo que, durante una semana, se lograron resultados satisfactorios, debido al buen n\u00famero de comerciantes que se acercaron a ejecutar sus tr\u00e1mites. Esta jornada se desarroll\u00f3 en los espacios de la C\u00e1mara de Comercio e Industria de El Vig\u00eda y Sur del Lago (Cavisur). \u201cAll\u00ed pudimos orientar y apoyar desde el pasado lunes 20, hasta el viernes 24 de mazo, a 54 comerciantes que renovaron sus licencias de actividad econ\u00f3mica\u201d, detall\u00f3 Contreras.<\/p>\n\n\n\n<figure class=\"wp-block-image size-large\"><img loading=\"lazy\" decoding=\"async\" width=\"1024\" height=\"768\" src=\"https:\/\/alcaldiaalbertoadriani.com\/wp-content\/uploads\/2023\/03\/photo1679688934-1024x768.jpg\" alt=\"\" class=\"wp-image-2398\" srcset=\"https:\/\/alcaldiaalbertoadriani.com\/wp-content\/uploads\/2023\/03\/photo1679688934-1024x768.jpg 1024w, https:\/\/alcaldiaalbertoadriani.com\/wp-content\/uploads\/2023\/03\/photo1679688934-980x735.jpg 980w, https:\/\/alcaldiaalbertoadriani.com\/wp-content\/uploads\/2023\/03\/photo1679688934-480x360.jpg 480w\" sizes=\"auto, (min-width: 0px) and (max-width: 480px) 480px, (min-width: 481px) and (max-width: 980px) 980px, (min-width: 981px) 1024px, 100vw\" \/><\/figure>\n\n\n\n<!--more-->\n\n\n\n<h2 class=\"wp-block-heading\">Nuevos comerciantes formalizados ante el Samat<\/h2>\n\n\n\n<p>Aparte de los comerciantes que renovaron su documentaci\u00f3n, Contreras celebr\u00f3 la incorporaci\u00f3n de 14 nuevos mercantes, que ahora tienen una documentaci\u00f3n formal y contribuyen con el municipio, para un total de 68 licencias de actividad econ\u00f3mica.<\/p>\n\n\n\n<p>Otros 22 propietarios de establecimientos comerciales del ramo de venta de licores, tambi\u00e9n hicieron presencia y renovaron sus licencias.<\/p>\n\n\n\n<p>Kellys Contreras explic\u00f3 que, todav\u00eda quedaron algunos comercios sin poder completar sus solicitudes en el marco del operativo, por falta de algunos de los recaudos.<\/p>\n\n\n\n<p>Sin embargo, indic\u00f3 que, esta semana, podr\u00e1n culminar su tr\u00e1mite en la sede del Samat .<\/p>\n\n\n\n<h2 class=\"wp-block-heading\">Reforma a la ordenanza de actividad econ\u00f3mica<\/h2>\n\n\n\n<p>Vale recordar que, el <a href=\"https:\/\/www.facebook.com\/lisandro.segura.33\" target=\"_blank\" rel=\"noreferrer noopener\">alcalde Lisandro Segura<\/a>, promovi\u00f3 la reforma a la Ordenanza de Actividad Econ\u00f3mica, en la cual se redujeron los recaudos, para facilitar los procesos e incentivar a los contribuyentes a formalizar sus negocios ante el ayuntamiento.<\/p>\n\n\n\n<p>Con el cambio de las ordenanzas, pudo reducir las al\u00edcuotas y disminuir as\u00ed a los comercios, la carga tributaria. Se condonaron multas y deudas anteriores y se cre\u00f3 un sistema de \u201cPronto Pago\u201d, que otorga descuentos a los comercios que realizan sus pagos de manera puntual. Adem\u00e1s, se incentiva a los nuevos empresarios, con beneficios, al formalizarse ante el Samat.<\/p>\n\n\n\n<h2 class=\"wp-block-heading\">Inversi\u00f3n en el municipio<\/h2>\n\n\n\n<p>El alcalde resalta que con la recaudaci\u00f3n de los impuestos es que se ha podido asfaltar, limpiar las calles, drenajes, reparar sem\u00e1foros, poner alumbrado, recuperar el servicio de aseo urbano, dar atenci\u00f3n social y sanitaria, atender emergencias, entre otros.<\/p>\n\n\n\n<p>La gesti\u00f3n municipal&nbsp; pr\u00e1cticamente depende de la recaudaci\u00f3n.<\/p>\n\n\n\n<p>Seg\u00fan lo expuesto en su reciente entrega de <a href=\"https:\/\/alcaldiaalbertoadriani.com\/?p=2297\" target=\"_blank\" rel=\"noreferrer noopener\">memoria y cuenta a la Contralor\u00eda<\/a> y a los habitantes de El Vig\u00eda,\u00a0 casi el 90 % del presupuesto de la alcald\u00eda se financia con los impuestos municipales, el 10 % restante con los recursos que recibe del gobierno nacional.<\/p>\n\n\n\n<h2 class=\"wp-block-heading\">Entrega de licencias<\/h2>\n\n\n\n<p>Se\u00f1al\u00f3 la superintendente que este lunes 27 de marzo, el Samat con la presencia del alcalde Lisandro Segura y el presidente de Cavisur, Xavier Ram\u00edrez, har\u00e1n entrega de las licencias emitidas, dicho acto ser\u00e1 en la sede de la C\u00e1mara de Comercio, a partir de las 3:00 pm. <strong>Prensa Alcald\u00eda de Alberto Adriani\/ CNP 16.478\/ Fotos: Yorman Parra<\/strong><\/p>\n\n\n\n<figure class=\"wp-block-gallery has-nested-images columns-default is-cropped wp-block-gallery-1 is-layout-flex wp-block-gallery-is-layout-flex\">\n<figure class=\"wp-block-image size-large\"><img loading=\"lazy\" decoding=\"async\" width=\"1024\" height=\"768\" data-id=\"2399\" src=\"https:\/\/alcaldiaalbertoadriani.com\/wp-content\/uploads\/2023\/03\/photo1679690157-1-1024x768.jpg\" alt=\"\" class=\"wp-image-2399\" srcset=\"https:\/\/alcaldiaalbertoadriani.com\/wp-content\/uploads\/2023\/03\/photo1679690157-1-1024x768.jpg 1024w, https:\/\/alcaldiaalbertoadriani.com\/wp-content\/uploads\/2023\/03\/photo1679690157-1-980x735.jpg 980w, https:\/\/alcaldiaalbertoadriani.com\/wp-content\/uploads\/2023\/03\/photo1679690157-1-480x360.jpg 480w\" sizes=\"auto, (min-width: 0px) and (max-width: 480px) 480px, (min-width: 481px) and (max-width: 980px) 980px, (min-width: 981px) 1024px, 100vw\" \/><\/figure>\n\n\n\n<figure class=\"wp-block-image size-large\"><img loading=\"lazy\" decoding=\"async\" width=\"1024\" height=\"768\" data-id=\"2401\" src=\"https:\/\/alcaldiaalbertoadriani.com\/wp-content\/uploads\/2023\/03\/photo1679690157-1024x768.jpg\" alt=\"\" class=\"wp-image-2401\" srcset=\"https:\/\/alcaldiaalbertoadriani.com\/wp-content\/uploads\/2023\/03\/photo1679690157-1024x768.jpg 1024w, https:\/\/alcaldiaalbertoadriani.com\/wp-content\/uploads\/2023\/03\/photo1679690157-980x735.jpg 980w, https:\/\/alcaldiaalbertoadriani.com\/wp-content\/uploads\/2023\/03\/photo1679690157-480x360.jpg 480w\" sizes=\"auto, (min-width: 0px) and (max-width: 480px) 480px, (min-width: 481px) and (max-width: 980px) 980px, (min-width: 981px) 1024px, 100vw\" \/><\/figure>\n\n\n\n<figure class=\"wp-block-image size-large\"><img loading=\"lazy\" decoding=\"async\" width=\"1024\" height=\"768\" data-id=\"2400\" src=\"https:\/\/alcaldiaalbertoadriani.com\/wp-content\/uploads\/2023\/03\/photo1679690165-1024x768.jpg\" alt=\"\" class=\"wp-image-2400\" srcset=\"https:\/\/alcaldiaalbertoadriani.com\/wp-content\/uploads\/2023\/03\/photo1679690165-1024x768.jpg 1024w, https:\/\/alcaldiaalbertoadriani.com\/wp-content\/uploads\/2023\/03\/photo1679690165-980x735.jpg 980w, https:\/\/alcaldiaalbertoadriani.com\/wp-content\/uploads\/2023\/03\/photo1679690165-480x360.jpg 480w\" sizes=\"auto, (min-width: 0px) and (max-width: 480px) 480px, (min-width: 481px) and (max-width: 980px) 980px, (min-width: 981px) 1024px, 100vw\" \/><\/figure>\n<\/figure>\n","protected":false},"excerpt":{"rendered":"<p><em><strong>Seg\u00fan lo expuso en su reciente entrega de memoria y cuenta, el alcalde Lisandro Segura dijo que el 90 % del presupuesto de la alcald\u00eda se financia con los impuestos municipales<\/strong><\/em><\/p>\n","protected":false},"author":2,"featured_media":2397,"comment_status":"closed","ping_status":"closed","sticky":false,"template":"","format":"standard","meta":{"_et_pb_use_builder":"off","_et_pb_old_content":"","_et_gb_content_width":"","footnotes":""},"categories":[341,149,25,69],"tags":[31,11,12,15,30,29,28,72,70,365],"class_list":["post-2396","post","type-post","status-publish","format-standard","has-post-thumbnail","hentry","category-alcaldia-alberto-adriani","category-contribuyentes","category-nuestro-municipio","category-samat","tag-alcalde","tag-alcaldia","tag-alcaldiaalbertoadriani","tag-elvigia","tag-lisandrosegura","tag-municipioquenosmerecemos","tag-porelrenacer","tag-kellys-contreras","tag-samat","tag-samat-comerciantes-licencias"],"yoast_head":"<!-- This site is optimized with the Yoast SEO plugin v19.13 - https:\/\/yoast.com\/wordpress\/plugins\/seo\/ -->\n<title>SAMAT formaliz\u00f3 90 comerciantes de El Vig\u00eda en operativo de licencias - Alcaldia Alberto Adriani<\/title>\n<meta name=\"description\" content=\"Samat realiz\u00f3 primer operativo de licencias del a\u00f1o 2023 tanto de actividad econ\u00f3mica como de expendio de licores para los comerciantes.\" \/>\n<meta name=\"robots\" content=\"index, follow, max-snippet:-1, max-image-preview:large, max-video-preview:-1\" \/>\n<link rel=\"canonical\" href=\"https:\/\/alcaldiaalbertoadriani.com\/?p=2396\" \/>\n<meta property=\"og:locale\" content=\"es_ES\" \/>\n<meta property=\"og:type\" content=\"article\" \/>\n<meta property=\"og:title\" content=\"SAMAT formaliz\u00f3 90 comerciantes de El Vig\u00eda en operativo de licencias - Alcaldia Alberto Adriani\" \/>\n<meta property=\"og:description\" content=\"Samat realiz\u00f3 primer operativo de licencias del a\u00f1o 2023 tanto de actividad econ\u00f3mica como de expendio de licores para los comerciantes.\" \/>\n<meta property=\"og:url\" content=\"https:\/\/alcaldiaalbertoadriani.com\/?p=2396\" \/>\n<meta property=\"og:site_name\" content=\"Alcaldia Alberto Adriani\" \/>\n<meta property=\"article:published_time\" content=\"2023-03-28T13:28:54+00:00\" \/>\n<meta property=\"article:modified_time\" content=\"2023-03-28T13:28:58+00:00\" \/>\n<meta property=\"og:image\" content=\"https:\/\/alcaldiaalbertoadriani.com\/wp-content\/uploads\/2023\/03\/photo1679688934-1.jpg\" \/>\n\t<meta property=\"og:image:width\" content=\"1280\" \/>\n\t<meta property=\"og:image:height\" content=\"960\" \/>\n\t<meta property=\"og:image:type\" content=\"image\/jpeg\" \/>\n<meta name=\"author\" content=\"Prensa\" \/>\n<meta name=\"twitter:card\" content=\"summary_large_image\" \/>\n<meta name=\"twitter:label1\" content=\"Escrito por\" \/>\n\t<meta name=\"twitter:data1\" content=\"Prensa\" \/>\n\t<meta name=\"twitter:label2\" content=\"Tiempo de lectura\" \/>\n\t<meta name=\"twitter:data2\" content=\"4 minutos\" \/>\n<script type=\"application\/ld+json\" class=\"yoast-schema-graph\">{\"@context\":\"https:\/\/schema.org\",\"@graph\":[{\"@type\":\"WebPage\",\"@id\":\"https:\/\/alcaldiaalbertoadriani.com\/?p=2396\",\"url\":\"https:\/\/alcaldiaalbertoadriani.com\/?p=2396\",\"name\":\"SAMAT formaliz\u00f3 90 comerciantes de El Vig\u00eda en operativo de licencias - Alcaldia Alberto Adriani\",\"isPartOf\":{\"@id\":\"https:\/\/alcaldiaalbertoadriani.com\/#website\"},\"datePublished\":\"2023-03-28T13:28:54+00:00\",\"dateModified\":\"2023-03-28T13:28:58+00:00\",\"author\":{\"@id\":\"https:\/\/alcaldiaalbertoadriani.com\/#\/schema\/person\/549b4483ff8999ac780deeea78795fc9\"},\"description\":\"Samat realiz\u00f3 primer operativo de licencias del a\u00f1o 2023 tanto de actividad econ\u00f3mica como de expendio de licores para los comerciantes.\",\"breadcrumb\":{\"@id\":\"https:\/\/alcaldiaalbertoadriani.com\/?p=2396#breadcrumb\"},\"inLanguage\":\"es\",\"potentialAction\":[{\"@type\":\"ReadAction\",\"target\":[\"https:\/\/alcaldiaalbertoadriani.com\/?p=2396\"]}]},{\"@type\":\"BreadcrumbList\",\"@id\":\"https:\/\/alcaldiaalbertoadriani.com\/?p=2396#breadcrumb\",\"itemListElement\":[{\"@type\":\"ListItem\",\"position\":1,\"name\":\"Portada\",\"item\":\"https:\/\/alcaldiaalbertoadriani.com\/\"},{\"@type\":\"ListItem\",\"position\":2,\"name\":\"SAMAT formaliz\u00f3 90 comerciantes de El Vig\u00eda en operativo de licencias\"}]},{\"@type\":\"WebSite\",\"@id\":\"https:\/\/alcaldiaalbertoadriani.com\/#website\",\"url\":\"https:\/\/alcaldiaalbertoadriani.com\/\",\"name\":\"Alcaldia Alberto Adriani\",\"description\":\"\",\"potentialAction\":[{\"@type\":\"SearchAction\",\"target\":{\"@type\":\"EntryPoint\",\"urlTemplate\":\"https:\/\/alcaldiaalbertoadriani.com\/?s={search_term_string}\"},\"query-input\":\"required name=search_term_string\"}],\"inLanguage\":\"es\"},{\"@type\":\"Person\",\"@id\":\"https:\/\/alcaldiaalbertoadriani.com\/#\/schema\/person\/549b4483ff8999ac780deeea78795fc9\",\"name\":\"Prensa\",\"image\":{\"@type\":\"ImageObject\",\"inLanguage\":\"es\",\"@id\":\"https:\/\/alcaldiaalbertoadriani.com\/#\/schema\/person\/image\/\",\"url\":\"https:\/\/secure.gravatar.com\/avatar\/ea1cb567ea992a29627f4eee1c2eb185ec16decec6342d508fdf18dedb56c9de?s=96&d=mm&r=g\",\"contentUrl\":\"https:\/\/secure.gravatar.com\/avatar\/ea1cb567ea992a29627f4eee1c2eb185ec16decec6342d508fdf18dedb56c9de?s=96&d=mm&r=g\",\"caption\":\"Prensa\"},\"url\":\"https:\/\/alcaldiaalbertoadriani.com\/?author=2\"}]}<\/script>\n<!-- \/ Yoast SEO plugin. -->","yoast_head_json":{"title":"SAMAT formaliz\u00f3 90 comerciantes de El Vig\u00eda en operativo de licencias - Alcaldia Alberto Adriani","description":"Samat realiz\u00f3 primer operativo de licencias del a\u00f1o 2023 tanto de actividad econ\u00f3mica como de expendio de licores para los comerciantes.","robots":{"index":"index","follow":"follow","max-snippet":"max-snippet:-1","max-image-preview":"max-image-preview:large","max-video-preview":"max-video-preview:-1"},"canonical":"https:\/\/alcaldiaalbertoadriani.com\/?p=2396","og_locale":"es_ES","og_type":"article","og_title":"SAMAT formaliz\u00f3 90 comerciantes de El Vig\u00eda en operativo de licencias - Alcaldia Alberto Adriani","og_description":"Samat realiz\u00f3 primer operativo de licencias del a\u00f1o 2023 tanto de actividad econ\u00f3mica como de expendio de licores para los comerciantes.","og_url":"https:\/\/alcaldiaalbertoadriani.com\/?p=2396","og_site_name":"Alcaldia Alberto Adriani","article_published_time":"2023-03-28T13:28:54+00:00","article_modified_time":"2023-03-28T13:28:58+00:00","og_image":[{"width":1280,"height":960,"url":"https:\/\/alcaldiaalbertoadriani.com\/wp-content\/uploads\/2023\/03\/photo1679688934-1.jpg","type":"image\/jpeg"}],"author":"Prensa","twitter_card":"summary_large_image","twitter_misc":{"Escrito por":"Prensa","Tiempo de lectura":"4 minutos"},"schema":{"@context":"https:\/\/schema.org","@graph":[{"@type":"WebPage","@id":"https:\/\/alcaldiaalbertoadriani.com\/?p=2396","url":"https:\/\/alcaldiaalbertoadriani.com\/?p=2396","name":"SAMAT formaliz\u00f3 90 comerciantes de El Vig\u00eda en operativo de licencias - Alcaldia Alberto Adriani","isPartOf":{"@id":"https:\/\/alcaldiaalbertoadriani.com\/#website"},"datePublished":"2023-03-28T13:28:54+00:00","dateModified":"2023-03-28T13:28:58+00:00","author":{"@id":"https:\/\/alcaldiaalbertoadriani.com\/#\/schema\/person\/549b4483ff8999ac780deeea78795fc9"},"description":"Samat realiz\u00f3 primer operativo de licencias del a\u00f1o 2023 tanto de actividad econ\u00f3mica como de expendio de licores para los comerciantes.","breadcrumb":{"@id":"https:\/\/alcaldiaalbertoadriani.com\/?p=2396#breadcrumb"},"inLanguage":"es","potentialAction":[{"@type":"ReadAction","target":["https:\/\/alcaldiaalbertoadriani.com\/?p=2396"]}]},{"@type":"BreadcrumbList","@id":"https:\/\/alcaldiaalbertoadriani.com\/?p=2396#breadcrumb","itemListElement":[{"@type":"ListItem","position":1,"name":"Portada","item":"https:\/\/alcaldiaalbertoadriani.com\/"},{"@type":"ListItem","position":2,"name":"SAMAT formaliz\u00f3 90 comerciantes de El Vig\u00eda en operativo de licencias"}]},{"@type":"WebSite","@id":"https:\/\/alcaldiaalbertoadriani.com\/#website","url":"https:\/\/alcaldiaalbertoadriani.com\/","name":"Alcaldia Alberto Adriani","description":"","potentialAction":[{"@type":"SearchAction","target":{"@type":"EntryPoint","urlTemplate":"https:\/\/alcaldiaalbertoadriani.com\/?s={search_term_string}"},"query-input":"required name=search_term_string"}],"inLanguage":"es"},{"@type":"Person","@id":"https:\/\/alcaldiaalbertoadriani.com\/#\/schema\/person\/549b4483ff8999ac780deeea78795fc9","name":"Prensa","image":{"@type":"ImageObject","inLanguage":"es","@id":"https:\/\/alcaldiaalbertoadriani.com\/#\/schema\/person\/image\/","url":"https:\/\/secure.gravatar.com\/avatar\/ea1cb567ea992a29627f4eee1c2eb185ec16decec6342d508fdf18dedb56c9de?s=96&d=mm&r=g","contentUrl":"https:\/\/secure.gravatar.com\/avatar\/ea1cb567ea992a29627f4eee1c2eb185ec16decec6342d508fdf18dedb56c9de?s=96&d=mm&r=g","caption":"Prensa"},"url":"https:\/\/alcaldiaalbertoadriani.com\/?author=2"}]}},"_links":{"self":[{"href":"https:\/\/alcaldiaalbertoadriani.com\/index.php?rest_route=\/wp\/v2\/posts\/2396","targetHints":{"allow":["GET"]}}],"collection":[{"href":"https:\/\/alcaldiaalbertoadriani.com\/index.php?rest_route=\/wp\/v2\/posts"}],"about":[{"href":"https:\/\/alcaldiaalbertoadriani.com\/index.php?rest_route=\/wp\/v2\/types\/post"}],"author":[{"embeddable":true,"href":"https:\/\/alcaldiaalbertoadriani.com\/index.php?rest_route=\/wp\/v2\/users\/2"}],"replies":[{"embeddable":true,"href":"https:\/\/alcaldiaalbertoadriani.com\/index.php?rest_route=%2Fwp%2Fv2%2Fcomments&post=2396"}],"version-history":[{"count":1,"href":"https:\/\/alcaldiaalbertoadriani.com\/index.php?rest_route=\/wp\/v2\/posts\/2396\/revisions"}],"predecessor-version":[{"id":2402,"href":"https:\/\/alcaldiaalbertoadriani.com\/index.php?rest_route=\/wp\/v2\/posts\/2396\/revisions\/2402"}],"wp:featuredmedia":[{"embeddable":true,"href":"https:\/\/alcaldiaalbertoadriani.com\/index.php?rest_route=\/wp\/v2\/media\/2397"}],"wp:attachment":[{"href":"https:\/\/alcaldiaalbertoadriani.com\/index.php?rest_route=%2Fwp%2Fv2%2Fmedia&parent=2396"}],"wp:term":[{"taxonomy":"category","embeddable":true,"href":"https:\/\/alcaldiaalbertoadriani.com\/index.php?rest_route=%2Fwp%2Fv2%2Fcategories&post=2396"},{"taxonomy":"post_tag","embeddable":true,"href":"https:\/\/alcaldiaalbertoadriani.com\/index.php?rest_route=%2Fwp%2Fv2%2Ftags&post=2396"}],"curies":[{"name":"wp","href":"https:\/\/api.w.org\/{rel}","templated":true}]}}