{"id":2310,"date":"2023-03-20T20:28:53","date_gmt":"2023-03-20T20:28:53","guid":{"rendered":"https:\/\/alcaldiaalbertoadriani.com\/?p=2310"},"modified":"2023-03-20T20:28:59","modified_gmt":"2023-03-20T20:28:59","slug":"dia-san-jose","status":"publish","type":"post","link":"https:\/\/alcaldiaalbertoadriani.com\/?p=2310","title":{"rendered":"Alcalde Lisandro Segura acompa\u00f1\u00f3 celebraci\u00f3n por el D\u00eda de San Jos\u00e9"},"content":{"rendered":"<div class=\"wp-block-post-excerpt\"><p class=\"wp-block-post-excerpt__excerpt\">El evento organizado por el apostolado a cargo del presb\u00edtero Germ\u00e1n Mar\u00edn, se desarroll\u00f3 con una procesi\u00f3n y sus nueve estaciones y reuni\u00f3 a m\u00e1s de 300 personas de la parroquia Rafael Pulido M\u00e9ndez del municipio Alberto Adriani <\/p><\/div>\n\n\n<p>El D\u00eda de San Jos\u00e9 en el territorio venezolano, se celebra cada 19 de marzo. Obrero, patrono de los carpinteros e ingenieros, as\u00ed como de los trabajadores en general. Padre ejemplar de Jes\u00fas y esposo de Mar\u00eda, madre de Dios.<\/p>\n\n\n\n<p>Por tal raz\u00f3n, el <a href=\"https:\/\/www.instagram.com\/lisandrosegura02\/\" target=\"_blank\" rel=\"noreferrer noopener\">alcalde Lisandro Segura<\/a>, junto a Rodolfo Molina, presidente del <a href=\"https:\/\/www.instagram.com\/camaramunicipalalbertoadriani\/\" target=\"_blank\" rel=\"noreferrer noopener\">Concejo Municipal Alberto Adriani<\/a>, acompa\u00f1aron al apostolado de la parroquia Rafael Pulido M\u00e9ndez, con motivo de esta festividad religiosa.<\/p>\n\n\n\n<figure class=\"wp-block-image size-large\"><img loading=\"lazy\" decoding=\"async\" width=\"1024\" height=\"768\" src=\"https:\/\/alcaldiaalbertoadriani.com\/wp-content\/uploads\/2023\/03\/photo_2023-03-20_15-58-05-1024x768.jpg\" alt=\"\" class=\"wp-image-2312\" srcset=\"https:\/\/alcaldiaalbertoadriani.com\/wp-content\/uploads\/2023\/03\/photo_2023-03-20_15-58-05-980x735.jpg 980w, https:\/\/alcaldiaalbertoadriani.com\/wp-content\/uploads\/2023\/03\/photo_2023-03-20_15-58-05-480x360.jpg 480w\" sizes=\"auto, (min-width: 0px) and (max-width: 480px) 480px, (min-width: 481px) and (max-width: 980px) 980px, (min-width: 981px) 1024px, 100vw\" \/><\/figure>\n\n\n\n<!--more-->\n\n\n\n<h2 class=\"wp-block-heading\">D\u00eda de San Jos\u00e9 con procesi\u00f3n<\/h2>\n\n\n\n<p>El punto de concentraci\u00f3n y arranque de la procesi\u00f3n tuvo lugar en las instalaciones de la finca Villa Juani, ubicada en la redoma La Blanca, de la referida parroquia, en donde el presb\u00edtero Germ\u00e1n Mar\u00edn, emiti\u00f3 sus palabras de salutaci\u00f3n en el pre\u00e1mbulo de dicha actividad.<\/p>\n\n\n\n<p>Seguidamente, las autoridades del ente municipal, organizadores del evento y feligres\u00eda en general, emprendieron el recorrido desde Villa Jani (sitio \u00edcono), bajando por la redoma y tomando la Panamericana hasta llegar a la Universidad Nacional Experimental \u201cSim\u00f3n Rodr\u00edguez\u201d, n\u00facleo El Vig\u00eda.<\/p>\n\n\n\n<p>El recorrido avanz\u00f3 por la principal del sector Divino Ni\u00f1o; La Mandarina; Los Robles, Villa los \u00c1ngeles y viceversa, para conectar con el Liceo Luis Prieto Figueroa; cancha techa del sector Ca\u00f1o Seco II, Las Casitas y 12 de Octubre; con llegada a la iglesia cat\u00f3lica La Blanca.<\/p>\n\n\n\n<p>Importante destacar que la feligres\u00eda carg\u00f3 con la imagen de San Jos\u00e9 y recorrieron sus nueve estaciones, en donde tambi\u00e9n, se cont\u00f3 con la participaci\u00f3n danc\u00edstica de los Vasallos de San Jos\u00e9.<\/p>\n\n\n\n<p>La actividad arranc\u00f3 a las 2:30 de la tarde aproximadamente y culmin\u00f3 a las 10:30 de la noche.<\/p>\n\n\n\n<h2 class=\"wp-block-heading\">Misa y mini-concierto<\/h2>\n\n\n\n<p>Monse\u00f1or Juan de Dios Pe\u00f1a Rojas, dirigi\u00f3 una Misa de Acci\u00f3n de Gracias en la iglesia eclesi\u00e1stica \u201cSan Jos\u00e9\u201d de La Blanca, en donde se cont\u00f3 con varios c\u00e1nticos cristianos por parte del grupo Melod\u00eda Cristiana.<\/p>\n\n\n\n<p>Por \u00faltimo, funcionarios del <a href=\"https:\/\/www.instagram.com\/2022iamcaa\/\" target=\"_blank\" rel=\"noreferrer noopener\">Instituto Municipal de la Cultura (Iamcaa)<\/a>, presidido por Keibert Rojas, ofrecieron un mini-concierto, adem\u00e1s de la participaci\u00f3n del grupo \u201cChi Dance\u201d, que deslumbr\u00f3 con sus coreograf\u00edas en la tarima ubicada a las afueras del recinto cat\u00f3lico, con una asistencia de m\u00e1s de 300 personas. <strong>Prensa Alcald\u00eda Alberto Adriani\/ Edgar Mendoza CNP: 25.736\/Fotos: PAAA.<\/strong><\/p>\n\n\n\n<figure class=\"wp-block-gallery has-nested-images columns-default is-cropped wp-block-gallery-1 is-layout-flex wp-block-gallery-is-layout-flex\">\n<figure class=\"wp-block-image size-large\"><img loading=\"lazy\" decoding=\"async\" width=\"1024\" height=\"768\" data-id=\"2319\" src=\"https:\/\/alcaldiaalbertoadriani.com\/wp-content\/uploads\/2023\/03\/photo_2023-03-20_15-57-55-1024x768.jpg\" alt=\"\" class=\"wp-image-2319\" srcset=\"https:\/\/alcaldiaalbertoadriani.com\/wp-content\/uploads\/2023\/03\/photo_2023-03-20_15-57-55-980x735.jpg 980w, https:\/\/alcaldiaalbertoadriani.com\/wp-content\/uploads\/2023\/03\/photo_2023-03-20_15-57-55-480x360.jpg 480w\" sizes=\"auto, (min-width: 0px) and (max-width: 480px) 480px, (min-width: 481px) and (max-width: 980px) 980px, (min-width: 981px) 1024px, 100vw\" \/><\/figure>\n\n\n\n<figure class=\"wp-block-image size-large\"><img loading=\"lazy\" decoding=\"async\" width=\"1024\" height=\"461\" data-id=\"2313\" src=\"https:\/\/alcaldiaalbertoadriani.com\/wp-content\/uploads\/2023\/03\/photo_2023-03-20_15-58-00-1024x461.jpg\" alt=\"\" class=\"wp-image-2313\" srcset=\"https:\/\/alcaldiaalbertoadriani.com\/wp-content\/uploads\/2023\/03\/photo_2023-03-20_15-58-00-1024x461.jpg 1024w, https:\/\/alcaldiaalbertoadriani.com\/wp-content\/uploads\/2023\/03\/photo_2023-03-20_15-58-00-980x441.jpg 980w, https:\/\/alcaldiaalbertoadriani.com\/wp-content\/uploads\/2023\/03\/photo_2023-03-20_15-58-00-480x216.jpg 480w\" sizes=\"auto, (min-width: 0px) and (max-width: 480px) 480px, (min-width: 481px) and (max-width: 980px) 980px, (min-width: 981px) 1024px, 100vw\" \/><\/figure>\n\n\n\n<figure class=\"wp-block-image size-large\"><img loading=\"lazy\" decoding=\"async\" width=\"1024\" height=\"576\" data-id=\"2314\" src=\"https:\/\/alcaldiaalbertoadriani.com\/wp-content\/uploads\/2023\/03\/photo_2023-03-20_15-58-01-1024x576.jpg\" alt=\"\" class=\"wp-image-2314\" srcset=\"https:\/\/alcaldiaalbertoadriani.com\/wp-content\/uploads\/2023\/03\/photo_2023-03-20_15-58-01-1024x576.jpg 1024w, https:\/\/alcaldiaalbertoadriani.com\/wp-content\/uploads\/2023\/03\/photo_2023-03-20_15-58-01-980x552.jpg 980w, https:\/\/alcaldiaalbertoadriani.com\/wp-content\/uploads\/2023\/03\/photo_2023-03-20_15-58-01-480x270.jpg 480w\" sizes=\"auto, (min-width: 0px) and (max-width: 480px) 480px, (min-width: 481px) and (max-width: 980px) 980px, (min-width: 981px) 1024px, 100vw\" \/><\/figure>\n\n\n\n<figure class=\"wp-block-image size-large\"><img loading=\"lazy\" decoding=\"async\" width=\"1024\" height=\"768\" data-id=\"2315\" src=\"https:\/\/alcaldiaalbertoadriani.com\/wp-content\/uploads\/2023\/03\/photo_2023-03-20_15-58-02-1024x768.jpg\" alt=\"\" class=\"wp-image-2315\" srcset=\"https:\/\/alcaldiaalbertoadriani.com\/wp-content\/uploads\/2023\/03\/photo_2023-03-20_15-58-02-980x735.jpg 980w, https:\/\/alcaldiaalbertoadriani.com\/wp-content\/uploads\/2023\/03\/photo_2023-03-20_15-58-02-480x360.jpg 480w\" sizes=\"auto, (min-width: 0px) and (max-width: 480px) 480px, (min-width: 481px) and (max-width: 980px) 980px, (min-width: 981px) 1024px, 100vw\" \/><\/figure>\n\n\n\n<figure class=\"wp-block-image size-large\"><img loading=\"lazy\" decoding=\"async\" width=\"1024\" height=\"768\" data-id=\"2317\" src=\"https:\/\/alcaldiaalbertoadriani.com\/wp-content\/uploads\/2023\/03\/photo_2023-03-20_15-58-03-1024x768.jpg\" alt=\"\" class=\"wp-image-2317\" srcset=\"https:\/\/alcaldiaalbertoadriani.com\/wp-content\/uploads\/2023\/03\/photo_2023-03-20_15-58-03-980x735.jpg 980w, https:\/\/alcaldiaalbertoadriani.com\/wp-content\/uploads\/2023\/03\/photo_2023-03-20_15-58-03-480x360.jpg 480w\" sizes=\"auto, (min-width: 0px) and (max-width: 480px) 480px, (min-width: 481px) and (max-width: 980px) 980px, (min-width: 981px) 1024px, 100vw\" \/><\/figure>\n\n\n\n<figure class=\"wp-block-image size-large\"><img loading=\"lazy\" decoding=\"async\" width=\"1024\" height=\"768\" data-id=\"2316\" src=\"https:\/\/alcaldiaalbertoadriani.com\/wp-content\/uploads\/2023\/03\/photo_2023-03-20_15-58-04-2-1024x768.jpg\" alt=\"\" class=\"wp-image-2316\" srcset=\"https:\/\/alcaldiaalbertoadriani.com\/wp-content\/uploads\/2023\/03\/photo_2023-03-20_15-58-04-2-980x735.jpg 980w, https:\/\/alcaldiaalbertoadriani.com\/wp-content\/uploads\/2023\/03\/photo_2023-03-20_15-58-04-2-480x360.jpg 480w\" sizes=\"auto, (min-width: 0px) and (max-width: 480px) 480px, (min-width: 481px) and (max-width: 980px) 980px, (min-width: 981px) 1024px, 100vw\" \/><\/figure>\n\n\n\n<figure class=\"wp-block-image size-large\"><img loading=\"lazy\" decoding=\"async\" width=\"1024\" height=\"768\" data-id=\"2318\" src=\"https:\/\/alcaldiaalbertoadriani.com\/wp-content\/uploads\/2023\/03\/photo_2023-03-20_15-58-04-1024x768.jpg\" alt=\"\" class=\"wp-image-2318\" srcset=\"https:\/\/alcaldiaalbertoadriani.com\/wp-content\/uploads\/2023\/03\/photo_2023-03-20_15-58-04-980x735.jpg 980w, https:\/\/alcaldiaalbertoadriani.com\/wp-content\/uploads\/2023\/03\/photo_2023-03-20_15-58-04-480x360.jpg 480w\" sizes=\"auto, (min-width: 0px) and (max-width: 480px) 480px, (min-width: 481px) and (max-width: 980px) 980px, (min-width: 981px) 1024px, 100vw\" \/><\/figure>\n\n\n\n<figure class=\"wp-block-image size-large\"><img loading=\"lazy\" decoding=\"async\" width=\"1024\" height=\"768\" data-id=\"2320\" src=\"https:\/\/alcaldiaalbertoadriani.com\/wp-content\/uploads\/2023\/03\/photo_2023-03-20_15-58-06-1024x768.jpg\" alt=\"\" class=\"wp-image-2320\" srcset=\"https:\/\/alcaldiaalbertoadriani.com\/wp-content\/uploads\/2023\/03\/photo_2023-03-20_15-58-06-980x735.jpg 980w, https:\/\/alcaldiaalbertoadriani.com\/wp-content\/uploads\/2023\/03\/photo_2023-03-20_15-58-06-480x360.jpg 480w\" sizes=\"auto, (min-width: 0px) and (max-width: 480px) 480px, (min-width: 481px) and (max-width: 980px) 980px, (min-width: 981px) 1024px, 100vw\" \/><\/figure>\n<\/figure>\n","protected":false},"excerpt":{"rendered":"<p><strong><em>El evento organizado por el apostolado a cargo del presb\u00edtero Germ\u00e1n Mar\u00edn, se desarroll\u00f3 con una procesi\u00f3n y sus nueve estaciones y reuni\u00f3 a m\u00e1s de 300 personas de la parroquia Rafael Pulido M\u00e9ndez del municipio Alberto Adriani<\/em><\/strong><\/p>\n","protected":false},"author":2,"featured_media":2311,"comment_status":"closed","ping_status":"closed","sticky":false,"template":"","format":"standard","meta":{"_et_pb_use_builder":"off","_et_pb_old_content":"","_et_gb_content_width":"","footnotes":""},"categories":[39,341,136,78,77,25],"tags":[31,11,12,15,30,29,28,359],"class_list":["post-2310","post","type-post","status-publish","format-standard","has-post-thumbnail","hentry","category-actividades-sociales","category-alcaldia-alberto-adriani","category-concejo-municipal","category-cultura","category-iamcaa","category-nuestro-municipio","tag-alcalde","tag-alcaldia","tag-alcaldiaalbertoadriani","tag-elvigia","tag-lisandrosegura","tag-municipioquenosmerecemos","tag-porelrenacer","tag-dia-san-jose"],"yoast_head":"<!-- This site is optimized with the Yoast SEO plugin v19.13 - https:\/\/yoast.com\/wordpress\/plugins\/seo\/ -->\n<title>Alcalde Lisandro Segura acompa\u00f1\u00f3 celebraci\u00f3n por el D\u00eda de San Jos\u00e9 - Alcaldia Alberto Adriani<\/title>\n<meta name=\"description\" content=\"El D\u00eda de San Jos\u00e9 en el territorio venezolano, se celebra cada 19 de marzo. Obrero, patrono de los carpinteros e ingenieros.\" \/>\n<meta name=\"robots\" content=\"index, follow, max-snippet:-1, max-image-preview:large, max-video-preview:-1\" \/>\n<link rel=\"canonical\" href=\"https:\/\/alcaldiaalbertoadriani.com\/?p=2310\" \/>\n<meta property=\"og:locale\" content=\"es_ES\" \/>\n<meta property=\"og:type\" content=\"article\" \/>\n<meta property=\"og:title\" content=\"Alcalde Lisandro Segura acompa\u00f1\u00f3 celebraci\u00f3n por el D\u00eda de San Jos\u00e9 - Alcaldia Alberto Adriani\" \/>\n<meta property=\"og:description\" content=\"El D\u00eda de San Jos\u00e9 en el territorio venezolano, se celebra cada 19 de marzo. Obrero, patrono de los carpinteros e ingenieros.\" \/>\n<meta property=\"og:url\" content=\"https:\/\/alcaldiaalbertoadriani.com\/?p=2310\" \/>\n<meta property=\"og:site_name\" content=\"Alcaldia Alberto Adriani\" \/>\n<meta property=\"article:published_time\" content=\"2023-03-20T20:28:53+00:00\" \/>\n<meta property=\"article:modified_time\" content=\"2023-03-20T20:28:59+00:00\" \/>\n<meta property=\"og:image\" content=\"https:\/\/alcaldiaalbertoadriani.com\/wp-content\/uploads\/2023\/03\/photo_2023-03-20_15-57-52.jpg\" \/>\n\t<meta property=\"og:image:width\" content=\"2560\" \/>\n\t<meta property=\"og:image:height\" content=\"1920\" \/>\n\t<meta property=\"og:image:type\" content=\"image\/jpeg\" \/>\n<meta name=\"author\" content=\"Prensa\" \/>\n<meta name=\"twitter:card\" content=\"summary_large_image\" \/>\n<meta name=\"twitter:label1\" content=\"Escrito por\" \/>\n\t<meta name=\"twitter:data1\" content=\"Prensa\" \/>\n\t<meta name=\"twitter:label2\" content=\"Tiempo de lectura\" \/>\n\t<meta name=\"twitter:data2\" content=\"4 minutos\" \/>\n<script type=\"application\/ld+json\" class=\"yoast-schema-graph\">{\"@context\":\"https:\/\/schema.org\",\"@graph\":[{\"@type\":\"WebPage\",\"@id\":\"https:\/\/alcaldiaalbertoadriani.com\/?p=2310\",\"url\":\"https:\/\/alcaldiaalbertoadriani.com\/?p=2310\",\"name\":\"Alcalde Lisandro Segura acompa\u00f1\u00f3 celebraci\u00f3n por el D\u00eda de San Jos\u00e9 - Alcaldia Alberto Adriani\",\"isPartOf\":{\"@id\":\"https:\/\/alcaldiaalbertoadriani.com\/#website\"},\"datePublished\":\"2023-03-20T20:28:53+00:00\",\"dateModified\":\"2023-03-20T20:28:59+00:00\",\"author\":{\"@id\":\"https:\/\/alcaldiaalbertoadriani.com\/#\/schema\/person\/549b4483ff8999ac780deeea78795fc9\"},\"description\":\"El D\u00eda de San Jos\u00e9 en el territorio venezolano, se celebra cada 19 de marzo. Obrero, patrono de los carpinteros e ingenieros.\",\"breadcrumb\":{\"@id\":\"https:\/\/alcaldiaalbertoadriani.com\/?p=2310#breadcrumb\"},\"inLanguage\":\"es\",\"potentialAction\":[{\"@type\":\"ReadAction\",\"target\":[\"https:\/\/alcaldiaalbertoadriani.com\/?p=2310\"]}]},{\"@type\":\"BreadcrumbList\",\"@id\":\"https:\/\/alcaldiaalbertoadriani.com\/?p=2310#breadcrumb\",\"itemListElement\":[{\"@type\":\"ListItem\",\"position\":1,\"name\":\"Portada\",\"item\":\"https:\/\/alcaldiaalbertoadriani.com\/\"},{\"@type\":\"ListItem\",\"position\":2,\"name\":\"Alcalde Lisandro Segura acompa\u00f1\u00f3 celebraci\u00f3n por el D\u00eda de San Jos\u00e9\"}]},{\"@type\":\"WebSite\",\"@id\":\"https:\/\/alcaldiaalbertoadriani.com\/#website\",\"url\":\"https:\/\/alcaldiaalbertoadriani.com\/\",\"name\":\"Alcaldia Alberto Adriani\",\"description\":\"\",\"potentialAction\":[{\"@type\":\"SearchAction\",\"target\":{\"@type\":\"EntryPoint\",\"urlTemplate\":\"https:\/\/alcaldiaalbertoadriani.com\/?s={search_term_string}\"},\"query-input\":\"required name=search_term_string\"}],\"inLanguage\":\"es\"},{\"@type\":\"Person\",\"@id\":\"https:\/\/alcaldiaalbertoadriani.com\/#\/schema\/person\/549b4483ff8999ac780deeea78795fc9\",\"name\":\"Prensa\",\"image\":{\"@type\":\"ImageObject\",\"inLanguage\":\"es\",\"@id\":\"https:\/\/alcaldiaalbertoadriani.com\/#\/schema\/person\/image\/\",\"url\":\"https:\/\/secure.gravatar.com\/avatar\/ea1cb567ea992a29627f4eee1c2eb185ec16decec6342d508fdf18dedb56c9de?s=96&d=mm&r=g\",\"contentUrl\":\"https:\/\/secure.gravatar.com\/avatar\/ea1cb567ea992a29627f4eee1c2eb185ec16decec6342d508fdf18dedb56c9de?s=96&d=mm&r=g\",\"caption\":\"Prensa\"},\"url\":\"https:\/\/alcaldiaalbertoadriani.com\/?author=2\"}]}<\/script>\n<!-- \/ Yoast SEO plugin. -->","yoast_head_json":{"title":"Alcalde Lisandro Segura acompa\u00f1\u00f3 celebraci\u00f3n por el D\u00eda de San Jos\u00e9 - Alcaldia Alberto Adriani","description":"El D\u00eda de San Jos\u00e9 en el territorio venezolano, se celebra cada 19 de marzo. Obrero, patrono de los carpinteros e ingenieros.","robots":{"index":"index","follow":"follow","max-snippet":"max-snippet:-1","max-image-preview":"max-image-preview:large","max-video-preview":"max-video-preview:-1"},"canonical":"https:\/\/alcaldiaalbertoadriani.com\/?p=2310","og_locale":"es_ES","og_type":"article","og_title":"Alcalde Lisandro Segura acompa\u00f1\u00f3 celebraci\u00f3n por el D\u00eda de San Jos\u00e9 - Alcaldia Alberto Adriani","og_description":"El D\u00eda de San Jos\u00e9 en el territorio venezolano, se celebra cada 19 de marzo. Obrero, patrono de los carpinteros e ingenieros.","og_url":"https:\/\/alcaldiaalbertoadriani.com\/?p=2310","og_site_name":"Alcaldia Alberto Adriani","article_published_time":"2023-03-20T20:28:53+00:00","article_modified_time":"2023-03-20T20:28:59+00:00","og_image":[{"width":2560,"height":1920,"url":"https:\/\/alcaldiaalbertoadriani.com\/wp-content\/uploads\/2023\/03\/photo_2023-03-20_15-57-52.jpg","type":"image\/jpeg"}],"author":"Prensa","twitter_card":"summary_large_image","twitter_misc":{"Escrito por":"Prensa","Tiempo de lectura":"4 minutos"},"schema":{"@context":"https:\/\/schema.org","@graph":[{"@type":"WebPage","@id":"https:\/\/alcaldiaalbertoadriani.com\/?p=2310","url":"https:\/\/alcaldiaalbertoadriani.com\/?p=2310","name":"Alcalde Lisandro Segura acompa\u00f1\u00f3 celebraci\u00f3n por el D\u00eda de San Jos\u00e9 - Alcaldia Alberto Adriani","isPartOf":{"@id":"https:\/\/alcaldiaalbertoadriani.com\/#website"},"datePublished":"2023-03-20T20:28:53+00:00","dateModified":"2023-03-20T20:28:59+00:00","author":{"@id":"https:\/\/alcaldiaalbertoadriani.com\/#\/schema\/person\/549b4483ff8999ac780deeea78795fc9"},"description":"El D\u00eda de San Jos\u00e9 en el territorio venezolano, se celebra cada 19 de marzo. Obrero, patrono de los carpinteros e ingenieros.","breadcrumb":{"@id":"https:\/\/alcaldiaalbertoadriani.com\/?p=2310#breadcrumb"},"inLanguage":"es","potentialAction":[{"@type":"ReadAction","target":["https:\/\/alcaldiaalbertoadriani.com\/?p=2310"]}]},{"@type":"BreadcrumbList","@id":"https:\/\/alcaldiaalbertoadriani.com\/?p=2310#breadcrumb","itemListElement":[{"@type":"ListItem","position":1,"name":"Portada","item":"https:\/\/alcaldiaalbertoadriani.com\/"},{"@type":"ListItem","position":2,"name":"Alcalde Lisandro Segura acompa\u00f1\u00f3 celebraci\u00f3n por el D\u00eda de San Jos\u00e9"}]},{"@type":"WebSite","@id":"https:\/\/alcaldiaalbertoadriani.com\/#website","url":"https:\/\/alcaldiaalbertoadriani.com\/","name":"Alcaldia Alberto Adriani","description":"","potentialAction":[{"@type":"SearchAction","target":{"@type":"EntryPoint","urlTemplate":"https:\/\/alcaldiaalbertoadriani.com\/?s={search_term_string}"},"query-input":"required name=search_term_string"}],"inLanguage":"es"},{"@type":"Person","@id":"https:\/\/alcaldiaalbertoadriani.com\/#\/schema\/person\/549b4483ff8999ac780deeea78795fc9","name":"Prensa","image":{"@type":"ImageObject","inLanguage":"es","@id":"https:\/\/alcaldiaalbertoadriani.com\/#\/schema\/person\/image\/","url":"https:\/\/secure.gravatar.com\/avatar\/ea1cb567ea992a29627f4eee1c2eb185ec16decec6342d508fdf18dedb56c9de?s=96&d=mm&r=g","contentUrl":"https:\/\/secure.gravatar.com\/avatar\/ea1cb567ea992a29627f4eee1c2eb185ec16decec6342d508fdf18dedb56c9de?s=96&d=mm&r=g","caption":"Prensa"},"url":"https:\/\/alcaldiaalbertoadriani.com\/?author=2"}]}},"_links":{"self":[{"href":"https:\/\/alcaldiaalbertoadriani.com\/index.php?rest_route=\/wp\/v2\/posts\/2310","targetHints":{"allow":["GET"]}}],"collection":[{"href":"https:\/\/alcaldiaalbertoadriani.com\/index.php?rest_route=\/wp\/v2\/posts"}],"about":[{"href":"https:\/\/alcaldiaalbertoadriani.com\/index.php?rest_route=\/wp\/v2\/types\/post"}],"author":[{"embeddable":true,"href":"https:\/\/alcaldiaalbertoadriani.com\/index.php?rest_route=\/wp\/v2\/users\/2"}],"replies":[{"embeddable":true,"href":"https:\/\/alcaldiaalbertoadriani.com\/index.php?rest_route=%2Fwp%2Fv2%2Fcomments&post=2310"}],"version-history":[{"count":1,"href":"https:\/\/alcaldiaalbertoadriani.com\/index.php?rest_route=\/wp\/v2\/posts\/2310\/revisions"}],"predecessor-version":[{"id":2321,"href":"https:\/\/alcaldiaalbertoadriani.com\/index.php?rest_route=\/wp\/v2\/posts\/2310\/revisions\/2321"}],"wp:featuredmedia":[{"embeddable":true,"href":"https:\/\/alcaldiaalbertoadriani.com\/index.php?rest_route=\/wp\/v2\/media\/2311"}],"wp:attachment":[{"href":"https:\/\/alcaldiaalbertoadriani.com\/index.php?rest_route=%2Fwp%2Fv2%2Fmedia&parent=2310"}],"wp:term":[{"taxonomy":"category","embeddable":true,"href":"https:\/\/alcaldiaalbertoadriani.com\/index.php?rest_route=%2Fwp%2Fv2%2Fcategories&post=2310"},{"taxonomy":"post_tag","embeddable":true,"href":"https:\/\/alcaldiaalbertoadriani.com\/index.php?rest_route=%2Fwp%2Fv2%2Ftags&post=2310"}],"curies":[{"name":"wp","href":"https:\/\/api.w.org\/{rel}","templated":true}]}}