{"id":2193,"date":"2023-03-07T14:46:07","date_gmt":"2023-03-07T14:46:07","guid":{"rendered":"https:\/\/alcaldiaalbertoadriani.com\/?p=2193"},"modified":"2023-03-07T14:46:14","modified_gmt":"2023-03-07T14:46:14","slug":"realizaran-censo-y-caracterizacion-del-sector-artistico-cultural-del-municipio-alberto-adriani","status":"publish","type":"post","link":"https:\/\/alcaldiaalbertoadriani.com\/?p=2193","title":{"rendered":"Realizar\u00e1n censo y caracterizaci\u00f3n del sector Art\u00edstico Cultural del municipio Alberto Adriani"},"content":{"rendered":"\n<p>Con el fin de llevar a cabo el Censo y Caracterizaci\u00f3n del sector Art\u00edstico Cultural del <a href=\"https:\/\/twitter.com\/alcaldiaaa\" target=\"_blank\" rel=\"noreferrer noopener\">municipio Alberto Adriani<\/a>, el Instituto Aut\u00f3nomo Municipal de la Cultura, invita a todas las agrupaciones e individuales de danza, escultores, pintores, teatro, entre otros; para que participen este jueves 9 de marzo desde el Centro Cultural Mariano Pic\u00f3n Salas.<\/p>\n\n\n\n<p>De esa manera lo dio a conocer Keiberh Rojas, presidente del <a href=\"https:\/\/alcaldiaalbertoadriani.com\/?p=1968\" target=\"_blank\" rel=\"noreferrer noopener\">Iamcaa<\/a>, al precisar que este censo tiene como prop\u00f3sito identificar a los artistas, promotores culturales, organizaciones y\/o empresas art\u00edsticas culturales del municipio, as\u00ed como la caracterizaci\u00f3n de cada una de estas agrupaciones e individualidades que conforman el municipio.<\/p>\n\n\n\n<!--more-->\n\n\n\n<p>\u201cLa idea es construir una base de datos, un documento de caracterizaci\u00f3n del sector art\u00edstico y cultural del <a href=\"https:\/\/twitter.com\/alcaldiaaa\" target=\"_blank\" rel=\"noreferrer noopener\">municipio Alberto Adriani<\/a>, que posteriormente nos ayude a organizar el sector cultural de la jurisdicci\u00f3n para seguir trabajando en el renacer de la cultura que se merecen los vig\u00edenses\u201d, refiri\u00f3 el funcionario<\/p>\n\n\n\n<p>Reiter\u00f3 Rojas que el censo se efectuar\u00e1 este jueves desde las 8 de la ma\u00f1ana pues el fin es seguir sumando ideas para la creaci\u00f3n de nuevos proyectos culturales, \u201cy hacer del <a href=\"https:\/\/twitter.com\/alcaldiaaa\" target=\"_blank\" rel=\"noreferrer noopener\">municipio Alberto Adriani<\/a> la capital cultural de la zona Sur del Lago\u201d. Prensa\/Alcald\u00eda Alberto Adriani. <strong>CNP: 22.661. Foto: Emmanuel M\u00e9ndez<\/strong><\/p>\n","protected":false},"excerpt":{"rendered":"<p>Con el fin de llevar a cabo el Censo y Caracterizaci\u00f3n del sector Art\u00edstico Cultural del municipio Alberto Adriani, el Instituto Aut\u00f3nomo Municipal de la Cultura, invita a todas las [&hellip;]<\/p>\n","protected":false},"author":2,"featured_media":2194,"comment_status":"closed","ping_status":"closed","sticky":false,"template":"","format":"standard","meta":{"_et_pb_use_builder":"off","_et_pb_old_content":"","_et_gb_content_width":"","footnotes":""},"categories":[78,77,25],"tags":[31,11,12,15,30,29,28],"class_list":["post-2193","post","type-post","status-publish","format-standard","has-post-thumbnail","hentry","category-cultura","category-iamcaa","category-nuestro-municipio","tag-alcalde","tag-alcaldia","tag-alcaldiaalbertoadriani","tag-elvigia","tag-lisandrosegura","tag-municipioquenosmerecemos","tag-porelrenacer"],"yoast_head":"<!-- This site is optimized with the Yoast SEO plugin v19.13 - https:\/\/yoast.com\/wordpress\/plugins\/seo\/ -->\n<title>Realizar\u00e1n censo y caracterizaci\u00f3n del sector Art\u00edstico Cultural del municipio Alberto Adriani - Alcaldia Alberto Adriani<\/title>\n<meta name=\"robots\" content=\"index, follow, max-snippet:-1, max-image-preview:large, max-video-preview:-1\" \/>\n<link rel=\"canonical\" href=\"https:\/\/alcaldiaalbertoadriani.com\/?p=2193\" \/>\n<meta property=\"og:locale\" content=\"es_ES\" \/>\n<meta property=\"og:type\" content=\"article\" \/>\n<meta property=\"og:title\" content=\"Realizar\u00e1n censo y caracterizaci\u00f3n del sector Art\u00edstico Cultural del municipio Alberto Adriani - Alcaldia Alberto Adriani\" \/>\n<meta property=\"og:description\" content=\"Con el fin de llevar a cabo el Censo y Caracterizaci\u00f3n del sector Art\u00edstico Cultural del municipio Alberto Adriani, el Instituto Aut\u00f3nomo Municipal de la Cultura, invita a todas las [&hellip;]\" \/>\n<meta property=\"og:url\" content=\"https:\/\/alcaldiaalbertoadriani.com\/?p=2193\" \/>\n<meta property=\"og:site_name\" content=\"Alcaldia Alberto Adriani\" \/>\n<meta property=\"article:published_time\" content=\"2023-03-07T14:46:07+00:00\" \/>\n<meta property=\"article:modified_time\" content=\"2023-03-07T14:46:14+00:00\" \/>\n<meta property=\"og:image\" content=\"https:\/\/alcaldiaalbertoadriani.com\/wp-content\/uploads\/2023\/03\/IMG000-scaled.jpg\" \/>\n\t<meta property=\"og:image:width\" content=\"2560\" \/>\n\t<meta property=\"og:image:height\" content=\"1920\" \/>\n\t<meta property=\"og:image:type\" content=\"image\/jpeg\" \/>\n<meta name=\"author\" content=\"Prensa\" \/>\n<meta name=\"twitter:card\" content=\"summary_large_image\" \/>\n<meta name=\"twitter:label1\" content=\"Escrito por\" \/>\n\t<meta name=\"twitter:data1\" content=\"Prensa\" \/>\n\t<meta name=\"twitter:label2\" content=\"Tiempo de lectura\" \/>\n\t<meta name=\"twitter:data2\" content=\"1 minuto\" \/>\n<script type=\"application\/ld+json\" class=\"yoast-schema-graph\">{\"@context\":\"https:\/\/schema.org\",\"@graph\":[{\"@type\":\"WebPage\",\"@id\":\"https:\/\/alcaldiaalbertoadriani.com\/?p=2193\",\"url\":\"https:\/\/alcaldiaalbertoadriani.com\/?p=2193\",\"name\":\"Realizar\u00e1n censo y caracterizaci\u00f3n del sector Art\u00edstico Cultural del municipio Alberto Adriani - Alcaldia Alberto Adriani\",\"isPartOf\":{\"@id\":\"https:\/\/alcaldiaalbertoadriani.com\/#website\"},\"datePublished\":\"2023-03-07T14:46:07+00:00\",\"dateModified\":\"2023-03-07T14:46:14+00:00\",\"author\":{\"@id\":\"https:\/\/alcaldiaalbertoadriani.com\/#\/schema\/person\/549b4483ff8999ac780deeea78795fc9\"},\"breadcrumb\":{\"@id\":\"https:\/\/alcaldiaalbertoadriani.com\/?p=2193#breadcrumb\"},\"inLanguage\":\"es\",\"potentialAction\":[{\"@type\":\"ReadAction\",\"target\":[\"https:\/\/alcaldiaalbertoadriani.com\/?p=2193\"]}]},{\"@type\":\"BreadcrumbList\",\"@id\":\"https:\/\/alcaldiaalbertoadriani.com\/?p=2193#breadcrumb\",\"itemListElement\":[{\"@type\":\"ListItem\",\"position\":1,\"name\":\"Portada\",\"item\":\"https:\/\/alcaldiaalbertoadriani.com\/\"},{\"@type\":\"ListItem\",\"position\":2,\"name\":\"Realizar\u00e1n censo y caracterizaci\u00f3n del sector Art\u00edstico Cultural del municipio Alberto Adriani\"}]},{\"@type\":\"WebSite\",\"@id\":\"https:\/\/alcaldiaalbertoadriani.com\/#website\",\"url\":\"https:\/\/alcaldiaalbertoadriani.com\/\",\"name\":\"Alcaldia Alberto Adriani\",\"description\":\"\",\"potentialAction\":[{\"@type\":\"SearchAction\",\"target\":{\"@type\":\"EntryPoint\",\"urlTemplate\":\"https:\/\/alcaldiaalbertoadriani.com\/?s={search_term_string}\"},\"query-input\":\"required name=search_term_string\"}],\"inLanguage\":\"es\"},{\"@type\":\"Person\",\"@id\":\"https:\/\/alcaldiaalbertoadriani.com\/#\/schema\/person\/549b4483ff8999ac780deeea78795fc9\",\"name\":\"Prensa\",\"image\":{\"@type\":\"ImageObject\",\"inLanguage\":\"es\",\"@id\":\"https:\/\/alcaldiaalbertoadriani.com\/#\/schema\/person\/image\/\",\"url\":\"https:\/\/secure.gravatar.com\/avatar\/ea1cb567ea992a29627f4eee1c2eb185ec16decec6342d508fdf18dedb56c9de?s=96&d=mm&r=g\",\"contentUrl\":\"https:\/\/secure.gravatar.com\/avatar\/ea1cb567ea992a29627f4eee1c2eb185ec16decec6342d508fdf18dedb56c9de?s=96&d=mm&r=g\",\"caption\":\"Prensa\"},\"url\":\"https:\/\/alcaldiaalbertoadriani.com\/?author=2\"}]}<\/script>\n<!-- \/ Yoast SEO plugin. -->","yoast_head_json":{"title":"Realizar\u00e1n censo y caracterizaci\u00f3n del sector Art\u00edstico Cultural del municipio Alberto Adriani - Alcaldia Alberto Adriani","robots":{"index":"index","follow":"follow","max-snippet":"max-snippet:-1","max-image-preview":"max-image-preview:large","max-video-preview":"max-video-preview:-1"},"canonical":"https:\/\/alcaldiaalbertoadriani.com\/?p=2193","og_locale":"es_ES","og_type":"article","og_title":"Realizar\u00e1n censo y caracterizaci\u00f3n del sector Art\u00edstico Cultural del municipio Alberto Adriani - Alcaldia Alberto Adriani","og_description":"Con el fin de llevar a cabo el Censo y Caracterizaci\u00f3n del sector Art\u00edstico Cultural del municipio Alberto Adriani, el Instituto Aut\u00f3nomo Municipal de la Cultura, invita a todas las [&hellip;]","og_url":"https:\/\/alcaldiaalbertoadriani.com\/?p=2193","og_site_name":"Alcaldia Alberto Adriani","article_published_time":"2023-03-07T14:46:07+00:00","article_modified_time":"2023-03-07T14:46:14+00:00","og_image":[{"width":2560,"height":1920,"url":"https:\/\/alcaldiaalbertoadriani.com\/wp-content\/uploads\/2023\/03\/IMG000-scaled.jpg","type":"image\/jpeg"}],"author":"Prensa","twitter_card":"summary_large_image","twitter_misc":{"Escrito por":"Prensa","Tiempo de lectura":"1 minuto"},"schema":{"@context":"https:\/\/schema.org","@graph":[{"@type":"WebPage","@id":"https:\/\/alcaldiaalbertoadriani.com\/?p=2193","url":"https:\/\/alcaldiaalbertoadriani.com\/?p=2193","name":"Realizar\u00e1n censo y caracterizaci\u00f3n del sector Art\u00edstico Cultural del municipio Alberto Adriani - Alcaldia Alberto Adriani","isPartOf":{"@id":"https:\/\/alcaldiaalbertoadriani.com\/#website"},"datePublished":"2023-03-07T14:46:07+00:00","dateModified":"2023-03-07T14:46:14+00:00","author":{"@id":"https:\/\/alcaldiaalbertoadriani.com\/#\/schema\/person\/549b4483ff8999ac780deeea78795fc9"},"breadcrumb":{"@id":"https:\/\/alcaldiaalbertoadriani.com\/?p=2193#breadcrumb"},"inLanguage":"es","potentialAction":[{"@type":"ReadAction","target":["https:\/\/alcaldiaalbertoadriani.com\/?p=2193"]}]},{"@type":"BreadcrumbList","@id":"https:\/\/alcaldiaalbertoadriani.com\/?p=2193#breadcrumb","itemListElement":[{"@type":"ListItem","position":1,"name":"Portada","item":"https:\/\/alcaldiaalbertoadriani.com\/"},{"@type":"ListItem","position":2,"name":"Realizar\u00e1n censo y caracterizaci\u00f3n del sector Art\u00edstico Cultural del municipio Alberto Adriani"}]},{"@type":"WebSite","@id":"https:\/\/alcaldiaalbertoadriani.com\/#website","url":"https:\/\/alcaldiaalbertoadriani.com\/","name":"Alcaldia Alberto Adriani","description":"","potentialAction":[{"@type":"SearchAction","target":{"@type":"EntryPoint","urlTemplate":"https:\/\/alcaldiaalbertoadriani.com\/?s={search_term_string}"},"query-input":"required name=search_term_string"}],"inLanguage":"es"},{"@type":"Person","@id":"https:\/\/alcaldiaalbertoadriani.com\/#\/schema\/person\/549b4483ff8999ac780deeea78795fc9","name":"Prensa","image":{"@type":"ImageObject","inLanguage":"es","@id":"https:\/\/alcaldiaalbertoadriani.com\/#\/schema\/person\/image\/","url":"https:\/\/secure.gravatar.com\/avatar\/ea1cb567ea992a29627f4eee1c2eb185ec16decec6342d508fdf18dedb56c9de?s=96&d=mm&r=g","contentUrl":"https:\/\/secure.gravatar.com\/avatar\/ea1cb567ea992a29627f4eee1c2eb185ec16decec6342d508fdf18dedb56c9de?s=96&d=mm&r=g","caption":"Prensa"},"url":"https:\/\/alcaldiaalbertoadriani.com\/?author=2"}]}},"_links":{"self":[{"href":"https:\/\/alcaldiaalbertoadriani.com\/index.php?rest_route=\/wp\/v2\/posts\/2193","targetHints":{"allow":["GET"]}}],"collection":[{"href":"https:\/\/alcaldiaalbertoadriani.com\/index.php?rest_route=\/wp\/v2\/posts"}],"about":[{"href":"https:\/\/alcaldiaalbertoadriani.com\/index.php?rest_route=\/wp\/v2\/types\/post"}],"author":[{"embeddable":true,"href":"https:\/\/alcaldiaalbertoadriani.com\/index.php?rest_route=\/wp\/v2\/users\/2"}],"replies":[{"embeddable":true,"href":"https:\/\/alcaldiaalbertoadriani.com\/index.php?rest_route=%2Fwp%2Fv2%2Fcomments&post=2193"}],"version-history":[{"count":1,"href":"https:\/\/alcaldiaalbertoadriani.com\/index.php?rest_route=\/wp\/v2\/posts\/2193\/revisions"}],"predecessor-version":[{"id":2195,"href":"https:\/\/alcaldiaalbertoadriani.com\/index.php?rest_route=\/wp\/v2\/posts\/2193\/revisions\/2195"}],"wp:featuredmedia":[{"embeddable":true,"href":"https:\/\/alcaldiaalbertoadriani.com\/index.php?rest_route=\/wp\/v2\/media\/2194"}],"wp:attachment":[{"href":"https:\/\/alcaldiaalbertoadriani.com\/index.php?rest_route=%2Fwp%2Fv2%2Fmedia&parent=2193"}],"wp:term":[{"taxonomy":"category","embeddable":true,"href":"https:\/\/alcaldiaalbertoadriani.com\/index.php?rest_route=%2Fwp%2Fv2%2Fcategories&post=2193"},{"taxonomy":"post_tag","embeddable":true,"href":"https:\/\/alcaldiaalbertoadriani.com\/index.php?rest_route=%2Fwp%2Fv2%2Ftags&post=2193"}],"curies":[{"name":"wp","href":"https:\/\/api.w.org\/{rel}","templated":true}]}}