{"id":2156,"date":"2023-03-02T19:40:20","date_gmt":"2023-03-02T19:40:20","guid":{"rendered":"https:\/\/alcaldiaalbertoadriani.com\/?p=2156"},"modified":"2023-03-02T19:40:25","modified_gmt":"2023-03-02T19:40:25","slug":"clpp-aprobo-sala-tecnica-y-traslado-de-partida-para-fortalecer-plan-de-asfaltado-en-alberto-adriani","status":"publish","type":"post","link":"https:\/\/alcaldiaalbertoadriani.com\/?p=2156","title":{"rendered":"Clpp aprob\u00f3 sala t\u00e9cnica y traslado de partida para fortalecer plan de Asfaltado en Alberto Adriani"},"content":{"rendered":"<div class=\"wp-block-post-excerpt\"><p class=\"wp-block-post-excerpt__excerpt\">Con la aprobaci\u00f3n de 25 de los 32 consejeros que estuvieron presentes en la reuni\u00f3n extraordinaria <\/p><\/div>\n\n\n<p>Este mi\u00e9rcoles en reuni\u00f3n extraordinaria el <a href=\"https:\/\/alcaldiaalbertoadriani.com\/?p=1538\" target=\"_blank\" rel=\"noreferrer noopener\">Consejo Local de Pol\u00edticas P\u00fablicas -Clpp-<\/a> del <a href=\"https:\/\/www.instagram.com\/alcaldia_aa\/\" target=\"_blank\" rel=\"noreferrer noopener\">municipio Alberto Adriani<\/a>, llev\u00f3 a cabo la conformaci\u00f3n de la Sala T\u00e9cnica del \u00f3rgano, a la cual le competer\u00e1 junto al poder popular la coordinaci\u00f3n y realizaci\u00f3n de los proyectos de obras que se deben ejecutar en cada una de las barriadas y comunidades del municipio.<\/p>\n\n\n\n<p>Los detalles fueron dados por el alcalde y presidente de Clpp, <a href=\"https:\/\/www.instagram.com\/lisandrosegura02\/\" target=\"_blank\" rel=\"noreferrer noopener\">Lisandro Segura<\/a>, quien especific\u00f3 que la misma qued\u00f3 conformada por tres profesionales, \u201cdeuda que sosten\u00edan con el poder popular y que la actual gesti\u00f3n concret\u00f3 en este nuevo a\u00f1o, cumpliendo as\u00ed la palabra y promesa hecha\u201d.<\/p>\n\n\n\n<figure class=\"wp-block-image size-large\"><img loading=\"lazy\" decoding=\"async\" width=\"1024\" height=\"768\" src=\"https:\/\/alcaldiaalbertoadriani.com\/wp-content\/uploads\/2023\/03\/photo_2023-03-02_14-33-07-1024x768.jpg\" alt=\"\" class=\"wp-image-2158\" srcset=\"https:\/\/alcaldiaalbertoadriani.com\/wp-content\/uploads\/2023\/03\/photo_2023-03-02_14-33-07-1024x768.jpg 1024w, https:\/\/alcaldiaalbertoadriani.com\/wp-content\/uploads\/2023\/03\/photo_2023-03-02_14-33-07-980x735.jpg 980w, https:\/\/alcaldiaalbertoadriani.com\/wp-content\/uploads\/2023\/03\/photo_2023-03-02_14-33-07-480x360.jpg 480w\" sizes=\"auto, (min-width: 0px) and (max-width: 480px) 480px, (min-width: 481px) and (max-width: 980px) 980px, (min-width: 981px) 1024px, 100vw\" \/><\/figure>\n\n\n\n<!--more-->\n\n\n\n<h2 class=\"wp-block-heading\">Traslado de partida<\/h2>\n\n\n\n<p>Por otro lado, destac\u00f3 que se aprob\u00f3 la propuesta de traslado de partida de proyectos de forma interna del Plan de Inversi\u00f3n 2023 con el fin de fortalecer la obra de Asfaltado de las calles y avenidas del <a href=\"https:\/\/www.instagram.com\/alcaldia_aa\/\" target=\"_blank\" rel=\"noreferrer noopener\">municipio Alberto Adriani<\/a>, \u201caprobada por 25 de los 32 consejeros que asistieron a la reuni\u00f3n, \u201ces decir, cumpliendo la mayor\u00eda calificada de acuerdo a la Ley Org\u00e1nica de los <a href=\"https:\/\/alcaldiaalbertoadriani.com\/?p=1467\" target=\"_blank\" rel=\"noreferrer noopener\">Consejos Locales de Planificaci\u00f3n P\u00fablica<\/a>\u201d.<\/p>\n\n\n\n<p>De esta manera -acot\u00f3 el alcalde- se podr\u00e1n trasladar del plan de inversi\u00f3n 2023, recursos para llegar a colocar entre 2 mil 400 y 3 mil toneladas de asfalto distribuidas en calles, avenidas y diferentes comunidades este a\u00f1o 2023.<\/p>\n\n\n\n<p>Finalmente, a\u00f1adi\u00f3 el alcalde que tras un derecho de palabra solicitado por el consejero suplente de la parroquia Gabriel Pic\u00f3n Gonz\u00e1les, Edward Valero, quien denunci\u00f3 la falta de respeto que ha habido en esta parroquia con la elecci\u00f3n de la nueva mesa t\u00e9cnica de agua de la Palmita, el Clpp acord\u00f3 nombrar una comisi\u00f3n presidida por el vicepresidente Luis calder\u00f3n e integrada por varios consejeros, para que diligencien ante Aguas de M\u00e9rida el respeto y reconocimiento a la elecci\u00f3n que el pueblo de la Palmita hizo de la nueva mesa t\u00e9cnica de agua.&nbsp;&nbsp;<\/p>\n\n\n\n<p>\u201cDebemos se\u00f1alar que Aguas de M\u00e9rida pretende desconocer la elecci\u00f3n realizada con una gran participaci\u00f3n ciudadana de La Palmita, en donde incluso funcionarios de esta instituci\u00f3n participaron desde el principio en el proceso, por lo cual, esta comisi\u00f3n tratar\u00e1 de comunicarse con el gobernador del estado para que llame la atenci\u00f3n a Aguas de M\u00e9rida y haya respeto a la nueva mesa electa por el pueblo y puedan comenzar a trabajar sin m\u00e1s tropiezos\u201d, apunt\u00f3 el alcalde.<\/p>\n\n\n\n<h2 class=\"wp-block-heading\">Gesti\u00f3n municipal cumplir\u00e1<\/h2>\n\n\n\n<p>Genry G\u00f3mez, gerente de Administraci\u00f3n de la alcald\u00eda explic\u00f3 que con el traslado de partida para redireccionar la disminuci\u00f3n -producto de la inflaci\u00f3n- que sufri\u00f3 el plan de asfaltado que se inici\u00f3 el lunes, se traspas\u00f3 de la partida de mejoramiento del acueducto de Mucujepe y alumbrado p\u00fablico la cantidad de 5 millones de bs. para el plan de asfaltado que ser\u00e1 consecutivo.<\/p>\n\n\n\n<p>Refiri\u00f3 que el alcalde siempre ha asumido los compromisos y por ello no estar\u00e1 distante ni deja en abandono los proyectos del dique de Mucujepe ni el alumbrado, \u201cpor el contrario, estaremos a\u00fan m\u00e1s comprometidos y en cualquier momento o cuando surja una emergencia contar\u00e1n con la presencia del Gobierno municipal. Tengan presentes que el alcalde y la gesti\u00f3n municipal cumplir\u00e1n con los planes de inversi\u00f3n del 2023 en donde se tienen contemplados los referidos proyectos\u201d. <strong>Prensa\/Alcald\u00eda Alberto Adriani. CNP: 22.661\/ Fotos: Yorman Parra<\/strong><\/p>\n\n\n\n<figure class=\"wp-block-gallery has-nested-images columns-default is-cropped wp-block-gallery-1 is-layout-flex wp-block-gallery-is-layout-flex\">\n<figure class=\"wp-block-image size-large\"><img loading=\"lazy\" decoding=\"async\" width=\"1024\" height=\"576\" data-id=\"2160\" src=\"https:\/\/alcaldiaalbertoadriani.com\/wp-content\/uploads\/2023\/03\/photo_2023-03-02_14-33-02-1024x576.jpg\" alt=\"\" class=\"wp-image-2160\" srcset=\"https:\/\/alcaldiaalbertoadriani.com\/wp-content\/uploads\/2023\/03\/photo_2023-03-02_14-33-02-1024x576.jpg 1024w, https:\/\/alcaldiaalbertoadriani.com\/wp-content\/uploads\/2023\/03\/photo_2023-03-02_14-33-02-980x551.jpg 980w, https:\/\/alcaldiaalbertoadriani.com\/wp-content\/uploads\/2023\/03\/photo_2023-03-02_14-33-02-480x270.jpg 480w\" sizes=\"auto, (min-width: 0px) and (max-width: 480px) 480px, (min-width: 481px) and (max-width: 980px) 980px, (min-width: 981px) 1024px, 100vw\" \/><\/figure>\n\n\n\n<figure class=\"wp-block-image size-large\"><img loading=\"lazy\" decoding=\"async\" width=\"1024\" height=\"768\" data-id=\"2159\" src=\"https:\/\/alcaldiaalbertoadriani.com\/wp-content\/uploads\/2023\/03\/photo_2023-03-02_14-33-04-2-1024x768.jpg\" alt=\"\" class=\"wp-image-2159\" srcset=\"https:\/\/alcaldiaalbertoadriani.com\/wp-content\/uploads\/2023\/03\/photo_2023-03-02_14-33-04-2-1024x768.jpg 1024w, https:\/\/alcaldiaalbertoadriani.com\/wp-content\/uploads\/2023\/03\/photo_2023-03-02_14-33-04-2-980x735.jpg 980w, https:\/\/alcaldiaalbertoadriani.com\/wp-content\/uploads\/2023\/03\/photo_2023-03-02_14-33-04-2-480x360.jpg 480w\" sizes=\"auto, (min-width: 0px) and (max-width: 480px) 480px, (min-width: 481px) and (max-width: 980px) 980px, (min-width: 981px) 1024px, 100vw\" \/><\/figure>\n<\/figure>\n","protected":false},"excerpt":{"rendered":"<p><strong><em>Con la aprobaci\u00f3n de 25 de los 32 consejeros que estuvieron presentes en la reuni\u00f3n extraordinaria<\/em><\/strong><\/p>\n","protected":false},"author":2,"featured_media":2157,"comment_status":"closed","ping_status":"closed","sticky":false,"template":"","format":"standard","meta":{"_et_pb_use_builder":"off","_et_pb_old_content":"","_et_gb_content_width":"","footnotes":""},"categories":[56,25],"tags":[31,11,12,15,30,29,28],"class_list":["post-2156","post","type-post","status-publish","format-standard","has-post-thumbnail","hentry","category-clpp","category-nuestro-municipio","tag-alcalde","tag-alcaldia","tag-alcaldiaalbertoadriani","tag-elvigia","tag-lisandrosegura","tag-municipioquenosmerecemos","tag-porelrenacer"],"yoast_head":"<!-- This site is optimized with the Yoast SEO plugin v19.13 - https:\/\/yoast.com\/wordpress\/plugins\/seo\/ -->\n<title>Clpp aprob\u00f3 sala t\u00e9cnica y traslado de partida para fortalecer plan de Asfaltado en Alberto Adriani - Alcaldia Alberto Adriani<\/title>\n<meta name=\"robots\" content=\"index, follow, max-snippet:-1, max-image-preview:large, max-video-preview:-1\" \/>\n<link rel=\"canonical\" href=\"https:\/\/alcaldiaalbertoadriani.com\/?p=2156\" \/>\n<meta property=\"og:locale\" content=\"es_ES\" \/>\n<meta property=\"og:type\" content=\"article\" \/>\n<meta property=\"og:title\" content=\"Clpp aprob\u00f3 sala t\u00e9cnica y traslado de partida para fortalecer plan de Asfaltado en Alberto Adriani - Alcaldia Alberto Adriani\" \/>\n<meta property=\"og:description\" content=\"Con la aprobaci\u00f3n de 25 de los 32 consejeros que estuvieron presentes en la reuni\u00f3n extraordinaria\" \/>\n<meta property=\"og:url\" content=\"https:\/\/alcaldiaalbertoadriani.com\/?p=2156\" \/>\n<meta property=\"og:site_name\" content=\"Alcaldia Alberto Adriani\" \/>\n<meta property=\"article:published_time\" content=\"2023-03-02T19:40:20+00:00\" \/>\n<meta property=\"article:modified_time\" content=\"2023-03-02T19:40:25+00:00\" \/>\n<meta property=\"og:image\" content=\"https:\/\/alcaldiaalbertoadriani.com\/wp-content\/uploads\/2023\/03\/photo_2023-03-02_14-33-05-2.jpg\" \/>\n\t<meta property=\"og:image:width\" content=\"1152\" \/>\n\t<meta property=\"og:image:height\" content=\"864\" \/>\n\t<meta property=\"og:image:type\" content=\"image\/jpeg\" \/>\n<meta name=\"author\" content=\"Prensa\" \/>\n<meta name=\"twitter:card\" content=\"summary_large_image\" \/>\n<meta name=\"twitter:label1\" content=\"Escrito por\" \/>\n\t<meta name=\"twitter:data1\" content=\"Prensa\" \/>\n\t<meta name=\"twitter:label2\" content=\"Tiempo de lectura\" \/>\n\t<meta name=\"twitter:data2\" content=\"4 minutos\" \/>\n<script type=\"application\/ld+json\" class=\"yoast-schema-graph\">{\"@context\":\"https:\/\/schema.org\",\"@graph\":[{\"@type\":\"WebPage\",\"@id\":\"https:\/\/alcaldiaalbertoadriani.com\/?p=2156\",\"url\":\"https:\/\/alcaldiaalbertoadriani.com\/?p=2156\",\"name\":\"Clpp aprob\u00f3 sala t\u00e9cnica y traslado de partida para fortalecer plan de Asfaltado en Alberto Adriani - Alcaldia Alberto Adriani\",\"isPartOf\":{\"@id\":\"https:\/\/alcaldiaalbertoadriani.com\/#website\"},\"datePublished\":\"2023-03-02T19:40:20+00:00\",\"dateModified\":\"2023-03-02T19:40:25+00:00\",\"author\":{\"@id\":\"https:\/\/alcaldiaalbertoadriani.com\/#\/schema\/person\/549b4483ff8999ac780deeea78795fc9\"},\"breadcrumb\":{\"@id\":\"https:\/\/alcaldiaalbertoadriani.com\/?p=2156#breadcrumb\"},\"inLanguage\":\"es\",\"potentialAction\":[{\"@type\":\"ReadAction\",\"target\":[\"https:\/\/alcaldiaalbertoadriani.com\/?p=2156\"]}]},{\"@type\":\"BreadcrumbList\",\"@id\":\"https:\/\/alcaldiaalbertoadriani.com\/?p=2156#breadcrumb\",\"itemListElement\":[{\"@type\":\"ListItem\",\"position\":1,\"name\":\"Portada\",\"item\":\"https:\/\/alcaldiaalbertoadriani.com\/\"},{\"@type\":\"ListItem\",\"position\":2,\"name\":\"Clpp aprob\u00f3 sala t\u00e9cnica y traslado de partida para fortalecer plan de Asfaltado en Alberto Adriani\"}]},{\"@type\":\"WebSite\",\"@id\":\"https:\/\/alcaldiaalbertoadriani.com\/#website\",\"url\":\"https:\/\/alcaldiaalbertoadriani.com\/\",\"name\":\"Alcaldia Alberto Adriani\",\"description\":\"\",\"potentialAction\":[{\"@type\":\"SearchAction\",\"target\":{\"@type\":\"EntryPoint\",\"urlTemplate\":\"https:\/\/alcaldiaalbertoadriani.com\/?s={search_term_string}\"},\"query-input\":\"required name=search_term_string\"}],\"inLanguage\":\"es\"},{\"@type\":\"Person\",\"@id\":\"https:\/\/alcaldiaalbertoadriani.com\/#\/schema\/person\/549b4483ff8999ac780deeea78795fc9\",\"name\":\"Prensa\",\"image\":{\"@type\":\"ImageObject\",\"inLanguage\":\"es\",\"@id\":\"https:\/\/alcaldiaalbertoadriani.com\/#\/schema\/person\/image\/\",\"url\":\"https:\/\/secure.gravatar.com\/avatar\/ea1cb567ea992a29627f4eee1c2eb185ec16decec6342d508fdf18dedb56c9de?s=96&d=mm&r=g\",\"contentUrl\":\"https:\/\/secure.gravatar.com\/avatar\/ea1cb567ea992a29627f4eee1c2eb185ec16decec6342d508fdf18dedb56c9de?s=96&d=mm&r=g\",\"caption\":\"Prensa\"},\"url\":\"https:\/\/alcaldiaalbertoadriani.com\/?author=2\"}]}<\/script>\n<!-- \/ Yoast SEO plugin. -->","yoast_head_json":{"title":"Clpp aprob\u00f3 sala t\u00e9cnica y traslado de partida para fortalecer plan de Asfaltado en Alberto Adriani - Alcaldia Alberto Adriani","robots":{"index":"index","follow":"follow","max-snippet":"max-snippet:-1","max-image-preview":"max-image-preview:large","max-video-preview":"max-video-preview:-1"},"canonical":"https:\/\/alcaldiaalbertoadriani.com\/?p=2156","og_locale":"es_ES","og_type":"article","og_title":"Clpp aprob\u00f3 sala t\u00e9cnica y traslado de partida para fortalecer plan de Asfaltado en Alberto Adriani - Alcaldia Alberto Adriani","og_description":"Con la aprobaci\u00f3n de 25 de los 32 consejeros que estuvieron presentes en la reuni\u00f3n extraordinaria","og_url":"https:\/\/alcaldiaalbertoadriani.com\/?p=2156","og_site_name":"Alcaldia Alberto Adriani","article_published_time":"2023-03-02T19:40:20+00:00","article_modified_time":"2023-03-02T19:40:25+00:00","og_image":[{"width":1152,"height":864,"url":"https:\/\/alcaldiaalbertoadriani.com\/wp-content\/uploads\/2023\/03\/photo_2023-03-02_14-33-05-2.jpg","type":"image\/jpeg"}],"author":"Prensa","twitter_card":"summary_large_image","twitter_misc":{"Escrito por":"Prensa","Tiempo de lectura":"4 minutos"},"schema":{"@context":"https:\/\/schema.org","@graph":[{"@type":"WebPage","@id":"https:\/\/alcaldiaalbertoadriani.com\/?p=2156","url":"https:\/\/alcaldiaalbertoadriani.com\/?p=2156","name":"Clpp aprob\u00f3 sala t\u00e9cnica y traslado de partida para fortalecer plan de Asfaltado en Alberto Adriani - Alcaldia Alberto Adriani","isPartOf":{"@id":"https:\/\/alcaldiaalbertoadriani.com\/#website"},"datePublished":"2023-03-02T19:40:20+00:00","dateModified":"2023-03-02T19:40:25+00:00","author":{"@id":"https:\/\/alcaldiaalbertoadriani.com\/#\/schema\/person\/549b4483ff8999ac780deeea78795fc9"},"breadcrumb":{"@id":"https:\/\/alcaldiaalbertoadriani.com\/?p=2156#breadcrumb"},"inLanguage":"es","potentialAction":[{"@type":"ReadAction","target":["https:\/\/alcaldiaalbertoadriani.com\/?p=2156"]}]},{"@type":"BreadcrumbList","@id":"https:\/\/alcaldiaalbertoadriani.com\/?p=2156#breadcrumb","itemListElement":[{"@type":"ListItem","position":1,"name":"Portada","item":"https:\/\/alcaldiaalbertoadriani.com\/"},{"@type":"ListItem","position":2,"name":"Clpp aprob\u00f3 sala t\u00e9cnica y traslado de partida para fortalecer plan de Asfaltado en Alberto Adriani"}]},{"@type":"WebSite","@id":"https:\/\/alcaldiaalbertoadriani.com\/#website","url":"https:\/\/alcaldiaalbertoadriani.com\/","name":"Alcaldia Alberto Adriani","description":"","potentialAction":[{"@type":"SearchAction","target":{"@type":"EntryPoint","urlTemplate":"https:\/\/alcaldiaalbertoadriani.com\/?s={search_term_string}"},"query-input":"required name=search_term_string"}],"inLanguage":"es"},{"@type":"Person","@id":"https:\/\/alcaldiaalbertoadriani.com\/#\/schema\/person\/549b4483ff8999ac780deeea78795fc9","name":"Prensa","image":{"@type":"ImageObject","inLanguage":"es","@id":"https:\/\/alcaldiaalbertoadriani.com\/#\/schema\/person\/image\/","url":"https:\/\/secure.gravatar.com\/avatar\/ea1cb567ea992a29627f4eee1c2eb185ec16decec6342d508fdf18dedb56c9de?s=96&d=mm&r=g","contentUrl":"https:\/\/secure.gravatar.com\/avatar\/ea1cb567ea992a29627f4eee1c2eb185ec16decec6342d508fdf18dedb56c9de?s=96&d=mm&r=g","caption":"Prensa"},"url":"https:\/\/alcaldiaalbertoadriani.com\/?author=2"}]}},"_links":{"self":[{"href":"https:\/\/alcaldiaalbertoadriani.com\/index.php?rest_route=\/wp\/v2\/posts\/2156","targetHints":{"allow":["GET"]}}],"collection":[{"href":"https:\/\/alcaldiaalbertoadriani.com\/index.php?rest_route=\/wp\/v2\/posts"}],"about":[{"href":"https:\/\/alcaldiaalbertoadriani.com\/index.php?rest_route=\/wp\/v2\/types\/post"}],"author":[{"embeddable":true,"href":"https:\/\/alcaldiaalbertoadriani.com\/index.php?rest_route=\/wp\/v2\/users\/2"}],"replies":[{"embeddable":true,"href":"https:\/\/alcaldiaalbertoadriani.com\/index.php?rest_route=%2Fwp%2Fv2%2Fcomments&post=2156"}],"version-history":[{"count":1,"href":"https:\/\/alcaldiaalbertoadriani.com\/index.php?rest_route=\/wp\/v2\/posts\/2156\/revisions"}],"predecessor-version":[{"id":2161,"href":"https:\/\/alcaldiaalbertoadriani.com\/index.php?rest_route=\/wp\/v2\/posts\/2156\/revisions\/2161"}],"wp:featuredmedia":[{"embeddable":true,"href":"https:\/\/alcaldiaalbertoadriani.com\/index.php?rest_route=\/wp\/v2\/media\/2157"}],"wp:attachment":[{"href":"https:\/\/alcaldiaalbertoadriani.com\/index.php?rest_route=%2Fwp%2Fv2%2Fmedia&parent=2156"}],"wp:term":[{"taxonomy":"category","embeddable":true,"href":"https:\/\/alcaldiaalbertoadriani.com\/index.php?rest_route=%2Fwp%2Fv2%2Fcategories&post=2156"},{"taxonomy":"post_tag","embeddable":true,"href":"https:\/\/alcaldiaalbertoadriani.com\/index.php?rest_route=%2Fwp%2Fv2%2Ftags&post=2156"}],"curies":[{"name":"wp","href":"https:\/\/api.w.org\/{rel}","templated":true}]}}