{"id":2086,"date":"2023-02-17T15:32:51","date_gmt":"2023-02-17T15:32:51","guid":{"rendered":"https:\/\/alcaldiaalbertoadriani.com\/?p=2086"},"modified":"2023-02-17T15:32:55","modified_gmt":"2023-02-17T15:32:55","slug":"pasarela-peatones-motos-onia","status":"publish","type":"post","link":"https:\/\/alcaldiaalbertoadriani.com\/?p=2086","title":{"rendered":"Se instalar\u00e1 una pasarela para peatones y motos sobre el r\u00edo Onia"},"content":{"rendered":"<div class=\"wp-block-post-excerpt\"><p class=\"wp-block-post-excerpt__excerpt\">En el programa Nro. 44 \u201cConversando con Lisandro\u201d, el alcalde Lisandro Segura inform\u00f3 que, en reuni\u00f3n con la Zodi y gobernaci\u00f3n de M\u00e9rida, se determin\u00f3 que camiones de carga pesada tipo gandola no podr\u00e1n usar la v\u00eda alterna <\/p><\/div>\n\n\n<p>(El Vig\u00eda, 16\/2\/2023). &#8211; En el marco de la coordinaci\u00f3n de la<a href=\"https:\/\/www.instagram.com\/alcaldia_aa\/\" target=\"_blank\" rel=\"noreferrer noopener\"> Alcald\u00eda de Alberto Adriani<\/a>, la Zodi y la gobernaci\u00f3n de M\u00e9rida, se decidi\u00f3 instalar una <a href=\"https:\/\/alcaldiaalbertoadriani.com\/?p=2049\" target=\"_blank\" rel=\"noreferrer noopener\">pasarela de hierro sobre el r\u00edo Onia<\/a>. As\u00ed lo inform\u00f3 el alcalde <a href=\"https:\/\/www.instagram.com\/lisandrosegura02\/\" target=\"_blank\" rel=\"noreferrer noopener\">Lisandro Segura<\/a>, en su programa Nro. 44, \u201c<a href=\"https:\/\/alcaldiaalbertoadriani.com\/?p=1910\" target=\"_blank\" rel=\"noreferrer noopener\">Conversando con Lisandro<\/a>\u201d. El burgomaestre explic\u00f3 que se trata de una pasarela para peatones y motos sobre el r\u00edo Onia, con el prop\u00f3sito de habilitar un paso inmediato entre los habitantes de la parroquia R\u00f3mulo Gallegos y presidente P\u00e1ez aleda\u00f1os al lugar del suceso natural.<\/p>\n\n\n\n<h2 class=\"wp-block-heading\">Pasarela para peatones y motos en Onia<\/h2>\n\n\n\n<p>\u201cLa Zodi y la gerencia de Ingenier\u00eda Municipal de la <a href=\"https:\/\/www.instagram.com\/alcaldia_aa\/\" target=\"_blank\" rel=\"noreferrer noopener\">alcald\u00eda<\/a>, dise\u00f1aron una pasarela peatonal y para las motocicletas. Esta estructura ir\u00e1 al lado de donde se instalar\u00e1 el puente de guerra, <a href=\"https:\/\/alcaldiaalbertoadriani.com\/?p=2018\" target=\"_blank\" rel=\"noreferrer noopener\">aguas abajo del puente de Onia que sufri\u00f3 da\u00f1os<\/a>. Se est\u00e1 adecuando la vialidad para esta estructura y se trabaja en la construcci\u00f3n de los estribos, que llevan acero y concreto, por lo que llevar\u00e1 un tiempo para que el fraguado se complete\u201d, dijo Segura.<\/p>\n\n\n\n<p>Esta estructura tiene por objeto brindar un paso inmediato a los habitantes del sector Carlos Andr\u00e9s P\u00e9rez, Culegr\u00eda, Kil\u00f3metro 9, Kil\u00f3metro 12 y otras comunidades de la parroquia R\u00f3mulo Gallegos y presidente P\u00e1ez respectivamente que se encuentran al otro lado del r\u00edo Onia. Estas comunidades necesitan abastecerse diversos servicios, entre ellos el gas dom\u00e9stico, salud y deben hacerlo en El Vig\u00eda.<\/p>\n\n\n\n<h2 class=\"wp-block-heading\">Veh\u00edculos de carga pesada no podr\u00e1n transitar v\u00eda alterna<\/h2>\n\n\n\n<p>Respecto a la v\u00eda alterna que se est\u00e1 adecuando para el paso entre T\u00e1chira y M\u00e9rida, el <a href=\"https:\/\/www.instagram.com\/lisandrosegura02\/\" target=\"_blank\" rel=\"noreferrer noopener\">alcalde Lisandro Seguro<\/a> actualiz\u00f3 la informaci\u00f3n, despu\u00e9s de sostener una reuni\u00f3n con los funcionarios de la Zodi y el equipo de Infraestructura de la gobernaci\u00f3n de M\u00e9rida. Finalizada la inspecci\u00f3n a la validad, se determin\u00f3 que el tr\u00e1nsito de carga pesada tipo gandola no ser\u00e1 posible por esta v\u00eda alterna.<\/p>\n\n\n\n<p>\u201cHay alcantarillas y puentes que son de vieja data, que no podr\u00edan soportar el peso de la carga pesada, de acuerdo a lo que se determin\u00f3 en la reuni\u00f3n con la Zodi y la gobernaci\u00f3n, habr\u00e1 puntos de control, para evitar el paso de gandolas por este enlace vial\u201d, explic\u00f3 el mandatario municipal.<\/p>\n\n\n\n<h2 class=\"wp-block-heading\">Rutas alternas a la Troncal 001<\/h2>\n\n\n\n<p>Segura tambi\u00e9n agreg\u00f3 que con los<a href=\"https:\/\/alcaldiaalbertoadriani.com\/?p=2069\" target=\"_blank\" rel=\"noreferrer noopener\"> trabajos de nivelaci\u00f3n o \u201cpatroleo\u201d que se hacen en la v\u00eda<\/a>, se recorta el tiempo de trayecto. Estima que el mismo tiene una duraci\u00f3n de una hora y que el recorrido es de unos 50 kil\u00f3metros. Tambi\u00e9n indic\u00f3 que ya hay conductores usando este paso, mientras se repara una alcantarilla y se sigue haciendo la labor de habilitaci\u00f3n. Dijo que los viajeros desde T\u00e1chira a M\u00e9rida, se pueden servir por la v\u00eda de Zea, cruzando en la \u201cY\u201d de Ca\u00f1o El Tigre.<\/p>\n\n\n\n<p>Los que viajan desde Caracas a T\u00e1chira y entran a El Vig\u00eda, deben seguir hacia Santa B\u00e1rbara del Zulia, conectar con Orope y de all\u00ed a San Crist\u00f3bal. Las personas que van hacia las comunidades de la parroquia R\u00f3mulo Gallegos, desde El Vig\u00eda, tienen la alternativa de la v\u00eda que se adec\u00faa, entrando por el sector el Treinta y Cinco, despu\u00e9s de Caracol\u00ed, conectan por El Milagro y de all\u00ed al Quince en la Panamericana.<\/p>\n\n\n\n<h2 class=\"wp-block-heading\">Desfile de Carnaval<\/h2>\n\n\n\n<p>El burgomaestre aprovech\u00f3 la transmisi\u00f3n para invitar a los vigienses a participar en el desfile de carnaval, este s\u00e1bado 18 de febrero. \u201cVamos con alegr\u00eda a disfrutar de este desfile\u201d, recalc\u00f3.<\/p>\n\n\n\n<p>El desfile partir\u00e1 desde el enlace vial \u201cOmaira Candela\u201d hasta la Avenida 15, frente al Palacio de Justicia. Segura dijo que all\u00ed habr\u00e1 sorpresas, premiaci\u00f3n y celebraci\u00f3n de las fiestas de carnaval.<\/p>\n\n\n\n<h2 class=\"wp-block-heading\">Ferias de El Vig\u00eda<\/h2>\n\n\n\n<p>Entre otros aspectos, el alcalde tambi\u00e9n inform\u00f3 que el pr\u00f3ximo 23 de febrero, se anunciar\u00e1 la directiva de Ferivigia. Adelant\u00f3 que el presidente ha sido ratificado, pero que hay cambios en otros cargos, que ser\u00e1n conocidos en una rueda de prensa. Tambi\u00e9n dijo que ese d\u00eda se dar\u00e1 a conocer el cronograma para todo el proceso de ferias y fiestas del 2023, comenzando con el \u201ccasting\u201d para las candidatas de cada una de las parroquias. <strong>(CNP 16.478 \/ Prensa Alcald\u00eda de Alberto Adriani).<\/strong><\/p>\n","protected":false},"excerpt":{"rendered":"<p><em><strong>En el programa Nro. 44 \u201cConversando con Lisandro\u201d, el alcalde Lisandro Segura inform\u00f3 que, en reuni\u00f3n con la Zodi y gobernaci\u00f3n de M\u00e9rida, se determin\u00f3 que camiones de carga pesada tipo gandola no podr\u00e1n usar la v\u00eda alterna<\/strong><\/em><\/p>\n","protected":false},"author":2,"featured_media":2087,"comment_status":"closed","ping_status":"closed","sticky":false,"template":"","format":"standard","meta":{"_et_pb_use_builder":"off","_et_pb_old_content":"","_et_gb_content_width":"","footnotes":""},"categories":[341,34,197,25,24,1],"tags":[31,11,12,15,30,29,28,355],"class_list":["post-2086","post","type-post","status-publish","format-standard","has-post-thumbnail","hentry","category-alcaldia-alberto-adriani","category-gerencia-de-servicios-publicos-municipales","category-gipul","category-nuestro-municipio","category-recuperacion-de-espacios","category-uncategorized","tag-alcalde","tag-alcaldia","tag-alcaldiaalbertoadriani","tag-elvigia","tag-lisandrosegura","tag-municipioquenosmerecemos","tag-porelrenacer","tag-pasarela-peatones-motos-onia"],"yoast_head":"<!-- This site is optimized with the Yoast SEO plugin v19.13 - https:\/\/yoast.com\/wordpress\/plugins\/seo\/ -->\n<title>Se instalar\u00e1 una pasarela para peatones y motos sobre el r\u00edo Onia - Alcaldia Alberto Adriani<\/title>\n<meta name=\"description\" content=\"Habilitar\u00e1n una pasarela para peatones y motos sobre el r\u00edo Onia, con el prop\u00f3sito de brindar un paso inmediato para los habitantes.\" \/>\n<meta name=\"robots\" content=\"index, follow, max-snippet:-1, max-image-preview:large, max-video-preview:-1\" \/>\n<link rel=\"canonical\" href=\"https:\/\/alcaldiaalbertoadriani.com\/?p=2086\" \/>\n<meta property=\"og:locale\" content=\"es_ES\" \/>\n<meta property=\"og:type\" content=\"article\" \/>\n<meta property=\"og:title\" content=\"Se instalar\u00e1 una pasarela para peatones y motos sobre el r\u00edo Onia - Alcaldia Alberto Adriani\" \/>\n<meta property=\"og:description\" content=\"Habilitar\u00e1n una pasarela para peatones y motos sobre el r\u00edo Onia, con el prop\u00f3sito de brindar un paso inmediato para los habitantes.\" \/>\n<meta property=\"og:url\" content=\"https:\/\/alcaldiaalbertoadriani.com\/?p=2086\" \/>\n<meta property=\"og:site_name\" content=\"Alcaldia Alberto Adriani\" \/>\n<meta property=\"article:published_time\" content=\"2023-02-17T15:32:51+00:00\" \/>\n<meta property=\"article:modified_time\" content=\"2023-02-17T15:32:55+00:00\" \/>\n<meta property=\"og:image\" content=\"https:\/\/alcaldiaalbertoadriani.com\/wp-content\/uploads\/2023\/02\/IMG_20230215_134629506-scaled.jpg\" \/>\n\t<meta property=\"og:image:width\" content=\"2560\" \/>\n\t<meta property=\"og:image:height\" content=\"1920\" \/>\n\t<meta property=\"og:image:type\" content=\"image\/jpeg\" \/>\n<meta name=\"author\" content=\"Prensa\" \/>\n<meta name=\"twitter:card\" content=\"summary_large_image\" \/>\n<meta name=\"twitter:label1\" content=\"Escrito por\" \/>\n\t<meta name=\"twitter:data1\" content=\"Prensa\" \/>\n\t<meta name=\"twitter:label2\" content=\"Tiempo de lectura\" \/>\n\t<meta name=\"twitter:data2\" content=\"4 minutos\" \/>\n<script type=\"application\/ld+json\" class=\"yoast-schema-graph\">{\"@context\":\"https:\/\/schema.org\",\"@graph\":[{\"@type\":\"WebPage\",\"@id\":\"https:\/\/alcaldiaalbertoadriani.com\/?p=2086\",\"url\":\"https:\/\/alcaldiaalbertoadriani.com\/?p=2086\",\"name\":\"Se instalar\u00e1 una pasarela para peatones y motos sobre el r\u00edo Onia - Alcaldia Alberto Adriani\",\"isPartOf\":{\"@id\":\"https:\/\/alcaldiaalbertoadriani.com\/#website\"},\"datePublished\":\"2023-02-17T15:32:51+00:00\",\"dateModified\":\"2023-02-17T15:32:55+00:00\",\"author\":{\"@id\":\"https:\/\/alcaldiaalbertoadriani.com\/#\/schema\/person\/549b4483ff8999ac780deeea78795fc9\"},\"description\":\"Habilitar\u00e1n una pasarela para peatones y motos sobre el r\u00edo Onia, con el prop\u00f3sito de brindar un paso inmediato para los habitantes.\",\"breadcrumb\":{\"@id\":\"https:\/\/alcaldiaalbertoadriani.com\/?p=2086#breadcrumb\"},\"inLanguage\":\"es\",\"potentialAction\":[{\"@type\":\"ReadAction\",\"target\":[\"https:\/\/alcaldiaalbertoadriani.com\/?p=2086\"]}]},{\"@type\":\"BreadcrumbList\",\"@id\":\"https:\/\/alcaldiaalbertoadriani.com\/?p=2086#breadcrumb\",\"itemListElement\":[{\"@type\":\"ListItem\",\"position\":1,\"name\":\"Portada\",\"item\":\"https:\/\/alcaldiaalbertoadriani.com\/\"},{\"@type\":\"ListItem\",\"position\":2,\"name\":\"Se instalar\u00e1 una pasarela para peatones y motos sobre el r\u00edo Onia\"}]},{\"@type\":\"WebSite\",\"@id\":\"https:\/\/alcaldiaalbertoadriani.com\/#website\",\"url\":\"https:\/\/alcaldiaalbertoadriani.com\/\",\"name\":\"Alcaldia Alberto Adriani\",\"description\":\"\",\"potentialAction\":[{\"@type\":\"SearchAction\",\"target\":{\"@type\":\"EntryPoint\",\"urlTemplate\":\"https:\/\/alcaldiaalbertoadriani.com\/?s={search_term_string}\"},\"query-input\":\"required name=search_term_string\"}],\"inLanguage\":\"es\"},{\"@type\":\"Person\",\"@id\":\"https:\/\/alcaldiaalbertoadriani.com\/#\/schema\/person\/549b4483ff8999ac780deeea78795fc9\",\"name\":\"Prensa\",\"image\":{\"@type\":\"ImageObject\",\"inLanguage\":\"es\",\"@id\":\"https:\/\/alcaldiaalbertoadriani.com\/#\/schema\/person\/image\/\",\"url\":\"https:\/\/secure.gravatar.com\/avatar\/ea1cb567ea992a29627f4eee1c2eb185ec16decec6342d508fdf18dedb56c9de?s=96&d=mm&r=g\",\"contentUrl\":\"https:\/\/secure.gravatar.com\/avatar\/ea1cb567ea992a29627f4eee1c2eb185ec16decec6342d508fdf18dedb56c9de?s=96&d=mm&r=g\",\"caption\":\"Prensa\"},\"url\":\"https:\/\/alcaldiaalbertoadriani.com\/?author=2\"}]}<\/script>\n<!-- \/ Yoast SEO plugin. -->","yoast_head_json":{"title":"Se instalar\u00e1 una pasarela para peatones y motos sobre el r\u00edo Onia - Alcaldia Alberto Adriani","description":"Habilitar\u00e1n una pasarela para peatones y motos sobre el r\u00edo Onia, con el prop\u00f3sito de brindar un paso inmediato para los habitantes.","robots":{"index":"index","follow":"follow","max-snippet":"max-snippet:-1","max-image-preview":"max-image-preview:large","max-video-preview":"max-video-preview:-1"},"canonical":"https:\/\/alcaldiaalbertoadriani.com\/?p=2086","og_locale":"es_ES","og_type":"article","og_title":"Se instalar\u00e1 una pasarela para peatones y motos sobre el r\u00edo Onia - Alcaldia Alberto Adriani","og_description":"Habilitar\u00e1n una pasarela para peatones y motos sobre el r\u00edo Onia, con el prop\u00f3sito de brindar un paso inmediato para los habitantes.","og_url":"https:\/\/alcaldiaalbertoadriani.com\/?p=2086","og_site_name":"Alcaldia Alberto Adriani","article_published_time":"2023-02-17T15:32:51+00:00","article_modified_time":"2023-02-17T15:32:55+00:00","og_image":[{"width":2560,"height":1920,"url":"https:\/\/alcaldiaalbertoadriani.com\/wp-content\/uploads\/2023\/02\/IMG_20230215_134629506-scaled.jpg","type":"image\/jpeg"}],"author":"Prensa","twitter_card":"summary_large_image","twitter_misc":{"Escrito por":"Prensa","Tiempo de lectura":"4 minutos"},"schema":{"@context":"https:\/\/schema.org","@graph":[{"@type":"WebPage","@id":"https:\/\/alcaldiaalbertoadriani.com\/?p=2086","url":"https:\/\/alcaldiaalbertoadriani.com\/?p=2086","name":"Se instalar\u00e1 una pasarela para peatones y motos sobre el r\u00edo Onia - Alcaldia Alberto Adriani","isPartOf":{"@id":"https:\/\/alcaldiaalbertoadriani.com\/#website"},"datePublished":"2023-02-17T15:32:51+00:00","dateModified":"2023-02-17T15:32:55+00:00","author":{"@id":"https:\/\/alcaldiaalbertoadriani.com\/#\/schema\/person\/549b4483ff8999ac780deeea78795fc9"},"description":"Habilitar\u00e1n una pasarela para peatones y motos sobre el r\u00edo Onia, con el prop\u00f3sito de brindar un paso inmediato para los habitantes.","breadcrumb":{"@id":"https:\/\/alcaldiaalbertoadriani.com\/?p=2086#breadcrumb"},"inLanguage":"es","potentialAction":[{"@type":"ReadAction","target":["https:\/\/alcaldiaalbertoadriani.com\/?p=2086"]}]},{"@type":"BreadcrumbList","@id":"https:\/\/alcaldiaalbertoadriani.com\/?p=2086#breadcrumb","itemListElement":[{"@type":"ListItem","position":1,"name":"Portada","item":"https:\/\/alcaldiaalbertoadriani.com\/"},{"@type":"ListItem","position":2,"name":"Se instalar\u00e1 una pasarela para peatones y motos sobre el r\u00edo Onia"}]},{"@type":"WebSite","@id":"https:\/\/alcaldiaalbertoadriani.com\/#website","url":"https:\/\/alcaldiaalbertoadriani.com\/","name":"Alcaldia Alberto Adriani","description":"","potentialAction":[{"@type":"SearchAction","target":{"@type":"EntryPoint","urlTemplate":"https:\/\/alcaldiaalbertoadriani.com\/?s={search_term_string}"},"query-input":"required name=search_term_string"}],"inLanguage":"es"},{"@type":"Person","@id":"https:\/\/alcaldiaalbertoadriani.com\/#\/schema\/person\/549b4483ff8999ac780deeea78795fc9","name":"Prensa","image":{"@type":"ImageObject","inLanguage":"es","@id":"https:\/\/alcaldiaalbertoadriani.com\/#\/schema\/person\/image\/","url":"https:\/\/secure.gravatar.com\/avatar\/ea1cb567ea992a29627f4eee1c2eb185ec16decec6342d508fdf18dedb56c9de?s=96&d=mm&r=g","contentUrl":"https:\/\/secure.gravatar.com\/avatar\/ea1cb567ea992a29627f4eee1c2eb185ec16decec6342d508fdf18dedb56c9de?s=96&d=mm&r=g","caption":"Prensa"},"url":"https:\/\/alcaldiaalbertoadriani.com\/?author=2"}]}},"_links":{"self":[{"href":"https:\/\/alcaldiaalbertoadriani.com\/index.php?rest_route=\/wp\/v2\/posts\/2086","targetHints":{"allow":["GET"]}}],"collection":[{"href":"https:\/\/alcaldiaalbertoadriani.com\/index.php?rest_route=\/wp\/v2\/posts"}],"about":[{"href":"https:\/\/alcaldiaalbertoadriani.com\/index.php?rest_route=\/wp\/v2\/types\/post"}],"author":[{"embeddable":true,"href":"https:\/\/alcaldiaalbertoadriani.com\/index.php?rest_route=\/wp\/v2\/users\/2"}],"replies":[{"embeddable":true,"href":"https:\/\/alcaldiaalbertoadriani.com\/index.php?rest_route=%2Fwp%2Fv2%2Fcomments&post=2086"}],"version-history":[{"count":3,"href":"https:\/\/alcaldiaalbertoadriani.com\/index.php?rest_route=\/wp\/v2\/posts\/2086\/revisions"}],"predecessor-version":[{"id":2090,"href":"https:\/\/alcaldiaalbertoadriani.com\/index.php?rest_route=\/wp\/v2\/posts\/2086\/revisions\/2090"}],"wp:featuredmedia":[{"embeddable":true,"href":"https:\/\/alcaldiaalbertoadriani.com\/index.php?rest_route=\/wp\/v2\/media\/2087"}],"wp:attachment":[{"href":"https:\/\/alcaldiaalbertoadriani.com\/index.php?rest_route=%2Fwp%2Fv2%2Fmedia&parent=2086"}],"wp:term":[{"taxonomy":"category","embeddable":true,"href":"https:\/\/alcaldiaalbertoadriani.com\/index.php?rest_route=%2Fwp%2Fv2%2Fcategories&post=2086"},{"taxonomy":"post_tag","embeddable":true,"href":"https:\/\/alcaldiaalbertoadriani.com\/index.php?rest_route=%2Fwp%2Fv2%2Ftags&post=2086"}],"curies":[{"name":"wp","href":"https:\/\/api.w.org\/{rel}","templated":true}]}}