{"id":2069,"date":"2023-02-13T23:19:16","date_gmt":"2023-02-13T23:19:16","guid":{"rendered":"https:\/\/alcaldiaalbertoadriani.com\/?p=2069"},"modified":"2023-02-13T23:19:22","modified_gmt":"2023-02-13T23:19:22","slug":"lisandro-segura-inspecciono-trabajos","status":"publish","type":"post","link":"https:\/\/alcaldiaalbertoadriani.com\/?p=2069","title":{"rendered":"Lisandro Segura inspeccion\u00f3 trabajos de rehabilitaci\u00f3n de la v\u00eda alterna entre el Km 35 al Km 15"},"content":{"rendered":"<div class=\"wp-block-post-excerpt\"><p class=\"wp-block-post-excerpt__excerpt\">Estima el alcalde vig\u00edense que en 10 a 15 d\u00edas y de acuerdo al ritmo de trabajo se pudiera terminar la rehabilitaci\u00f3n de la v\u00eda <\/p><\/div>\n\n\n<p>El alcalde del <a href=\"https:\/\/www.instagram.com\/alcaldia_aa\/\" target=\"_blank\" rel=\"noreferrer noopener\">municipio Alberto Adriani<\/a>, <a href=\"https:\/\/www.instagram.com\/lisandrosegura02\/\" target=\"_blank\" rel=\"noreferrer noopener\">Lisandro Segura<\/a>, hizo un recorrido con el fin de inspeccionar los <a href=\"https:\/\/alcaldiaalbertoadriani.com\/?p=2049\" target=\"_blank\" rel=\"noreferrer noopener\">trabajos de patroleo el cual consiste en la nivelaci\u00f3n y adecuaci\u00f3n<\/a> de terreno que se ejecutan actualmente en la v\u00eda alterna entre el Km. 35 v\u00eda Santa B\u00e1rbara del Zulia, hacia el Km. 15 v\u00eda San Crist\u00f3bal, carretera Panamericana, ante la contingencia por la ca\u00edda del puente de Onia, del <a href=\"https:\/\/www.instagram.com\/alcaldia_aa\/\" target=\"_blank\" rel=\"noreferrer noopener\">municipio Alberto Adriani<\/a>.<\/p>\n\n\n\n<p>Explic\u00f3 el burgomaestre que esta es la v\u00eda alterna m\u00e1s expedita para comunicar entre los estados T\u00e1chira, M\u00e9rida y el centro del pa\u00eds, y viceversa; por ello han avanzado en su recuperaci\u00f3n en una longitud de un kil\u00f3metro, en donde adem\u00e1s del patroleo y nivelaci\u00f3n del terreno se colocar\u00e1 granz\u00f3n en los tramos de mayor afectaci\u00f3n.<\/p>\n\n\n\n<figure class=\"wp-block-image size-large\"><img loading=\"lazy\" decoding=\"async\" width=\"1024\" height=\"768\" src=\"https:\/\/alcaldiaalbertoadriani.com\/wp-content\/uploads\/2023\/02\/photo_2023-02-13_19-09-19-1024x768.jpg\" alt=\"\" class=\"wp-image-2071\" srcset=\"https:\/\/alcaldiaalbertoadriani.com\/wp-content\/uploads\/2023\/02\/photo_2023-02-13_19-09-19-1024x768.jpg 1024w, https:\/\/alcaldiaalbertoadriani.com\/wp-content\/uploads\/2023\/02\/photo_2023-02-13_19-09-19-980x735.jpg 980w, https:\/\/alcaldiaalbertoadriani.com\/wp-content\/uploads\/2023\/02\/photo_2023-02-13_19-09-19-480x360.jpg 480w\" sizes=\"auto, (min-width: 0px) and (max-width: 480px) 480px, (min-width: 481px) and (max-width: 980px) 980px, (min-width: 981px) 1024px, 100vw\" \/><\/figure>\n\n\n\n<!--more-->\n\n\n\n<h2 class=\"wp-block-heading\">Trabajo mancomunado<\/h2>\n\n\n\n<p>Cabe destacar que en estas acciones trabajan la gobernaci\u00f3n de M\u00e9rida, la Zona de Defensa Integral -Zodi- y la alcald\u00eda del <a href=\"https:\/\/www.instagram.com\/alcaldia_aa\/\" target=\"_blank\" rel=\"noreferrer noopener\">municipio Alberto Adriani<\/a>, para que tenga las condiciones m\u00ednimas y necesarias en las que pueda circular la carga pesada de los diferentes rubros que se producen en la zona y que circulan en la zona Sur del Lago, el transporte p\u00fablico, compactadores y camiones del aseo urbano, as\u00ed como los ciudadanos en general.<\/p>\n\n\n\n<p>\u201cEs importante decir el aporte que estamos recibiendo con otro patrol por parte de varios productores agropecuarios lo cual reducir\u00e1 el tiempo que hab\u00edamos estimado para recuperar la v\u00eda, es decir, si eran 15 d\u00edas, se pudiera llevar a la mitad de ese tiempo. Ya la gobernaci\u00f3n est\u00e1 movilizando una m\u00e1quina tipo jumbo para cargar el granz\u00f3n en la granzonera Agua de Monta\u00f1a y la Zodi est\u00e1 coordinando los volqueteros para comenzar el transporte del material\u201d, refiri\u00f3.<\/p>\n\n\n\n<h2 class=\"wp-block-heading\">Reducci\u00f3n del tiempo<\/h2>\n\n\n\n<p>Sobre el tiempo del recorrido con la v\u00eda sin rehabilitar desde el aeropuerto Juan Pablo P\u00e9rez Alfonso de El Vig\u00eda y hasta la comunidad del Kil\u00f3metro 15 era de una hora 25 minutos, mientras que, con la calzada rehabilitada se podr\u00eda reducir a solo una hora aproximadamente.<\/p>\n\n\n\n<p>Destac\u00f3 Segura que los que viajan del T\u00e1chira hacia M\u00e9rida por la v\u00eda de Zea representa en tiempo unas 3 horas, mientras que, del T\u00e1chira por la norte-sur-Santa B\u00e1rbara del Zulia se trata de 3 horas y media a 4 de tiempo el recorrido, igual los que vienen del centro del pa\u00eds, \u201cpor eso esta v\u00eda alterna es la m\u00e1s id\u00f3nea, pues los que ir\u00e1n a la comunidad de Carlos Andr\u00e9s P\u00e9rez, el Km. 15 o La Tendida ser\u00e1 mucho m\u00e1s cerca ya que se trata de una hora y algunos minutos el recorrido\u201d.<\/p>\n\n\n\n<p>En relaci\u00f3n al paso peatonal, <a href=\"https:\/\/www.instagram.com\/lisandrosegura02\/\" target=\"_blank\" rel=\"noreferrer noopener\">Lisandro Segura<\/a> refiri\u00f3 que las m\u00e1quinas de la gobernaci\u00f3n trabajan en el marcado de la v\u00eda por donde circular\u00e1n las personas de a pie y las motos y en forma paralela se ejecutar\u00e1n varios trabajos como las fundaciones y los estribos, \u201clos estribos llevan acero y concreto y el fraguado del concreto dura unos 28 d\u00edas, aunado a ello, trabajamos el acondicionamiento de la v\u00eda y a su vez construiremos la pasarela que ser\u00e1 apernada y armada, para en 20 d\u00edas a un mes poder colocar la pasarela por la cual circular\u00e1n el paso peatonal y en moto\u201d. <strong>Prensa Alcald\u00eda Alberto Adriani\/CNP: 22.661\/ Fotos: Edgar Mendoza.<\/strong><\/p>\n\n\n\n<figure class=\"wp-block-gallery has-nested-images columns-default is-cropped wp-block-gallery-1 is-layout-flex wp-block-gallery-is-layout-flex\">\n<figure class=\"wp-block-image size-large\"><img loading=\"lazy\" decoding=\"async\" width=\"1024\" height=\"768\" data-id=\"2077\" src=\"https:\/\/alcaldiaalbertoadriani.com\/wp-content\/uploads\/2023\/02\/photo_2023-02-13_19-09-21-2-1024x768.jpg\" alt=\"\" class=\"wp-image-2077\" srcset=\"https:\/\/alcaldiaalbertoadriani.com\/wp-content\/uploads\/2023\/02\/photo_2023-02-13_19-09-21-2-980x735.jpg 980w, https:\/\/alcaldiaalbertoadriani.com\/wp-content\/uploads\/2023\/02\/photo_2023-02-13_19-09-21-2-480x360.jpg 480w\" sizes=\"auto, (min-width: 0px) and (max-width: 480px) 480px, (min-width: 481px) and (max-width: 980px) 980px, (min-width: 981px) 1024px, 100vw\" \/><\/figure>\n\n\n\n<figure class=\"wp-block-image size-large\"><img loading=\"lazy\" decoding=\"async\" width=\"1024\" height=\"768\" data-id=\"2072\" src=\"https:\/\/alcaldiaalbertoadriani.com\/wp-content\/uploads\/2023\/02\/photo_2023-02-13_19-09-21-1024x768.jpg\" alt=\"\" class=\"wp-image-2072\" srcset=\"https:\/\/alcaldiaalbertoadriani.com\/wp-content\/uploads\/2023\/02\/photo_2023-02-13_19-09-21-1024x768.jpg 1024w, https:\/\/alcaldiaalbertoadriani.com\/wp-content\/uploads\/2023\/02\/photo_2023-02-13_19-09-21-980x735.jpg 980w, https:\/\/alcaldiaalbertoadriani.com\/wp-content\/uploads\/2023\/02\/photo_2023-02-13_19-09-21-480x360.jpg 480w\" sizes=\"auto, (min-width: 0px) and (max-width: 480px) 480px, (min-width: 481px) and (max-width: 980px) 980px, (min-width: 981px) 1024px, 100vw\" \/><\/figure>\n\n\n\n<figure class=\"wp-block-image size-large\"><img loading=\"lazy\" decoding=\"async\" width=\"1024\" height=\"768\" data-id=\"2076\" src=\"https:\/\/alcaldiaalbertoadriani.com\/wp-content\/uploads\/2023\/02\/photo_2023-02-13_19-09-22-2-1024x768.jpg\" alt=\"\" class=\"wp-image-2076\" srcset=\"https:\/\/alcaldiaalbertoadriani.com\/wp-content\/uploads\/2023\/02\/photo_2023-02-13_19-09-22-2-980x735.jpg 980w, https:\/\/alcaldiaalbertoadriani.com\/wp-content\/uploads\/2023\/02\/photo_2023-02-13_19-09-22-2-480x360.jpg 480w\" sizes=\"auto, (min-width: 0px) and (max-width: 480px) 480px, (min-width: 481px) and (max-width: 980px) 980px, (min-width: 981px) 1024px, 100vw\" \/><\/figure>\n\n\n\n<figure class=\"wp-block-image size-large\"><img loading=\"lazy\" decoding=\"async\" width=\"1024\" height=\"768\" data-id=\"2075\" src=\"https:\/\/alcaldiaalbertoadriani.com\/wp-content\/uploads\/2023\/02\/photo_2023-02-13_19-09-22-1024x768.jpg\" alt=\"\" class=\"wp-image-2075\" srcset=\"https:\/\/alcaldiaalbertoadriani.com\/wp-content\/uploads\/2023\/02\/photo_2023-02-13_19-09-22-980x735.jpg 980w, https:\/\/alcaldiaalbertoadriani.com\/wp-content\/uploads\/2023\/02\/photo_2023-02-13_19-09-22-480x360.jpg 480w\" sizes=\"auto, (min-width: 0px) and (max-width: 480px) 480px, (min-width: 481px) and (max-width: 980px) 980px, (min-width: 981px) 1024px, 100vw\" \/><\/figure>\n\n\n\n<figure class=\"wp-block-image size-large\"><img loading=\"lazy\" decoding=\"async\" width=\"770\" height=\"1024\" data-id=\"2074\" src=\"https:\/\/alcaldiaalbertoadriani.com\/wp-content\/uploads\/2023\/02\/photo_2023-02-13_19-09-23-2-770x1024.jpg\" alt=\"\" class=\"wp-image-2074\" srcset=\"https:\/\/alcaldiaalbertoadriani.com\/wp-content\/uploads\/2023\/02\/photo_2023-02-13_19-09-23-2-770x1024.jpg 770w, https:\/\/alcaldiaalbertoadriani.com\/wp-content\/uploads\/2023\/02\/photo_2023-02-13_19-09-23-2-480x638.jpg 480w\" sizes=\"auto, (min-width: 0px) and (max-width: 480px) 480px, (min-width: 481px) 770px, 100vw\" \/><\/figure>\n\n\n\n<figure class=\"wp-block-image size-large\"><img loading=\"lazy\" decoding=\"async\" width=\"1020\" height=\"768\" data-id=\"2073\" src=\"https:\/\/alcaldiaalbertoadriani.com\/wp-content\/uploads\/2023\/02\/photo_2023-02-13_19-09-23.jpg\" alt=\"\" class=\"wp-image-2073\" srcset=\"https:\/\/alcaldiaalbertoadriani.com\/wp-content\/uploads\/2023\/02\/photo_2023-02-13_19-09-23.jpg 1020w, https:\/\/alcaldiaalbertoadriani.com\/wp-content\/uploads\/2023\/02\/photo_2023-02-13_19-09-23-980x738.jpg 980w, https:\/\/alcaldiaalbertoadriani.com\/wp-content\/uploads\/2023\/02\/photo_2023-02-13_19-09-23-480x361.jpg 480w\" sizes=\"auto, (min-width: 0px) and (max-width: 480px) 480px, (min-width: 481px) and (max-width: 980px) 980px, (min-width: 981px) 1020px, 100vw\" \/><\/figure>\n<\/figure>\n","protected":false},"excerpt":{"rendered":"<p><em><strong>Estima el alcalde vig\u00edense que en 10 a 15 d\u00edas y de acuerdo al ritmo de trabajo se pudiera terminar la rehabilitaci\u00f3n de la v\u00eda<\/strong><\/em><\/p>\n","protected":false},"author":2,"featured_media":2070,"comment_status":"closed","ping_status":"closed","sticky":false,"template":"","format":"standard","meta":{"_et_pb_use_builder":"off","_et_pb_old_content":"","_et_gb_content_width":"","footnotes":""},"categories":[341,34,25,24],"tags":[31,11,12,15,30,29,28,354],"class_list":["post-2069","post","type-post","status-publish","format-standard","has-post-thumbnail","hentry","category-alcaldia-alberto-adriani","category-gerencia-de-servicios-publicos-municipales","category-nuestro-municipio","category-recuperacion-de-espacios","tag-alcalde","tag-alcaldia","tag-alcaldiaalbertoadriani","tag-elvigia","tag-lisandrosegura","tag-municipioquenosmerecemos","tag-porelrenacer","tag-lisandro-segura-inspecciono-trabajos"],"yoast_head":"<!-- This site is optimized with the Yoast SEO plugin v19.13 - https:\/\/yoast.com\/wordpress\/plugins\/seo\/ -->\n<title>Lisandro Segura inspeccion\u00f3 trabajos de rehabilitaci\u00f3n de la v\u00eda alterna entre el Km 35 al Km 15 - Alcaldia Alberto Adriani<\/title>\n<meta name=\"description\" content=\"Lisandro Segura inspeccion\u00f3 los trabajos de patroleo, los cuales consisten en la nivelaci\u00f3n y adecuaci\u00f3n de terreno a la T-001.\" \/>\n<meta name=\"robots\" content=\"index, follow, max-snippet:-1, max-image-preview:large, max-video-preview:-1\" \/>\n<link rel=\"canonical\" href=\"https:\/\/alcaldiaalbertoadriani.com\/?p=2069\" \/>\n<meta property=\"og:locale\" content=\"es_ES\" \/>\n<meta property=\"og:type\" content=\"article\" \/>\n<meta property=\"og:title\" content=\"Lisandro Segura inspeccion\u00f3 trabajos de rehabilitaci\u00f3n de la v\u00eda alterna entre el Km 35 al Km 15 - Alcaldia Alberto Adriani\" \/>\n<meta property=\"og:description\" content=\"Lisandro Segura inspeccion\u00f3 los trabajos de patroleo, los cuales consisten en la nivelaci\u00f3n y adecuaci\u00f3n de terreno a la T-001.\" \/>\n<meta property=\"og:url\" content=\"https:\/\/alcaldiaalbertoadriani.com\/?p=2069\" \/>\n<meta property=\"og:site_name\" content=\"Alcaldia Alberto Adriani\" \/>\n<meta property=\"article:published_time\" content=\"2023-02-13T23:19:16+00:00\" \/>\n<meta property=\"article:modified_time\" content=\"2023-02-13T23:19:22+00:00\" \/>\n<meta property=\"og:image\" content=\"https:\/\/alcaldiaalbertoadriani.com\/wp-content\/uploads\/2023\/02\/photo_2023-02-13_19-09-20.jpg\" \/>\n\t<meta property=\"og:image:width\" content=\"1080\" \/>\n\t<meta property=\"og:image:height\" content=\"810\" \/>\n\t<meta property=\"og:image:type\" content=\"image\/jpeg\" \/>\n<meta name=\"author\" content=\"Prensa\" \/>\n<meta name=\"twitter:card\" content=\"summary_large_image\" \/>\n<meta name=\"twitter:label1\" content=\"Escrito por\" \/>\n\t<meta name=\"twitter:data1\" content=\"Prensa\" \/>\n\t<meta name=\"twitter:label2\" content=\"Tiempo de lectura\" \/>\n\t<meta name=\"twitter:data2\" content=\"4 minutos\" \/>\n<script type=\"application\/ld+json\" class=\"yoast-schema-graph\">{\"@context\":\"https:\/\/schema.org\",\"@graph\":[{\"@type\":\"WebPage\",\"@id\":\"https:\/\/alcaldiaalbertoadriani.com\/?p=2069\",\"url\":\"https:\/\/alcaldiaalbertoadriani.com\/?p=2069\",\"name\":\"Lisandro Segura inspeccion\u00f3 trabajos de rehabilitaci\u00f3n de la v\u00eda alterna entre el Km 35 al Km 15 - Alcaldia Alberto Adriani\",\"isPartOf\":{\"@id\":\"https:\/\/alcaldiaalbertoadriani.com\/#website\"},\"datePublished\":\"2023-02-13T23:19:16+00:00\",\"dateModified\":\"2023-02-13T23:19:22+00:00\",\"author\":{\"@id\":\"https:\/\/alcaldiaalbertoadriani.com\/#\/schema\/person\/549b4483ff8999ac780deeea78795fc9\"},\"description\":\"Lisandro Segura inspeccion\u00f3 los trabajos de patroleo, los cuales consisten en la nivelaci\u00f3n y adecuaci\u00f3n de terreno a la T-001.\",\"breadcrumb\":{\"@id\":\"https:\/\/alcaldiaalbertoadriani.com\/?p=2069#breadcrumb\"},\"inLanguage\":\"es\",\"potentialAction\":[{\"@type\":\"ReadAction\",\"target\":[\"https:\/\/alcaldiaalbertoadriani.com\/?p=2069\"]}]},{\"@type\":\"BreadcrumbList\",\"@id\":\"https:\/\/alcaldiaalbertoadriani.com\/?p=2069#breadcrumb\",\"itemListElement\":[{\"@type\":\"ListItem\",\"position\":1,\"name\":\"Portada\",\"item\":\"https:\/\/alcaldiaalbertoadriani.com\/\"},{\"@type\":\"ListItem\",\"position\":2,\"name\":\"Lisandro Segura inspeccion\u00f3 trabajos de rehabilitaci\u00f3n de la v\u00eda alterna entre el Km 35 al Km 15\"}]},{\"@type\":\"WebSite\",\"@id\":\"https:\/\/alcaldiaalbertoadriani.com\/#website\",\"url\":\"https:\/\/alcaldiaalbertoadriani.com\/\",\"name\":\"Alcaldia Alberto Adriani\",\"description\":\"\",\"potentialAction\":[{\"@type\":\"SearchAction\",\"target\":{\"@type\":\"EntryPoint\",\"urlTemplate\":\"https:\/\/alcaldiaalbertoadriani.com\/?s={search_term_string}\"},\"query-input\":\"required name=search_term_string\"}],\"inLanguage\":\"es\"},{\"@type\":\"Person\",\"@id\":\"https:\/\/alcaldiaalbertoadriani.com\/#\/schema\/person\/549b4483ff8999ac780deeea78795fc9\",\"name\":\"Prensa\",\"image\":{\"@type\":\"ImageObject\",\"inLanguage\":\"es\",\"@id\":\"https:\/\/alcaldiaalbertoadriani.com\/#\/schema\/person\/image\/\",\"url\":\"https:\/\/secure.gravatar.com\/avatar\/ea1cb567ea992a29627f4eee1c2eb185ec16decec6342d508fdf18dedb56c9de?s=96&d=mm&r=g\",\"contentUrl\":\"https:\/\/secure.gravatar.com\/avatar\/ea1cb567ea992a29627f4eee1c2eb185ec16decec6342d508fdf18dedb56c9de?s=96&d=mm&r=g\",\"caption\":\"Prensa\"},\"url\":\"https:\/\/alcaldiaalbertoadriani.com\/?author=2\"}]}<\/script>\n<!-- \/ Yoast SEO plugin. -->","yoast_head_json":{"title":"Lisandro Segura inspeccion\u00f3 trabajos de rehabilitaci\u00f3n de la v\u00eda alterna entre el Km 35 al Km 15 - Alcaldia Alberto Adriani","description":"Lisandro Segura inspeccion\u00f3 los trabajos de patroleo, los cuales consisten en la nivelaci\u00f3n y adecuaci\u00f3n de terreno a la T-001.","robots":{"index":"index","follow":"follow","max-snippet":"max-snippet:-1","max-image-preview":"max-image-preview:large","max-video-preview":"max-video-preview:-1"},"canonical":"https:\/\/alcaldiaalbertoadriani.com\/?p=2069","og_locale":"es_ES","og_type":"article","og_title":"Lisandro Segura inspeccion\u00f3 trabajos de rehabilitaci\u00f3n de la v\u00eda alterna entre el Km 35 al Km 15 - Alcaldia Alberto Adriani","og_description":"Lisandro Segura inspeccion\u00f3 los trabajos de patroleo, los cuales consisten en la nivelaci\u00f3n y adecuaci\u00f3n de terreno a la T-001.","og_url":"https:\/\/alcaldiaalbertoadriani.com\/?p=2069","og_site_name":"Alcaldia Alberto Adriani","article_published_time":"2023-02-13T23:19:16+00:00","article_modified_time":"2023-02-13T23:19:22+00:00","og_image":[{"width":1080,"height":810,"url":"https:\/\/alcaldiaalbertoadriani.com\/wp-content\/uploads\/2023\/02\/photo_2023-02-13_19-09-20.jpg","type":"image\/jpeg"}],"author":"Prensa","twitter_card":"summary_large_image","twitter_misc":{"Escrito por":"Prensa","Tiempo de lectura":"4 minutos"},"schema":{"@context":"https:\/\/schema.org","@graph":[{"@type":"WebPage","@id":"https:\/\/alcaldiaalbertoadriani.com\/?p=2069","url":"https:\/\/alcaldiaalbertoadriani.com\/?p=2069","name":"Lisandro Segura inspeccion\u00f3 trabajos de rehabilitaci\u00f3n de la v\u00eda alterna entre el Km 35 al Km 15 - Alcaldia Alberto Adriani","isPartOf":{"@id":"https:\/\/alcaldiaalbertoadriani.com\/#website"},"datePublished":"2023-02-13T23:19:16+00:00","dateModified":"2023-02-13T23:19:22+00:00","author":{"@id":"https:\/\/alcaldiaalbertoadriani.com\/#\/schema\/person\/549b4483ff8999ac780deeea78795fc9"},"description":"Lisandro Segura inspeccion\u00f3 los trabajos de patroleo, los cuales consisten en la nivelaci\u00f3n y adecuaci\u00f3n de terreno a la T-001.","breadcrumb":{"@id":"https:\/\/alcaldiaalbertoadriani.com\/?p=2069#breadcrumb"},"inLanguage":"es","potentialAction":[{"@type":"ReadAction","target":["https:\/\/alcaldiaalbertoadriani.com\/?p=2069"]}]},{"@type":"BreadcrumbList","@id":"https:\/\/alcaldiaalbertoadriani.com\/?p=2069#breadcrumb","itemListElement":[{"@type":"ListItem","position":1,"name":"Portada","item":"https:\/\/alcaldiaalbertoadriani.com\/"},{"@type":"ListItem","position":2,"name":"Lisandro Segura inspeccion\u00f3 trabajos de rehabilitaci\u00f3n de la v\u00eda alterna entre el Km 35 al Km 15"}]},{"@type":"WebSite","@id":"https:\/\/alcaldiaalbertoadriani.com\/#website","url":"https:\/\/alcaldiaalbertoadriani.com\/","name":"Alcaldia Alberto Adriani","description":"","potentialAction":[{"@type":"SearchAction","target":{"@type":"EntryPoint","urlTemplate":"https:\/\/alcaldiaalbertoadriani.com\/?s={search_term_string}"},"query-input":"required name=search_term_string"}],"inLanguage":"es"},{"@type":"Person","@id":"https:\/\/alcaldiaalbertoadriani.com\/#\/schema\/person\/549b4483ff8999ac780deeea78795fc9","name":"Prensa","image":{"@type":"ImageObject","inLanguage":"es","@id":"https:\/\/alcaldiaalbertoadriani.com\/#\/schema\/person\/image\/","url":"https:\/\/secure.gravatar.com\/avatar\/ea1cb567ea992a29627f4eee1c2eb185ec16decec6342d508fdf18dedb56c9de?s=96&d=mm&r=g","contentUrl":"https:\/\/secure.gravatar.com\/avatar\/ea1cb567ea992a29627f4eee1c2eb185ec16decec6342d508fdf18dedb56c9de?s=96&d=mm&r=g","caption":"Prensa"},"url":"https:\/\/alcaldiaalbertoadriani.com\/?author=2"}]}},"_links":{"self":[{"href":"https:\/\/alcaldiaalbertoadriani.com\/index.php?rest_route=\/wp\/v2\/posts\/2069","targetHints":{"allow":["GET"]}}],"collection":[{"href":"https:\/\/alcaldiaalbertoadriani.com\/index.php?rest_route=\/wp\/v2\/posts"}],"about":[{"href":"https:\/\/alcaldiaalbertoadriani.com\/index.php?rest_route=\/wp\/v2\/types\/post"}],"author":[{"embeddable":true,"href":"https:\/\/alcaldiaalbertoadriani.com\/index.php?rest_route=\/wp\/v2\/users\/2"}],"replies":[{"embeddable":true,"href":"https:\/\/alcaldiaalbertoadriani.com\/index.php?rest_route=%2Fwp%2Fv2%2Fcomments&post=2069"}],"version-history":[{"count":1,"href":"https:\/\/alcaldiaalbertoadriani.com\/index.php?rest_route=\/wp\/v2\/posts\/2069\/revisions"}],"predecessor-version":[{"id":2078,"href":"https:\/\/alcaldiaalbertoadriani.com\/index.php?rest_route=\/wp\/v2\/posts\/2069\/revisions\/2078"}],"wp:featuredmedia":[{"embeddable":true,"href":"https:\/\/alcaldiaalbertoadriani.com\/index.php?rest_route=\/wp\/v2\/media\/2070"}],"wp:attachment":[{"href":"https:\/\/alcaldiaalbertoadriani.com\/index.php?rest_route=%2Fwp%2Fv2%2Fmedia&parent=2069"}],"wp:term":[{"taxonomy":"category","embeddable":true,"href":"https:\/\/alcaldiaalbertoadriani.com\/index.php?rest_route=%2Fwp%2Fv2%2Fcategories&post=2069"},{"taxonomy":"post_tag","embeddable":true,"href":"https:\/\/alcaldiaalbertoadriani.com\/index.php?rest_route=%2Fwp%2Fv2%2Ftags&post=2069"}],"curies":[{"name":"wp","href":"https:\/\/api.w.org\/{rel}","templated":true}]}}