{"id":2049,"date":"2023-02-13T22:05:47","date_gmt":"2023-02-13T22:05:47","guid":{"rendered":"https:\/\/alcaldiaalbertoadriani.com\/?p=2049"},"modified":"2023-02-13T22:05:52","modified_gmt":"2023-02-13T22:05:52","slug":"puente-de-onia","status":"publish","type":"post","link":"https:\/\/alcaldiaalbertoadriani.com\/?p=2049","title":{"rendered":"Alcald\u00eda de El Vig\u00eda, gobernaci\u00f3n y ZODI, reparan v\u00eda alterna al puente de Onia"},"content":{"rendered":"<div class=\"wp-block-post-excerpt\"><p class=\"wp-block-post-excerpt__excerpt\">\u201cEl alcalde Lisandro Segura tom\u00f3 la decisi\u00f3n de recuperar esa v\u00eda, para abrir el paso entre los estados T\u00e1chira y M\u00e9rida y al municipio Alberto Adriani\u201d, explic\u00f3 Belandria <\/p><\/div>\n\n\n<p>(El Vig\u00eda, 12\/2\/2023).- Los trabajos de recuperaci\u00f3n de vialidad, entre el Kil\u00f3metro 35 y Kil\u00f3metro 15 fueron iniciados por la gobernaci\u00f3n de M\u00e9rida, la ZODI y la <a href=\"https:\/\/www.instagram.com\/alcaldia_aa\/\" target=\"_blank\" rel=\"noreferrer noopener\">alcald\u00eda de Alberto Adriani<\/a>. As\u00ed lo inform\u00f3 el <a href=\"https:\/\/alcaldiaalbertoadriani.com\/?p=1999\" target=\"_blank\" rel=\"noreferrer noopener\">gerente de Servicios P\u00fablicos Municipales<\/a>, Dar\u00edo Belandria, despu\u00e9s de una inspecci\u00f3n hecha por el <a href=\"https:\/\/www.instagram.com\/lisandrosegura02\/\" target=\"_blank\" rel=\"noreferrer noopener\">alcalde Lisandro Segura<\/a> y todo su equipo, tras los da\u00f1os en el puente de Onia. \u201cEstamos haciendo mantenimiento a la vialidad agr\u00edcola para habilitar el paso vehicular, despu\u00e9s de la emergencia en la Troncal 001\u201d, acot\u00f3 el funcionario.<\/p>\n\n\n\n<p>\u201cEl <a href=\"https:\/\/www.instagram.com\/lisandrosegura02\/\" target=\"_blank\" rel=\"noreferrer noopener\">alcalde Lisandro Segura<\/a> tom\u00f3 la decisi\u00f3n de recuperar esa v\u00eda, para abrir el paso entre los estados T\u00e1chira y M\u00e9rida y al <a href=\"https:\/\/www.instagram.com\/alcaldia_aa\/\" target=\"_blank\" rel=\"noreferrer noopener\">municipio Alberto Adriani<\/a>\u201d, explic\u00f3 Belandria.<\/p>\n\n\n\n<figure class=\"wp-block-image size-full\"><img loading=\"lazy\" decoding=\"async\" width=\"1020\" height=\"768\" src=\"https:\/\/alcaldiaalbertoadriani.com\/wp-content\/uploads\/2023\/02\/WhatsApp-Image-2023-01-27-at-9.33.54-AM.jpg\" alt=\"\" class=\"wp-image-2050\" srcset=\"https:\/\/alcaldiaalbertoadriani.com\/wp-content\/uploads\/2023\/02\/WhatsApp-Image-2023-01-27-at-9.33.54-AM.jpg 1020w, https:\/\/alcaldiaalbertoadriani.com\/wp-content\/uploads\/2023\/02\/WhatsApp-Image-2023-01-27-at-9.33.54-AM-980x738.jpg 980w, https:\/\/alcaldiaalbertoadriani.com\/wp-content\/uploads\/2023\/02\/WhatsApp-Image-2023-01-27-at-9.33.54-AM-480x361.jpg 480w\" sizes=\"auto, (min-width: 0px) and (max-width: 480px) 480px, (min-width: 481px) and (max-width: 980px) 980px, (min-width: 981px) 1020px, 100vw\" \/><\/figure>\n\n\n\n<p>Segura hizo recientemente, un recorrido por el sector afectado por un talud, que tap\u00f3 la carretera y destruy\u00f3 el puente de Onia. Adem\u00e1s, con todo su equipo ejecut\u00f3 la inspecci\u00f3n por la v\u00eda agr\u00edcola se\u00f1alada, para repararla lo m\u00e1s pronto posible. Una vez con los resultados, la <a href=\"https:\/\/alcaldiaalbertoadriani.com\/?p=1937\" target=\"_blank\" rel=\"noreferrer noopener\">gerencia de Servicios P\u00fablicos<\/a>, inici\u00f3 los trabajos el s\u00e1bado 11 de febrero en conjunto con el gobierno regional y la ZODI.<\/p>\n\n\n\n<h2 class=\"wp-block-heading\">Iniciaron los trabajos<\/h2>\n\n\n\n<p>Dar\u00edo Belandria detall\u00f3 que se emplea maquinaria para el \u201cpatroleo\u201d, para despu\u00e9s proceder con la aplicaci\u00f3n de granz\u00f3n. \u201cSe van aplicar unos 150 camiones de material tipo granz\u00f3n, el trabajo tomar\u00e1 los pr\u00f3ximos d\u00edas hasta que se logre establecer un enlace vial, mientras se supera la emergencia\u201d.<\/p>\n\n\n\n<h2 class=\"wp-block-heading\">Importancia de la Troncal 001 y el puente de Onia<\/h2>\n\n\n\n<p>Al inicio de esta semana, se produjo el suceso que dej\u00f3 como saldo lamentable la p\u00e9rdida de dos vidas y da\u00f1os materiales importantes. El paso entre los estados M\u00e9rida y T\u00e1chira qued\u00f3 suspendido porque el puente de Onia se desplom\u00f3. Esto amerita habilitar v\u00edas alternas y es a lo que se aboc\u00f3 todo el equipo t\u00e9cnico de <a href=\"https:\/\/www.instagram.com\/alcaldia_aa\/\" target=\"_blank\" rel=\"noreferrer noopener\">Alberto Adriani<\/a>.<\/p>\n\n\n\n<p>El <a href=\"https:\/\/www.instagram.com\/lisandrosegura02\/\" target=\"_blank\" rel=\"noreferrer noopener\">alcalde Lisandro Segura<\/a>, coordina esfuerzos con autoridades regionales y nacionales, para atender esta emergencia. Desde el primer momento, hay la presencia de equipos de Gesti\u00f3n de Riesgos y el personal profesional que en materia de infraestructura forma parte de la gesti\u00f3n municipal.<\/p>\n\n\n\n<p>La Troncal 001 es una v\u00eda de gran importancia para el intercambio comercial entre T\u00e1chira y M\u00e9rida que beneficia directamente a El Vig\u00eda. El puente de Onia es estrat\u00e9gico para el transporte de gran cantidad de producci\u00f3n agr\u00edcola, rubros para el consumo animal y el mantenimiento de fincas productivas, entre otros. <strong>Prensa Alcald\u00eda de Alberto Adriani\/CNP16.478 \/ Fotos: Servicios P\u00fablicos.<\/strong><\/p>\n\n\n\n<figure class=\"wp-block-gallery has-nested-images columns-default is-cropped wp-block-gallery-1 is-layout-flex wp-block-gallery-is-layout-flex\">\n<figure class=\"wp-block-image size-large\"><img loading=\"lazy\" decoding=\"async\" width=\"770\" height=\"1024\" data-id=\"2053\" src=\"https:\/\/alcaldiaalbertoadriani.com\/wp-content\/uploads\/2023\/02\/photo_2023-02-13_17-52-28-770x1024.jpg\" alt=\"\" class=\"wp-image-2053\" srcset=\"https:\/\/alcaldiaalbertoadriani.com\/wp-content\/uploads\/2023\/02\/photo_2023-02-13_17-52-28-770x1024.jpg 770w, https:\/\/alcaldiaalbertoadriani.com\/wp-content\/uploads\/2023\/02\/photo_2023-02-13_17-52-28-480x638.jpg 480w\" sizes=\"auto, (min-width: 0px) and (max-width: 480px) 480px, (min-width: 481px) 770px, 100vw\" \/><\/figure>\n\n\n\n<figure class=\"wp-block-image size-large\"><img loading=\"lazy\" decoding=\"async\" width=\"770\" height=\"1024\" data-id=\"2054\" src=\"https:\/\/alcaldiaalbertoadriani.com\/wp-content\/uploads\/2023\/02\/WhatsApp-Image-2023-02-11-at-5.39.49-PM-770x1024.jpg\" alt=\"\" class=\"wp-image-2054\" srcset=\"https:\/\/alcaldiaalbertoadriani.com\/wp-content\/uploads\/2023\/02\/WhatsApp-Image-2023-02-11-at-5.39.49-PM-770x1024.jpg 770w, https:\/\/alcaldiaalbertoadriani.com\/wp-content\/uploads\/2023\/02\/WhatsApp-Image-2023-02-11-at-5.39.49-PM-480x638.jpg 480w\" sizes=\"auto, (min-width: 0px) and (max-width: 480px) 480px, (min-width: 481px) 770px, 100vw\" \/><\/figure>\n\n\n\n<figure class=\"wp-block-image size-full\"><img loading=\"lazy\" decoding=\"async\" width=\"1020\" height=\"768\" data-id=\"2051\" src=\"https:\/\/alcaldiaalbertoadriani.com\/wp-content\/uploads\/2023\/02\/WhatsApp-Image-2023-02-11-at-5.39.50-PM-1.jpg\" alt=\"\" class=\"wp-image-2051\" srcset=\"https:\/\/alcaldiaalbertoadriani.com\/wp-content\/uploads\/2023\/02\/WhatsApp-Image-2023-02-11-at-5.39.50-PM-1.jpg 1020w, https:\/\/alcaldiaalbertoadriani.com\/wp-content\/uploads\/2023\/02\/WhatsApp-Image-2023-02-11-at-5.39.50-PM-1-980x738.jpg 980w, https:\/\/alcaldiaalbertoadriani.com\/wp-content\/uploads\/2023\/02\/WhatsApp-Image-2023-02-11-at-5.39.50-PM-1-480x361.jpg 480w\" sizes=\"auto, (min-width: 0px) and (max-width: 480px) 480px, (min-width: 481px) and (max-width: 980px) 980px, (min-width: 981px) 1020px, 100vw\" \/><\/figure>\n<\/figure>\n","protected":false},"excerpt":{"rendered":"<p><strong><em>\u201cEl alcalde Lisandro Segura tom\u00f3 la decisi\u00f3n de recuperar esa v\u00eda, para abrir el paso entre los estados T\u00e1chira y M\u00e9rida y al municipio Alberto Adriani\u201d, explic\u00f3 Belandria<\/em><\/strong><\/p>\n","protected":false},"author":2,"featured_media":2052,"comment_status":"closed","ping_status":"closed","sticky":false,"template":"","format":"standard","meta":{"_et_pb_use_builder":"off","_et_pb_old_content":"","_et_gb_content_width":"","footnotes":""},"categories":[341,34,25,24],"tags":[31,11,12,15,30,29,28,351],"class_list":["post-2049","post","type-post","status-publish","format-standard","has-post-thumbnail","hentry","category-alcaldia-alberto-adriani","category-gerencia-de-servicios-publicos-municipales","category-nuestro-municipio","category-recuperacion-de-espacios","tag-alcalde","tag-alcaldia","tag-alcaldiaalbertoadriani","tag-elvigia","tag-lisandrosegura","tag-municipioquenosmerecemos","tag-porelrenacer","tag-puente-de-onia"],"yoast_head":"<!-- This site is optimized with the Yoast SEO plugin v19.13 - https:\/\/yoast.com\/wordpress\/plugins\/seo\/ -->\n<title>Alcald\u00eda de El Vig\u00eda, gobernaci\u00f3n y ZODI, reparan v\u00eda alterna al puente de Onia - Alcaldia Alberto Adriani<\/title>\n<meta name=\"description\" content=\"Alcald\u00eda de El Vig\u00eda, gobernaci\u00f3n y ZODI, reparan v\u00eda alterna al puente de Onia, as\u00ed lo inform\u00f3 el Gerente de los Servicios P\u00fablicos.\" \/>\n<meta name=\"robots\" content=\"index, follow, max-snippet:-1, max-image-preview:large, max-video-preview:-1\" \/>\n<link rel=\"canonical\" href=\"https:\/\/alcaldiaalbertoadriani.com\/?p=2049\" \/>\n<meta property=\"og:locale\" content=\"es_ES\" \/>\n<meta property=\"og:type\" content=\"article\" \/>\n<meta property=\"og:title\" content=\"Alcald\u00eda de El Vig\u00eda, gobernaci\u00f3n y ZODI, reparan v\u00eda alterna al puente de Onia - Alcaldia Alberto Adriani\" \/>\n<meta property=\"og:description\" content=\"Alcald\u00eda de El Vig\u00eda, gobernaci\u00f3n y ZODI, reparan v\u00eda alterna al puente de Onia, as\u00ed lo inform\u00f3 el Gerente de los Servicios P\u00fablicos.\" \/>\n<meta property=\"og:url\" content=\"https:\/\/alcaldiaalbertoadriani.com\/?p=2049\" \/>\n<meta property=\"og:site_name\" content=\"Alcaldia Alberto Adriani\" \/>\n<meta property=\"article:published_time\" content=\"2023-02-13T22:05:47+00:00\" \/>\n<meta property=\"article:modified_time\" content=\"2023-02-13T22:05:52+00:00\" \/>\n<meta property=\"og:image\" content=\"https:\/\/alcaldiaalbertoadriani.com\/wp-content\/uploads\/2023\/02\/WhatsApp-Image-2023-02-11-at-5.39.50-PM.jpg\" \/>\n\t<meta property=\"og:image:width\" content=\"768\" \/>\n\t<meta property=\"og:image:height\" content=\"1020\" \/>\n\t<meta property=\"og:image:type\" content=\"image\/jpeg\" \/>\n<meta name=\"author\" content=\"Prensa\" \/>\n<meta name=\"twitter:card\" content=\"summary_large_image\" \/>\n<meta name=\"twitter:label1\" content=\"Escrito por\" \/>\n\t<meta name=\"twitter:data1\" content=\"Prensa\" \/>\n\t<meta name=\"twitter:label2\" content=\"Tiempo de lectura\" \/>\n\t<meta name=\"twitter:data2\" content=\"3 minutos\" \/>\n<script type=\"application\/ld+json\" class=\"yoast-schema-graph\">{\"@context\":\"https:\/\/schema.org\",\"@graph\":[{\"@type\":\"WebPage\",\"@id\":\"https:\/\/alcaldiaalbertoadriani.com\/?p=2049\",\"url\":\"https:\/\/alcaldiaalbertoadriani.com\/?p=2049\",\"name\":\"Alcald\u00eda de El Vig\u00eda, gobernaci\u00f3n y ZODI, reparan v\u00eda alterna al puente de Onia - Alcaldia Alberto Adriani\",\"isPartOf\":{\"@id\":\"https:\/\/alcaldiaalbertoadriani.com\/#website\"},\"datePublished\":\"2023-02-13T22:05:47+00:00\",\"dateModified\":\"2023-02-13T22:05:52+00:00\",\"author\":{\"@id\":\"https:\/\/alcaldiaalbertoadriani.com\/#\/schema\/person\/549b4483ff8999ac780deeea78795fc9\"},\"description\":\"Alcald\u00eda de El Vig\u00eda, gobernaci\u00f3n y ZODI, reparan v\u00eda alterna al puente de Onia, as\u00ed lo inform\u00f3 el Gerente de los Servicios P\u00fablicos.\",\"breadcrumb\":{\"@id\":\"https:\/\/alcaldiaalbertoadriani.com\/?p=2049#breadcrumb\"},\"inLanguage\":\"es\",\"potentialAction\":[{\"@type\":\"ReadAction\",\"target\":[\"https:\/\/alcaldiaalbertoadriani.com\/?p=2049\"]}]},{\"@type\":\"BreadcrumbList\",\"@id\":\"https:\/\/alcaldiaalbertoadriani.com\/?p=2049#breadcrumb\",\"itemListElement\":[{\"@type\":\"ListItem\",\"position\":1,\"name\":\"Portada\",\"item\":\"https:\/\/alcaldiaalbertoadriani.com\/\"},{\"@type\":\"ListItem\",\"position\":2,\"name\":\"Alcald\u00eda de El Vig\u00eda, gobernaci\u00f3n y ZODI, reparan v\u00eda alterna al puente de Onia\"}]},{\"@type\":\"WebSite\",\"@id\":\"https:\/\/alcaldiaalbertoadriani.com\/#website\",\"url\":\"https:\/\/alcaldiaalbertoadriani.com\/\",\"name\":\"Alcaldia Alberto Adriani\",\"description\":\"\",\"potentialAction\":[{\"@type\":\"SearchAction\",\"target\":{\"@type\":\"EntryPoint\",\"urlTemplate\":\"https:\/\/alcaldiaalbertoadriani.com\/?s={search_term_string}\"},\"query-input\":\"required name=search_term_string\"}],\"inLanguage\":\"es\"},{\"@type\":\"Person\",\"@id\":\"https:\/\/alcaldiaalbertoadriani.com\/#\/schema\/person\/549b4483ff8999ac780deeea78795fc9\",\"name\":\"Prensa\",\"image\":{\"@type\":\"ImageObject\",\"inLanguage\":\"es\",\"@id\":\"https:\/\/alcaldiaalbertoadriani.com\/#\/schema\/person\/image\/\",\"url\":\"https:\/\/secure.gravatar.com\/avatar\/ea1cb567ea992a29627f4eee1c2eb185ec16decec6342d508fdf18dedb56c9de?s=96&d=mm&r=g\",\"contentUrl\":\"https:\/\/secure.gravatar.com\/avatar\/ea1cb567ea992a29627f4eee1c2eb185ec16decec6342d508fdf18dedb56c9de?s=96&d=mm&r=g\",\"caption\":\"Prensa\"},\"url\":\"https:\/\/alcaldiaalbertoadriani.com\/?author=2\"}]}<\/script>\n<!-- \/ Yoast SEO plugin. -->","yoast_head_json":{"title":"Alcald\u00eda de El Vig\u00eda, gobernaci\u00f3n y ZODI, reparan v\u00eda alterna al puente de Onia - Alcaldia Alberto Adriani","description":"Alcald\u00eda de El Vig\u00eda, gobernaci\u00f3n y ZODI, reparan v\u00eda alterna al puente de Onia, as\u00ed lo inform\u00f3 el Gerente de los Servicios P\u00fablicos.","robots":{"index":"index","follow":"follow","max-snippet":"max-snippet:-1","max-image-preview":"max-image-preview:large","max-video-preview":"max-video-preview:-1"},"canonical":"https:\/\/alcaldiaalbertoadriani.com\/?p=2049","og_locale":"es_ES","og_type":"article","og_title":"Alcald\u00eda de El Vig\u00eda, gobernaci\u00f3n y ZODI, reparan v\u00eda alterna al puente de Onia - Alcaldia Alberto Adriani","og_description":"Alcald\u00eda de El Vig\u00eda, gobernaci\u00f3n y ZODI, reparan v\u00eda alterna al puente de Onia, as\u00ed lo inform\u00f3 el Gerente de los Servicios P\u00fablicos.","og_url":"https:\/\/alcaldiaalbertoadriani.com\/?p=2049","og_site_name":"Alcaldia Alberto Adriani","article_published_time":"2023-02-13T22:05:47+00:00","article_modified_time":"2023-02-13T22:05:52+00:00","og_image":[{"width":768,"height":1020,"url":"https:\/\/alcaldiaalbertoadriani.com\/wp-content\/uploads\/2023\/02\/WhatsApp-Image-2023-02-11-at-5.39.50-PM.jpg","type":"image\/jpeg"}],"author":"Prensa","twitter_card":"summary_large_image","twitter_misc":{"Escrito por":"Prensa","Tiempo de lectura":"3 minutos"},"schema":{"@context":"https:\/\/schema.org","@graph":[{"@type":"WebPage","@id":"https:\/\/alcaldiaalbertoadriani.com\/?p=2049","url":"https:\/\/alcaldiaalbertoadriani.com\/?p=2049","name":"Alcald\u00eda de El Vig\u00eda, gobernaci\u00f3n y ZODI, reparan v\u00eda alterna al puente de Onia - Alcaldia Alberto Adriani","isPartOf":{"@id":"https:\/\/alcaldiaalbertoadriani.com\/#website"},"datePublished":"2023-02-13T22:05:47+00:00","dateModified":"2023-02-13T22:05:52+00:00","author":{"@id":"https:\/\/alcaldiaalbertoadriani.com\/#\/schema\/person\/549b4483ff8999ac780deeea78795fc9"},"description":"Alcald\u00eda de El Vig\u00eda, gobernaci\u00f3n y ZODI, reparan v\u00eda alterna al puente de Onia, as\u00ed lo inform\u00f3 el Gerente de los Servicios P\u00fablicos.","breadcrumb":{"@id":"https:\/\/alcaldiaalbertoadriani.com\/?p=2049#breadcrumb"},"inLanguage":"es","potentialAction":[{"@type":"ReadAction","target":["https:\/\/alcaldiaalbertoadriani.com\/?p=2049"]}]},{"@type":"BreadcrumbList","@id":"https:\/\/alcaldiaalbertoadriani.com\/?p=2049#breadcrumb","itemListElement":[{"@type":"ListItem","position":1,"name":"Portada","item":"https:\/\/alcaldiaalbertoadriani.com\/"},{"@type":"ListItem","position":2,"name":"Alcald\u00eda de El Vig\u00eda, gobernaci\u00f3n y ZODI, reparan v\u00eda alterna al puente de Onia"}]},{"@type":"WebSite","@id":"https:\/\/alcaldiaalbertoadriani.com\/#website","url":"https:\/\/alcaldiaalbertoadriani.com\/","name":"Alcaldia Alberto Adriani","description":"","potentialAction":[{"@type":"SearchAction","target":{"@type":"EntryPoint","urlTemplate":"https:\/\/alcaldiaalbertoadriani.com\/?s={search_term_string}"},"query-input":"required name=search_term_string"}],"inLanguage":"es"},{"@type":"Person","@id":"https:\/\/alcaldiaalbertoadriani.com\/#\/schema\/person\/549b4483ff8999ac780deeea78795fc9","name":"Prensa","image":{"@type":"ImageObject","inLanguage":"es","@id":"https:\/\/alcaldiaalbertoadriani.com\/#\/schema\/person\/image\/","url":"https:\/\/secure.gravatar.com\/avatar\/ea1cb567ea992a29627f4eee1c2eb185ec16decec6342d508fdf18dedb56c9de?s=96&d=mm&r=g","contentUrl":"https:\/\/secure.gravatar.com\/avatar\/ea1cb567ea992a29627f4eee1c2eb185ec16decec6342d508fdf18dedb56c9de?s=96&d=mm&r=g","caption":"Prensa"},"url":"https:\/\/alcaldiaalbertoadriani.com\/?author=2"}]}},"_links":{"self":[{"href":"https:\/\/alcaldiaalbertoadriani.com\/index.php?rest_route=\/wp\/v2\/posts\/2049","targetHints":{"allow":["GET"]}}],"collection":[{"href":"https:\/\/alcaldiaalbertoadriani.com\/index.php?rest_route=\/wp\/v2\/posts"}],"about":[{"href":"https:\/\/alcaldiaalbertoadriani.com\/index.php?rest_route=\/wp\/v2\/types\/post"}],"author":[{"embeddable":true,"href":"https:\/\/alcaldiaalbertoadriani.com\/index.php?rest_route=\/wp\/v2\/users\/2"}],"replies":[{"embeddable":true,"href":"https:\/\/alcaldiaalbertoadriani.com\/index.php?rest_route=%2Fwp%2Fv2%2Fcomments&post=2049"}],"version-history":[{"count":1,"href":"https:\/\/alcaldiaalbertoadriani.com\/index.php?rest_route=\/wp\/v2\/posts\/2049\/revisions"}],"predecessor-version":[{"id":2055,"href":"https:\/\/alcaldiaalbertoadriani.com\/index.php?rest_route=\/wp\/v2\/posts\/2049\/revisions\/2055"}],"wp:featuredmedia":[{"embeddable":true,"href":"https:\/\/alcaldiaalbertoadriani.com\/index.php?rest_route=\/wp\/v2\/media\/2052"}],"wp:attachment":[{"href":"https:\/\/alcaldiaalbertoadriani.com\/index.php?rest_route=%2Fwp%2Fv2%2Fmedia&parent=2049"}],"wp:term":[{"taxonomy":"category","embeddable":true,"href":"https:\/\/alcaldiaalbertoadriani.com\/index.php?rest_route=%2Fwp%2Fv2%2Fcategories&post=2049"},{"taxonomy":"post_tag","embeddable":true,"href":"https:\/\/alcaldiaalbertoadriani.com\/index.php?rest_route=%2Fwp%2Fv2%2Ftags&post=2049"}],"curies":[{"name":"wp","href":"https:\/\/api.w.org\/{rel}","templated":true}]}}