{"id":2018,"date":"2023-02-10T02:01:01","date_gmt":"2023-02-10T02:01:01","guid":{"rendered":"https:\/\/alcaldiaalbertoadriani.com\/?p=2018"},"modified":"2023-02-10T02:01:07","modified_gmt":"2023-02-10T02:01:07","slug":"tragedia-onia-gestion-riesgo","status":"publish","type":"post","link":"https:\/\/alcaldiaalbertoadriani.com\/?p=2018","title":{"rendered":"Lisandro Segura atendi\u00f3 la tragedia natural de Onia junto a la Unidad de Gesti\u00f3n de Riesgo"},"content":{"rendered":"<div class=\"wp-block-post-excerpt\"><p class=\"wp-block-post-excerpt__excerpt\">Cabe recordar que adem\u00e1s de los fallecidos, varios veh\u00edculos quedaron atrapados en el puente y algunas viviendas quedaron totalmente afectadas, entre otras p\u00e9rdidas materiales <\/p><\/div>\n\n\n<p>Este mi\u00e9rcoles 08 de febrero en horas de la tarde, el <a href=\"https:\/\/www.facebook.com\/lisandro.segura.33\" target=\"_blank\" rel=\"noreferrer noopener\">alcalde Lisandro Segura<\/a> junto con funcionarios de la gerencia de <a href=\"https:\/\/alcaldiaalbertoadriani.com\/?p=1403\" target=\"_blank\" rel=\"noreferrer noopener\">Ingenier\u00eda y Planeamiento Urbano Local (Gipul)<\/a> y la <a href=\"https:\/\/alcaldiaalbertoadriani.com\/?p=1802\" target=\"_blank\" rel=\"noreferrer noopener\">Unidad de Gesti\u00f3n de Riesgo y Administraci\u00f3n de Desastres (Ugradmaa)<\/a> se trasladaron hasta Onia para atender de manera inmediata la tragedia natural, tras producirse el deslizamiento de masa el cual ocasion\u00f3 el desplome del puente de hierro ubicado en el lugar, dejando la v\u00eda obstruida y el lamentable saldo de dos personas fallecidas.<\/p>\n\n\n\n<p>Ante el lamentable escenario el burgomaestre destac\u00f3 que, al momento de lo ocurrido en Onia, funcionarios de la <a href=\"https:\/\/alcaldiaalbertoadriani.com\/?p=1786\" target=\"_blank\" rel=\"noreferrer noopener\">Unidad de Gesti\u00f3n de Riesgo<\/a> socio natural se trasladaron hasta el sitio de la tragedia para atender a los afectados de acuerdo con el protocolo correspondiente, \u201ccoincidiendo con funcionarios de Protecci\u00f3n Civil, Bomberos, Guardia Nacional, Polic\u00eda estatal y nacional, as\u00ed como representantes del Gobierno regional y nacional\u201d, precis\u00f3.<\/p>\n\n\n\n<figure class=\"wp-block-image size-large\"><img loading=\"lazy\" decoding=\"async\" width=\"1024\" height=\"653\" src=\"https:\/\/alcaldiaalbertoadriani.com\/wp-content\/uploads\/2023\/02\/WhatsApp-Image-2023-02-09-at-8.51.38-AM-1-1024x653.jpg\" alt=\"\" class=\"wp-image-2020\" srcset=\"https:\/\/alcaldiaalbertoadriani.com\/wp-content\/uploads\/2023\/02\/WhatsApp-Image-2023-02-09-at-8.51.38-AM-1-1024x653.jpg 1024w, https:\/\/alcaldiaalbertoadriani.com\/wp-content\/uploads\/2023\/02\/WhatsApp-Image-2023-02-09-at-8.51.38-AM-1-980x625.jpg 980w, https:\/\/alcaldiaalbertoadriani.com\/wp-content\/uploads\/2023\/02\/WhatsApp-Image-2023-02-09-at-8.51.38-AM-1-480x306.jpg 480w\" sizes=\"auto, (min-width: 0px) and (max-width: 480px) 480px, (min-width: 481px) and (max-width: 980px) 980px, (min-width: 981px) 1024px, 100vw\" \/><figcaption><em><strong>Foto: Alcalde Lisandro Segura junto con organismos de seguridad y prevenci\u00f3n.<\/strong><\/em><\/figcaption><\/figure>\n\n\n\n<h2 class=\"wp-block-heading\">Acciones de la Unidad de Gesti\u00f3n de Riesgo<\/h2>\n\n\n\n<p>Recalc\u00f3 el <a href=\"https:\/\/www.facebook.com\/lisandro.segura.33\" target=\"_blank\" rel=\"noreferrer noopener\">alcalde<\/a> que el accionar de la <a href=\"https:\/\/alcaldiaalbertoadriani.com\/?p=1403\" target=\"_blank\" rel=\"noreferrer noopener\">Unidad de Gesti\u00f3n de Riesgo<\/a> seg\u00fan el plan establecido, es primeramente \u201cla protecci\u00f3n de los ciudadanos que se encuentran en las zonas afectadas, asimismo, realizar las estad\u00edsticas de viviendas afectadas, familias, damnificados, adultos y ni\u00f1os afectados, entre otros\u201d.<\/p>\n\n\n\n<h2 class=\"wp-block-heading\">Sector El Bamb\u00fa afectado por la tragedia<\/h2>\n\n\n\n<p>Asimismo, funcionarios de la Ugradmaa visitaron el sector el Bamb\u00fa, ubicado en la parte alta muy cerca de la zona afectada, y de acuerdo con el procedimiento se recomend\u00f3 desalojar algunas viviendas para evitar nueva tragedia y evaluar las condiciones de habitabilidad.<\/p>\n\n\n\n<p>\u201cSeg\u00fan las im\u00e1genes tomadas por el dron este jueves 09 de febrero pudimos ver que el sector El Bamb\u00fa est\u00e1 en la zona de afectaci\u00f3n y definitivamente hay que pensar en la reubicaci\u00f3n de estas familias\u201d, indic\u00f3.<\/p>\n\n\n\n<h2 class=\"wp-block-heading\">No hay paso por Onia<\/h2>\n\n\n\n<p>Se\u00f1al\u00f3 el alcalde que este suceso deja completamente incomunicado la v\u00eda que conduce hacia las comunidades aleda\u00f1as a Brisas de Onia y la zona norte del estado T\u00e1chira.&nbsp;<\/p>\n\n\n\n<p>Al respecto dijo que, &#8220;la alternativa para comunicarse desde el T\u00e1chira hacia M\u00e9rida ser\u00eda por Zea-Tovar-La Victoria-Estanques, y hacia el T\u00e1chira la v\u00eda a Santa B\u00e1rbara del Zulia- Redoma del conuco \u2013 Orope \u2013 La Fr\u00eda o viceversa, por lo cual se invita a los que transitan por la zona tomar las previsiones del caso\u201d. <strong>Prensa Alcald\u00eda Alberto Adriani\/CNP: 11.843\/ Fotos: cortes\u00eda\/ Yorman Altamiranda.<\/strong><\/p>\n\n\n\n<figure class=\"wp-block-gallery has-nested-images columns-default is-cropped wp-block-gallery-1 is-layout-flex wp-block-gallery-is-layout-flex\">\n<figure class=\"wp-block-image size-large\"><img loading=\"lazy\" decoding=\"async\" width=\"1024\" height=\"576\" data-id=\"2028\" src=\"https:\/\/alcaldiaalbertoadriani.com\/wp-content\/uploads\/2023\/02\/DJI_0037-1024x576.jpg\" alt=\"\" class=\"wp-image-2028\" srcset=\"https:\/\/alcaldiaalbertoadriani.com\/wp-content\/uploads\/2023\/02\/DJI_0037-980x551.jpg 980w, https:\/\/alcaldiaalbertoadriani.com\/wp-content\/uploads\/2023\/02\/DJI_0037-480x270.jpg 480w\" sizes=\"auto, (min-width: 0px) and (max-width: 480px) 480px, (min-width: 481px) and (max-width: 980px) 980px, (min-width: 981px) 1024px, 100vw\" \/><\/figure>\n\n\n\n<figure class=\"wp-block-image size-large\"><img loading=\"lazy\" decoding=\"async\" width=\"1024\" height=\"576\" data-id=\"2029\" src=\"https:\/\/alcaldiaalbertoadriani.com\/wp-content\/uploads\/2023\/02\/DJI_0041-1024x576.jpg\" alt=\"\" class=\"wp-image-2029\" srcset=\"https:\/\/alcaldiaalbertoadriani.com\/wp-content\/uploads\/2023\/02\/DJI_0041-980x551.jpg 980w, https:\/\/alcaldiaalbertoadriani.com\/wp-content\/uploads\/2023\/02\/DJI_0041-480x270.jpg 480w\" sizes=\"auto, (min-width: 0px) and (max-width: 480px) 480px, (min-width: 481px) and (max-width: 980px) 980px, (min-width: 981px) 1024px, 100vw\" \/><\/figure>\n\n\n\n<figure class=\"wp-block-image size-large\"><img loading=\"lazy\" decoding=\"async\" width=\"1024\" height=\"768\" data-id=\"2027\" src=\"https:\/\/alcaldiaalbertoadriani.com\/wp-content\/uploads\/2023\/02\/IMG-20230208-WA0028-1024x768.jpg\" alt=\"\" class=\"wp-image-2027\" srcset=\"https:\/\/alcaldiaalbertoadriani.com\/wp-content\/uploads\/2023\/02\/IMG-20230208-WA0028-1024x768.jpg 1024w, https:\/\/alcaldiaalbertoadriani.com\/wp-content\/uploads\/2023\/02\/IMG-20230208-WA0028-980x735.jpg 980w, https:\/\/alcaldiaalbertoadriani.com\/wp-content\/uploads\/2023\/02\/IMG-20230208-WA0028-480x360.jpg 480w\" sizes=\"auto, (min-width: 0px) and (max-width: 480px) 480px, (min-width: 481px) and (max-width: 980px) 980px, (min-width: 981px) 1024px, 100vw\" \/><\/figure>\n\n\n\n<figure class=\"wp-block-image size-large\"><img loading=\"lazy\" decoding=\"async\" width=\"1024\" height=\"768\" data-id=\"2023\" src=\"https:\/\/alcaldiaalbertoadriani.com\/wp-content\/uploads\/2023\/02\/WhatsApp-Image-2023-02-08-at-9.26.28-PM-1024x768.jpg\" alt=\"\" class=\"wp-image-2023\" srcset=\"https:\/\/alcaldiaalbertoadriani.com\/wp-content\/uploads\/2023\/02\/WhatsApp-Image-2023-02-08-at-9.26.28-PM-1024x768.jpg 1024w, https:\/\/alcaldiaalbertoadriani.com\/wp-content\/uploads\/2023\/02\/WhatsApp-Image-2023-02-08-at-9.26.28-PM-980x735.jpg 980w, https:\/\/alcaldiaalbertoadriani.com\/wp-content\/uploads\/2023\/02\/WhatsApp-Image-2023-02-08-at-9.26.28-PM-480x360.jpg 480w\" sizes=\"auto, (min-width: 0px) and (max-width: 480px) 480px, (min-width: 481px) and (max-width: 980px) 980px, (min-width: 981px) 1024px, 100vw\" \/><\/figure>\n\n\n\n<figure class=\"wp-block-image size-large\"><img loading=\"lazy\" decoding=\"async\" width=\"1024\" height=\"768\" data-id=\"2025\" src=\"https:\/\/alcaldiaalbertoadriani.com\/wp-content\/uploads\/2023\/02\/WhatsApp-Image-2023-02-08-at-9.26.30-PM-1024x768.jpg\" alt=\"\" class=\"wp-image-2025\" srcset=\"https:\/\/alcaldiaalbertoadriani.com\/wp-content\/uploads\/2023\/02\/WhatsApp-Image-2023-02-08-at-9.26.30-PM-1024x768.jpg 1024w, https:\/\/alcaldiaalbertoadriani.com\/wp-content\/uploads\/2023\/02\/WhatsApp-Image-2023-02-08-at-9.26.30-PM-980x735.jpg 980w, https:\/\/alcaldiaalbertoadriani.com\/wp-content\/uploads\/2023\/02\/WhatsApp-Image-2023-02-08-at-9.26.30-PM-480x360.jpg 480w\" sizes=\"auto, (min-width: 0px) and (max-width: 480px) 480px, (min-width: 481px) and (max-width: 980px) 980px, (min-width: 981px) 1024px, 100vw\" \/><\/figure>\n\n\n\n<figure class=\"wp-block-image size-large\"><img loading=\"lazy\" decoding=\"async\" width=\"1024\" height=\"768\" data-id=\"2026\" src=\"https:\/\/alcaldiaalbertoadriani.com\/wp-content\/uploads\/2023\/02\/WhatsApp-Image-2023-02-08-at-9.26.34-PM-1024x768.jpg\" alt=\"\" class=\"wp-image-2026\" srcset=\"https:\/\/alcaldiaalbertoadriani.com\/wp-content\/uploads\/2023\/02\/WhatsApp-Image-2023-02-08-at-9.26.34-PM-1024x768.jpg 1024w, https:\/\/alcaldiaalbertoadriani.com\/wp-content\/uploads\/2023\/02\/WhatsApp-Image-2023-02-08-at-9.26.34-PM-980x735.jpg 980w, https:\/\/alcaldiaalbertoadriani.com\/wp-content\/uploads\/2023\/02\/WhatsApp-Image-2023-02-08-at-9.26.34-PM-480x360.jpg 480w\" sizes=\"auto, (min-width: 0px) and (max-width: 480px) 480px, (min-width: 481px) and (max-width: 980px) 980px, (min-width: 981px) 1024px, 100vw\" \/><\/figure>\n\n\n\n<figure class=\"wp-block-image size-large\"><img loading=\"lazy\" decoding=\"async\" width=\"1024\" height=\"612\" data-id=\"2022\" src=\"https:\/\/alcaldiaalbertoadriani.com\/wp-content\/uploads\/2023\/02\/WhatsApp-Image-2023-02-09-at-8.51.38-AM-1024x612.jpg\" alt=\"\" class=\"wp-image-2022\" srcset=\"https:\/\/alcaldiaalbertoadriani.com\/wp-content\/uploads\/2023\/02\/WhatsApp-Image-2023-02-09-at-8.51.38-AM-1024x612.jpg 1024w, https:\/\/alcaldiaalbertoadriani.com\/wp-content\/uploads\/2023\/02\/WhatsApp-Image-2023-02-09-at-8.51.38-AM-980x585.jpg 980w, https:\/\/alcaldiaalbertoadriani.com\/wp-content\/uploads\/2023\/02\/WhatsApp-Image-2023-02-09-at-8.51.38-AM-480x287.jpg 480w\" sizes=\"auto, (min-width: 0px) and (max-width: 480px) 480px, (min-width: 481px) and (max-width: 980px) 980px, (min-width: 981px) 1024px, 100vw\" \/><\/figure>\n\n\n\n<figure class=\"wp-block-image size-large\"><img loading=\"lazy\" decoding=\"async\" width=\"1024\" height=\"608\" data-id=\"2021\" src=\"https:\/\/alcaldiaalbertoadriani.com\/wp-content\/uploads\/2023\/02\/WhatsApp-Image-2023-02-09-at-8.51.39-AM-1-1024x608.jpg\" alt=\"\" class=\"wp-image-2021\" srcset=\"https:\/\/alcaldiaalbertoadriani.com\/wp-content\/uploads\/2023\/02\/WhatsApp-Image-2023-02-09-at-8.51.39-AM-1-1024x608.jpg 1024w, https:\/\/alcaldiaalbertoadriani.com\/wp-content\/uploads\/2023\/02\/WhatsApp-Image-2023-02-09-at-8.51.39-AM-1-980x582.jpg 980w, https:\/\/alcaldiaalbertoadriani.com\/wp-content\/uploads\/2023\/02\/WhatsApp-Image-2023-02-09-at-8.51.39-AM-1-480x285.jpg 480w\" sizes=\"auto, (min-width: 0px) and (max-width: 480px) 480px, (min-width: 481px) and (max-width: 980px) 980px, (min-width: 981px) 1024px, 100vw\" \/><\/figure>\n\n\n\n<figure class=\"wp-block-image size-large\"><img loading=\"lazy\" decoding=\"async\" width=\"1024\" height=\"818\" data-id=\"2024\" src=\"https:\/\/alcaldiaalbertoadriani.com\/wp-content\/uploads\/2023\/02\/WhatsApp-Image-2023-02-09-at-8.51.39-AM-2-1024x818.jpg\" alt=\"\" class=\"wp-image-2024\" srcset=\"https:\/\/alcaldiaalbertoadriani.com\/wp-content\/uploads\/2023\/02\/WhatsApp-Image-2023-02-09-at-8.51.39-AM-2-1024x818.jpg 1024w, https:\/\/alcaldiaalbertoadriani.com\/wp-content\/uploads\/2023\/02\/WhatsApp-Image-2023-02-09-at-8.51.39-AM-2-980x783.jpg 980w, https:\/\/alcaldiaalbertoadriani.com\/wp-content\/uploads\/2023\/02\/WhatsApp-Image-2023-02-09-at-8.51.39-AM-2-480x384.jpg 480w\" sizes=\"auto, (min-width: 0px) and (max-width: 480px) 480px, (min-width: 481px) and (max-width: 980px) 980px, (min-width: 981px) 1024px, 100vw\" \/><\/figure>\n<\/figure>\n","protected":false},"excerpt":{"rendered":"<p><em><strong>Cabe recordar que adem\u00e1s de los fallecidos, varios veh\u00edculos quedaron atrapados en el puente y algunas viviendas quedaron totalmente afectadas, entre otras p\u00e9rdidas materiales<\/strong><\/em><\/p>\n","protected":false},"author":2,"featured_media":2019,"comment_status":"closed","ping_status":"closed","sticky":false,"template":"","format":"standard","meta":{"_et_pb_use_builder":"off","_et_pb_old_content":"","_et_gb_content_width":"","footnotes":""},"categories":[341,197,25,24,311],"tags":[31,11,12,15,30,29,28,347],"class_list":["post-2018","post","type-post","status-publish","format-standard","has-post-thumbnail","hentry","category-alcaldia-alberto-adriani","category-gipul","category-nuestro-municipio","category-recuperacion-de-espacios","category-ugradmaa","tag-alcalde","tag-alcaldia","tag-alcaldiaalbertoadriani","tag-elvigia","tag-lisandrosegura","tag-municipioquenosmerecemos","tag-porelrenacer","tag-tragedia-onia-gestion-riesgo"],"yoast_head":"<!-- This site is optimized with the Yoast SEO plugin v19.13 - https:\/\/yoast.com\/wordpress\/plugins\/seo\/ -->\n<title>Lisandro Segura atendi\u00f3 la tragedia natural de Onia junto a la Unidad de Gesti\u00f3n de Riesgo - Alcaldia Alberto Adriani<\/title>\n<meta name=\"description\" content=\"Alcalde Lisandro Segura junto con funcionarios de la Unidad de Gesti\u00f3n de Riesgo atendi\u00f3 la tragedia natural ocurrida en el sector Onia.\" \/>\n<meta name=\"robots\" content=\"index, follow, max-snippet:-1, max-image-preview:large, max-video-preview:-1\" \/>\n<link rel=\"canonical\" href=\"https:\/\/alcaldiaalbertoadriani.com\/?p=2018\" \/>\n<meta property=\"og:locale\" content=\"es_ES\" \/>\n<meta property=\"og:type\" content=\"article\" \/>\n<meta property=\"og:title\" content=\"Lisandro Segura atendi\u00f3 la tragedia natural de Onia junto a la Unidad de Gesti\u00f3n de Riesgo - Alcaldia Alberto Adriani\" \/>\n<meta property=\"og:description\" content=\"Alcalde Lisandro Segura junto con funcionarios de la Unidad de Gesti\u00f3n de Riesgo atendi\u00f3 la tragedia natural ocurrida en el sector Onia.\" \/>\n<meta property=\"og:url\" content=\"https:\/\/alcaldiaalbertoadriani.com\/?p=2018\" \/>\n<meta property=\"og:site_name\" content=\"Alcaldia Alberto Adriani\" \/>\n<meta property=\"article:published_time\" content=\"2023-02-10T02:01:01+00:00\" \/>\n<meta property=\"article:modified_time\" content=\"2023-02-10T02:01:07+00:00\" \/>\n<meta property=\"og:image\" content=\"https:\/\/alcaldiaalbertoadriani.com\/wp-content\/uploads\/2023\/02\/DJI_0040-scaled.jpg\" \/>\n\t<meta property=\"og:image:width\" content=\"2560\" \/>\n\t<meta property=\"og:image:height\" content=\"1440\" \/>\n\t<meta property=\"og:image:type\" content=\"image\/jpeg\" \/>\n<meta name=\"author\" content=\"Prensa\" \/>\n<meta name=\"twitter:card\" content=\"summary_large_image\" \/>\n<meta name=\"twitter:label1\" content=\"Escrito por\" \/>\n\t<meta name=\"twitter:data1\" content=\"Prensa\" \/>\n\t<meta name=\"twitter:label2\" content=\"Tiempo de lectura\" \/>\n\t<meta name=\"twitter:data2\" content=\"4 minutos\" \/>\n<script type=\"application\/ld+json\" class=\"yoast-schema-graph\">{\"@context\":\"https:\/\/schema.org\",\"@graph\":[{\"@type\":\"WebPage\",\"@id\":\"https:\/\/alcaldiaalbertoadriani.com\/?p=2018\",\"url\":\"https:\/\/alcaldiaalbertoadriani.com\/?p=2018\",\"name\":\"Lisandro Segura atendi\u00f3 la tragedia natural de Onia junto a la Unidad de Gesti\u00f3n de Riesgo - Alcaldia Alberto Adriani\",\"isPartOf\":{\"@id\":\"https:\/\/alcaldiaalbertoadriani.com\/#website\"},\"datePublished\":\"2023-02-10T02:01:01+00:00\",\"dateModified\":\"2023-02-10T02:01:07+00:00\",\"author\":{\"@id\":\"https:\/\/alcaldiaalbertoadriani.com\/#\/schema\/person\/549b4483ff8999ac780deeea78795fc9\"},\"description\":\"Alcalde Lisandro Segura junto con funcionarios de la Unidad de Gesti\u00f3n de Riesgo atendi\u00f3 la tragedia natural ocurrida en el sector Onia.\",\"breadcrumb\":{\"@id\":\"https:\/\/alcaldiaalbertoadriani.com\/?p=2018#breadcrumb\"},\"inLanguage\":\"es\",\"potentialAction\":[{\"@type\":\"ReadAction\",\"target\":[\"https:\/\/alcaldiaalbertoadriani.com\/?p=2018\"]}]},{\"@type\":\"BreadcrumbList\",\"@id\":\"https:\/\/alcaldiaalbertoadriani.com\/?p=2018#breadcrumb\",\"itemListElement\":[{\"@type\":\"ListItem\",\"position\":1,\"name\":\"Portada\",\"item\":\"https:\/\/alcaldiaalbertoadriani.com\/\"},{\"@type\":\"ListItem\",\"position\":2,\"name\":\"Lisandro Segura atendi\u00f3 la tragedia natural de Onia junto a la Unidad de Gesti\u00f3n de Riesgo\"}]},{\"@type\":\"WebSite\",\"@id\":\"https:\/\/alcaldiaalbertoadriani.com\/#website\",\"url\":\"https:\/\/alcaldiaalbertoadriani.com\/\",\"name\":\"Alcaldia Alberto Adriani\",\"description\":\"\",\"potentialAction\":[{\"@type\":\"SearchAction\",\"target\":{\"@type\":\"EntryPoint\",\"urlTemplate\":\"https:\/\/alcaldiaalbertoadriani.com\/?s={search_term_string}\"},\"query-input\":\"required name=search_term_string\"}],\"inLanguage\":\"es\"},{\"@type\":\"Person\",\"@id\":\"https:\/\/alcaldiaalbertoadriani.com\/#\/schema\/person\/549b4483ff8999ac780deeea78795fc9\",\"name\":\"Prensa\",\"image\":{\"@type\":\"ImageObject\",\"inLanguage\":\"es\",\"@id\":\"https:\/\/alcaldiaalbertoadriani.com\/#\/schema\/person\/image\/\",\"url\":\"https:\/\/secure.gravatar.com\/avatar\/ea1cb567ea992a29627f4eee1c2eb185ec16decec6342d508fdf18dedb56c9de?s=96&d=mm&r=g\",\"contentUrl\":\"https:\/\/secure.gravatar.com\/avatar\/ea1cb567ea992a29627f4eee1c2eb185ec16decec6342d508fdf18dedb56c9de?s=96&d=mm&r=g\",\"caption\":\"Prensa\"},\"url\":\"https:\/\/alcaldiaalbertoadriani.com\/?author=2\"}]}<\/script>\n<!-- \/ Yoast SEO plugin. -->","yoast_head_json":{"title":"Lisandro Segura atendi\u00f3 la tragedia natural de Onia junto a la Unidad de Gesti\u00f3n de Riesgo - Alcaldia Alberto Adriani","description":"Alcalde Lisandro Segura junto con funcionarios de la Unidad de Gesti\u00f3n de Riesgo atendi\u00f3 la tragedia natural ocurrida en el sector Onia.","robots":{"index":"index","follow":"follow","max-snippet":"max-snippet:-1","max-image-preview":"max-image-preview:large","max-video-preview":"max-video-preview:-1"},"canonical":"https:\/\/alcaldiaalbertoadriani.com\/?p=2018","og_locale":"es_ES","og_type":"article","og_title":"Lisandro Segura atendi\u00f3 la tragedia natural de Onia junto a la Unidad de Gesti\u00f3n de Riesgo - Alcaldia Alberto Adriani","og_description":"Alcalde Lisandro Segura junto con funcionarios de la Unidad de Gesti\u00f3n de Riesgo atendi\u00f3 la tragedia natural ocurrida en el sector Onia.","og_url":"https:\/\/alcaldiaalbertoadriani.com\/?p=2018","og_site_name":"Alcaldia Alberto Adriani","article_published_time":"2023-02-10T02:01:01+00:00","article_modified_time":"2023-02-10T02:01:07+00:00","og_image":[{"width":2560,"height":1440,"url":"https:\/\/alcaldiaalbertoadriani.com\/wp-content\/uploads\/2023\/02\/DJI_0040-scaled.jpg","type":"image\/jpeg"}],"author":"Prensa","twitter_card":"summary_large_image","twitter_misc":{"Escrito por":"Prensa","Tiempo de lectura":"4 minutos"},"schema":{"@context":"https:\/\/schema.org","@graph":[{"@type":"WebPage","@id":"https:\/\/alcaldiaalbertoadriani.com\/?p=2018","url":"https:\/\/alcaldiaalbertoadriani.com\/?p=2018","name":"Lisandro Segura atendi\u00f3 la tragedia natural de Onia junto a la Unidad de Gesti\u00f3n de Riesgo - Alcaldia Alberto Adriani","isPartOf":{"@id":"https:\/\/alcaldiaalbertoadriani.com\/#website"},"datePublished":"2023-02-10T02:01:01+00:00","dateModified":"2023-02-10T02:01:07+00:00","author":{"@id":"https:\/\/alcaldiaalbertoadriani.com\/#\/schema\/person\/549b4483ff8999ac780deeea78795fc9"},"description":"Alcalde Lisandro Segura junto con funcionarios de la Unidad de Gesti\u00f3n de Riesgo atendi\u00f3 la tragedia natural ocurrida en el sector Onia.","breadcrumb":{"@id":"https:\/\/alcaldiaalbertoadriani.com\/?p=2018#breadcrumb"},"inLanguage":"es","potentialAction":[{"@type":"ReadAction","target":["https:\/\/alcaldiaalbertoadriani.com\/?p=2018"]}]},{"@type":"BreadcrumbList","@id":"https:\/\/alcaldiaalbertoadriani.com\/?p=2018#breadcrumb","itemListElement":[{"@type":"ListItem","position":1,"name":"Portada","item":"https:\/\/alcaldiaalbertoadriani.com\/"},{"@type":"ListItem","position":2,"name":"Lisandro Segura atendi\u00f3 la tragedia natural de Onia junto a la Unidad de Gesti\u00f3n de Riesgo"}]},{"@type":"WebSite","@id":"https:\/\/alcaldiaalbertoadriani.com\/#website","url":"https:\/\/alcaldiaalbertoadriani.com\/","name":"Alcaldia Alberto Adriani","description":"","potentialAction":[{"@type":"SearchAction","target":{"@type":"EntryPoint","urlTemplate":"https:\/\/alcaldiaalbertoadriani.com\/?s={search_term_string}"},"query-input":"required name=search_term_string"}],"inLanguage":"es"},{"@type":"Person","@id":"https:\/\/alcaldiaalbertoadriani.com\/#\/schema\/person\/549b4483ff8999ac780deeea78795fc9","name":"Prensa","image":{"@type":"ImageObject","inLanguage":"es","@id":"https:\/\/alcaldiaalbertoadriani.com\/#\/schema\/person\/image\/","url":"https:\/\/secure.gravatar.com\/avatar\/ea1cb567ea992a29627f4eee1c2eb185ec16decec6342d508fdf18dedb56c9de?s=96&d=mm&r=g","contentUrl":"https:\/\/secure.gravatar.com\/avatar\/ea1cb567ea992a29627f4eee1c2eb185ec16decec6342d508fdf18dedb56c9de?s=96&d=mm&r=g","caption":"Prensa"},"url":"https:\/\/alcaldiaalbertoadriani.com\/?author=2"}]}},"_links":{"self":[{"href":"https:\/\/alcaldiaalbertoadriani.com\/index.php?rest_route=\/wp\/v2\/posts\/2018","targetHints":{"allow":["GET"]}}],"collection":[{"href":"https:\/\/alcaldiaalbertoadriani.com\/index.php?rest_route=\/wp\/v2\/posts"}],"about":[{"href":"https:\/\/alcaldiaalbertoadriani.com\/index.php?rest_route=\/wp\/v2\/types\/post"}],"author":[{"embeddable":true,"href":"https:\/\/alcaldiaalbertoadriani.com\/index.php?rest_route=\/wp\/v2\/users\/2"}],"replies":[{"embeddable":true,"href":"https:\/\/alcaldiaalbertoadriani.com\/index.php?rest_route=%2Fwp%2Fv2%2Fcomments&post=2018"}],"version-history":[{"count":2,"href":"https:\/\/alcaldiaalbertoadriani.com\/index.php?rest_route=\/wp\/v2\/posts\/2018\/revisions"}],"predecessor-version":[{"id":2032,"href":"https:\/\/alcaldiaalbertoadriani.com\/index.php?rest_route=\/wp\/v2\/posts\/2018\/revisions\/2032"}],"wp:featuredmedia":[{"embeddable":true,"href":"https:\/\/alcaldiaalbertoadriani.com\/index.php?rest_route=\/wp\/v2\/media\/2019"}],"wp:attachment":[{"href":"https:\/\/alcaldiaalbertoadriani.com\/index.php?rest_route=%2Fwp%2Fv2%2Fmedia&parent=2018"}],"wp:term":[{"taxonomy":"category","embeddable":true,"href":"https:\/\/alcaldiaalbertoadriani.com\/index.php?rest_route=%2Fwp%2Fv2%2Fcategories&post=2018"},{"taxonomy":"post_tag","embeddable":true,"href":"https:\/\/alcaldiaalbertoadriani.com\/index.php?rest_route=%2Fwp%2Fv2%2Ftags&post=2018"}],"curies":[{"name":"wp","href":"https:\/\/api.w.org\/{rel}","templated":true}]}}