{"id":1942,"date":"2023-01-30T17:16:27","date_gmt":"2023-01-30T17:16:27","guid":{"rendered":"https:\/\/alcaldiaalbertoadriani.com\/?p=1942"},"modified":"2023-01-30T17:16:37","modified_gmt":"2023-01-30T17:16:37","slug":"eleccion-coronacion-reina","status":"publish","type":"post","link":"https:\/\/alcaldiaalbertoadriani.com\/?p=1942","title":{"rendered":"Con \u00e9xito se efectu\u00f3 elecci\u00f3n y coronaci\u00f3n de la Reina del 23 de Enero"},"content":{"rendered":"<div class=\"wp-block-post-excerpt\"><p class=\"wp-block-post-excerpt__excerpt\">En el evento se realiz\u00f3 un parrand\u00f3n con motivo al 61 aniversario de fundada la comunidad 23 de Enero, parroquia R\u00f3mulo Gallegos del municipio Alberto Adriani <\/p><\/div>\n\n\n<p>Con \u00e9xito se realiz\u00f3 la <a href=\"https:\/\/alcaldiaalbertoadriani.com\/?p=306\" target=\"_blank\" rel=\"noreferrer noopener\">elecci\u00f3n y coronaci\u00f3n de la reina<\/a> del sector 23 de Enero, evento organizado entre la <a href=\"https:\/\/www.facebook.com\/alcaldiaaa\" target=\"_blank\" rel=\"noreferrer noopener\">Alcald\u00eda Alberto Adriani<\/a> y la comunidad y que estuvo enmarcado en el 61 aniversario del sector, el cual se ubica en la parroquia R\u00f3mulo Gallegos de esta jurisdicci\u00f3n.<\/p>\n\n\n\n<h2 class=\"wp-block-heading\">Elecci\u00f3n y coronaci\u00f3n de la reina del sector 23 de Enero<\/h2>\n\n\n\n<p>La actividad fue organizada por trabajadores de la gerencia de Promoci\u00f3n Institucional e <a href=\"https:\/\/alcaldiaalbertoadriani.com\/?p=1886\" target=\"_blank\" rel=\"noreferrer noopener\">Instituto Aut\u00f3nomo Municipal de la Cultura (Iamcaa)<\/a>, junto con los habitantes de la populosa barriada.<\/p>\n\n\n\n<figure class=\"wp-block-image size-large\"><img loading=\"lazy\" decoding=\"async\" width=\"1024\" height=\"661\" src=\"https:\/\/alcaldiaalbertoadriani.com\/wp-content\/uploads\/2023\/01\/photo_2023-01-30_11-58-35-2-1024x661.jpg\" alt=\"\" class=\"wp-image-1944\" srcset=\"https:\/\/alcaldiaalbertoadriani.com\/wp-content\/uploads\/2023\/01\/photo_2023-01-30_11-58-35-2-1024x661.jpg 1024w, https:\/\/alcaldiaalbertoadriani.com\/wp-content\/uploads\/2023\/01\/photo_2023-01-30_11-58-35-2-980x632.jpg 980w, https:\/\/alcaldiaalbertoadriani.com\/wp-content\/uploads\/2023\/01\/photo_2023-01-30_11-58-35-2-480x310.jpg 480w\" sizes=\"auto, (min-width: 0px) and (max-width: 480px) 480px, (min-width: 481px) and (max-width: 980px) 980px, (min-width: 981px) 1024px, 100vw\" \/><\/figure>\n\n\n\n<!--more-->\n\n\n\n<h2 class=\"wp-block-heading\">Participantes y ganadoras<\/h2>\n\n\n\n<p>Asimismo, en la coronaci\u00f3n participaron las j\u00f3venes Roselys Uzc\u00e1tegui, representante del sector 23 de Enero parte alta; Jaimari Cardozo, por la calle principal y Mar\u00eda Jos\u00e9 Molina, quien represent\u00f3 al sector 24 de Junio.<\/p>\n\n\n\n<p>Entretanto, Jaimari Cardozo, se convirti\u00f3 en la reina del 61 aniversario del sector 23 de Enero; Roselys Uzc\u00e1tegui, reina del Deporte y Mar\u00eda Jos\u00e9 D\u00edaz, reina de la Cultura.<\/p>\n\n\n\n<h2 class=\"wp-block-heading\">Jurado Calificador<\/h2>\n\n\n\n<p>En cuanto al jurado calificador, estuvo compuesto por Glorielva Jim\u00e9nez, reina de Ferivig\u00eda 2014; Karelis Prieto, reina de FeriVig\u00eda 2022 y Miss del a\u00f1o del estado M\u00e9rida; Ileiner Zerpa, se\u00f1orita Comercio e Industria Asodegaa 2022; Emmy Carrero, Miss Intercontinental Venezuela 2022 y Robert Gandica, empresario representante de la Agencia Sport, Publicidad y Marketing.<\/p>\n\n\n\n<p>Mientras que Emilio Guerrero y Gerardo Mora, habitantes del 23 de Enero, tambi\u00e9n ayudaron en la organizaci\u00f3n del evento de la comunidad aniversario.<\/p>\n\n\n\n<p>Vale destacar que la actividad estuvo acompa\u00f1ada de un parrand\u00f3n con g\u00e9neros musicales culturales, urbanos, campesinas y rom\u00e1nticos, a cargo de los trabajadores del Iamcaa. <strong>Prensa Alcald\u00eda Alberto Adriani\/Edgar Mendoza CNP: 25.736\/Fotos: Danny Ruiz y Angelica Varela.<\/strong><\/p>\n\n\n\n<figure class=\"wp-block-gallery has-nested-images columns-default is-cropped wp-block-gallery-1 is-layout-flex wp-block-gallery-is-layout-flex\">\n<figure class=\"wp-block-image size-large\"><img loading=\"lazy\" decoding=\"async\" width=\"836\" height=\"1024\" data-id=\"1948\" src=\"https:\/\/alcaldiaalbertoadriani.com\/wp-content\/uploads\/2023\/01\/photo_2023-01-30_11-58-33-2-836x1024.jpg\" alt=\"\" class=\"wp-image-1948\" srcset=\"https:\/\/alcaldiaalbertoadriani.com\/wp-content\/uploads\/2023\/01\/photo_2023-01-30_11-58-33-2-836x1024.jpg 836w, https:\/\/alcaldiaalbertoadriani.com\/wp-content\/uploads\/2023\/01\/photo_2023-01-30_11-58-33-2-480x588.jpg 480w\" sizes=\"auto, (min-width: 0px) and (max-width: 480px) 480px, (min-width: 481px) 836px, 100vw\" \/><\/figure>\n\n\n\n<figure class=\"wp-block-image size-large\"><img loading=\"lazy\" decoding=\"async\" width=\"768\" height=\"1024\" data-id=\"1945\" src=\"https:\/\/alcaldiaalbertoadriani.com\/wp-content\/uploads\/2023\/01\/photo_2023-01-30_11-58-33-768x1024.jpg\" alt=\"\" class=\"wp-image-1945\" srcset=\"https:\/\/alcaldiaalbertoadriani.com\/wp-content\/uploads\/2023\/01\/photo_2023-01-30_11-58-33-768x1024.jpg 768w, https:\/\/alcaldiaalbertoadriani.com\/wp-content\/uploads\/2023\/01\/photo_2023-01-30_11-58-33-480x640.jpg 480w\" sizes=\"auto, (min-width: 0px) and (max-width: 480px) 480px, (min-width: 481px) 768px, 100vw\" \/><\/figure>\n\n\n\n<figure class=\"wp-block-image size-large\"><img loading=\"lazy\" decoding=\"async\" width=\"1024\" height=\"768\" data-id=\"1950\" src=\"https:\/\/alcaldiaalbertoadriani.com\/wp-content\/uploads\/2023\/01\/photo_2023-01-30_11-58-34-1024x768.jpg\" alt=\"\" class=\"wp-image-1950\" srcset=\"https:\/\/alcaldiaalbertoadriani.com\/wp-content\/uploads\/2023\/01\/photo_2023-01-30_11-58-34-1024x768.jpg 1024w, https:\/\/alcaldiaalbertoadriani.com\/wp-content\/uploads\/2023\/01\/photo_2023-01-30_11-58-34-980x735.jpg 980w, https:\/\/alcaldiaalbertoadriani.com\/wp-content\/uploads\/2023\/01\/photo_2023-01-30_11-58-34-480x360.jpg 480w\" sizes=\"auto, (min-width: 0px) and (max-width: 480px) 480px, (min-width: 481px) and (max-width: 980px) 980px, (min-width: 981px) 1024px, 100vw\" \/><\/figure>\n\n\n\n<figure class=\"wp-block-image size-large\"><img loading=\"lazy\" decoding=\"async\" width=\"1024\" height=\"685\" data-id=\"1946\" src=\"https:\/\/alcaldiaalbertoadriani.com\/wp-content\/uploads\/2023\/01\/photo_2023-01-30_11-58-35-1024x685.jpg\" alt=\"\" class=\"wp-image-1946\" srcset=\"https:\/\/alcaldiaalbertoadriani.com\/wp-content\/uploads\/2023\/01\/photo_2023-01-30_11-58-35-1024x685.jpg 1024w, https:\/\/alcaldiaalbertoadriani.com\/wp-content\/uploads\/2023\/01\/photo_2023-01-30_11-58-35-980x655.jpg 980w, https:\/\/alcaldiaalbertoadriani.com\/wp-content\/uploads\/2023\/01\/photo_2023-01-30_11-58-35-480x321.jpg 480w\" sizes=\"auto, (min-width: 0px) and (max-width: 480px) 480px, (min-width: 481px) and (max-width: 980px) 980px, (min-width: 981px) 1024px, 100vw\" \/><\/figure>\n\n\n\n<figure class=\"wp-block-image size-large\"><img loading=\"lazy\" decoding=\"async\" width=\"842\" height=\"1024\" data-id=\"1947\" src=\"https:\/\/alcaldiaalbertoadriani.com\/wp-content\/uploads\/2023\/01\/photo_2023-01-30_11-58-36-842x1024.jpg\" alt=\"\" class=\"wp-image-1947\" srcset=\"https:\/\/alcaldiaalbertoadriani.com\/wp-content\/uploads\/2023\/01\/photo_2023-01-30_11-58-36-842x1024.jpg 842w, https:\/\/alcaldiaalbertoadriani.com\/wp-content\/uploads\/2023\/01\/photo_2023-01-30_11-58-36-480x584.jpg 480w\" sizes=\"auto, (min-width: 0px) and (max-width: 480px) 480px, (min-width: 481px) 842px, 100vw\" \/><\/figure>\n\n\n\n<figure class=\"wp-block-image size-large\"><img loading=\"lazy\" decoding=\"async\" width=\"832\" height=\"1024\" data-id=\"1951\" src=\"https:\/\/alcaldiaalbertoadriani.com\/wp-content\/uploads\/2023\/01\/photo_2023-01-30_11-58-37-832x1024.jpg\" alt=\"\" class=\"wp-image-1951\" srcset=\"https:\/\/alcaldiaalbertoadriani.com\/wp-content\/uploads\/2023\/01\/photo_2023-01-30_11-58-37-832x1024.jpg 832w, https:\/\/alcaldiaalbertoadriani.com\/wp-content\/uploads\/2023\/01\/photo_2023-01-30_11-58-37-480x590.jpg 480w\" sizes=\"auto, (min-width: 0px) and (max-width: 480px) 480px, (min-width: 481px) 832px, 100vw\" \/><\/figure>\n\n\n\n<figure class=\"wp-block-image size-large\"><img loading=\"lazy\" decoding=\"async\" width=\"768\" height=\"1024\" data-id=\"1949\" src=\"https:\/\/alcaldiaalbertoadriani.com\/wp-content\/uploads\/2023\/01\/photo_2023-01-30_11-58-38-768x1024.jpg\" alt=\"\" class=\"wp-image-1949\" srcset=\"https:\/\/alcaldiaalbertoadriani.com\/wp-content\/uploads\/2023\/01\/photo_2023-01-30_11-58-38-768x1024.jpg 768w, https:\/\/alcaldiaalbertoadriani.com\/wp-content\/uploads\/2023\/01\/photo_2023-01-30_11-58-38-480x640.jpg 480w\" sizes=\"auto, (min-width: 0px) and (max-width: 480px) 480px, (min-width: 481px) 768px, 100vw\" \/><\/figure>\n<\/figure>\n","protected":false},"excerpt":{"rendered":"<p><em><strong>En el evento se realiz\u00f3 un parrand\u00f3n con motivo al 61 aniversario de fundada la comunidad 23 de Enero, parroquia R\u00f3mulo Gallegos del municipio Alberto Adriani<\/strong><\/em><\/p>\n","protected":false},"author":2,"featured_media":1943,"comment_status":"closed","ping_status":"closed","sticky":false,"template":"","format":"standard","meta":{"_et_pb_use_builder":"off","_et_pb_old_content":"","_et_gb_content_width":"","footnotes":""},"categories":[39,78,25],"tags":[31,11,12,15,30,29,28,336],"class_list":["post-1942","post","type-post","status-publish","format-standard","has-post-thumbnail","hentry","category-actividades-sociales","category-cultura","category-nuestro-municipio","tag-alcalde","tag-alcaldia","tag-alcaldiaalbertoadriani","tag-elvigia","tag-lisandrosegura","tag-municipioquenosmerecemos","tag-porelrenacer","tag-eleccion-coronacion-reina"],"yoast_head":"<!-- This site is optimized with the Yoast SEO plugin v19.13 - https:\/\/yoast.com\/wordpress\/plugins\/seo\/ -->\n<title>Con \u00e9xito se efectu\u00f3 elecci\u00f3n y coronaci\u00f3n de la Reina del 23 de Enero - Alcaldia Alberto Adriani<\/title>\n<meta name=\"description\" content=\"Realizada la elecci\u00f3n y coronaci\u00f3n de la reina del sector 23 de Enero, evento organizado entre la Alcald\u00eda vig\u00edense y la comunidad.\" \/>\n<meta name=\"robots\" content=\"index, follow, max-snippet:-1, max-image-preview:large, max-video-preview:-1\" \/>\n<link rel=\"canonical\" href=\"https:\/\/alcaldiaalbertoadriani.com\/?p=1942\" \/>\n<meta property=\"og:locale\" content=\"es_ES\" \/>\n<meta property=\"og:type\" content=\"article\" \/>\n<meta property=\"og:title\" content=\"Con \u00e9xito se efectu\u00f3 elecci\u00f3n y coronaci\u00f3n de la Reina del 23 de Enero - Alcaldia Alberto Adriani\" \/>\n<meta property=\"og:description\" content=\"Realizada la elecci\u00f3n y coronaci\u00f3n de la reina del sector 23 de Enero, evento organizado entre la Alcald\u00eda vig\u00edense y la comunidad.\" \/>\n<meta property=\"og:url\" content=\"https:\/\/alcaldiaalbertoadriani.com\/?p=1942\" \/>\n<meta property=\"og:site_name\" content=\"Alcaldia Alberto Adriani\" \/>\n<meta property=\"article:published_time\" content=\"2023-01-30T17:16:27+00:00\" \/>\n<meta property=\"article:modified_time\" content=\"2023-01-30T17:16:37+00:00\" \/>\n<meta property=\"og:image\" content=\"https:\/\/alcaldiaalbertoadriani.com\/wp-content\/uploads\/2023\/01\/photo_2023-01-30_11-58-32.jpg\" \/>\n\t<meta property=\"og:image:width\" content=\"1080\" \/>\n\t<meta property=\"og:image:height\" content=\"719\" \/>\n\t<meta property=\"og:image:type\" content=\"image\/jpeg\" \/>\n<meta name=\"author\" content=\"Prensa\" \/>\n<meta name=\"twitter:card\" content=\"summary_large_image\" \/>\n<meta name=\"twitter:label1\" content=\"Escrito por\" \/>\n\t<meta name=\"twitter:data1\" content=\"Prensa\" \/>\n\t<meta name=\"twitter:label2\" content=\"Tiempo de lectura\" \/>\n\t<meta name=\"twitter:data2\" content=\"3 minutos\" \/>\n<script type=\"application\/ld+json\" class=\"yoast-schema-graph\">{\"@context\":\"https:\/\/schema.org\",\"@graph\":[{\"@type\":\"WebPage\",\"@id\":\"https:\/\/alcaldiaalbertoadriani.com\/?p=1942\",\"url\":\"https:\/\/alcaldiaalbertoadriani.com\/?p=1942\",\"name\":\"Con \u00e9xito se efectu\u00f3 elecci\u00f3n y coronaci\u00f3n de la Reina del 23 de Enero - Alcaldia Alberto Adriani\",\"isPartOf\":{\"@id\":\"https:\/\/alcaldiaalbertoadriani.com\/#website\"},\"datePublished\":\"2023-01-30T17:16:27+00:00\",\"dateModified\":\"2023-01-30T17:16:37+00:00\",\"author\":{\"@id\":\"https:\/\/alcaldiaalbertoadriani.com\/#\/schema\/person\/549b4483ff8999ac780deeea78795fc9\"},\"description\":\"Realizada la elecci\u00f3n y coronaci\u00f3n de la reina del sector 23 de Enero, evento organizado entre la Alcald\u00eda vig\u00edense y la comunidad.\",\"breadcrumb\":{\"@id\":\"https:\/\/alcaldiaalbertoadriani.com\/?p=1942#breadcrumb\"},\"inLanguage\":\"es\",\"potentialAction\":[{\"@type\":\"ReadAction\",\"target\":[\"https:\/\/alcaldiaalbertoadriani.com\/?p=1942\"]}]},{\"@type\":\"BreadcrumbList\",\"@id\":\"https:\/\/alcaldiaalbertoadriani.com\/?p=1942#breadcrumb\",\"itemListElement\":[{\"@type\":\"ListItem\",\"position\":1,\"name\":\"Portada\",\"item\":\"https:\/\/alcaldiaalbertoadriani.com\/\"},{\"@type\":\"ListItem\",\"position\":2,\"name\":\"Con \u00e9xito se efectu\u00f3 elecci\u00f3n y coronaci\u00f3n de la Reina del 23 de Enero\"}]},{\"@type\":\"WebSite\",\"@id\":\"https:\/\/alcaldiaalbertoadriani.com\/#website\",\"url\":\"https:\/\/alcaldiaalbertoadriani.com\/\",\"name\":\"Alcaldia Alberto Adriani\",\"description\":\"\",\"potentialAction\":[{\"@type\":\"SearchAction\",\"target\":{\"@type\":\"EntryPoint\",\"urlTemplate\":\"https:\/\/alcaldiaalbertoadriani.com\/?s={search_term_string}\"},\"query-input\":\"required name=search_term_string\"}],\"inLanguage\":\"es\"},{\"@type\":\"Person\",\"@id\":\"https:\/\/alcaldiaalbertoadriani.com\/#\/schema\/person\/549b4483ff8999ac780deeea78795fc9\",\"name\":\"Prensa\",\"image\":{\"@type\":\"ImageObject\",\"inLanguage\":\"es\",\"@id\":\"https:\/\/alcaldiaalbertoadriani.com\/#\/schema\/person\/image\/\",\"url\":\"https:\/\/secure.gravatar.com\/avatar\/ea1cb567ea992a29627f4eee1c2eb185ec16decec6342d508fdf18dedb56c9de?s=96&d=mm&r=g\",\"contentUrl\":\"https:\/\/secure.gravatar.com\/avatar\/ea1cb567ea992a29627f4eee1c2eb185ec16decec6342d508fdf18dedb56c9de?s=96&d=mm&r=g\",\"caption\":\"Prensa\"},\"url\":\"https:\/\/alcaldiaalbertoadriani.com\/?author=2\"}]}<\/script>\n<!-- \/ Yoast SEO plugin. -->","yoast_head_json":{"title":"Con \u00e9xito se efectu\u00f3 elecci\u00f3n y coronaci\u00f3n de la Reina del 23 de Enero - Alcaldia Alberto Adriani","description":"Realizada la elecci\u00f3n y coronaci\u00f3n de la reina del sector 23 de Enero, evento organizado entre la Alcald\u00eda vig\u00edense y la comunidad.","robots":{"index":"index","follow":"follow","max-snippet":"max-snippet:-1","max-image-preview":"max-image-preview:large","max-video-preview":"max-video-preview:-1"},"canonical":"https:\/\/alcaldiaalbertoadriani.com\/?p=1942","og_locale":"es_ES","og_type":"article","og_title":"Con \u00e9xito se efectu\u00f3 elecci\u00f3n y coronaci\u00f3n de la Reina del 23 de Enero - Alcaldia Alberto Adriani","og_description":"Realizada la elecci\u00f3n y coronaci\u00f3n de la reina del sector 23 de Enero, evento organizado entre la Alcald\u00eda vig\u00edense y la comunidad.","og_url":"https:\/\/alcaldiaalbertoadriani.com\/?p=1942","og_site_name":"Alcaldia Alberto Adriani","article_published_time":"2023-01-30T17:16:27+00:00","article_modified_time":"2023-01-30T17:16:37+00:00","og_image":[{"width":1080,"height":719,"url":"https:\/\/alcaldiaalbertoadriani.com\/wp-content\/uploads\/2023\/01\/photo_2023-01-30_11-58-32.jpg","type":"image\/jpeg"}],"author":"Prensa","twitter_card":"summary_large_image","twitter_misc":{"Escrito por":"Prensa","Tiempo de lectura":"3 minutos"},"schema":{"@context":"https:\/\/schema.org","@graph":[{"@type":"WebPage","@id":"https:\/\/alcaldiaalbertoadriani.com\/?p=1942","url":"https:\/\/alcaldiaalbertoadriani.com\/?p=1942","name":"Con \u00e9xito se efectu\u00f3 elecci\u00f3n y coronaci\u00f3n de la Reina del 23 de Enero - Alcaldia Alberto Adriani","isPartOf":{"@id":"https:\/\/alcaldiaalbertoadriani.com\/#website"},"datePublished":"2023-01-30T17:16:27+00:00","dateModified":"2023-01-30T17:16:37+00:00","author":{"@id":"https:\/\/alcaldiaalbertoadriani.com\/#\/schema\/person\/549b4483ff8999ac780deeea78795fc9"},"description":"Realizada la elecci\u00f3n y coronaci\u00f3n de la reina del sector 23 de Enero, evento organizado entre la Alcald\u00eda vig\u00edense y la comunidad.","breadcrumb":{"@id":"https:\/\/alcaldiaalbertoadriani.com\/?p=1942#breadcrumb"},"inLanguage":"es","potentialAction":[{"@type":"ReadAction","target":["https:\/\/alcaldiaalbertoadriani.com\/?p=1942"]}]},{"@type":"BreadcrumbList","@id":"https:\/\/alcaldiaalbertoadriani.com\/?p=1942#breadcrumb","itemListElement":[{"@type":"ListItem","position":1,"name":"Portada","item":"https:\/\/alcaldiaalbertoadriani.com\/"},{"@type":"ListItem","position":2,"name":"Con \u00e9xito se efectu\u00f3 elecci\u00f3n y coronaci\u00f3n de la Reina del 23 de Enero"}]},{"@type":"WebSite","@id":"https:\/\/alcaldiaalbertoadriani.com\/#website","url":"https:\/\/alcaldiaalbertoadriani.com\/","name":"Alcaldia Alberto Adriani","description":"","potentialAction":[{"@type":"SearchAction","target":{"@type":"EntryPoint","urlTemplate":"https:\/\/alcaldiaalbertoadriani.com\/?s={search_term_string}"},"query-input":"required name=search_term_string"}],"inLanguage":"es"},{"@type":"Person","@id":"https:\/\/alcaldiaalbertoadriani.com\/#\/schema\/person\/549b4483ff8999ac780deeea78795fc9","name":"Prensa","image":{"@type":"ImageObject","inLanguage":"es","@id":"https:\/\/alcaldiaalbertoadriani.com\/#\/schema\/person\/image\/","url":"https:\/\/secure.gravatar.com\/avatar\/ea1cb567ea992a29627f4eee1c2eb185ec16decec6342d508fdf18dedb56c9de?s=96&d=mm&r=g","contentUrl":"https:\/\/secure.gravatar.com\/avatar\/ea1cb567ea992a29627f4eee1c2eb185ec16decec6342d508fdf18dedb56c9de?s=96&d=mm&r=g","caption":"Prensa"},"url":"https:\/\/alcaldiaalbertoadriani.com\/?author=2"}]}},"_links":{"self":[{"href":"https:\/\/alcaldiaalbertoadriani.com\/index.php?rest_route=\/wp\/v2\/posts\/1942","targetHints":{"allow":["GET"]}}],"collection":[{"href":"https:\/\/alcaldiaalbertoadriani.com\/index.php?rest_route=\/wp\/v2\/posts"}],"about":[{"href":"https:\/\/alcaldiaalbertoadriani.com\/index.php?rest_route=\/wp\/v2\/types\/post"}],"author":[{"embeddable":true,"href":"https:\/\/alcaldiaalbertoadriani.com\/index.php?rest_route=\/wp\/v2\/users\/2"}],"replies":[{"embeddable":true,"href":"https:\/\/alcaldiaalbertoadriani.com\/index.php?rest_route=%2Fwp%2Fv2%2Fcomments&post=1942"}],"version-history":[{"count":1,"href":"https:\/\/alcaldiaalbertoadriani.com\/index.php?rest_route=\/wp\/v2\/posts\/1942\/revisions"}],"predecessor-version":[{"id":1952,"href":"https:\/\/alcaldiaalbertoadriani.com\/index.php?rest_route=\/wp\/v2\/posts\/1942\/revisions\/1952"}],"wp:featuredmedia":[{"embeddable":true,"href":"https:\/\/alcaldiaalbertoadriani.com\/index.php?rest_route=\/wp\/v2\/media\/1943"}],"wp:attachment":[{"href":"https:\/\/alcaldiaalbertoadriani.com\/index.php?rest_route=%2Fwp%2Fv2%2Fmedia&parent=1942"}],"wp:term":[{"taxonomy":"category","embeddable":true,"href":"https:\/\/alcaldiaalbertoadriani.com\/index.php?rest_route=%2Fwp%2Fv2%2Fcategories&post=1942"},{"taxonomy":"post_tag","embeddable":true,"href":"https:\/\/alcaldiaalbertoadriani.com\/index.php?rest_route=%2Fwp%2Fv2%2Ftags&post=1942"}],"curies":[{"name":"wp","href":"https:\/\/api.w.org\/{rel}","templated":true}]}}