{"id":1840,"date":"2023-01-24T14:39:20","date_gmt":"2023-01-24T14:39:20","guid":{"rendered":"https:\/\/alcaldiaalbertoadriani.com\/?p=1840"},"modified":"2023-01-24T14:39:28","modified_gmt":"2023-01-24T14:39:28","slug":"paradura-nino-jesus","status":"publish","type":"post","link":"https:\/\/alcaldiaalbertoadriani.com\/?p=1840","title":{"rendered":"Alcalde Lisandro Segura acompa\u00f1\u00f3 Paradura del Ni\u00f1o Jes\u00fas en la Catedral y plaza Bol\u00edvar"},"content":{"rendered":"<div class=\"wp-block-post-excerpt\"><p class=\"wp-block-post-excerpt__excerpt\">La actividad estuvo encabezada por el P\u00e1rroco de la Catedral Nuestra Se\u00f1ora del Perpetuo Socorro, Germ\u00e1n Mar\u00edn <\/p><\/div>\n\n\n<p>Representantes de la <a href=\"https:\/\/twitter.com\/alcaldiaaa\" target=\"_blank\" rel=\"noreferrer noopener\">alcald\u00eda vig\u00edense<\/a> acompa\u00f1aron la celebraci\u00f3n de la Paradura del Ni\u00f1o Jes\u00fas de la <a href=\"https:\/\/alcaldiaalbertoadriani.com\/?p=1596\" target=\"_blank\" rel=\"noreferrer noopener\">Catedral Perpetuo Socorro<\/a> y del nacimiento ubicado en la plaza Bol\u00edvar de El Vig\u00eda, en dos recorridos que se desarrollaron este domingo 22 de enero en horas de la tarde.<\/p>\n\n\n\n<h2 class=\"wp-block-heading\">Paradura del Ni\u00f1o Jes\u00fas<\/h2>\n\n\n\n<p>A la tradicional celebraci\u00f3n asisti\u00f3 el <a href=\"https:\/\/twitter.com\/lisandrosegura\" target=\"_blank\" rel=\"noreferrer noopener\">alcalde Lisandro Segura<\/a>, en compa\u00f1\u00eda de la primera Dama, Yudith Parra; integrantes del Tren Ejecutivo y algunos ediles del <a href=\"https:\/\/alcaldiaalbertoadriani.com\/?p=1615\" target=\"_blank\" rel=\"noreferrer noopener\">Concejo Municipal Alberto Adriani<\/a>. Vale destacar que el Padre Germ\u00e1n Mar\u00edn, P\u00e1rroco de la Catedral Nuestra Se\u00f1ora del Perpetuo Socorro, dirigi\u00f3 la eucarist\u00eda.<\/p>\n\n\n\n<figure class=\"wp-block-image size-large\"><img loading=\"lazy\" decoding=\"async\" width=\"1024\" height=\"768\" src=\"https:\/\/alcaldiaalbertoadriani.com\/wp-content\/uploads\/2023\/01\/photo_2023-01-24_09-40-05-2-1024x768.jpg\" alt=\"\" class=\"wp-image-1842\" srcset=\"https:\/\/alcaldiaalbertoadriani.com\/wp-content\/uploads\/2023\/01\/photo_2023-01-24_09-40-05-2-980x735.jpg 980w, https:\/\/alcaldiaalbertoadriani.com\/wp-content\/uploads\/2023\/01\/photo_2023-01-24_09-40-05-2-480x360.jpg 480w\" sizes=\"auto, (min-width: 0px) and (max-width: 480px) 480px, (min-width: 481px) and (max-width: 980px) 980px, (min-width: 981px) 1024px, 100vw\" \/><figcaption>Paradura del Ni\u00f1o Jes\u00fas.<\/figcaption><\/figure>\n\n\n\n<!--more-->\n\n\n\n<p>Entre sus palabras, Mar\u00edn expres\u00f3 que \u201cdebemos ser temerosos a Dios, porque \u00e9l todo lo observa. Debemos preocuparnos por ser cada d\u00eda mejores personas. \u00bfEst\u00e1 bien que queramos exigir nuestros derechos, pero qu\u00e9 hay de nuestros deberes?\u201d, dijo el P\u00e1rroco.<\/p>\n\n\n\n<p>Acto seguido, los padrinos del Ni\u00f1o Jes\u00fas viviente, mediante una procesi\u00f3n, partieron con c\u00e1nticos y rezos al Ni\u00f1o Jes\u00fas desde la Catedral hasta el segundo nacimiento que se ubica en la plaza Bol\u00edvar.<\/p>\n\n\n\n<p>La tradicional jornada concluy\u00f3 en las instalaciones de la Catedral, en donde hicieron el levantamiento de ambos ni\u00f1os. <strong>Prensa Alcald\u00eda Alberto Adriani\/Edgar Mendoza CNP:25.736\/Fotos: Prensa Alcald\u00eda.<\/strong><\/p>\n\n\n\n<figure class=\"wp-block-gallery has-nested-images columns-default is-cropped wp-block-gallery-1 is-layout-flex wp-block-gallery-is-layout-flex\">\n<figure class=\"wp-block-image size-large\"><img loading=\"lazy\" decoding=\"async\" width=\"1024\" height=\"768\" data-id=\"1847\" src=\"https:\/\/alcaldiaalbertoadriani.com\/wp-content\/uploads\/2023\/01\/photo_2023-01-24_09-40-02-1024x768.jpg\" alt=\"\" class=\"wp-image-1847\" srcset=\"https:\/\/alcaldiaalbertoadriani.com\/wp-content\/uploads\/2023\/01\/photo_2023-01-24_09-40-02-980x735.jpg 980w, https:\/\/alcaldiaalbertoadriani.com\/wp-content\/uploads\/2023\/01\/photo_2023-01-24_09-40-02-480x360.jpg 480w\" sizes=\"auto, (min-width: 0px) and (max-width: 480px) 480px, (min-width: 481px) and (max-width: 980px) 980px, (min-width: 981px) 1024px, 100vw\" \/><\/figure>\n\n\n\n<figure class=\"wp-block-image size-large\"><img loading=\"lazy\" decoding=\"async\" width=\"1024\" height=\"768\" data-id=\"1849\" src=\"https:\/\/alcaldiaalbertoadriani.com\/wp-content\/uploads\/2023\/01\/photo_2023-01-24_09-40-03-1024x768.jpg\" alt=\"\" class=\"wp-image-1849\" srcset=\"https:\/\/alcaldiaalbertoadriani.com\/wp-content\/uploads\/2023\/01\/photo_2023-01-24_09-40-03-980x735.jpg 980w, https:\/\/alcaldiaalbertoadriani.com\/wp-content\/uploads\/2023\/01\/photo_2023-01-24_09-40-03-480x360.jpg 480w\" sizes=\"auto, (min-width: 0px) and (max-width: 480px) 480px, (min-width: 481px) and (max-width: 980px) 980px, (min-width: 981px) 1024px, 100vw\" \/><\/figure>\n\n\n\n<figure class=\"wp-block-image size-large\"><img loading=\"lazy\" decoding=\"async\" width=\"1024\" height=\"768\" data-id=\"1850\" src=\"https:\/\/alcaldiaalbertoadriani.com\/wp-content\/uploads\/2023\/01\/photo_2023-01-24_09-40-04-1024x768.jpg\" alt=\"\" class=\"wp-image-1850\" srcset=\"https:\/\/alcaldiaalbertoadriani.com\/wp-content\/uploads\/2023\/01\/photo_2023-01-24_09-40-04-980x735.jpg 980w, https:\/\/alcaldiaalbertoadriani.com\/wp-content\/uploads\/2023\/01\/photo_2023-01-24_09-40-04-480x360.jpg 480w\" sizes=\"auto, (min-width: 0px) and (max-width: 480px) 480px, (min-width: 481px) and (max-width: 980px) 980px, (min-width: 981px) 1024px, 100vw\" \/><\/figure>\n\n\n\n<figure class=\"wp-block-image size-large\"><img loading=\"lazy\" decoding=\"async\" width=\"1024\" height=\"768\" data-id=\"1848\" src=\"https:\/\/alcaldiaalbertoadriani.com\/wp-content\/uploads\/2023\/01\/photo_2023-01-24_09-40-05-1024x768.jpg\" alt=\"\" class=\"wp-image-1848\" srcset=\"https:\/\/alcaldiaalbertoadriani.com\/wp-content\/uploads\/2023\/01\/photo_2023-01-24_09-40-05-980x735.jpg 980w, https:\/\/alcaldiaalbertoadriani.com\/wp-content\/uploads\/2023\/01\/photo_2023-01-24_09-40-05-480x360.jpg 480w\" sizes=\"auto, (min-width: 0px) and (max-width: 480px) 480px, (min-width: 481px) and (max-width: 980px) 980px, (min-width: 981px) 1024px, 100vw\" \/><\/figure>\n\n\n\n<figure class=\"wp-block-image size-large\"><img loading=\"lazy\" decoding=\"async\" width=\"1024\" height=\"768\" data-id=\"1851\" src=\"https:\/\/alcaldiaalbertoadriani.com\/wp-content\/uploads\/2023\/01\/photo_2023-01-24_09-40-06-1-1024x768.jpg\" alt=\"\" class=\"wp-image-1851\" srcset=\"https:\/\/alcaldiaalbertoadriani.com\/wp-content\/uploads\/2023\/01\/photo_2023-01-24_09-40-06-1-980x735.jpg 980w, https:\/\/alcaldiaalbertoadriani.com\/wp-content\/uploads\/2023\/01\/photo_2023-01-24_09-40-06-1-480x360.jpg 480w\" sizes=\"auto, (min-width: 0px) and (max-width: 480px) 480px, (min-width: 481px) and (max-width: 980px) 980px, (min-width: 981px) 1024px, 100vw\" \/><\/figure>\n\n\n\n<figure class=\"wp-block-image size-large\"><img loading=\"lazy\" decoding=\"async\" width=\"1024\" height=\"768\" data-id=\"1844\" src=\"https:\/\/alcaldiaalbertoadriani.com\/wp-content\/uploads\/2023\/01\/photo_2023-01-24_09-40-07-2-1024x768.jpg\" alt=\"\" class=\"wp-image-1844\" srcset=\"https:\/\/alcaldiaalbertoadriani.com\/wp-content\/uploads\/2023\/01\/photo_2023-01-24_09-40-07-2-980x735.jpg 980w, https:\/\/alcaldiaalbertoadriani.com\/wp-content\/uploads\/2023\/01\/photo_2023-01-24_09-40-07-2-480x360.jpg 480w\" sizes=\"auto, (min-width: 0px) and (max-width: 480px) 480px, (min-width: 481px) and (max-width: 980px) 980px, (min-width: 981px) 1024px, 100vw\" \/><\/figure>\n\n\n\n<figure class=\"wp-block-image size-large\"><img loading=\"lazy\" decoding=\"async\" width=\"1024\" height=\"768\" data-id=\"1846\" src=\"https:\/\/alcaldiaalbertoadriani.com\/wp-content\/uploads\/2023\/01\/photo_2023-01-24_09-40-07-1024x768.jpg\" alt=\"\" class=\"wp-image-1846\" srcset=\"https:\/\/alcaldiaalbertoadriani.com\/wp-content\/uploads\/2023\/01\/photo_2023-01-24_09-40-07-980x735.jpg 980w, https:\/\/alcaldiaalbertoadriani.com\/wp-content\/uploads\/2023\/01\/photo_2023-01-24_09-40-07-480x360.jpg 480w\" sizes=\"auto, (min-width: 0px) and (max-width: 480px) 480px, (min-width: 481px) and (max-width: 980px) 980px, (min-width: 981px) 1024px, 100vw\" \/><\/figure>\n\n\n\n<figure class=\"wp-block-image size-large\"><img loading=\"lazy\" decoding=\"async\" width=\"1024\" height=\"768\" data-id=\"1843\" src=\"https:\/\/alcaldiaalbertoadriani.com\/wp-content\/uploads\/2023\/01\/photo_2023-01-24_09-40-08-1024x768.jpg\" alt=\"\" class=\"wp-image-1843\" srcset=\"https:\/\/alcaldiaalbertoadriani.com\/wp-content\/uploads\/2023\/01\/photo_2023-01-24_09-40-08-980x735.jpg 980w, https:\/\/alcaldiaalbertoadriani.com\/wp-content\/uploads\/2023\/01\/photo_2023-01-24_09-40-08-480x360.jpg 480w\" sizes=\"auto, (min-width: 0px) and (max-width: 480px) 480px, (min-width: 481px) and (max-width: 980px) 980px, (min-width: 981px) 1024px, 100vw\" \/><\/figure>\n<\/figure>\n","protected":false},"excerpt":{"rendered":"<p><strong><em>La actividad estuvo encabezada por el P\u00e1rroco de la Catedral Nuestra Se\u00f1ora del Perpetuo Socorro, Germ\u00e1n Mar\u00edn<\/em><\/strong><\/p>\n","protected":false},"author":2,"featured_media":1841,"comment_status":"closed","ping_status":"closed","sticky":false,"template":"","format":"standard","meta":{"_et_pb_use_builder":"off","_et_pb_old_content":"","_et_gb_content_width":"","footnotes":""},"categories":[1],"tags":[31,11,12,15,30,29,28,317],"class_list":["post-1840","post","type-post","status-publish","format-standard","has-post-thumbnail","hentry","category-uncategorized","tag-alcalde","tag-alcaldia","tag-alcaldiaalbertoadriani","tag-elvigia","tag-lisandrosegura","tag-municipioquenosmerecemos","tag-porelrenacer","tag-paradura-nino-jesus"],"yoast_head":"<!-- This site is optimized with the Yoast SEO plugin v19.13 - https:\/\/yoast.com\/wordpress\/plugins\/seo\/ -->\n<title>Alcalde Lisandro Segura acompa\u00f1\u00f3 Paradura del Ni\u00f1o Jes\u00fas en la Catedral y plaza Bol\u00edvar - Alcaldia Alberto Adriani<\/title>\n<meta name=\"description\" content=\"Celebraci\u00f3n de la Paradura del Ni\u00f1o Jes\u00fas de la Catedral Perpetuo Socorro y del nacimiento ubicado en la plaza Bol\u00edvar de El Vig\u00eda.\" \/>\n<meta name=\"robots\" content=\"index, follow, max-snippet:-1, max-image-preview:large, max-video-preview:-1\" \/>\n<link rel=\"canonical\" href=\"https:\/\/alcaldiaalbertoadriani.com\/?p=1840\" \/>\n<meta property=\"og:locale\" content=\"es_ES\" \/>\n<meta property=\"og:type\" content=\"article\" \/>\n<meta property=\"og:title\" content=\"Alcalde Lisandro Segura acompa\u00f1\u00f3 Paradura del Ni\u00f1o Jes\u00fas en la Catedral y plaza Bol\u00edvar - Alcaldia Alberto Adriani\" \/>\n<meta property=\"og:description\" content=\"Celebraci\u00f3n de la Paradura del Ni\u00f1o Jes\u00fas de la Catedral Perpetuo Socorro y del nacimiento ubicado en la plaza Bol\u00edvar de El Vig\u00eda.\" \/>\n<meta property=\"og:url\" content=\"https:\/\/alcaldiaalbertoadriani.com\/?p=1840\" \/>\n<meta property=\"og:site_name\" content=\"Alcaldia Alberto Adriani\" \/>\n<meta property=\"article:published_time\" content=\"2023-01-24T14:39:20+00:00\" \/>\n<meta property=\"article:modified_time\" content=\"2023-01-24T14:39:28+00:00\" \/>\n<meta property=\"og:image\" content=\"https:\/\/alcaldiaalbertoadriani.com\/wp-content\/uploads\/2023\/01\/photo_2023-01-24_09-40-08-2.jpg\" \/>\n\t<meta property=\"og:image:width\" content=\"2560\" \/>\n\t<meta property=\"og:image:height\" content=\"1920\" \/>\n\t<meta property=\"og:image:type\" content=\"image\/jpeg\" \/>\n<meta name=\"author\" content=\"Prensa\" \/>\n<meta name=\"twitter:card\" content=\"summary_large_image\" \/>\n<meta name=\"twitter:label1\" content=\"Escrito por\" \/>\n\t<meta name=\"twitter:data1\" content=\"Prensa\" \/>\n\t<meta name=\"twitter:label2\" content=\"Tiempo de lectura\" \/>\n\t<meta name=\"twitter:data2\" content=\"3 minutos\" \/>\n<script type=\"application\/ld+json\" class=\"yoast-schema-graph\">{\"@context\":\"https:\/\/schema.org\",\"@graph\":[{\"@type\":\"WebPage\",\"@id\":\"https:\/\/alcaldiaalbertoadriani.com\/?p=1840\",\"url\":\"https:\/\/alcaldiaalbertoadriani.com\/?p=1840\",\"name\":\"Alcalde Lisandro Segura acompa\u00f1\u00f3 Paradura del Ni\u00f1o Jes\u00fas en la Catedral y plaza Bol\u00edvar - Alcaldia Alberto Adriani\",\"isPartOf\":{\"@id\":\"https:\/\/alcaldiaalbertoadriani.com\/#website\"},\"datePublished\":\"2023-01-24T14:39:20+00:00\",\"dateModified\":\"2023-01-24T14:39:28+00:00\",\"author\":{\"@id\":\"https:\/\/alcaldiaalbertoadriani.com\/#\/schema\/person\/549b4483ff8999ac780deeea78795fc9\"},\"description\":\"Celebraci\u00f3n de la Paradura del Ni\u00f1o Jes\u00fas de la Catedral Perpetuo Socorro y del nacimiento ubicado en la plaza Bol\u00edvar de El Vig\u00eda.\",\"breadcrumb\":{\"@id\":\"https:\/\/alcaldiaalbertoadriani.com\/?p=1840#breadcrumb\"},\"inLanguage\":\"es\",\"potentialAction\":[{\"@type\":\"ReadAction\",\"target\":[\"https:\/\/alcaldiaalbertoadriani.com\/?p=1840\"]}]},{\"@type\":\"BreadcrumbList\",\"@id\":\"https:\/\/alcaldiaalbertoadriani.com\/?p=1840#breadcrumb\",\"itemListElement\":[{\"@type\":\"ListItem\",\"position\":1,\"name\":\"Portada\",\"item\":\"https:\/\/alcaldiaalbertoadriani.com\/\"},{\"@type\":\"ListItem\",\"position\":2,\"name\":\"Alcalde Lisandro Segura acompa\u00f1\u00f3 Paradura del Ni\u00f1o Jes\u00fas en la Catedral y plaza Bol\u00edvar\"}]},{\"@type\":\"WebSite\",\"@id\":\"https:\/\/alcaldiaalbertoadriani.com\/#website\",\"url\":\"https:\/\/alcaldiaalbertoadriani.com\/\",\"name\":\"Alcaldia Alberto Adriani\",\"description\":\"\",\"potentialAction\":[{\"@type\":\"SearchAction\",\"target\":{\"@type\":\"EntryPoint\",\"urlTemplate\":\"https:\/\/alcaldiaalbertoadriani.com\/?s={search_term_string}\"},\"query-input\":\"required name=search_term_string\"}],\"inLanguage\":\"es\"},{\"@type\":\"Person\",\"@id\":\"https:\/\/alcaldiaalbertoadriani.com\/#\/schema\/person\/549b4483ff8999ac780deeea78795fc9\",\"name\":\"Prensa\",\"image\":{\"@type\":\"ImageObject\",\"inLanguage\":\"es\",\"@id\":\"https:\/\/alcaldiaalbertoadriani.com\/#\/schema\/person\/image\/\",\"url\":\"https:\/\/secure.gravatar.com\/avatar\/ea1cb567ea992a29627f4eee1c2eb185ec16decec6342d508fdf18dedb56c9de?s=96&d=mm&r=g\",\"contentUrl\":\"https:\/\/secure.gravatar.com\/avatar\/ea1cb567ea992a29627f4eee1c2eb185ec16decec6342d508fdf18dedb56c9de?s=96&d=mm&r=g\",\"caption\":\"Prensa\"},\"url\":\"https:\/\/alcaldiaalbertoadriani.com\/?author=2\"}]}<\/script>\n<!-- \/ Yoast SEO plugin. -->","yoast_head_json":{"title":"Alcalde Lisandro Segura acompa\u00f1\u00f3 Paradura del Ni\u00f1o Jes\u00fas en la Catedral y plaza Bol\u00edvar - Alcaldia Alberto Adriani","description":"Celebraci\u00f3n de la Paradura del Ni\u00f1o Jes\u00fas de la Catedral Perpetuo Socorro y del nacimiento ubicado en la plaza Bol\u00edvar de El Vig\u00eda.","robots":{"index":"index","follow":"follow","max-snippet":"max-snippet:-1","max-image-preview":"max-image-preview:large","max-video-preview":"max-video-preview:-1"},"canonical":"https:\/\/alcaldiaalbertoadriani.com\/?p=1840","og_locale":"es_ES","og_type":"article","og_title":"Alcalde Lisandro Segura acompa\u00f1\u00f3 Paradura del Ni\u00f1o Jes\u00fas en la Catedral y plaza Bol\u00edvar - Alcaldia Alberto Adriani","og_description":"Celebraci\u00f3n de la Paradura del Ni\u00f1o Jes\u00fas de la Catedral Perpetuo Socorro y del nacimiento ubicado en la plaza Bol\u00edvar de El Vig\u00eda.","og_url":"https:\/\/alcaldiaalbertoadriani.com\/?p=1840","og_site_name":"Alcaldia Alberto Adriani","article_published_time":"2023-01-24T14:39:20+00:00","article_modified_time":"2023-01-24T14:39:28+00:00","og_image":[{"width":2560,"height":1920,"url":"https:\/\/alcaldiaalbertoadriani.com\/wp-content\/uploads\/2023\/01\/photo_2023-01-24_09-40-08-2.jpg","type":"image\/jpeg"}],"author":"Prensa","twitter_card":"summary_large_image","twitter_misc":{"Escrito por":"Prensa","Tiempo de lectura":"3 minutos"},"schema":{"@context":"https:\/\/schema.org","@graph":[{"@type":"WebPage","@id":"https:\/\/alcaldiaalbertoadriani.com\/?p=1840","url":"https:\/\/alcaldiaalbertoadriani.com\/?p=1840","name":"Alcalde Lisandro Segura acompa\u00f1\u00f3 Paradura del Ni\u00f1o Jes\u00fas en la Catedral y plaza Bol\u00edvar - Alcaldia Alberto Adriani","isPartOf":{"@id":"https:\/\/alcaldiaalbertoadriani.com\/#website"},"datePublished":"2023-01-24T14:39:20+00:00","dateModified":"2023-01-24T14:39:28+00:00","author":{"@id":"https:\/\/alcaldiaalbertoadriani.com\/#\/schema\/person\/549b4483ff8999ac780deeea78795fc9"},"description":"Celebraci\u00f3n de la Paradura del Ni\u00f1o Jes\u00fas de la Catedral Perpetuo Socorro y del nacimiento ubicado en la plaza Bol\u00edvar de El Vig\u00eda.","breadcrumb":{"@id":"https:\/\/alcaldiaalbertoadriani.com\/?p=1840#breadcrumb"},"inLanguage":"es","potentialAction":[{"@type":"ReadAction","target":["https:\/\/alcaldiaalbertoadriani.com\/?p=1840"]}]},{"@type":"BreadcrumbList","@id":"https:\/\/alcaldiaalbertoadriani.com\/?p=1840#breadcrumb","itemListElement":[{"@type":"ListItem","position":1,"name":"Portada","item":"https:\/\/alcaldiaalbertoadriani.com\/"},{"@type":"ListItem","position":2,"name":"Alcalde Lisandro Segura acompa\u00f1\u00f3 Paradura del Ni\u00f1o Jes\u00fas en la Catedral y plaza Bol\u00edvar"}]},{"@type":"WebSite","@id":"https:\/\/alcaldiaalbertoadriani.com\/#website","url":"https:\/\/alcaldiaalbertoadriani.com\/","name":"Alcaldia Alberto Adriani","description":"","potentialAction":[{"@type":"SearchAction","target":{"@type":"EntryPoint","urlTemplate":"https:\/\/alcaldiaalbertoadriani.com\/?s={search_term_string}"},"query-input":"required name=search_term_string"}],"inLanguage":"es"},{"@type":"Person","@id":"https:\/\/alcaldiaalbertoadriani.com\/#\/schema\/person\/549b4483ff8999ac780deeea78795fc9","name":"Prensa","image":{"@type":"ImageObject","inLanguage":"es","@id":"https:\/\/alcaldiaalbertoadriani.com\/#\/schema\/person\/image\/","url":"https:\/\/secure.gravatar.com\/avatar\/ea1cb567ea992a29627f4eee1c2eb185ec16decec6342d508fdf18dedb56c9de?s=96&d=mm&r=g","contentUrl":"https:\/\/secure.gravatar.com\/avatar\/ea1cb567ea992a29627f4eee1c2eb185ec16decec6342d508fdf18dedb56c9de?s=96&d=mm&r=g","caption":"Prensa"},"url":"https:\/\/alcaldiaalbertoadriani.com\/?author=2"}]}},"_links":{"self":[{"href":"https:\/\/alcaldiaalbertoadriani.com\/index.php?rest_route=\/wp\/v2\/posts\/1840","targetHints":{"allow":["GET"]}}],"collection":[{"href":"https:\/\/alcaldiaalbertoadriani.com\/index.php?rest_route=\/wp\/v2\/posts"}],"about":[{"href":"https:\/\/alcaldiaalbertoadriani.com\/index.php?rest_route=\/wp\/v2\/types\/post"}],"author":[{"embeddable":true,"href":"https:\/\/alcaldiaalbertoadriani.com\/index.php?rest_route=\/wp\/v2\/users\/2"}],"replies":[{"embeddable":true,"href":"https:\/\/alcaldiaalbertoadriani.com\/index.php?rest_route=%2Fwp%2Fv2%2Fcomments&post=1840"}],"version-history":[{"count":1,"href":"https:\/\/alcaldiaalbertoadriani.com\/index.php?rest_route=\/wp\/v2\/posts\/1840\/revisions"}],"predecessor-version":[{"id":1852,"href":"https:\/\/alcaldiaalbertoadriani.com\/index.php?rest_route=\/wp\/v2\/posts\/1840\/revisions\/1852"}],"wp:featuredmedia":[{"embeddable":true,"href":"https:\/\/alcaldiaalbertoadriani.com\/index.php?rest_route=\/wp\/v2\/media\/1841"}],"wp:attachment":[{"href":"https:\/\/alcaldiaalbertoadriani.com\/index.php?rest_route=%2Fwp%2Fv2%2Fmedia&parent=1840"}],"wp:term":[{"taxonomy":"category","embeddable":true,"href":"https:\/\/alcaldiaalbertoadriani.com\/index.php?rest_route=%2Fwp%2Fv2%2Fcategories&post=1840"},{"taxonomy":"post_tag","embeddable":true,"href":"https:\/\/alcaldiaalbertoadriani.com\/index.php?rest_route=%2Fwp%2Fv2%2Ftags&post=1840"}],"curies":[{"name":"wp","href":"https:\/\/api.w.org\/{rel}","templated":true}]}}