{"id":18268,"date":"2026-09-04T20:02:55","date_gmt":"2026-09-04T20:02:55","guid":{"rendered":"https:\/\/alcaldiaalbertoadriani.com\/?p=18268"},"modified":"2026-09-04T20:02:59","modified_gmt":"2026-09-04T20:02:59","slug":"clpp-aprueba-cambio-de-denominacion-y-ajuste-presupuestario-para-obra-de-agua-en-colinas-pony","status":"publish","type":"post","link":"https:\/\/alcaldiaalbertoadriani.com\/?p=18268","title":{"rendered":"Clpp Aprueba Cambio De Denominaci\u00f3n Y Ajuste Presupuestario Para Obra De Agua En Colinas Pony"},"content":{"rendered":"\n<p>En una sesi\u00f3n extraordinaria celebrada este viernes 4 de septiembre, el Consejo Local de Planificaci\u00f3n P\u00fablica (<a href=\"https:\/\/alcaldiaalbertoadriani.com\/?tag=clpp-asambleas-diagnostico\">Clpp<\/a>) del municipio Alberto Adriani aprob\u00f3 por unanimidad el ajuste presupuestario y el cambio de nombre del proyecto h\u00eddrico destinado al sector Colinas Pony, en la parroquia R\u00f3mulo Gallegos.<\/p>\n\n\n\n<figure class=\"wp-block-gallery has-nested-images columns-default is-cropped wp-block-gallery-1 is-layout-flex wp-block-gallery-is-layout-flex\">\n<figure class=\"wp-block-image size-large\"><img loading=\"lazy\" decoding=\"async\" width=\"1024\" height=\"768\" data-id=\"18269\" src=\"https:\/\/alcaldiaalbertoadriani.com\/wp-content\/uploads\/2026\/09\/photo_4960960168216693795_w-1024x768.jpg\" alt=\"\" class=\"wp-image-18269\" srcset=\"https:\/\/alcaldiaalbertoadriani.com\/wp-content\/uploads\/2026\/09\/photo_4960960168216693795_w-980x735.jpg 980w, https:\/\/alcaldiaalbertoadriani.com\/wp-content\/uploads\/2026\/09\/photo_4960960168216693795_w-480x360.jpg 480w\" sizes=\"auto, (min-width: 0px) and (max-width: 480px) 480px, (min-width: 481px) and (max-width: 980px) 980px, (min-width: 981px) 1024px, 100vw\" \/><\/figure>\n<\/figure>\n\n\n\n<p>El proyecto, incluido en el Plan de Inversi\u00f3n 2026, que se llamaba Construcci\u00f3n de un Pozo de Agua Profundo en el sector Colina Pony, ahora se denominar\u00e1 oficialmente: &#8220;Construcci\u00f3n de tanque australiano de 62.500 litros en el sector Colinas Pony&#8221;. En la sesi\u00f3n estuvieron presentes voceros del consejo comunal Klever Ram\u00edrez, para respaldar esta gesti\u00f3n en nombre de sus comunidades.<\/p>\n\n\n\n<h2 class=\"wp-block-heading\"><em>Continuidad de un proyecto clave<\/em><\/h2>\n\n\n\n<p>El alcalde y presidente del Clpp, <a href=\"https:\/\/www.instagram.com\/lisandrosegura02\/\">Lisandro Segura<\/a>, explic\u00f3 que el cambio de nombre responde a una correcci\u00f3n t\u00e9cnica necesaria para diferenciar las etapas del proyecto. &#8220;El pozo profundo fue la primera fase ejecutada en 2025; ahora, en esta segunda etapa de 2026, construiremos el tanque de almacenamiento. Este es un paso fundamental dentro del acueducto integral que estamos desarrollando en la zona&#8221;, se\u00f1al\u00f3.<\/p>\n\n\n\n<p>La obra completa es de tres fases: el pozo profundo (ya ejecutado), el tanque de almacenamiento y, finalmente, el equipamiento el\u00e9ctrico con red de distribuci\u00f3n. Este sistema beneficiar\u00e1 a unas 160 familias de los sectores Colinas Pony, Colinas de San Benito y Klever Ram\u00edrez, quienes contar\u00e1n con servicio de agua por tuber\u00eda despu\u00e9s de m\u00e1s de 18 a\u00f1os de espera.<\/p>\n\n\n\n<h2 class=\"wp-block-heading\"><em>Ajuste presupuestario necesario<\/em><\/h2>\n\n\n\n<p>Por su parte, el gerente de Administraci\u00f3n, Genrry G\u00f3mez, present\u00f3 a la plenaria el reajuste presupuestario, el cual resulta indispensable para compensar la variaci\u00f3n cambiaria y garantizar la culminaci\u00f3n exitosa de esta infraestructura h\u00eddrica. *<strong><em>Prensa OIPI\/ Claribel&nbsp; Zambrano CNP: 11.843\/ Fotos: Karla M\u00e1rquez<\/em><\/strong><\/p>\n\n\n\n<figure class=\"wp-block-gallery has-nested-images columns-default is-cropped wp-block-gallery-2 is-layout-flex wp-block-gallery-is-layout-flex\">\n<figure class=\"wp-block-image size-large\"><img loading=\"lazy\" decoding=\"async\" width=\"1024\" height=\"768\" data-id=\"18271\" src=\"https:\/\/alcaldiaalbertoadriani.com\/wp-content\/uploads\/2026\/09\/photo_4960960168216693796_w-1024x768.jpg\" alt=\"\" class=\"wp-image-18271\" srcset=\"https:\/\/alcaldiaalbertoadriani.com\/wp-content\/uploads\/2026\/09\/photo_4960960168216693796_w-980x735.jpg 980w, https:\/\/alcaldiaalbertoadriani.com\/wp-content\/uploads\/2026\/09\/photo_4960960168216693796_w-480x360.jpg 480w\" sizes=\"auto, (min-width: 0px) and (max-width: 480px) 480px, (min-width: 481px) and (max-width: 980px) 980px, (min-width: 981px) 1024px, 100vw\" \/><\/figure>\n\n\n\n<figure class=\"wp-block-image size-large\"><img loading=\"lazy\" decoding=\"async\" width=\"1024\" height=\"768\" data-id=\"18272\" src=\"https:\/\/alcaldiaalbertoadriani.com\/wp-content\/uploads\/2026\/09\/photo_4960960168216693793_w-1024x768.jpg\" alt=\"\" class=\"wp-image-18272\" srcset=\"https:\/\/alcaldiaalbertoadriani.com\/wp-content\/uploads\/2026\/09\/photo_4960960168216693793_w-980x735.jpg 980w, https:\/\/alcaldiaalbertoadriani.com\/wp-content\/uploads\/2026\/09\/photo_4960960168216693793_w-480x360.jpg 480w\" sizes=\"auto, (min-width: 0px) and (max-width: 480px) 480px, (min-width: 481px) and (max-width: 980px) 980px, (min-width: 981px) 1024px, 100vw\" \/><\/figure>\n\n\n\n<figure class=\"wp-block-image size-large\"><img loading=\"lazy\" decoding=\"async\" width=\"1024\" height=\"768\" data-id=\"18270\" src=\"https:\/\/alcaldiaalbertoadriani.com\/wp-content\/uploads\/2026\/09\/photo_4960960168216693794_w-1024x768.jpg\" alt=\"\" class=\"wp-image-18270\" srcset=\"https:\/\/alcaldiaalbertoadriani.com\/wp-content\/uploads\/2026\/09\/photo_4960960168216693794_w-980x735.jpg 980w, https:\/\/alcaldiaalbertoadriani.com\/wp-content\/uploads\/2026\/09\/photo_4960960168216693794_w-480x360.jpg 480w\" sizes=\"auto, (min-width: 0px) and (max-width: 480px) 480px, (min-width: 481px) and (max-width: 980px) 980px, (min-width: 981px) 1024px, 100vw\" \/><\/figure>\n<\/figure>\n","protected":false},"excerpt":{"rendered":"<p>En una sesi\u00f3n extraordinaria celebrada este viernes 4 de septiembre, el Consejo Local de Planificaci\u00f3n P\u00fablica (Clpp) del municipio Alberto Adriani aprob\u00f3 por unanimidad el ajuste presupuestario y el cambio [&hellip;]<\/p>\n","protected":false},"author":2,"featured_media":18270,"comment_status":"open","ping_status":"closed","sticky":false,"template":"","format":"standard","meta":{"_et_pb_use_builder":"off","_et_pb_old_content":"","_et_gb_content_width":"","footnotes":""},"categories":[56],"tags":[31,12,15,761,30,29,28],"class_list":["post-18268","post","type-post","status-publish","format-standard","has-post-thumbnail","hentry","category-clpp","tag-alcalde","tag-alcaldiaalbertoadriani","tag-elvigia","tag-encrucijadadeprogreso","tag-lisandrosegura","tag-municipioquenosmerecemos","tag-porelrenacer"],"yoast_head":"<!-- This site is optimized with the Yoast SEO plugin v19.13 - https:\/\/yoast.com\/wordpress\/plugins\/seo\/ -->\n<title>Clpp Aprueba Denominaci\u00f3n,Presupuesto Obra Agua Colinas Pony<\/title>\n<meta name=\"description\" content=\"Clpp Aprueba Cambio De Denominaci\u00f3n Y Ajuste Presupuestario Para Obra De Agua En Colinas Pony de nuesto municipio\" \/>\n<meta name=\"robots\" content=\"index, follow, max-snippet:-1, max-image-preview:large, max-video-preview:-1\" \/>\n<link rel=\"canonical\" href=\"https:\/\/alcaldiaalbertoadriani.com\/?p=18268\" \/>\n<meta property=\"og:locale\" content=\"es_ES\" \/>\n<meta property=\"og:type\" content=\"article\" \/>\n<meta property=\"og:title\" content=\"Clpp Aprueba Denominaci\u00f3n,Presupuesto Obra Agua Colinas Pony\" \/>\n<meta property=\"og:description\" content=\"Clpp Aprueba Cambio De Denominaci\u00f3n Y Ajuste Presupuestario Para Obra De Agua En Colinas Pony de nuesto municipio\" \/>\n<meta property=\"og:url\" content=\"https:\/\/alcaldiaalbertoadriani.com\/?p=18268\" \/>\n<meta property=\"og:site_name\" content=\"Alcaldia Alberto Adriani\" \/>\n<meta property=\"article:published_time\" content=\"2026-09-04T20:02:55+00:00\" \/>\n<meta property=\"article:modified_time\" content=\"2026-09-04T20:02:59+00:00\" \/>\n<meta property=\"og:image\" content=\"https:\/\/alcaldiaalbertoadriani.com\/wp-content\/uploads\/2026\/09\/photo_4960960168216693794_w.jpg\" \/>\n\t<meta property=\"og:image:width\" content=\"2560\" \/>\n\t<meta property=\"og:image:height\" content=\"1920\" \/>\n\t<meta property=\"og:image:type\" content=\"image\/jpeg\" \/>\n<meta name=\"author\" content=\"Prensa\" \/>\n<meta name=\"twitter:card\" content=\"summary_large_image\" \/>\n<meta name=\"twitter:label1\" content=\"Escrito por\" \/>\n\t<meta name=\"twitter:data1\" content=\"Prensa\" \/>\n\t<meta name=\"twitter:label2\" content=\"Tiempo de lectura\" \/>\n\t<meta name=\"twitter:data2\" content=\"3 minutos\" \/>\n<script type=\"application\/ld+json\" class=\"yoast-schema-graph\">{\"@context\":\"https:\/\/schema.org\",\"@graph\":[{\"@type\":\"WebPage\",\"@id\":\"https:\/\/alcaldiaalbertoadriani.com\/?p=18268\",\"url\":\"https:\/\/alcaldiaalbertoadriani.com\/?p=18268\",\"name\":\"Clpp Aprueba Denominaci\u00f3n,Presupuesto Obra Agua Colinas Pony\",\"isPartOf\":{\"@id\":\"https:\/\/alcaldiaalbertoadriani.com\/#website\"},\"datePublished\":\"2026-09-04T20:02:55+00:00\",\"dateModified\":\"2026-09-04T20:02:59+00:00\",\"author\":{\"@id\":\"https:\/\/alcaldiaalbertoadriani.com\/#\/schema\/person\/549b4483ff8999ac780deeea78795fc9\"},\"description\":\"Clpp Aprueba Cambio De Denominaci\u00f3n Y Ajuste Presupuestario Para Obra De Agua En Colinas Pony de nuesto municipio\",\"breadcrumb\":{\"@id\":\"https:\/\/alcaldiaalbertoadriani.com\/?p=18268#breadcrumb\"},\"inLanguage\":\"es\",\"potentialAction\":[{\"@type\":\"ReadAction\",\"target\":[\"https:\/\/alcaldiaalbertoadriani.com\/?p=18268\"]}]},{\"@type\":\"BreadcrumbList\",\"@id\":\"https:\/\/alcaldiaalbertoadriani.com\/?p=18268#breadcrumb\",\"itemListElement\":[{\"@type\":\"ListItem\",\"position\":1,\"name\":\"Portada\",\"item\":\"https:\/\/alcaldiaalbertoadriani.com\/\"},{\"@type\":\"ListItem\",\"position\":2,\"name\":\"Clpp Aprueba Cambio De Denominaci\u00f3n Y Ajuste Presupuestario Para Obra De Agua En Colinas Pony\"}]},{\"@type\":\"WebSite\",\"@id\":\"https:\/\/alcaldiaalbertoadriani.com\/#website\",\"url\":\"https:\/\/alcaldiaalbertoadriani.com\/\",\"name\":\"Alcaldia Alberto Adriani\",\"description\":\"\",\"potentialAction\":[{\"@type\":\"SearchAction\",\"target\":{\"@type\":\"EntryPoint\",\"urlTemplate\":\"https:\/\/alcaldiaalbertoadriani.com\/?s={search_term_string}\"},\"query-input\":\"required name=search_term_string\"}],\"inLanguage\":\"es\"},{\"@type\":\"Person\",\"@id\":\"https:\/\/alcaldiaalbertoadriani.com\/#\/schema\/person\/549b4483ff8999ac780deeea78795fc9\",\"name\":\"Prensa\",\"image\":{\"@type\":\"ImageObject\",\"inLanguage\":\"es\",\"@id\":\"https:\/\/alcaldiaalbertoadriani.com\/#\/schema\/person\/image\/\",\"url\":\"https:\/\/secure.gravatar.com\/avatar\/ea1cb567ea992a29627f4eee1c2eb185ec16decec6342d508fdf18dedb56c9de?s=96&d=mm&r=g\",\"contentUrl\":\"https:\/\/secure.gravatar.com\/avatar\/ea1cb567ea992a29627f4eee1c2eb185ec16decec6342d508fdf18dedb56c9de?s=96&d=mm&r=g\",\"caption\":\"Prensa\"},\"url\":\"https:\/\/alcaldiaalbertoadriani.com\/?author=2\"}]}<\/script>\n<!-- \/ Yoast SEO plugin. -->","yoast_head_json":{"title":"Clpp Aprueba Denominaci\u00f3n,Presupuesto Obra Agua Colinas Pony","description":"Clpp Aprueba Cambio De Denominaci\u00f3n Y Ajuste Presupuestario Para Obra De Agua En Colinas Pony de nuesto municipio","robots":{"index":"index","follow":"follow","max-snippet":"max-snippet:-1","max-image-preview":"max-image-preview:large","max-video-preview":"max-video-preview:-1"},"canonical":"https:\/\/alcaldiaalbertoadriani.com\/?p=18268","og_locale":"es_ES","og_type":"article","og_title":"Clpp Aprueba Denominaci\u00f3n,Presupuesto Obra Agua Colinas Pony","og_description":"Clpp Aprueba Cambio De Denominaci\u00f3n Y Ajuste Presupuestario Para Obra De Agua En Colinas Pony de nuesto municipio","og_url":"https:\/\/alcaldiaalbertoadriani.com\/?p=18268","og_site_name":"Alcaldia Alberto Adriani","article_published_time":"2026-09-04T20:02:55+00:00","article_modified_time":"2026-09-04T20:02:59+00:00","og_image":[{"width":2560,"height":1920,"url":"https:\/\/alcaldiaalbertoadriani.com\/wp-content\/uploads\/2026\/09\/photo_4960960168216693794_w.jpg","type":"image\/jpeg"}],"author":"Prensa","twitter_card":"summary_large_image","twitter_misc":{"Escrito por":"Prensa","Tiempo de lectura":"3 minutos"},"schema":{"@context":"https:\/\/schema.org","@graph":[{"@type":"WebPage","@id":"https:\/\/alcaldiaalbertoadriani.com\/?p=18268","url":"https:\/\/alcaldiaalbertoadriani.com\/?p=18268","name":"Clpp Aprueba Denominaci\u00f3n,Presupuesto Obra Agua Colinas Pony","isPartOf":{"@id":"https:\/\/alcaldiaalbertoadriani.com\/#website"},"datePublished":"2026-09-04T20:02:55+00:00","dateModified":"2026-09-04T20:02:59+00:00","author":{"@id":"https:\/\/alcaldiaalbertoadriani.com\/#\/schema\/person\/549b4483ff8999ac780deeea78795fc9"},"description":"Clpp Aprueba Cambio De Denominaci\u00f3n Y Ajuste Presupuestario Para Obra De Agua En Colinas Pony de nuesto municipio","breadcrumb":{"@id":"https:\/\/alcaldiaalbertoadriani.com\/?p=18268#breadcrumb"},"inLanguage":"es","potentialAction":[{"@type":"ReadAction","target":["https:\/\/alcaldiaalbertoadriani.com\/?p=18268"]}]},{"@type":"BreadcrumbList","@id":"https:\/\/alcaldiaalbertoadriani.com\/?p=18268#breadcrumb","itemListElement":[{"@type":"ListItem","position":1,"name":"Portada","item":"https:\/\/alcaldiaalbertoadriani.com\/"},{"@type":"ListItem","position":2,"name":"Clpp Aprueba Cambio De Denominaci\u00f3n Y Ajuste Presupuestario Para Obra De Agua En Colinas Pony"}]},{"@type":"WebSite","@id":"https:\/\/alcaldiaalbertoadriani.com\/#website","url":"https:\/\/alcaldiaalbertoadriani.com\/","name":"Alcaldia Alberto Adriani","description":"","potentialAction":[{"@type":"SearchAction","target":{"@type":"EntryPoint","urlTemplate":"https:\/\/alcaldiaalbertoadriani.com\/?s={search_term_string}"},"query-input":"required name=search_term_string"}],"inLanguage":"es"},{"@type":"Person","@id":"https:\/\/alcaldiaalbertoadriani.com\/#\/schema\/person\/549b4483ff8999ac780deeea78795fc9","name":"Prensa","image":{"@type":"ImageObject","inLanguage":"es","@id":"https:\/\/alcaldiaalbertoadriani.com\/#\/schema\/person\/image\/","url":"https:\/\/secure.gravatar.com\/avatar\/ea1cb567ea992a29627f4eee1c2eb185ec16decec6342d508fdf18dedb56c9de?s=96&d=mm&r=g","contentUrl":"https:\/\/secure.gravatar.com\/avatar\/ea1cb567ea992a29627f4eee1c2eb185ec16decec6342d508fdf18dedb56c9de?s=96&d=mm&r=g","caption":"Prensa"},"url":"https:\/\/alcaldiaalbertoadriani.com\/?author=2"}]}},"_links":{"self":[{"href":"https:\/\/alcaldiaalbertoadriani.com\/index.php?rest_route=\/wp\/v2\/posts\/18268","targetHints":{"allow":["GET"]}}],"collection":[{"href":"https:\/\/alcaldiaalbertoadriani.com\/index.php?rest_route=\/wp\/v2\/posts"}],"about":[{"href":"https:\/\/alcaldiaalbertoadriani.com\/index.php?rest_route=\/wp\/v2\/types\/post"}],"author":[{"embeddable":true,"href":"https:\/\/alcaldiaalbertoadriani.com\/index.php?rest_route=\/wp\/v2\/users\/2"}],"replies":[{"embeddable":true,"href":"https:\/\/alcaldiaalbertoadriani.com\/index.php?rest_route=%2Fwp%2Fv2%2Fcomments&post=18268"}],"version-history":[{"count":1,"href":"https:\/\/alcaldiaalbertoadriani.com\/index.php?rest_route=\/wp\/v2\/posts\/18268\/revisions"}],"predecessor-version":[{"id":18273,"href":"https:\/\/alcaldiaalbertoadriani.com\/index.php?rest_route=\/wp\/v2\/posts\/18268\/revisions\/18273"}],"wp:featuredmedia":[{"embeddable":true,"href":"https:\/\/alcaldiaalbertoadriani.com\/index.php?rest_route=\/wp\/v2\/media\/18270"}],"wp:attachment":[{"href":"https:\/\/alcaldiaalbertoadriani.com\/index.php?rest_route=%2Fwp%2Fv2%2Fmedia&parent=18268"}],"wp:term":[{"taxonomy":"category","embeddable":true,"href":"https:\/\/alcaldiaalbertoadriani.com\/index.php?rest_route=%2Fwp%2Fv2%2Fcategories&post=18268"},{"taxonomy":"post_tag","embeddable":true,"href":"https:\/\/alcaldiaalbertoadriani.com\/index.php?rest_route=%2Fwp%2Fv2%2Ftags&post=18268"}],"curies":[{"name":"wp","href":"https:\/\/api.w.org\/{rel}","templated":true}]}}