{"id":18253,"date":"2026-09-04T19:11:41","date_gmt":"2026-09-04T19:11:41","guid":{"rendered":"https:\/\/alcaldiaalbertoadriani.com\/?p=18253"},"modified":"2026-09-04T19:11:45","modified_gmt":"2026-09-04T19:11:45","slug":"gestion-realizo-solidario-arepazo-en-hospital-ii-de-el-vigia","status":"publish","type":"post","link":"https:\/\/alcaldiaalbertoadriani.com\/?p=18253","title":{"rendered":"Gesti\u00f3n de Lisandro Segura realiz\u00f3 un solidario \u201cArepazo\u201d en el Hospital II de El Vig\u00eda"},"content":{"rendered":"\n<h2 class=\"wp-block-heading\"><em>Un total de 90 personas, entre pacientes y familiares, fueron beneficiadas con esta jornada social<\/em><\/h2>\n\n\n\n<h2 class=\"wp-block-heading\"><em>Arepazo<\/em><\/h2>\n\n\n\n<p>La gesti\u00f3n del alcalde<a href=\"https:\/\/www.instagram.com\/lisandrosegura02\/\"> Lisandro Segura<\/a>, a trav\u00e9s del Instituto Municipal de la Juventud (<a href=\"https:\/\/alcaldiaalbertoadriani.com\/?tag=imjaa-actividad-comunidad\">Imjaa<\/a>). Llev\u00f3 a cabo una jornada social denominada \u201cArepazo\u201d en el Hospital tipo II \u201cAd\u00e1n Mu\u00f1oz Callejas\u201d de El Vig\u00eda, el pasado mi\u00e9rcoles 2 de septiembre.<\/p>\n\n\n\n<p>Jeckson Parra, presidente del Imjaa, inform\u00f3 sobre la actividad y destac\u00f3 que el objetivo fue llevar \u201cun pedacito de amor hecho arepa\u201d a los pacientes que se encuentran en proceso de recuperaci\u00f3n en dicho centro de salud.<\/p>\n\n\n\n<p>\u201cEl aroma de nuestra tradici\u00f3n y las manos solidarias de nuestra juventud llevaron alegr\u00eda, esperanza y cari\u00f1o a quienes m\u00e1s lo necesitan, record\u00e1ndoles que no est\u00e1n solos en su proceso de recuperaci\u00f3n\u201d, enfatiz\u00f3 Parra.<\/p>\n\n\n\n<p>Asimismo, detall\u00f3 que fueron atendidas 90 personas, entre pacientes<\/p>\n\n\n\n<p>\u201cServir al pueblo es el camino. Con cada arepa compartida, confirmamos que la verdadera juventud se demuestra en el compromiso con nuestra gente\u201d, asever\u00f3.<\/p>\n\n\n\n<p>De esta manera, el gobierno municipal reafirma su compromiso con las labores sociales, priorizando siempre el bienestar de quienes m\u00e1s lo necesitan. <strong><em>Prensa Alcald\u00eda \/ OIPI \/ Edgar Mendoza CNP 25.736 \/ Fotos cortes\u00eda: Imjaa<\/em><\/strong><\/p>\n\n\n\n<figure class=\"wp-block-gallery has-nested-images columns-default is-cropped wp-block-gallery-1 is-layout-flex wp-block-gallery-is-layout-flex\">\n<figure class=\"wp-block-image size-large\"><img loading=\"lazy\" decoding=\"async\" width=\"1024\" height=\"768\" data-id=\"18257\" src=\"https:\/\/alcaldiaalbertoadriani.com\/wp-content\/uploads\/2026\/09\/photo_4956754394506529897_y-1024x768.jpg\" alt=\"\" class=\"wp-image-18257\" srcset=\"https:\/\/alcaldiaalbertoadriani.com\/wp-content\/uploads\/2026\/09\/photo_4956754394506529897_y-1024x768.jpg 1024w, https:\/\/alcaldiaalbertoadriani.com\/wp-content\/uploads\/2026\/09\/photo_4956754394506529897_y-980x735.jpg 980w, https:\/\/alcaldiaalbertoadriani.com\/wp-content\/uploads\/2026\/09\/photo_4956754394506529897_y-480x360.jpg 480w\" sizes=\"auto, (min-width: 0px) and (max-width: 480px) 480px, (min-width: 481px) and (max-width: 980px) 980px, (min-width: 981px) 1024px, 100vw\" \/><\/figure>\n\n\n\n<figure class=\"wp-block-image size-large\"><img loading=\"lazy\" decoding=\"async\" width=\"1024\" height=\"768\" data-id=\"18255\" src=\"https:\/\/alcaldiaalbertoadriani.com\/wp-content\/uploads\/2026\/09\/photo_4956754394506529896_y-1024x768.jpg\" alt=\"\" class=\"wp-image-18255\" srcset=\"https:\/\/alcaldiaalbertoadriani.com\/wp-content\/uploads\/2026\/09\/photo_4956754394506529896_y-1024x768.jpg 1024w, https:\/\/alcaldiaalbertoadriani.com\/wp-content\/uploads\/2026\/09\/photo_4956754394506529896_y-980x735.jpg 980w, https:\/\/alcaldiaalbertoadriani.com\/wp-content\/uploads\/2026\/09\/photo_4956754394506529896_y-480x360.jpg 480w\" sizes=\"auto, (min-width: 0px) and (max-width: 480px) 480px, (min-width: 481px) and (max-width: 980px) 980px, (min-width: 981px) 1024px, 100vw\" \/><\/figure>\n\n\n\n<figure class=\"wp-block-image size-large\"><img loading=\"lazy\" decoding=\"async\" width=\"1024\" height=\"768\" data-id=\"18254\" src=\"https:\/\/alcaldiaalbertoadriani.com\/wp-content\/uploads\/2026\/09\/photo_4956754394506529895_y-1024x768.jpg\" alt=\"\" class=\"wp-image-18254\" srcset=\"https:\/\/alcaldiaalbertoadriani.com\/wp-content\/uploads\/2026\/09\/photo_4956754394506529895_y-1024x768.jpg 1024w, https:\/\/alcaldiaalbertoadriani.com\/wp-content\/uploads\/2026\/09\/photo_4956754394506529895_y-980x735.jpg 980w, https:\/\/alcaldiaalbertoadriani.com\/wp-content\/uploads\/2026\/09\/photo_4956754394506529895_y-480x360.jpg 480w\" sizes=\"auto, (min-width: 0px) and (max-width: 480px) 480px, (min-width: 481px) and (max-width: 980px) 980px, (min-width: 981px) 1024px, 100vw\" \/><\/figure>\n\n\n\n<figure class=\"wp-block-image size-large\"><img loading=\"lazy\" decoding=\"async\" width=\"1024\" height=\"768\" data-id=\"18256\" src=\"https:\/\/alcaldiaalbertoadriani.com\/wp-content\/uploads\/2026\/09\/photo_4956754394506529894_y-1024x768.jpg\" alt=\"\" class=\"wp-image-18256\" srcset=\"https:\/\/alcaldiaalbertoadriani.com\/wp-content\/uploads\/2026\/09\/photo_4956754394506529894_y-1024x768.jpg 1024w, https:\/\/alcaldiaalbertoadriani.com\/wp-content\/uploads\/2026\/09\/photo_4956754394506529894_y-980x735.jpg 980w, https:\/\/alcaldiaalbertoadriani.com\/wp-content\/uploads\/2026\/09\/photo_4956754394506529894_y-480x360.jpg 480w\" sizes=\"auto, (min-width: 0px) and (max-width: 480px) 480px, (min-width: 481px) and (max-width: 980px) 980px, (min-width: 981px) 1024px, 100vw\" \/><\/figure>\n<\/figure>\n","protected":false},"excerpt":{"rendered":"<p>Un total de 90 personas, entre pacientes y familiares, fueron beneficiadas con esta jornada social Arepazo La gesti\u00f3n del alcalde Lisandro Segura, a trav\u00e9s del Instituto Municipal de la Juventud [&hellip;]<\/p>\n","protected":false},"author":2,"featured_media":18256,"comment_status":"open","ping_status":"closed","sticky":false,"template":"","format":"standard","meta":{"_et_pb_use_builder":"off","_et_pb_old_content":"","_et_gb_content_width":"","footnotes":""},"categories":[341,89],"tags":[31,11,12,15,761,30,29,28],"class_list":["post-18253","post","type-post","status-publish","format-standard","has-post-thumbnail","hentry","category-alcaldia-alberto-adriani","category-imjaa","tag-alcalde","tag-alcaldia","tag-alcaldiaalbertoadriani","tag-elvigia","tag-encrucijadadeprogreso","tag-lisandrosegura","tag-municipioquenosmerecemos","tag-porelrenacer"],"yoast_head":"<!-- This site is optimized with the Yoast SEO plugin v19.13 - https:\/\/yoast.com\/wordpress\/plugins\/seo\/ -->\n<title>Gesti\u00f3n realiz\u00f3 solidario \u201cArepazo\u201d en Hospital II de El Vig\u00eda<\/title>\n<meta name=\"description\" content=\"Gesti\u00f3n de Lisandro Segura realiz\u00f3 un solidario \u201cArepazo\u201d en el Hospital II de El Vig\u00eda municipio Alberto Adriani\" \/>\n<meta name=\"robots\" content=\"index, follow, max-snippet:-1, max-image-preview:large, max-video-preview:-1\" \/>\n<link rel=\"canonical\" href=\"https:\/\/alcaldiaalbertoadriani.com\/?p=18253\" \/>\n<meta property=\"og:locale\" content=\"es_ES\" \/>\n<meta property=\"og:type\" content=\"article\" \/>\n<meta property=\"og:title\" content=\"Gesti\u00f3n realiz\u00f3 solidario \u201cArepazo\u201d en Hospital II de El Vig\u00eda\" \/>\n<meta property=\"og:description\" content=\"Gesti\u00f3n de Lisandro Segura realiz\u00f3 un solidario \u201cArepazo\u201d en el Hospital II de El Vig\u00eda municipio Alberto Adriani\" \/>\n<meta property=\"og:url\" content=\"https:\/\/alcaldiaalbertoadriani.com\/?p=18253\" \/>\n<meta property=\"og:site_name\" content=\"Alcaldia Alberto Adriani\" \/>\n<meta property=\"article:published_time\" content=\"2026-09-04T19:11:41+00:00\" \/>\n<meta property=\"article:modified_time\" content=\"2026-09-04T19:11:45+00:00\" \/>\n<meta property=\"og:image\" content=\"https:\/\/alcaldiaalbertoadriani.com\/wp-content\/uploads\/2026\/09\/photo_4956754394506529894_y.jpg\" \/>\n\t<meta property=\"og:image:width\" content=\"1080\" \/>\n\t<meta property=\"og:image:height\" content=\"810\" \/>\n\t<meta property=\"og:image:type\" content=\"image\/jpeg\" \/>\n<meta name=\"author\" content=\"Prensa\" \/>\n<meta name=\"twitter:card\" content=\"summary_large_image\" \/>\n<meta name=\"twitter:label1\" content=\"Escrito por\" \/>\n\t<meta name=\"twitter:data1\" content=\"Prensa\" \/>\n\t<meta name=\"twitter:label2\" content=\"Tiempo de lectura\" \/>\n\t<meta name=\"twitter:data2\" content=\"2 minutos\" \/>\n<script type=\"application\/ld+json\" class=\"yoast-schema-graph\">{\"@context\":\"https:\/\/schema.org\",\"@graph\":[{\"@type\":\"WebPage\",\"@id\":\"https:\/\/alcaldiaalbertoadriani.com\/?p=18253\",\"url\":\"https:\/\/alcaldiaalbertoadriani.com\/?p=18253\",\"name\":\"Gesti\u00f3n realiz\u00f3 solidario \u201cArepazo\u201d en Hospital II de El Vig\u00eda\",\"isPartOf\":{\"@id\":\"https:\/\/alcaldiaalbertoadriani.com\/#website\"},\"datePublished\":\"2026-09-04T19:11:41+00:00\",\"dateModified\":\"2026-09-04T19:11:45+00:00\",\"author\":{\"@id\":\"https:\/\/alcaldiaalbertoadriani.com\/#\/schema\/person\/549b4483ff8999ac780deeea78795fc9\"},\"description\":\"Gesti\u00f3n de Lisandro Segura realiz\u00f3 un solidario \u201cArepazo\u201d en el Hospital II de El Vig\u00eda municipio Alberto Adriani\",\"breadcrumb\":{\"@id\":\"https:\/\/alcaldiaalbertoadriani.com\/?p=18253#breadcrumb\"},\"inLanguage\":\"es\",\"potentialAction\":[{\"@type\":\"ReadAction\",\"target\":[\"https:\/\/alcaldiaalbertoadriani.com\/?p=18253\"]}]},{\"@type\":\"BreadcrumbList\",\"@id\":\"https:\/\/alcaldiaalbertoadriani.com\/?p=18253#breadcrumb\",\"itemListElement\":[{\"@type\":\"ListItem\",\"position\":1,\"name\":\"Portada\",\"item\":\"https:\/\/alcaldiaalbertoadriani.com\/\"},{\"@type\":\"ListItem\",\"position\":2,\"name\":\"Gesti\u00f3n de Lisandro Segura realiz\u00f3 un solidario \u201cArepazo\u201d en el Hospital II de El Vig\u00eda\"}]},{\"@type\":\"WebSite\",\"@id\":\"https:\/\/alcaldiaalbertoadriani.com\/#website\",\"url\":\"https:\/\/alcaldiaalbertoadriani.com\/\",\"name\":\"Alcaldia Alberto Adriani\",\"description\":\"\",\"potentialAction\":[{\"@type\":\"SearchAction\",\"target\":{\"@type\":\"EntryPoint\",\"urlTemplate\":\"https:\/\/alcaldiaalbertoadriani.com\/?s={search_term_string}\"},\"query-input\":\"required name=search_term_string\"}],\"inLanguage\":\"es\"},{\"@type\":\"Person\",\"@id\":\"https:\/\/alcaldiaalbertoadriani.com\/#\/schema\/person\/549b4483ff8999ac780deeea78795fc9\",\"name\":\"Prensa\",\"image\":{\"@type\":\"ImageObject\",\"inLanguage\":\"es\",\"@id\":\"https:\/\/alcaldiaalbertoadriani.com\/#\/schema\/person\/image\/\",\"url\":\"https:\/\/secure.gravatar.com\/avatar\/ea1cb567ea992a29627f4eee1c2eb185ec16decec6342d508fdf18dedb56c9de?s=96&d=mm&r=g\",\"contentUrl\":\"https:\/\/secure.gravatar.com\/avatar\/ea1cb567ea992a29627f4eee1c2eb185ec16decec6342d508fdf18dedb56c9de?s=96&d=mm&r=g\",\"caption\":\"Prensa\"},\"url\":\"https:\/\/alcaldiaalbertoadriani.com\/?author=2\"}]}<\/script>\n<!-- \/ Yoast SEO plugin. -->","yoast_head_json":{"title":"Gesti\u00f3n realiz\u00f3 solidario \u201cArepazo\u201d en Hospital II de El Vig\u00eda","description":"Gesti\u00f3n de Lisandro Segura realiz\u00f3 un solidario \u201cArepazo\u201d en el Hospital II de El Vig\u00eda municipio Alberto Adriani","robots":{"index":"index","follow":"follow","max-snippet":"max-snippet:-1","max-image-preview":"max-image-preview:large","max-video-preview":"max-video-preview:-1"},"canonical":"https:\/\/alcaldiaalbertoadriani.com\/?p=18253","og_locale":"es_ES","og_type":"article","og_title":"Gesti\u00f3n realiz\u00f3 solidario \u201cArepazo\u201d en Hospital II de El Vig\u00eda","og_description":"Gesti\u00f3n de Lisandro Segura realiz\u00f3 un solidario \u201cArepazo\u201d en el Hospital II de El Vig\u00eda municipio Alberto Adriani","og_url":"https:\/\/alcaldiaalbertoadriani.com\/?p=18253","og_site_name":"Alcaldia Alberto Adriani","article_published_time":"2026-09-04T19:11:41+00:00","article_modified_time":"2026-09-04T19:11:45+00:00","og_image":[{"width":1080,"height":810,"url":"https:\/\/alcaldiaalbertoadriani.com\/wp-content\/uploads\/2026\/09\/photo_4956754394506529894_y.jpg","type":"image\/jpeg"}],"author":"Prensa","twitter_card":"summary_large_image","twitter_misc":{"Escrito por":"Prensa","Tiempo de lectura":"2 minutos"},"schema":{"@context":"https:\/\/schema.org","@graph":[{"@type":"WebPage","@id":"https:\/\/alcaldiaalbertoadriani.com\/?p=18253","url":"https:\/\/alcaldiaalbertoadriani.com\/?p=18253","name":"Gesti\u00f3n realiz\u00f3 solidario \u201cArepazo\u201d en Hospital II de El Vig\u00eda","isPartOf":{"@id":"https:\/\/alcaldiaalbertoadriani.com\/#website"},"datePublished":"2026-09-04T19:11:41+00:00","dateModified":"2026-09-04T19:11:45+00:00","author":{"@id":"https:\/\/alcaldiaalbertoadriani.com\/#\/schema\/person\/549b4483ff8999ac780deeea78795fc9"},"description":"Gesti\u00f3n de Lisandro Segura realiz\u00f3 un solidario \u201cArepazo\u201d en el Hospital II de El Vig\u00eda municipio Alberto Adriani","breadcrumb":{"@id":"https:\/\/alcaldiaalbertoadriani.com\/?p=18253#breadcrumb"},"inLanguage":"es","potentialAction":[{"@type":"ReadAction","target":["https:\/\/alcaldiaalbertoadriani.com\/?p=18253"]}]},{"@type":"BreadcrumbList","@id":"https:\/\/alcaldiaalbertoadriani.com\/?p=18253#breadcrumb","itemListElement":[{"@type":"ListItem","position":1,"name":"Portada","item":"https:\/\/alcaldiaalbertoadriani.com\/"},{"@type":"ListItem","position":2,"name":"Gesti\u00f3n de Lisandro Segura realiz\u00f3 un solidario \u201cArepazo\u201d en el Hospital II de El Vig\u00eda"}]},{"@type":"WebSite","@id":"https:\/\/alcaldiaalbertoadriani.com\/#website","url":"https:\/\/alcaldiaalbertoadriani.com\/","name":"Alcaldia Alberto Adriani","description":"","potentialAction":[{"@type":"SearchAction","target":{"@type":"EntryPoint","urlTemplate":"https:\/\/alcaldiaalbertoadriani.com\/?s={search_term_string}"},"query-input":"required name=search_term_string"}],"inLanguage":"es"},{"@type":"Person","@id":"https:\/\/alcaldiaalbertoadriani.com\/#\/schema\/person\/549b4483ff8999ac780deeea78795fc9","name":"Prensa","image":{"@type":"ImageObject","inLanguage":"es","@id":"https:\/\/alcaldiaalbertoadriani.com\/#\/schema\/person\/image\/","url":"https:\/\/secure.gravatar.com\/avatar\/ea1cb567ea992a29627f4eee1c2eb185ec16decec6342d508fdf18dedb56c9de?s=96&d=mm&r=g","contentUrl":"https:\/\/secure.gravatar.com\/avatar\/ea1cb567ea992a29627f4eee1c2eb185ec16decec6342d508fdf18dedb56c9de?s=96&d=mm&r=g","caption":"Prensa"},"url":"https:\/\/alcaldiaalbertoadriani.com\/?author=2"}]}},"_links":{"self":[{"href":"https:\/\/alcaldiaalbertoadriani.com\/index.php?rest_route=\/wp\/v2\/posts\/18253","targetHints":{"allow":["GET"]}}],"collection":[{"href":"https:\/\/alcaldiaalbertoadriani.com\/index.php?rest_route=\/wp\/v2\/posts"}],"about":[{"href":"https:\/\/alcaldiaalbertoadriani.com\/index.php?rest_route=\/wp\/v2\/types\/post"}],"author":[{"embeddable":true,"href":"https:\/\/alcaldiaalbertoadriani.com\/index.php?rest_route=\/wp\/v2\/users\/2"}],"replies":[{"embeddable":true,"href":"https:\/\/alcaldiaalbertoadriani.com\/index.php?rest_route=%2Fwp%2Fv2%2Fcomments&post=18253"}],"version-history":[{"count":1,"href":"https:\/\/alcaldiaalbertoadriani.com\/index.php?rest_route=\/wp\/v2\/posts\/18253\/revisions"}],"predecessor-version":[{"id":18258,"href":"https:\/\/alcaldiaalbertoadriani.com\/index.php?rest_route=\/wp\/v2\/posts\/18253\/revisions\/18258"}],"wp:featuredmedia":[{"embeddable":true,"href":"https:\/\/alcaldiaalbertoadriani.com\/index.php?rest_route=\/wp\/v2\/media\/18256"}],"wp:attachment":[{"href":"https:\/\/alcaldiaalbertoadriani.com\/index.php?rest_route=%2Fwp%2Fv2%2Fmedia&parent=18253"}],"wp:term":[{"taxonomy":"category","embeddable":true,"href":"https:\/\/alcaldiaalbertoadriani.com\/index.php?rest_route=%2Fwp%2Fv2%2Fcategories&post=18253"},{"taxonomy":"post_tag","embeddable":true,"href":"https:\/\/alcaldiaalbertoadriani.com\/index.php?rest_route=%2Fwp%2Fv2%2Ftags&post=18253"}],"curies":[{"name":"wp","href":"https:\/\/api.w.org\/{rel}","templated":true}]}}