{"id":18241,"date":"2026-09-04T18:44:37","date_gmt":"2026-09-04T18:44:37","guid":{"rendered":"https:\/\/alcaldiaalbertoadriani.com\/?p=18241"},"modified":"2026-09-04T18:44:43","modified_gmt":"2026-09-04T18:44:43","slug":"parque-chama-ii-estrena-vialidad-en-gestion-de-lisandro-segura","status":"publish","type":"post","link":"https:\/\/alcaldiaalbertoadriani.com\/?p=18241","title":{"rendered":"Parque Chama II estrena nueva vialidad gracias a la gesti\u00f3n del alcalde Lisandro Segura"},"content":{"rendered":"\n<h2 class=\"wp-block-heading\"><em> programa radial &#8220;Conversando con Lisandro&#8221;<\/em><\/h2>\n\n\n\n<p>Este mi\u00e9rcoles, en el marco de su programa radial &#8220;<a href=\"https:\/\/alcaldiaalbertoadriani.com\/?cat=222\">Conversando con Lisandro<\/a>&#8221; transmitido desde Parque Chama II (parroquia R\u00f3mulo Betancourt). El alcalde del municipio Alberto Adriani, <a href=\"https:\/\/www.instagram.com\/lisandrosegura02\/\">Lisandro Segura<\/a>, hizo entrega formal de la obra de asfaltado de la calle principal de este sector. Durante el evento, le acompa\u00f1aron el concejal del circuito, Evaristo Contreras, y la directora general de la alcald\u00eda, Eligia Jactiva.<\/p>\n\n\n\n<p>El mandatario local destac\u00f3 que esta obra representa un compromiso asumido el a\u00f1o pasado, y cumplido ahora de manera progresiva. &#8220;Estamos cumpliendo nuestra palabra. Hemos dado respuesta paso a paso y hoy entregamos esta primera etapa del asfaltado aqu\u00ed en Parque Chama II&#8221;, expres\u00f3 Segura.<\/p>\n\n\n\n<p>El alcalde detall\u00f3 que se intervinieron 600 metros de longitud en la v\u00eda principal y anunci\u00f3 que, para el pr\u00f3ximo a\u00f1o, se proyecta una segunda etapa que abarcar\u00e1 otras calles de la comunidad. Asimismo, ratific\u00f3 su apoyo a 18 familias del sector con la donaci\u00f3n de 1.600 bloques para cada una, material que ser\u00e1 entregado progresivamente seg\u00fan la prioridad de los grupos familiares.<\/p>\n\n\n\n<h2 class=\"wp-block-heading\"><em>Atenci\u00f3n a otros sectores y gesti\u00f3n ambiental<\/em><\/h2>\n\n\n\n<p>Durante el programa, el alcalde tambi\u00e9n convers\u00f3 sobre la situaci\u00f3n en Mocacay. Explic\u00f3 que, debido a que el pavimento r\u00edgido de la zona presenta socavamiento, no es posible ingresar maquinaria pesada (D6) para la rehabilitaci\u00f3n de la vialidad agr\u00edcola sin correr riesgos. En coordinaci\u00f3n con los vecinos, acordaron construir primero un muro cicl\u00f3peo; la alcald\u00eda aportar\u00e1 la piedra bola y el cemento y la comunidad la mano de obra. Se estima iniciar estos trabajos la pr\u00f3xima semana, posteriormente, se proceder\u00e1 con la maquinaria.<\/p>\n\n\n\n<p>Por otra parte, el burgomaestre se refiri\u00f3 a la preocupante deforestaci\u00f3n en el sector Colinas de San Benito, en las cercan\u00edas del pozo profundo. Al respecto, inform\u00f3 que instruy\u00f3 a la Coordinaci\u00f3n de Ambiente a elaborar un informe t\u00e9cnico para ser entregado al Ministerio de Ecosocialismo. Segura fue enf\u00e1tico al recordar que estas acciones constituyen un delito ambiental y advirti\u00f3 que quienes realicen talas o quemas enfrentar\u00e1n las consecuencias legales correspondientes.<\/p>\n\n\n\n<p>Finalmente, sobre la problem\u00e1tica del puente en la v\u00eda hacia el Km 9, que se encuentra colmatado, el alcalde aclar\u00f3 que, aunque la obra es competencia del gobierno nacional y el municipio no cuenta con los recursos propios para ejecutar trabajos, ya ha coordinado con el gobierno regional mediante un oficio formal para gestionar la pronta atenci\u00f3n de este tramo vial.<\/p>\n\n\n\n<p>Con estas acciones, Lisandro Segura reiter\u00f3 el compromiso de su gesti\u00f3n de seguir avanzando en la soluci\u00f3n de las problem\u00e1ticas que afectan a las comunidades del municipio Alberto Adriani.<strong><em>Prensa OIPI\/Claribel Zambrano CNP 11.843\/ Foto: Karla M\u00e1rquez<\/em><\/strong><\/p>\n\n\n\n<figure class=\"wp-block-gallery has-nested-images columns-default is-cropped wp-block-gallery-1 is-layout-flex wp-block-gallery-is-layout-flex\">\n<figure class=\"wp-block-image size-large\"><img loading=\"lazy\" decoding=\"async\" width=\"1024\" height=\"768\" data-id=\"18243\" src=\"https:\/\/alcaldiaalbertoadriani.com\/wp-content\/uploads\/2026\/09\/photo_4956220006085627149_y-1024x768.jpg\" alt=\"\" class=\"wp-image-18243\" srcset=\"https:\/\/alcaldiaalbertoadriani.com\/wp-content\/uploads\/2026\/09\/photo_4956220006085627149_y-1024x768.jpg 1024w, https:\/\/alcaldiaalbertoadriani.com\/wp-content\/uploads\/2026\/09\/photo_4956220006085627149_y-980x735.jpg 980w, https:\/\/alcaldiaalbertoadriani.com\/wp-content\/uploads\/2026\/09\/photo_4956220006085627149_y-480x360.jpg 480w\" sizes=\"auto, (min-width: 0px) and (max-width: 480px) 480px, (min-width: 481px) and (max-width: 980px) 980px, (min-width: 981px) 1024px, 100vw\" \/><\/figure>\n\n\n\n<figure class=\"wp-block-image size-large\"><img loading=\"lazy\" decoding=\"async\" width=\"1024\" height=\"770\" data-id=\"18242\" src=\"https:\/\/alcaldiaalbertoadriani.com\/wp-content\/uploads\/2026\/09\/photo_4956220006085627150_y-1024x770.jpg\" alt=\"\" class=\"wp-image-18242\" srcset=\"https:\/\/alcaldiaalbertoadriani.com\/wp-content\/uploads\/2026\/09\/photo_4956220006085627150_y-1024x770.jpg 1024w, https:\/\/alcaldiaalbertoadriani.com\/wp-content\/uploads\/2026\/09\/photo_4956220006085627150_y-980x737.jpg 980w, https:\/\/alcaldiaalbertoadriani.com\/wp-content\/uploads\/2026\/09\/photo_4956220006085627150_y-480x361.jpg 480w\" sizes=\"auto, (min-width: 0px) and (max-width: 480px) 480px, (min-width: 481px) and (max-width: 980px) 980px, (min-width: 981px) 1024px, 100vw\" \/><\/figure>\n<\/figure>\n","protected":false},"excerpt":{"rendered":"<p>programa radial &#8220;Conversando con Lisandro&#8221; Este mi\u00e9rcoles, en el marco de su programa radial &#8220;Conversando con Lisandro&#8221; transmitido desde Parque Chama II (parroquia R\u00f3mulo Betancourt). El alcalde del municipio Alberto [&hellip;]<\/p>\n","protected":false},"author":2,"featured_media":18242,"comment_status":"open","ping_status":"closed","sticky":false,"template":"","format":"standard","meta":{"_et_pb_use_builder":"off","_et_pb_old_content":"","_et_gb_content_width":"","footnotes":""},"categories":[341,222],"tags":[11,12,15,761,30,29,28],"class_list":["post-18241","post","type-post","status-publish","format-standard","has-post-thumbnail","hentry","category-alcaldia-alberto-adriani","category-conversando-con-lisandro","tag-alcaldia","tag-alcaldiaalbertoadriani","tag-elvigia","tag-encrucijadadeprogreso","tag-lisandrosegura","tag-municipioquenosmerecemos","tag-porelrenacer"],"yoast_head":"<!-- This site is optimized with the Yoast SEO plugin v19.13 - https:\/\/yoast.com\/wordpress\/plugins\/seo\/ -->\n<title>Parque Chama II estrena vialidad en gesti\u00f3n de Lisandro Segura<\/title>\n<meta name=\"description\" content=\"Parque Chama II estrena nueva vialidad gracias a la gesti\u00f3n del alcalde Lisandro Segura del municipio Alberto Adriani\" \/>\n<meta name=\"robots\" content=\"index, follow, max-snippet:-1, max-image-preview:large, max-video-preview:-1\" \/>\n<link rel=\"canonical\" href=\"https:\/\/alcaldiaalbertoadriani.com\/?p=18241\" \/>\n<meta property=\"og:locale\" content=\"es_ES\" \/>\n<meta property=\"og:type\" content=\"article\" \/>\n<meta property=\"og:title\" content=\"Parque Chama II estrena vialidad en gesti\u00f3n de Lisandro Segura\" \/>\n<meta property=\"og:description\" content=\"Parque Chama II estrena nueva vialidad gracias a la gesti\u00f3n del alcalde Lisandro Segura del municipio Alberto Adriani\" \/>\n<meta property=\"og:url\" content=\"https:\/\/alcaldiaalbertoadriani.com\/?p=18241\" \/>\n<meta property=\"og:site_name\" content=\"Alcaldia Alberto Adriani\" \/>\n<meta property=\"article:published_time\" content=\"2026-09-04T18:44:37+00:00\" \/>\n<meta property=\"article:modified_time\" content=\"2026-09-04T18:44:43+00:00\" \/>\n<meta property=\"og:image\" content=\"https:\/\/alcaldiaalbertoadriani.com\/wp-content\/uploads\/2026\/09\/photo_4956220006085627150_y.jpg\" \/>\n\t<meta property=\"og:image:width\" content=\"1280\" \/>\n\t<meta property=\"og:image:height\" content=\"962\" \/>\n\t<meta property=\"og:image:type\" content=\"image\/jpeg\" \/>\n<meta name=\"author\" content=\"Prensa\" \/>\n<meta name=\"twitter:card\" content=\"summary_large_image\" \/>\n<meta name=\"twitter:label1\" content=\"Escrito por\" \/>\n\t<meta name=\"twitter:data1\" content=\"Prensa\" \/>\n\t<meta name=\"twitter:label2\" content=\"Tiempo de lectura\" \/>\n\t<meta name=\"twitter:data2\" content=\"3 minutos\" \/>\n<script type=\"application\/ld+json\" class=\"yoast-schema-graph\">{\"@context\":\"https:\/\/schema.org\",\"@graph\":[{\"@type\":\"WebPage\",\"@id\":\"https:\/\/alcaldiaalbertoadriani.com\/?p=18241\",\"url\":\"https:\/\/alcaldiaalbertoadriani.com\/?p=18241\",\"name\":\"Parque Chama II estrena vialidad en gesti\u00f3n de Lisandro Segura\",\"isPartOf\":{\"@id\":\"https:\/\/alcaldiaalbertoadriani.com\/#website\"},\"datePublished\":\"2026-09-04T18:44:37+00:00\",\"dateModified\":\"2026-09-04T18:44:43+00:00\",\"author\":{\"@id\":\"https:\/\/alcaldiaalbertoadriani.com\/#\/schema\/person\/549b4483ff8999ac780deeea78795fc9\"},\"description\":\"Parque Chama II estrena nueva vialidad gracias a la gesti\u00f3n del alcalde Lisandro Segura del municipio Alberto Adriani\",\"breadcrumb\":{\"@id\":\"https:\/\/alcaldiaalbertoadriani.com\/?p=18241#breadcrumb\"},\"inLanguage\":\"es\",\"potentialAction\":[{\"@type\":\"ReadAction\",\"target\":[\"https:\/\/alcaldiaalbertoadriani.com\/?p=18241\"]}]},{\"@type\":\"BreadcrumbList\",\"@id\":\"https:\/\/alcaldiaalbertoadriani.com\/?p=18241#breadcrumb\",\"itemListElement\":[{\"@type\":\"ListItem\",\"position\":1,\"name\":\"Portada\",\"item\":\"https:\/\/alcaldiaalbertoadriani.com\/\"},{\"@type\":\"ListItem\",\"position\":2,\"name\":\"Parque Chama II estrena nueva vialidad gracias a la gesti\u00f3n del alcalde Lisandro Segura\"}]},{\"@type\":\"WebSite\",\"@id\":\"https:\/\/alcaldiaalbertoadriani.com\/#website\",\"url\":\"https:\/\/alcaldiaalbertoadriani.com\/\",\"name\":\"Alcaldia Alberto Adriani\",\"description\":\"\",\"potentialAction\":[{\"@type\":\"SearchAction\",\"target\":{\"@type\":\"EntryPoint\",\"urlTemplate\":\"https:\/\/alcaldiaalbertoadriani.com\/?s={search_term_string}\"},\"query-input\":\"required name=search_term_string\"}],\"inLanguage\":\"es\"},{\"@type\":\"Person\",\"@id\":\"https:\/\/alcaldiaalbertoadriani.com\/#\/schema\/person\/549b4483ff8999ac780deeea78795fc9\",\"name\":\"Prensa\",\"image\":{\"@type\":\"ImageObject\",\"inLanguage\":\"es\",\"@id\":\"https:\/\/alcaldiaalbertoadriani.com\/#\/schema\/person\/image\/\",\"url\":\"https:\/\/secure.gravatar.com\/avatar\/ea1cb567ea992a29627f4eee1c2eb185ec16decec6342d508fdf18dedb56c9de?s=96&d=mm&r=g\",\"contentUrl\":\"https:\/\/secure.gravatar.com\/avatar\/ea1cb567ea992a29627f4eee1c2eb185ec16decec6342d508fdf18dedb56c9de?s=96&d=mm&r=g\",\"caption\":\"Prensa\"},\"url\":\"https:\/\/alcaldiaalbertoadriani.com\/?author=2\"}]}<\/script>\n<!-- \/ Yoast SEO plugin. -->","yoast_head_json":{"title":"Parque Chama II estrena vialidad en gesti\u00f3n de Lisandro Segura","description":"Parque Chama II estrena nueva vialidad gracias a la gesti\u00f3n del alcalde Lisandro Segura del municipio Alberto Adriani","robots":{"index":"index","follow":"follow","max-snippet":"max-snippet:-1","max-image-preview":"max-image-preview:large","max-video-preview":"max-video-preview:-1"},"canonical":"https:\/\/alcaldiaalbertoadriani.com\/?p=18241","og_locale":"es_ES","og_type":"article","og_title":"Parque Chama II estrena vialidad en gesti\u00f3n de Lisandro Segura","og_description":"Parque Chama II estrena nueva vialidad gracias a la gesti\u00f3n del alcalde Lisandro Segura del municipio Alberto Adriani","og_url":"https:\/\/alcaldiaalbertoadriani.com\/?p=18241","og_site_name":"Alcaldia Alberto Adriani","article_published_time":"2026-09-04T18:44:37+00:00","article_modified_time":"2026-09-04T18:44:43+00:00","og_image":[{"width":1280,"height":962,"url":"https:\/\/alcaldiaalbertoadriani.com\/wp-content\/uploads\/2026\/09\/photo_4956220006085627150_y.jpg","type":"image\/jpeg"}],"author":"Prensa","twitter_card":"summary_large_image","twitter_misc":{"Escrito por":"Prensa","Tiempo de lectura":"3 minutos"},"schema":{"@context":"https:\/\/schema.org","@graph":[{"@type":"WebPage","@id":"https:\/\/alcaldiaalbertoadriani.com\/?p=18241","url":"https:\/\/alcaldiaalbertoadriani.com\/?p=18241","name":"Parque Chama II estrena vialidad en gesti\u00f3n de Lisandro Segura","isPartOf":{"@id":"https:\/\/alcaldiaalbertoadriani.com\/#website"},"datePublished":"2026-09-04T18:44:37+00:00","dateModified":"2026-09-04T18:44:43+00:00","author":{"@id":"https:\/\/alcaldiaalbertoadriani.com\/#\/schema\/person\/549b4483ff8999ac780deeea78795fc9"},"description":"Parque Chama II estrena nueva vialidad gracias a la gesti\u00f3n del alcalde Lisandro Segura del municipio Alberto Adriani","breadcrumb":{"@id":"https:\/\/alcaldiaalbertoadriani.com\/?p=18241#breadcrumb"},"inLanguage":"es","potentialAction":[{"@type":"ReadAction","target":["https:\/\/alcaldiaalbertoadriani.com\/?p=18241"]}]},{"@type":"BreadcrumbList","@id":"https:\/\/alcaldiaalbertoadriani.com\/?p=18241#breadcrumb","itemListElement":[{"@type":"ListItem","position":1,"name":"Portada","item":"https:\/\/alcaldiaalbertoadriani.com\/"},{"@type":"ListItem","position":2,"name":"Parque Chama II estrena nueva vialidad gracias a la gesti\u00f3n del alcalde Lisandro Segura"}]},{"@type":"WebSite","@id":"https:\/\/alcaldiaalbertoadriani.com\/#website","url":"https:\/\/alcaldiaalbertoadriani.com\/","name":"Alcaldia Alberto Adriani","description":"","potentialAction":[{"@type":"SearchAction","target":{"@type":"EntryPoint","urlTemplate":"https:\/\/alcaldiaalbertoadriani.com\/?s={search_term_string}"},"query-input":"required name=search_term_string"}],"inLanguage":"es"},{"@type":"Person","@id":"https:\/\/alcaldiaalbertoadriani.com\/#\/schema\/person\/549b4483ff8999ac780deeea78795fc9","name":"Prensa","image":{"@type":"ImageObject","inLanguage":"es","@id":"https:\/\/alcaldiaalbertoadriani.com\/#\/schema\/person\/image\/","url":"https:\/\/secure.gravatar.com\/avatar\/ea1cb567ea992a29627f4eee1c2eb185ec16decec6342d508fdf18dedb56c9de?s=96&d=mm&r=g","contentUrl":"https:\/\/secure.gravatar.com\/avatar\/ea1cb567ea992a29627f4eee1c2eb185ec16decec6342d508fdf18dedb56c9de?s=96&d=mm&r=g","caption":"Prensa"},"url":"https:\/\/alcaldiaalbertoadriani.com\/?author=2"}]}},"_links":{"self":[{"href":"https:\/\/alcaldiaalbertoadriani.com\/index.php?rest_route=\/wp\/v2\/posts\/18241","targetHints":{"allow":["GET"]}}],"collection":[{"href":"https:\/\/alcaldiaalbertoadriani.com\/index.php?rest_route=\/wp\/v2\/posts"}],"about":[{"href":"https:\/\/alcaldiaalbertoadriani.com\/index.php?rest_route=\/wp\/v2\/types\/post"}],"author":[{"embeddable":true,"href":"https:\/\/alcaldiaalbertoadriani.com\/index.php?rest_route=\/wp\/v2\/users\/2"}],"replies":[{"embeddable":true,"href":"https:\/\/alcaldiaalbertoadriani.com\/index.php?rest_route=%2Fwp%2Fv2%2Fcomments&post=18241"}],"version-history":[{"count":1,"href":"https:\/\/alcaldiaalbertoadriani.com\/index.php?rest_route=\/wp\/v2\/posts\/18241\/revisions"}],"predecessor-version":[{"id":18244,"href":"https:\/\/alcaldiaalbertoadriani.com\/index.php?rest_route=\/wp\/v2\/posts\/18241\/revisions\/18244"}],"wp:featuredmedia":[{"embeddable":true,"href":"https:\/\/alcaldiaalbertoadriani.com\/index.php?rest_route=\/wp\/v2\/media\/18242"}],"wp:attachment":[{"href":"https:\/\/alcaldiaalbertoadriani.com\/index.php?rest_route=%2Fwp%2Fv2%2Fmedia&parent=18241"}],"wp:term":[{"taxonomy":"category","embeddable":true,"href":"https:\/\/alcaldiaalbertoadriani.com\/index.php?rest_route=%2Fwp%2Fv2%2Fcategories&post=18241"},{"taxonomy":"post_tag","embeddable":true,"href":"https:\/\/alcaldiaalbertoadriani.com\/index.php?rest_route=%2Fwp%2Fv2%2Ftags&post=18241"}],"curies":[{"name":"wp","href":"https:\/\/api.w.org\/{rel}","templated":true}]}}