{"id":18234,"date":"2026-09-04T18:23:44","date_gmt":"2026-09-04T18:23:44","guid":{"rendered":"https:\/\/alcaldiaalbertoadriani.com\/?p=18234"},"modified":"2026-09-04T18:23:50","modified_gmt":"2026-09-04T18:23:50","slug":"alcaldia-dicto-taller-de-capacitacion-preventiva","status":"publish","type":"post","link":"https:\/\/alcaldiaalbertoadriani.com\/?p=18234","title":{"rendered":"Gesti\u00f3n de Lisandro Segura dict\u00f3 taller de capacitaci\u00f3n preventiva"},"content":{"rendered":"\n<h2 class=\"wp-block-heading\"><strong><em>La actividad estuvo dirigida al personal de la Defensa P\u00fablica de El Vig\u00eda<\/em><\/strong><\/h2>\n\n\n\n<p>Con el objetivo de consolidar alianzas institucionales y reforzar las herramientas conceptuales y normativas en materia de prevenci\u00f3n del uso indebido de drogas, la Oficina Municipal Antidrogas (<a href=\"https:\/\/alcaldiaalbertoadriani.com\/?tag=oma-concientizacion-fentanilo\">OMA<\/a>) y la Superintendencia Nacional Antidrogas (SNA) del municipio Alberto Adriani impartieron un taller de capacitaci\u00f3n preventiva  dirigido al personal de la <a href=\"https:\/\/alcaldiaalbertoadriani.com\/?p=17993\">Defensa P\u00fablica<\/a>.<\/p>\n\n\n\n<h2 class=\"wp-block-heading\"><em>Taller de Capacitaci\u00f3n <\/em><\/h2>\n\n\n\n<p>La informaci\u00f3n fue suministrada por Luis G\u00f3mez, jefe de la OMA-SNA, quien, en cumplimiento de las pol\u00edticas preventivas del alcalde<a href=\"https:\/\/www.instagram.com\/lisandrosegura02\/\"> Lisandro Segura<\/a>, destac\u00f3 que la ponencia estuvo a cargo de Karina Rojas, Lizbeth Urdaneta y su persona. La jornada se centr\u00f3 en el abordaje del consumo desde la perspectiva de la salud p\u00fablica, fundamentada en la Ley Org\u00e1nica de Drogas, la Constituci\u00f3n de la Rep\u00fablica Bolivariana de Venezuela, la Gran Misi\u00f3n Cuadrantes de Paz y el Plan de la Patria.<\/p>\n\n\n\n<figure class=\"wp-block-gallery has-nested-images columns-default is-cropped wp-block-gallery-1 is-layout-flex wp-block-gallery-is-layout-flex\">\n<figure class=\"wp-block-image size-large\"><img loading=\"lazy\" decoding=\"async\" width=\"1024\" height=\"768\" data-id=\"18235\" src=\"https:\/\/alcaldiaalbertoadriani.com\/wp-content\/uploads\/2026\/09\/photo_4949630186223766848_y-1024x768.jpg\" alt=\"\" class=\"wp-image-18235\" srcset=\"https:\/\/alcaldiaalbertoadriani.com\/wp-content\/uploads\/2026\/09\/photo_4949630186223766848_y-1024x768.jpg 1024w, https:\/\/alcaldiaalbertoadriani.com\/wp-content\/uploads\/2026\/09\/photo_4949630186223766848_y-980x735.jpg 980w, https:\/\/alcaldiaalbertoadriani.com\/wp-content\/uploads\/2026\/09\/photo_4949630186223766848_y-480x360.jpg 480w\" sizes=\"auto, (min-width: 0px) and (max-width: 480px) 480px, (min-width: 481px) and (max-width: 980px) 980px, (min-width: 981px) 1024px, 100vw\" \/><\/figure>\n<\/figure>\n\n\n\n<p>G\u00f3mez se\u00f1al\u00f3 que, durante la actividad, se trataron aspectos clave como la clasificaci\u00f3n de sustancias estupefacientes y psicotr\u00f3picas, el control de precursores qu\u00edmicos y la articulaci\u00f3n con el Sistema P\u00fablico Nacional de Atenci\u00f3n y Tratamiento de las Adicciones (red COF, CEPAI y CTS). Asimismo, se hizo \u00e9nfasis en la distinci\u00f3n de las competencias legales entre el tratamiento de la adicci\u00f3n como un tema de salud y el abordaje de los delitos de tr\u00e1fico y microtr\u00e1fico.<\/p>\n\n\n\n<p>Posteriormente, se realiz\u00f3 una din\u00e1mica participativa con mensajes reflexivos, enfocada en promover el amor, el compa\u00f1erismo y el reconocimiento del valor del otro dentro del entorno laboral.<\/p>\n\n\n\n<p>Con este tipo de iniciativas, la gesti\u00f3n municipal reafirma su compromiso con la formaci\u00f3n continua de los servidores p\u00fablicos para garantizar una atenci\u00f3n integral, humana y ajustada a derecho en beneficio de la comunidad, todo ello enmarcado en el Plan Operativo Anual (POA) y el Plan Nacional Antidrogas 2026-2031.<strong><em>Prensa Alcald\u00eda OIPI \/ Edgar Mendoza CNP 25.736 \/ Fotos cortes\u00eda.<\/em><\/strong><\/p>\n\n\n\n<figure class=\"wp-block-gallery has-nested-images columns-default is-cropped wp-block-gallery-2 is-layout-flex wp-block-gallery-is-layout-flex\">\n<figure class=\"wp-block-image size-large\"><img loading=\"lazy\" decoding=\"async\" width=\"1024\" height=\"768\" data-id=\"18236\" src=\"https:\/\/alcaldiaalbertoadriani.com\/wp-content\/uploads\/2026\/09\/photo_4949630186223766852_y-1024x768.jpg\" alt=\"\" class=\"wp-image-18236\" srcset=\"https:\/\/alcaldiaalbertoadriani.com\/wp-content\/uploads\/2026\/09\/photo_4949630186223766852_y-1024x768.jpg 1024w, https:\/\/alcaldiaalbertoadriani.com\/wp-content\/uploads\/2026\/09\/photo_4949630186223766852_y-980x735.jpg 980w, https:\/\/alcaldiaalbertoadriani.com\/wp-content\/uploads\/2026\/09\/photo_4949630186223766852_y-480x360.jpg 480w\" sizes=\"auto, (min-width: 0px) and (max-width: 480px) 480px, (min-width: 481px) and (max-width: 980px) 980px, (min-width: 981px) 1024px, 100vw\" \/><\/figure>\n\n\n\n<figure class=\"wp-block-image size-large\"><img loading=\"lazy\" decoding=\"async\" width=\"1024\" height=\"768\" data-id=\"18239\" src=\"https:\/\/alcaldiaalbertoadriani.com\/wp-content\/uploads\/2026\/09\/photo_4949630186223766851_y-1024x768.jpg\" alt=\"\" class=\"wp-image-18239\" srcset=\"https:\/\/alcaldiaalbertoadriani.com\/wp-content\/uploads\/2026\/09\/photo_4949630186223766851_y-1024x768.jpg 1024w, https:\/\/alcaldiaalbertoadriani.com\/wp-content\/uploads\/2026\/09\/photo_4949630186223766851_y-980x735.jpg 980w, https:\/\/alcaldiaalbertoadriani.com\/wp-content\/uploads\/2026\/09\/photo_4949630186223766851_y-480x360.jpg 480w\" sizes=\"auto, (min-width: 0px) and (max-width: 480px) 480px, (min-width: 481px) and (max-width: 980px) 980px, (min-width: 981px) 1024px, 100vw\" \/><\/figure>\n\n\n\n<figure class=\"wp-block-image size-large\"><img loading=\"lazy\" decoding=\"async\" width=\"1024\" height=\"922\" data-id=\"18238\" src=\"https:\/\/alcaldiaalbertoadriani.com\/wp-content\/uploads\/2026\/09\/photo_4949630186223766849_y-1024x922.jpg\" alt=\"\" class=\"wp-image-18238\" srcset=\"https:\/\/alcaldiaalbertoadriani.com\/wp-content\/uploads\/2026\/09\/photo_4949630186223766849_y-1024x922.jpg 1024w, https:\/\/alcaldiaalbertoadriani.com\/wp-content\/uploads\/2026\/09\/photo_4949630186223766849_y-980x882.jpg 980w, https:\/\/alcaldiaalbertoadriani.com\/wp-content\/uploads\/2026\/09\/photo_4949630186223766849_y-480x432.jpg 480w\" sizes=\"auto, (min-width: 0px) and (max-width: 480px) 480px, (min-width: 481px) and (max-width: 980px) 980px, (min-width: 981px) 1024px, 100vw\" \/><\/figure>\n\n\n\n<figure class=\"wp-block-image size-large\"><img loading=\"lazy\" decoding=\"async\" width=\"1024\" height=\"768\" data-id=\"18237\" src=\"https:\/\/alcaldiaalbertoadriani.com\/wp-content\/uploads\/2026\/09\/photo_4949630186223766847_y-1024x768.jpg\" alt=\"\" class=\"wp-image-18237\" srcset=\"https:\/\/alcaldiaalbertoadriani.com\/wp-content\/uploads\/2026\/09\/photo_4949630186223766847_y-1024x768.jpg 1024w, https:\/\/alcaldiaalbertoadriani.com\/wp-content\/uploads\/2026\/09\/photo_4949630186223766847_y-980x735.jpg 980w, https:\/\/alcaldiaalbertoadriani.com\/wp-content\/uploads\/2026\/09\/photo_4949630186223766847_y-480x360.jpg 480w\" sizes=\"auto, (min-width: 0px) and (max-width: 480px) 480px, (min-width: 481px) and (max-width: 980px) 980px, (min-width: 981px) 1024px, 100vw\" \/><\/figure>\n<\/figure>\n","protected":false},"excerpt":{"rendered":"<p>La actividad estuvo dirigida al personal de la Defensa P\u00fablica de El Vig\u00eda Con el objetivo de consolidar alianzas institucionales y reforzar las herramientas conceptuales y normativas en materia de [&hellip;]<\/p>\n","protected":false},"author":2,"featured_media":18235,"comment_status":"open","ping_status":"closed","sticky":false,"template":"","format":"standard","meta":{"_et_pb_use_builder":"off","_et_pb_old_content":"","_et_gb_content_width":"","footnotes":""},"categories":[341,20],"tags":[31,11,12,15,761,29,28],"class_list":["post-18234","post","type-post","status-publish","format-standard","has-post-thumbnail","hentry","category-alcaldia-alberto-adriani","category-oma","tag-alcalde","tag-alcaldia","tag-alcaldiaalbertoadriani","tag-elvigia","tag-encrucijadadeprogreso","tag-municipioquenosmerecemos","tag-porelrenacer"],"yoast_head":"<!-- This site is optimized with the Yoast SEO plugin v19.13 - https:\/\/yoast.com\/wordpress\/plugins\/seo\/ -->\n<title>Alcaldia dict\u00f3 taller de capacitaci\u00f3n preventiva<\/title>\n<meta name=\"description\" content=\"Gesti\u00f3n de Lisandro Segura dict\u00f3 taller de capacitaci\u00f3n preventivaLa actividad preventiva en auditorio &quot; Oscar Gullen\" \/>\n<meta name=\"robots\" content=\"index, follow, max-snippet:-1, max-image-preview:large, max-video-preview:-1\" \/>\n<link rel=\"canonical\" href=\"https:\/\/alcaldiaalbertoadriani.com\/?p=18234\" \/>\n<meta property=\"og:locale\" content=\"es_ES\" \/>\n<meta property=\"og:type\" content=\"article\" \/>\n<meta property=\"og:title\" content=\"Alcaldia dict\u00f3 taller de capacitaci\u00f3n preventiva\" \/>\n<meta property=\"og:description\" content=\"Gesti\u00f3n de Lisandro Segura dict\u00f3 taller de capacitaci\u00f3n preventivaLa actividad preventiva en auditorio &quot; Oscar Gullen\" \/>\n<meta property=\"og:url\" content=\"https:\/\/alcaldiaalbertoadriani.com\/?p=18234\" \/>\n<meta property=\"og:site_name\" content=\"Alcaldia Alberto Adriani\" \/>\n<meta property=\"article:published_time\" content=\"2026-09-04T18:23:44+00:00\" \/>\n<meta property=\"article:modified_time\" content=\"2026-09-04T18:23:50+00:00\" \/>\n<meta property=\"og:image\" content=\"https:\/\/alcaldiaalbertoadriani.com\/wp-content\/uploads\/2026\/09\/photo_4949630186223766848_y.jpg\" \/>\n\t<meta property=\"og:image:width\" content=\"1280\" \/>\n\t<meta property=\"og:image:height\" content=\"960\" \/>\n\t<meta property=\"og:image:type\" content=\"image\/jpeg\" \/>\n<meta name=\"author\" content=\"Prensa\" \/>\n<meta name=\"twitter:card\" content=\"summary_large_image\" \/>\n<meta name=\"twitter:label1\" content=\"Escrito por\" \/>\n\t<meta name=\"twitter:data1\" content=\"Prensa\" \/>\n\t<meta name=\"twitter:label2\" content=\"Tiempo de lectura\" \/>\n\t<meta name=\"twitter:data2\" content=\"3 minutos\" \/>\n<script type=\"application\/ld+json\" class=\"yoast-schema-graph\">{\"@context\":\"https:\/\/schema.org\",\"@graph\":[{\"@type\":\"WebPage\",\"@id\":\"https:\/\/alcaldiaalbertoadriani.com\/?p=18234\",\"url\":\"https:\/\/alcaldiaalbertoadriani.com\/?p=18234\",\"name\":\"Alcaldia dict\u00f3 taller de capacitaci\u00f3n preventiva\",\"isPartOf\":{\"@id\":\"https:\/\/alcaldiaalbertoadriani.com\/#website\"},\"datePublished\":\"2026-09-04T18:23:44+00:00\",\"dateModified\":\"2026-09-04T18:23:50+00:00\",\"author\":{\"@id\":\"https:\/\/alcaldiaalbertoadriani.com\/#\/schema\/person\/549b4483ff8999ac780deeea78795fc9\"},\"description\":\"Gesti\u00f3n de Lisandro Segura dict\u00f3 taller de capacitaci\u00f3n preventivaLa actividad preventiva en auditorio \\\" Oscar Gullen\",\"breadcrumb\":{\"@id\":\"https:\/\/alcaldiaalbertoadriani.com\/?p=18234#breadcrumb\"},\"inLanguage\":\"es\",\"potentialAction\":[{\"@type\":\"ReadAction\",\"target\":[\"https:\/\/alcaldiaalbertoadriani.com\/?p=18234\"]}]},{\"@type\":\"BreadcrumbList\",\"@id\":\"https:\/\/alcaldiaalbertoadriani.com\/?p=18234#breadcrumb\",\"itemListElement\":[{\"@type\":\"ListItem\",\"position\":1,\"name\":\"Portada\",\"item\":\"https:\/\/alcaldiaalbertoadriani.com\/\"},{\"@type\":\"ListItem\",\"position\":2,\"name\":\"Gesti\u00f3n de Lisandro Segura dict\u00f3 taller de capacitaci\u00f3n preventiva\"}]},{\"@type\":\"WebSite\",\"@id\":\"https:\/\/alcaldiaalbertoadriani.com\/#website\",\"url\":\"https:\/\/alcaldiaalbertoadriani.com\/\",\"name\":\"Alcaldia Alberto Adriani\",\"description\":\"\",\"potentialAction\":[{\"@type\":\"SearchAction\",\"target\":{\"@type\":\"EntryPoint\",\"urlTemplate\":\"https:\/\/alcaldiaalbertoadriani.com\/?s={search_term_string}\"},\"query-input\":\"required name=search_term_string\"}],\"inLanguage\":\"es\"},{\"@type\":\"Person\",\"@id\":\"https:\/\/alcaldiaalbertoadriani.com\/#\/schema\/person\/549b4483ff8999ac780deeea78795fc9\",\"name\":\"Prensa\",\"image\":{\"@type\":\"ImageObject\",\"inLanguage\":\"es\",\"@id\":\"https:\/\/alcaldiaalbertoadriani.com\/#\/schema\/person\/image\/\",\"url\":\"https:\/\/secure.gravatar.com\/avatar\/ea1cb567ea992a29627f4eee1c2eb185ec16decec6342d508fdf18dedb56c9de?s=96&d=mm&r=g\",\"contentUrl\":\"https:\/\/secure.gravatar.com\/avatar\/ea1cb567ea992a29627f4eee1c2eb185ec16decec6342d508fdf18dedb56c9de?s=96&d=mm&r=g\",\"caption\":\"Prensa\"},\"url\":\"https:\/\/alcaldiaalbertoadriani.com\/?author=2\"}]}<\/script>\n<!-- \/ Yoast SEO plugin. -->","yoast_head_json":{"title":"Alcaldia dict\u00f3 taller de capacitaci\u00f3n preventiva","description":"Gesti\u00f3n de Lisandro Segura dict\u00f3 taller de capacitaci\u00f3n preventivaLa actividad preventiva en auditorio \" Oscar Gullen","robots":{"index":"index","follow":"follow","max-snippet":"max-snippet:-1","max-image-preview":"max-image-preview:large","max-video-preview":"max-video-preview:-1"},"canonical":"https:\/\/alcaldiaalbertoadriani.com\/?p=18234","og_locale":"es_ES","og_type":"article","og_title":"Alcaldia dict\u00f3 taller de capacitaci\u00f3n preventiva","og_description":"Gesti\u00f3n de Lisandro Segura dict\u00f3 taller de capacitaci\u00f3n preventivaLa actividad preventiva en auditorio \" Oscar Gullen","og_url":"https:\/\/alcaldiaalbertoadriani.com\/?p=18234","og_site_name":"Alcaldia Alberto Adriani","article_published_time":"2026-09-04T18:23:44+00:00","article_modified_time":"2026-09-04T18:23:50+00:00","og_image":[{"width":1280,"height":960,"url":"https:\/\/alcaldiaalbertoadriani.com\/wp-content\/uploads\/2026\/09\/photo_4949630186223766848_y.jpg","type":"image\/jpeg"}],"author":"Prensa","twitter_card":"summary_large_image","twitter_misc":{"Escrito por":"Prensa","Tiempo de lectura":"3 minutos"},"schema":{"@context":"https:\/\/schema.org","@graph":[{"@type":"WebPage","@id":"https:\/\/alcaldiaalbertoadriani.com\/?p=18234","url":"https:\/\/alcaldiaalbertoadriani.com\/?p=18234","name":"Alcaldia dict\u00f3 taller de capacitaci\u00f3n preventiva","isPartOf":{"@id":"https:\/\/alcaldiaalbertoadriani.com\/#website"},"datePublished":"2026-09-04T18:23:44+00:00","dateModified":"2026-09-04T18:23:50+00:00","author":{"@id":"https:\/\/alcaldiaalbertoadriani.com\/#\/schema\/person\/549b4483ff8999ac780deeea78795fc9"},"description":"Gesti\u00f3n de Lisandro Segura dict\u00f3 taller de capacitaci\u00f3n preventivaLa actividad preventiva en auditorio \" Oscar Gullen","breadcrumb":{"@id":"https:\/\/alcaldiaalbertoadriani.com\/?p=18234#breadcrumb"},"inLanguage":"es","potentialAction":[{"@type":"ReadAction","target":["https:\/\/alcaldiaalbertoadriani.com\/?p=18234"]}]},{"@type":"BreadcrumbList","@id":"https:\/\/alcaldiaalbertoadriani.com\/?p=18234#breadcrumb","itemListElement":[{"@type":"ListItem","position":1,"name":"Portada","item":"https:\/\/alcaldiaalbertoadriani.com\/"},{"@type":"ListItem","position":2,"name":"Gesti\u00f3n de Lisandro Segura dict\u00f3 taller de capacitaci\u00f3n preventiva"}]},{"@type":"WebSite","@id":"https:\/\/alcaldiaalbertoadriani.com\/#website","url":"https:\/\/alcaldiaalbertoadriani.com\/","name":"Alcaldia Alberto Adriani","description":"","potentialAction":[{"@type":"SearchAction","target":{"@type":"EntryPoint","urlTemplate":"https:\/\/alcaldiaalbertoadriani.com\/?s={search_term_string}"},"query-input":"required name=search_term_string"}],"inLanguage":"es"},{"@type":"Person","@id":"https:\/\/alcaldiaalbertoadriani.com\/#\/schema\/person\/549b4483ff8999ac780deeea78795fc9","name":"Prensa","image":{"@type":"ImageObject","inLanguage":"es","@id":"https:\/\/alcaldiaalbertoadriani.com\/#\/schema\/person\/image\/","url":"https:\/\/secure.gravatar.com\/avatar\/ea1cb567ea992a29627f4eee1c2eb185ec16decec6342d508fdf18dedb56c9de?s=96&d=mm&r=g","contentUrl":"https:\/\/secure.gravatar.com\/avatar\/ea1cb567ea992a29627f4eee1c2eb185ec16decec6342d508fdf18dedb56c9de?s=96&d=mm&r=g","caption":"Prensa"},"url":"https:\/\/alcaldiaalbertoadriani.com\/?author=2"}]}},"_links":{"self":[{"href":"https:\/\/alcaldiaalbertoadriani.com\/index.php?rest_route=\/wp\/v2\/posts\/18234","targetHints":{"allow":["GET"]}}],"collection":[{"href":"https:\/\/alcaldiaalbertoadriani.com\/index.php?rest_route=\/wp\/v2\/posts"}],"about":[{"href":"https:\/\/alcaldiaalbertoadriani.com\/index.php?rest_route=\/wp\/v2\/types\/post"}],"author":[{"embeddable":true,"href":"https:\/\/alcaldiaalbertoadriani.com\/index.php?rest_route=\/wp\/v2\/users\/2"}],"replies":[{"embeddable":true,"href":"https:\/\/alcaldiaalbertoadriani.com\/index.php?rest_route=%2Fwp%2Fv2%2Fcomments&post=18234"}],"version-history":[{"count":1,"href":"https:\/\/alcaldiaalbertoadriani.com\/index.php?rest_route=\/wp\/v2\/posts\/18234\/revisions"}],"predecessor-version":[{"id":18240,"href":"https:\/\/alcaldiaalbertoadriani.com\/index.php?rest_route=\/wp\/v2\/posts\/18234\/revisions\/18240"}],"wp:featuredmedia":[{"embeddable":true,"href":"https:\/\/alcaldiaalbertoadriani.com\/index.php?rest_route=\/wp\/v2\/media\/18235"}],"wp:attachment":[{"href":"https:\/\/alcaldiaalbertoadriani.com\/index.php?rest_route=%2Fwp%2Fv2%2Fmedia&parent=18234"}],"wp:term":[{"taxonomy":"category","embeddable":true,"href":"https:\/\/alcaldiaalbertoadriani.com\/index.php?rest_route=%2Fwp%2Fv2%2Fcategories&post=18234"},{"taxonomy":"post_tag","embeddable":true,"href":"https:\/\/alcaldiaalbertoadriani.com\/index.php?rest_route=%2Fwp%2Fv2%2Ftags&post=18234"}],"curies":[{"name":"wp","href":"https:\/\/api.w.org\/{rel}","templated":true}]}}