{"id":18230,"date":"2026-09-04T17:56:27","date_gmt":"2026-09-04T17:56:27","guid":{"rendered":"https:\/\/alcaldiaalbertoadriani.com\/?p=18230"},"modified":"2026-09-04T17:56:34","modified_gmt":"2026-09-04T17:56:34","slug":"alcalde-lisandro-segura-entrego-transformador-y-material-electrico-en-la-urbanizacion-domingo-roa-perez","status":"publish","type":"post","link":"https:\/\/alcaldiaalbertoadriani.com\/?p=18230","title":{"rendered":"Alcalde Lisandro Segura entreg\u00f3 transformador y material el\u00e9ctrico en la urbanizaci\u00f3n Domingo Roa P\u00e9rez"},"content":{"rendered":"\n<h2 class=\"wp-block-heading\"><strong><em>En la parroquia R\u00f3mulo Gallegos<\/em><\/strong><\/h2>\n\n\n\n<p>En cumplimiento de los compromisos adquiridos con las comunidades del municipio Alberto Adriani, el alcalde <a href=\"https:\/\/www.instagram.com\/lisandrosegura02\/\">Lisandro Segura, <\/a>entreg\u00f3 el s\u00e1bado 29 de agosto, un transformador de 50 KVA. Asimismo, entreg\u00f3 diversos materiales el\u00e9ctricos a los habitantes de la urbanizaci\u00f3n Domingo Roa P\u00e9rez, en la parroquia R\u00f3mulo Gallegos.<\/p>\n\n\n\n<p>El aporte institucional incluy\u00f3, adem\u00e1s del equipo principal, siete conectores tipo barracuda para calibre 4\/0, una base para transformador monof\u00e1sico y 2.5 metros de conductor de cobre 4\/0. La instalaci\u00f3n de estos elementos permitir\u00e1 estabilizar la carga el\u00e9ctrica y mejorar sustancialmente el servicio, favoreciendo la calidad de vida de los residentes del sector.<\/p>\n\n\n\n<p>Alexander Fabbozzo, vocero del consejo comunal Monse\u00f1or Domingo Roa P\u00e9rez, expres\u00f3 el agradecimiento de los vecinos ante la oportuna atenci\u00f3n de la gesti\u00f3n municipal.<\/p>\n\n\n\n<p>&#8220;Excelente labor del alcalde <a href=\"https:\/\/alcaldiaalbertoadriani.com\/?tag=alcalde-lisandro-segura-doto-de-uniformes\">Lisandro Segura<\/a> por prestar su apoyo a las comunidades afectadas en materia el\u00e9ctrica. En esta oportunidad, hemos sido beneficiados las comunidades de Domingo Roa y Colegio de Ingenieros con la colocaci\u00f3n de un transformador de 50 KVA; gracias por su gesti\u00f3n&#8221;, manifest\u00f3 el vocero.<\/p>\n\n\n\n<p>Con estas acciones, el gobierno local reafirma su compromiso de brindar respuestas efectivas para la optimizaci\u00f3n de los servicios p\u00fablicos en toda la jurisdicci\u00f3n. <strong><em>Prensa OIPI \/ Claribel Zambrano (CNP: 11.843) \/ Fotos: Cortes\u00eda<\/em><\/strong><\/p>\n\n\n\n<figure class=\"wp-block-gallery has-nested-images columns-default is-cropped wp-block-gallery-1 is-layout-flex wp-block-gallery-is-layout-flex\">\n<figure class=\"wp-block-image size-large\"><img loading=\"lazy\" decoding=\"async\" width=\"1024\" height=\"768\" data-id=\"18232\" src=\"https:\/\/alcaldiaalbertoadriani.com\/wp-content\/uploads\/2026\/09\/photo_4952058225725475994_y-1024x768.jpg\" alt=\"\" class=\"wp-image-18232\" srcset=\"https:\/\/alcaldiaalbertoadriani.com\/wp-content\/uploads\/2026\/09\/photo_4952058225725475994_y-1024x768.jpg 1024w, https:\/\/alcaldiaalbertoadriani.com\/wp-content\/uploads\/2026\/09\/photo_4952058225725475994_y-980x735.jpg 980w, https:\/\/alcaldiaalbertoadriani.com\/wp-content\/uploads\/2026\/09\/photo_4952058225725475994_y-480x360.jpg 480w\" sizes=\"auto, (min-width: 0px) and (max-width: 480px) 480px, (min-width: 481px) and (max-width: 980px) 980px, (min-width: 981px) 1024px, 100vw\" \/><\/figure>\n\n\n\n<figure class=\"wp-block-image size-large\"><img loading=\"lazy\" decoding=\"async\" width=\"768\" height=\"1024\" data-id=\"18231\" src=\"https:\/\/alcaldiaalbertoadriani.com\/wp-content\/uploads\/2026\/09\/photo_4952058225725475993_y-768x1024.jpg\" alt=\"\" class=\"wp-image-18231\" srcset=\"https:\/\/alcaldiaalbertoadriani.com\/wp-content\/uploads\/2026\/09\/photo_4952058225725475993_y-768x1024.jpg 768w, https:\/\/alcaldiaalbertoadriani.com\/wp-content\/uploads\/2026\/09\/photo_4952058225725475993_y-480x640.jpg 480w\" sizes=\"auto, (min-width: 0px) and (max-width: 480px) 480px, (min-width: 481px) 768px, 100vw\" \/><\/figure>\n<\/figure>\n","protected":false},"excerpt":{"rendered":"<p>En la parroquia R\u00f3mulo Gallegos En cumplimiento de los compromisos adquiridos con las comunidades del municipio Alberto Adriani, el alcalde Lisandro Segura, entreg\u00f3 el s\u00e1bado 29 de agosto, un transformador [&hellip;]<\/p>\n","protected":false},"author":2,"featured_media":18232,"comment_status":"open","ping_status":"closed","sticky":false,"template":"","format":"standard","meta":{"_et_pb_use_builder":"off","_et_pb_old_content":"","_et_gb_content_width":"","footnotes":""},"categories":[341],"tags":[31,11,12,15,761,30,29,28],"class_list":["post-18230","post","type-post","status-publish","format-standard","has-post-thumbnail","hentry","category-alcaldia-alberto-adriani","tag-alcalde","tag-alcaldia","tag-alcaldiaalbertoadriani","tag-elvigia","tag-encrucijadadeprogreso","tag-lisandrosegura","tag-municipioquenosmerecemos","tag-porelrenacer"],"yoast_head":"<!-- This site is optimized with the Yoast SEO plugin v19.13 - https:\/\/yoast.com\/wordpress\/plugins\/seo\/ -->\n<title>Alcalde entreg\u00f3 transformador,material el\u00e9ctrico en Domingo Roa<\/title>\n<meta name=\"description\" content=\"Alcalde Lisandro Segura entreg\u00f3 transformador y material el\u00e9ctrico en la urbanizaci\u00f3n Domingo Roa P\u00e9rez del municipio alberto Adriani\" \/>\n<meta name=\"robots\" content=\"index, follow, max-snippet:-1, max-image-preview:large, max-video-preview:-1\" \/>\n<link rel=\"canonical\" href=\"https:\/\/alcaldiaalbertoadriani.com\/?p=18230\" \/>\n<meta property=\"og:locale\" content=\"es_ES\" \/>\n<meta property=\"og:type\" content=\"article\" \/>\n<meta property=\"og:title\" content=\"Alcalde entreg\u00f3 transformador,material el\u00e9ctrico en Domingo Roa\" \/>\n<meta property=\"og:description\" content=\"Alcalde Lisandro Segura entreg\u00f3 transformador y material el\u00e9ctrico en la urbanizaci\u00f3n Domingo Roa P\u00e9rez del municipio alberto Adriani\" \/>\n<meta property=\"og:url\" content=\"https:\/\/alcaldiaalbertoadriani.com\/?p=18230\" \/>\n<meta property=\"og:site_name\" content=\"Alcaldia Alberto Adriani\" \/>\n<meta property=\"article:published_time\" content=\"2026-09-04T17:56:27+00:00\" \/>\n<meta property=\"article:modified_time\" content=\"2026-09-04T17:56:34+00:00\" \/>\n<meta property=\"og:image\" content=\"https:\/\/alcaldiaalbertoadriani.com\/wp-content\/uploads\/2026\/09\/photo_4952058225725475994_y.jpg\" \/>\n\t<meta property=\"og:image:width\" content=\"1280\" \/>\n\t<meta property=\"og:image:height\" content=\"960\" \/>\n\t<meta property=\"og:image:type\" content=\"image\/jpeg\" \/>\n<meta name=\"author\" content=\"Prensa\" \/>\n<meta name=\"twitter:card\" content=\"summary_large_image\" \/>\n<meta name=\"twitter:label1\" content=\"Escrito por\" \/>\n\t<meta name=\"twitter:data1\" content=\"Prensa\" \/>\n\t<meta name=\"twitter:label2\" content=\"Tiempo de lectura\" \/>\n\t<meta name=\"twitter:data2\" content=\"2 minutos\" \/>\n<script type=\"application\/ld+json\" class=\"yoast-schema-graph\">{\"@context\":\"https:\/\/schema.org\",\"@graph\":[{\"@type\":\"WebPage\",\"@id\":\"https:\/\/alcaldiaalbertoadriani.com\/?p=18230\",\"url\":\"https:\/\/alcaldiaalbertoadriani.com\/?p=18230\",\"name\":\"Alcalde entreg\u00f3 transformador,material el\u00e9ctrico en Domingo Roa\",\"isPartOf\":{\"@id\":\"https:\/\/alcaldiaalbertoadriani.com\/#website\"},\"datePublished\":\"2026-09-04T17:56:27+00:00\",\"dateModified\":\"2026-09-04T17:56:34+00:00\",\"author\":{\"@id\":\"https:\/\/alcaldiaalbertoadriani.com\/#\/schema\/person\/549b4483ff8999ac780deeea78795fc9\"},\"description\":\"Alcalde Lisandro Segura entreg\u00f3 transformador y material el\u00e9ctrico en la urbanizaci\u00f3n Domingo Roa P\u00e9rez del municipio alberto Adriani\",\"breadcrumb\":{\"@id\":\"https:\/\/alcaldiaalbertoadriani.com\/?p=18230#breadcrumb\"},\"inLanguage\":\"es\",\"potentialAction\":[{\"@type\":\"ReadAction\",\"target\":[\"https:\/\/alcaldiaalbertoadriani.com\/?p=18230\"]}]},{\"@type\":\"BreadcrumbList\",\"@id\":\"https:\/\/alcaldiaalbertoadriani.com\/?p=18230#breadcrumb\",\"itemListElement\":[{\"@type\":\"ListItem\",\"position\":1,\"name\":\"Portada\",\"item\":\"https:\/\/alcaldiaalbertoadriani.com\/\"},{\"@type\":\"ListItem\",\"position\":2,\"name\":\"Alcalde Lisandro Segura entreg\u00f3 transformador y material el\u00e9ctrico en la urbanizaci\u00f3n Domingo Roa P\u00e9rez\"}]},{\"@type\":\"WebSite\",\"@id\":\"https:\/\/alcaldiaalbertoadriani.com\/#website\",\"url\":\"https:\/\/alcaldiaalbertoadriani.com\/\",\"name\":\"Alcaldia Alberto Adriani\",\"description\":\"\",\"potentialAction\":[{\"@type\":\"SearchAction\",\"target\":{\"@type\":\"EntryPoint\",\"urlTemplate\":\"https:\/\/alcaldiaalbertoadriani.com\/?s={search_term_string}\"},\"query-input\":\"required name=search_term_string\"}],\"inLanguage\":\"es\"},{\"@type\":\"Person\",\"@id\":\"https:\/\/alcaldiaalbertoadriani.com\/#\/schema\/person\/549b4483ff8999ac780deeea78795fc9\",\"name\":\"Prensa\",\"image\":{\"@type\":\"ImageObject\",\"inLanguage\":\"es\",\"@id\":\"https:\/\/alcaldiaalbertoadriani.com\/#\/schema\/person\/image\/\",\"url\":\"https:\/\/secure.gravatar.com\/avatar\/ea1cb567ea992a29627f4eee1c2eb185ec16decec6342d508fdf18dedb56c9de?s=96&d=mm&r=g\",\"contentUrl\":\"https:\/\/secure.gravatar.com\/avatar\/ea1cb567ea992a29627f4eee1c2eb185ec16decec6342d508fdf18dedb56c9de?s=96&d=mm&r=g\",\"caption\":\"Prensa\"},\"url\":\"https:\/\/alcaldiaalbertoadriani.com\/?author=2\"}]}<\/script>\n<!-- \/ Yoast SEO plugin. -->","yoast_head_json":{"title":"Alcalde entreg\u00f3 transformador,material el\u00e9ctrico en Domingo Roa","description":"Alcalde Lisandro Segura entreg\u00f3 transformador y material el\u00e9ctrico en la urbanizaci\u00f3n Domingo Roa P\u00e9rez del municipio alberto Adriani","robots":{"index":"index","follow":"follow","max-snippet":"max-snippet:-1","max-image-preview":"max-image-preview:large","max-video-preview":"max-video-preview:-1"},"canonical":"https:\/\/alcaldiaalbertoadriani.com\/?p=18230","og_locale":"es_ES","og_type":"article","og_title":"Alcalde entreg\u00f3 transformador,material el\u00e9ctrico en Domingo Roa","og_description":"Alcalde Lisandro Segura entreg\u00f3 transformador y material el\u00e9ctrico en la urbanizaci\u00f3n Domingo Roa P\u00e9rez del municipio alberto Adriani","og_url":"https:\/\/alcaldiaalbertoadriani.com\/?p=18230","og_site_name":"Alcaldia Alberto Adriani","article_published_time":"2026-09-04T17:56:27+00:00","article_modified_time":"2026-09-04T17:56:34+00:00","og_image":[{"width":1280,"height":960,"url":"https:\/\/alcaldiaalbertoadriani.com\/wp-content\/uploads\/2026\/09\/photo_4952058225725475994_y.jpg","type":"image\/jpeg"}],"author":"Prensa","twitter_card":"summary_large_image","twitter_misc":{"Escrito por":"Prensa","Tiempo de lectura":"2 minutos"},"schema":{"@context":"https:\/\/schema.org","@graph":[{"@type":"WebPage","@id":"https:\/\/alcaldiaalbertoadriani.com\/?p=18230","url":"https:\/\/alcaldiaalbertoadriani.com\/?p=18230","name":"Alcalde entreg\u00f3 transformador,material el\u00e9ctrico en Domingo Roa","isPartOf":{"@id":"https:\/\/alcaldiaalbertoadriani.com\/#website"},"datePublished":"2026-09-04T17:56:27+00:00","dateModified":"2026-09-04T17:56:34+00:00","author":{"@id":"https:\/\/alcaldiaalbertoadriani.com\/#\/schema\/person\/549b4483ff8999ac780deeea78795fc9"},"description":"Alcalde Lisandro Segura entreg\u00f3 transformador y material el\u00e9ctrico en la urbanizaci\u00f3n Domingo Roa P\u00e9rez del municipio alberto Adriani","breadcrumb":{"@id":"https:\/\/alcaldiaalbertoadriani.com\/?p=18230#breadcrumb"},"inLanguage":"es","potentialAction":[{"@type":"ReadAction","target":["https:\/\/alcaldiaalbertoadriani.com\/?p=18230"]}]},{"@type":"BreadcrumbList","@id":"https:\/\/alcaldiaalbertoadriani.com\/?p=18230#breadcrumb","itemListElement":[{"@type":"ListItem","position":1,"name":"Portada","item":"https:\/\/alcaldiaalbertoadriani.com\/"},{"@type":"ListItem","position":2,"name":"Alcalde Lisandro Segura entreg\u00f3 transformador y material el\u00e9ctrico en la urbanizaci\u00f3n Domingo Roa P\u00e9rez"}]},{"@type":"WebSite","@id":"https:\/\/alcaldiaalbertoadriani.com\/#website","url":"https:\/\/alcaldiaalbertoadriani.com\/","name":"Alcaldia Alberto Adriani","description":"","potentialAction":[{"@type":"SearchAction","target":{"@type":"EntryPoint","urlTemplate":"https:\/\/alcaldiaalbertoadriani.com\/?s={search_term_string}"},"query-input":"required name=search_term_string"}],"inLanguage":"es"},{"@type":"Person","@id":"https:\/\/alcaldiaalbertoadriani.com\/#\/schema\/person\/549b4483ff8999ac780deeea78795fc9","name":"Prensa","image":{"@type":"ImageObject","inLanguage":"es","@id":"https:\/\/alcaldiaalbertoadriani.com\/#\/schema\/person\/image\/","url":"https:\/\/secure.gravatar.com\/avatar\/ea1cb567ea992a29627f4eee1c2eb185ec16decec6342d508fdf18dedb56c9de?s=96&d=mm&r=g","contentUrl":"https:\/\/secure.gravatar.com\/avatar\/ea1cb567ea992a29627f4eee1c2eb185ec16decec6342d508fdf18dedb56c9de?s=96&d=mm&r=g","caption":"Prensa"},"url":"https:\/\/alcaldiaalbertoadriani.com\/?author=2"}]}},"_links":{"self":[{"href":"https:\/\/alcaldiaalbertoadriani.com\/index.php?rest_route=\/wp\/v2\/posts\/18230","targetHints":{"allow":["GET"]}}],"collection":[{"href":"https:\/\/alcaldiaalbertoadriani.com\/index.php?rest_route=\/wp\/v2\/posts"}],"about":[{"href":"https:\/\/alcaldiaalbertoadriani.com\/index.php?rest_route=\/wp\/v2\/types\/post"}],"author":[{"embeddable":true,"href":"https:\/\/alcaldiaalbertoadriani.com\/index.php?rest_route=\/wp\/v2\/users\/2"}],"replies":[{"embeddable":true,"href":"https:\/\/alcaldiaalbertoadriani.com\/index.php?rest_route=%2Fwp%2Fv2%2Fcomments&post=18230"}],"version-history":[{"count":1,"href":"https:\/\/alcaldiaalbertoadriani.com\/index.php?rest_route=\/wp\/v2\/posts\/18230\/revisions"}],"predecessor-version":[{"id":18233,"href":"https:\/\/alcaldiaalbertoadriani.com\/index.php?rest_route=\/wp\/v2\/posts\/18230\/revisions\/18233"}],"wp:featuredmedia":[{"embeddable":true,"href":"https:\/\/alcaldiaalbertoadriani.com\/index.php?rest_route=\/wp\/v2\/media\/18232"}],"wp:attachment":[{"href":"https:\/\/alcaldiaalbertoadriani.com\/index.php?rest_route=%2Fwp%2Fv2%2Fmedia&parent=18230"}],"wp:term":[{"taxonomy":"category","embeddable":true,"href":"https:\/\/alcaldiaalbertoadriani.com\/index.php?rest_route=%2Fwp%2Fv2%2Fcategories&post=18230"},{"taxonomy":"post_tag","embeddable":true,"href":"https:\/\/alcaldiaalbertoadriani.com\/index.php?rest_route=%2Fwp%2Fv2%2Ftags&post=18230"}],"curies":[{"name":"wp","href":"https:\/\/api.w.org\/{rel}","templated":true}]}}