{"id":18215,"date":"2026-08-31T14:36:05","date_gmt":"2026-08-31T14:36:05","guid":{"rendered":"https:\/\/alcaldiaalbertoadriani.com\/?p=18215"},"modified":"2026-08-31T14:36:09","modified_gmt":"2026-08-31T14:36:09","slug":"immigaa-promovio-el-encuentro-y-la-integracion-con-la-jornada-recreativa-cero-drama-solo-risa","status":"publish","type":"post","link":"https:\/\/alcaldiaalbertoadriani.com\/?p=18215","title":{"rendered":"Immigaa promovi\u00f3 el encuentro y la integraci\u00f3n con la jornada recreativa &#8220;Cero Drama Solo Risa&#8221;"},"content":{"rendered":"\n<p><\/p>\n\n\n\n<p>En un ambiente cargado de alegr\u00eda, sano entretenimiento y convivencia comunitaria, el Instituto Municipal para la Mujer y la Igualdad de G\u00e9nero del Municipio Alberto Adriani (<a href=\"https:\/\/alcaldiaalbertoadriani.com\/?tag=immigaa-pancartazo-naranja\">Immigaa<\/a>), llev\u00f3 a cabo este s\u00e1bado 29 de agosto la jornada recreativa &#8220;Cero Drama, Solo Risa&#8221;, teniendo como escenario las instalaciones del Parque Metropolitano de El Vig\u00eda.<\/p>\n\n\n\n<p>La iniciativa, dise\u00f1ada especialmente para el disfrute del n\u00facleo familiar, tuvo como objetivo central fortalecer los valores esenciales, la empat\u00eda y la uni\u00f3n entre padres e hijos a trav\u00e9s de din\u00e1micas colectivas.<\/p>\n\n\n\n<p>La programaci\u00f3n inici\u00f3 desde tempranas horas con un circuito de competencias de agilidad y juegos grupales adaptados para todas las edades, permitiendo que cada integrante de la familia participara de forma activa. Posteriormente, los asistentes disfrutaron de una clase de zumba llena de energ\u00eda, orientada a promover el bienestar f\u00edsico y el manejo del estr\u00e9s.<\/p>\n\n\n\n<p>Para culminar el encuentro, los participantes compartieron el tradicional sancocho familiar, consolidando un espacio de cercan\u00eda y fraternidad entre los vecinos vigienses y el equipo municipal.<\/p>\n\n\n\n<p>Anmi Jaime, presidenta del Immigaa, enfatiz\u00f3 el prop\u00f3sito transformador de estas actividades dentro de las pol\u00edticas p\u00fablicas locales, enfocadas en la prevenci\u00f3n y la estabilidad del hogar.<\/p>\n\n\n\n<p>&#8220;Siguiendo las directrices de nuestro alcalde<a href=\"https:\/\/www.instagram.com\/lisandrosegura02\/\"> Lisandro Segura<\/a>, reafirmamos el compromiso firme que tenemos con cada una de las familias vigienses. Promover espacios donde prevalezcan el respeto, el di\u00e1logo y la risa es la mejor manera de prevenir la violencia y construir bases s\u00f3lidas en nuestra sociedad&#8221;, destac\u00f3 Jaime.<\/p>\n\n\n\n<p>Finalmente, la presidenta del Immigaa invit\u00f3 a la ciudadan\u00eda a mantenerse atenta a los canales oficiales de la instituci\u00f3n, donde se anunciar\u00e1n nuevas actividades de atenci\u00f3n social y recreativas planificadas para los pr\u00f3ximos meses en el municipio Alberto Adriani.<strong><em>Prensa Alcald\u00eda \/OIPIYessisbely Arellano y Luis Guidici\/Pasantes UBV<\/em><\/strong><\/p>\n\n\n\n<figure class=\"wp-block-gallery has-nested-images columns-default is-cropped wp-block-gallery-1 is-layout-flex wp-block-gallery-is-layout-flex\">\n<figure class=\"wp-block-image size-large\"><img loading=\"lazy\" decoding=\"async\" width=\"1024\" height=\"768\" data-id=\"18216\" src=\"https:\/\/alcaldiaalbertoadriani.com\/wp-content\/uploads\/2026\/08\/photo_4947276711649283131_y-1024x768.jpg\" alt=\"\" class=\"wp-image-18216\" srcset=\"https:\/\/alcaldiaalbertoadriani.com\/wp-content\/uploads\/2026\/08\/photo_4947276711649283131_y-1024x768.jpg 1024w, https:\/\/alcaldiaalbertoadriani.com\/wp-content\/uploads\/2026\/08\/photo_4947276711649283131_y-980x735.jpg 980w, https:\/\/alcaldiaalbertoadriani.com\/wp-content\/uploads\/2026\/08\/photo_4947276711649283131_y-480x360.jpg 480w\" sizes=\"auto, (min-width: 0px) and (max-width: 480px) 480px, (min-width: 481px) and (max-width: 980px) 980px, (min-width: 981px) 1024px, 100vw\" \/><\/figure>\n\n\n\n<figure class=\"wp-block-image size-large\"><img loading=\"lazy\" decoding=\"async\" width=\"1024\" height=\"768\" data-id=\"18221\" src=\"https:\/\/alcaldiaalbertoadriani.com\/wp-content\/uploads\/2026\/08\/photo_4947276711649283130_y-1024x768.jpg\" alt=\"\" class=\"wp-image-18221\" srcset=\"https:\/\/alcaldiaalbertoadriani.com\/wp-content\/uploads\/2026\/08\/photo_4947276711649283130_y-1024x768.jpg 1024w, https:\/\/alcaldiaalbertoadriani.com\/wp-content\/uploads\/2026\/08\/photo_4947276711649283130_y-980x735.jpg 980w, https:\/\/alcaldiaalbertoadriani.com\/wp-content\/uploads\/2026\/08\/photo_4947276711649283130_y-480x360.jpg 480w\" sizes=\"auto, (min-width: 0px) and (max-width: 480px) 480px, (min-width: 481px) and (max-width: 980px) 980px, (min-width: 981px) 1024px, 100vw\" \/><\/figure>\n\n\n\n<figure class=\"wp-block-image size-large\"><img loading=\"lazy\" decoding=\"async\" width=\"1024\" height=\"768\" data-id=\"18223\" src=\"https:\/\/alcaldiaalbertoadriani.com\/wp-content\/uploads\/2026\/08\/photo_4947276711649283129_y-1024x768.jpg\" alt=\"\" class=\"wp-image-18223\" srcset=\"https:\/\/alcaldiaalbertoadriani.com\/wp-content\/uploads\/2026\/08\/photo_4947276711649283129_y-1024x768.jpg 1024w, https:\/\/alcaldiaalbertoadriani.com\/wp-content\/uploads\/2026\/08\/photo_4947276711649283129_y-980x735.jpg 980w, https:\/\/alcaldiaalbertoadriani.com\/wp-content\/uploads\/2026\/08\/photo_4947276711649283129_y-480x360.jpg 480w\" sizes=\"auto, (min-width: 0px) and (max-width: 480px) 480px, (min-width: 481px) and (max-width: 980px) 980px, (min-width: 981px) 1024px, 100vw\" \/><\/figure>\n\n\n\n<figure class=\"wp-block-image size-large\"><img loading=\"lazy\" decoding=\"async\" width=\"1024\" height=\"768\" data-id=\"18220\" src=\"https:\/\/alcaldiaalbertoadriani.com\/wp-content\/uploads\/2026\/08\/photo_4947276711649283128_y-1024x768.jpg\" alt=\"\" class=\"wp-image-18220\" srcset=\"https:\/\/alcaldiaalbertoadriani.com\/wp-content\/uploads\/2026\/08\/photo_4947276711649283128_y-1024x768.jpg 1024w, https:\/\/alcaldiaalbertoadriani.com\/wp-content\/uploads\/2026\/08\/photo_4947276711649283128_y-980x735.jpg 980w, https:\/\/alcaldiaalbertoadriani.com\/wp-content\/uploads\/2026\/08\/photo_4947276711649283128_y-480x360.jpg 480w\" sizes=\"auto, (min-width: 0px) and (max-width: 480px) 480px, (min-width: 481px) and (max-width: 980px) 980px, (min-width: 981px) 1024px, 100vw\" \/><\/figure>\n\n\n\n<figure class=\"wp-block-image size-large\"><img loading=\"lazy\" decoding=\"async\" width=\"1024\" height=\"768\" data-id=\"18225\" src=\"https:\/\/alcaldiaalbertoadriani.com\/wp-content\/uploads\/2026\/08\/photo_4947276711649283127_y-copia-1024x768.jpg\" alt=\"\" class=\"wp-image-18225\" srcset=\"https:\/\/alcaldiaalbertoadriani.com\/wp-content\/uploads\/2026\/08\/photo_4947276711649283127_y-copia-1024x768.jpg 1024w, https:\/\/alcaldiaalbertoadriani.com\/wp-content\/uploads\/2026\/08\/photo_4947276711649283127_y-copia-980x735.jpg 980w, https:\/\/alcaldiaalbertoadriani.com\/wp-content\/uploads\/2026\/08\/photo_4947276711649283127_y-copia-480x360.jpg 480w\" sizes=\"auto, (min-width: 0px) and (max-width: 480px) 480px, (min-width: 481px) and (max-width: 980px) 980px, (min-width: 981px) 1024px, 100vw\" \/><\/figure>\n\n\n\n<figure class=\"wp-block-image size-large\"><img loading=\"lazy\" decoding=\"async\" width=\"1024\" height=\"768\" data-id=\"18227\" src=\"https:\/\/alcaldiaalbertoadriani.com\/wp-content\/uploads\/2026\/08\/photo_4947276711649283127_y-1024x768.jpg\" alt=\"\" class=\"wp-image-18227\" srcset=\"https:\/\/alcaldiaalbertoadriani.com\/wp-content\/uploads\/2026\/08\/photo_4947276711649283127_y-1024x768.jpg 1024w, https:\/\/alcaldiaalbertoadriani.com\/wp-content\/uploads\/2026\/08\/photo_4947276711649283127_y-980x735.jpg 980w, https:\/\/alcaldiaalbertoadriani.com\/wp-content\/uploads\/2026\/08\/photo_4947276711649283127_y-480x360.jpg 480w\" sizes=\"auto, (min-width: 0px) and (max-width: 480px) 480px, (min-width: 481px) and (max-width: 980px) 980px, (min-width: 981px) 1024px, 100vw\" \/><\/figure>\n\n\n\n<figure class=\"wp-block-image size-large\"><img loading=\"lazy\" decoding=\"async\" width=\"1024\" height=\"768\" data-id=\"18226\" src=\"https:\/\/alcaldiaalbertoadriani.com\/wp-content\/uploads\/2026\/08\/photo_4947276711649283126_y-copia-1024x768.jpg\" alt=\"\" class=\"wp-image-18226\" srcset=\"https:\/\/alcaldiaalbertoadriani.com\/wp-content\/uploads\/2026\/08\/photo_4947276711649283126_y-copia-1024x768.jpg 1024w, https:\/\/alcaldiaalbertoadriani.com\/wp-content\/uploads\/2026\/08\/photo_4947276711649283126_y-copia-980x735.jpg 980w, https:\/\/alcaldiaalbertoadriani.com\/wp-content\/uploads\/2026\/08\/photo_4947276711649283126_y-copia-480x360.jpg 480w\" sizes=\"auto, (min-width: 0px) and (max-width: 480px) 480px, (min-width: 481px) and (max-width: 980px) 980px, (min-width: 981px) 1024px, 100vw\" \/><\/figure>\n\n\n\n<figure class=\"wp-block-image size-large\"><img loading=\"lazy\" decoding=\"async\" width=\"1024\" height=\"768\" data-id=\"18224\" src=\"https:\/\/alcaldiaalbertoadriani.com\/wp-content\/uploads\/2026\/08\/photo_4947276711649283126_y-1024x768.jpg\" alt=\"\" class=\"wp-image-18224\" srcset=\"https:\/\/alcaldiaalbertoadriani.com\/wp-content\/uploads\/2026\/08\/photo_4947276711649283126_y-1024x768.jpg 1024w, https:\/\/alcaldiaalbertoadriani.com\/wp-content\/uploads\/2026\/08\/photo_4947276711649283126_y-980x735.jpg 980w, https:\/\/alcaldiaalbertoadriani.com\/wp-content\/uploads\/2026\/08\/photo_4947276711649283126_y-480x360.jpg 480w\" sizes=\"auto, (min-width: 0px) and (max-width: 480px) 480px, (min-width: 481px) and (max-width: 980px) 980px, (min-width: 981px) 1024px, 100vw\" \/><\/figure>\n\n\n\n<figure class=\"wp-block-image size-large\"><img loading=\"lazy\" decoding=\"async\" width=\"1016\" height=\"762\" data-id=\"18217\" src=\"https:\/\/alcaldiaalbertoadriani.com\/wp-content\/uploads\/2026\/08\/photo_4945024911835598009_y-copia.jpg\" alt=\"\" class=\"wp-image-18217\" srcset=\"https:\/\/alcaldiaalbertoadriani.com\/wp-content\/uploads\/2026\/08\/photo_4945024911835598009_y-copia.jpg 1016w, https:\/\/alcaldiaalbertoadriani.com\/wp-content\/uploads\/2026\/08\/photo_4945024911835598009_y-copia-980x735.jpg 980w, https:\/\/alcaldiaalbertoadriani.com\/wp-content\/uploads\/2026\/08\/photo_4945024911835598009_y-copia-480x360.jpg 480w\" sizes=\"auto, (min-width: 0px) and (max-width: 480px) 480px, (min-width: 481px) and (max-width: 980px) 980px, (min-width: 981px) 1016px, 100vw\" \/><\/figure>\n\n\n\n<figure class=\"wp-block-image size-large\"><img loading=\"lazy\" decoding=\"async\" width=\"1016\" height=\"762\" data-id=\"18218\" src=\"https:\/\/alcaldiaalbertoadriani.com\/wp-content\/uploads\/2026\/08\/photo_4945024911835598009_y.jpg\" alt=\"\" class=\"wp-image-18218\" srcset=\"https:\/\/alcaldiaalbertoadriani.com\/wp-content\/uploads\/2026\/08\/photo_4945024911835598009_y.jpg 1016w, https:\/\/alcaldiaalbertoadriani.com\/wp-content\/uploads\/2026\/08\/photo_4945024911835598009_y-980x735.jpg 980w, https:\/\/alcaldiaalbertoadriani.com\/wp-content\/uploads\/2026\/08\/photo_4945024911835598009_y-480x360.jpg 480w\" sizes=\"auto, (min-width: 0px) and (max-width: 480px) 480px, (min-width: 481px) and (max-width: 980px) 980px, (min-width: 981px) 1016px, 100vw\" \/><\/figure>\n\n\n\n<figure class=\"wp-block-image size-large\"><img loading=\"lazy\" decoding=\"async\" width=\"1016\" height=\"762\" data-id=\"18222\" src=\"https:\/\/alcaldiaalbertoadriani.com\/wp-content\/uploads\/2026\/08\/photo_4945024911835598007_y-copia.jpg\" alt=\"\" class=\"wp-image-18222\" srcset=\"https:\/\/alcaldiaalbertoadriani.com\/wp-content\/uploads\/2026\/08\/photo_4945024911835598007_y-copia.jpg 1016w, https:\/\/alcaldiaalbertoadriani.com\/wp-content\/uploads\/2026\/08\/photo_4945024911835598007_y-copia-980x735.jpg 980w, https:\/\/alcaldiaalbertoadriani.com\/wp-content\/uploads\/2026\/08\/photo_4945024911835598007_y-copia-480x360.jpg 480w\" sizes=\"auto, (min-width: 0px) and (max-width: 480px) 480px, (min-width: 481px) and (max-width: 980px) 980px, (min-width: 981px) 1016px, 100vw\" \/><\/figure>\n\n\n\n<figure class=\"wp-block-image size-large\"><img loading=\"lazy\" decoding=\"async\" width=\"1016\" height=\"762\" data-id=\"18219\" src=\"https:\/\/alcaldiaalbertoadriani.com\/wp-content\/uploads\/2026\/08\/photo_4945024911835598007_y.jpg\" alt=\"\" class=\"wp-image-18219\" srcset=\"https:\/\/alcaldiaalbertoadriani.com\/wp-content\/uploads\/2026\/08\/photo_4945024911835598007_y.jpg 1016w, https:\/\/alcaldiaalbertoadriani.com\/wp-content\/uploads\/2026\/08\/photo_4945024911835598007_y-980x735.jpg 980w, https:\/\/alcaldiaalbertoadriani.com\/wp-content\/uploads\/2026\/08\/photo_4945024911835598007_y-480x360.jpg 480w\" sizes=\"auto, (min-width: 0px) and (max-width: 480px) 480px, (min-width: 481px) and (max-width: 980px) 980px, (min-width: 981px) 1016px, 100vw\" \/><\/figure>\n<\/figure>\n","protected":false},"excerpt":{"rendered":"<p>En un ambiente cargado de alegr\u00eda, sano entretenimiento y convivencia comunitaria, el Instituto Municipal para la Mujer y la Igualdad de G\u00e9nero del Municipio Alberto Adriani (Immigaa), llev\u00f3 a cabo [&hellip;]<\/p>\n","protected":false},"author":2,"featured_media":18227,"comment_status":"open","ping_status":"closed","sticky":false,"template":"","format":"standard","meta":{"_et_pb_use_builder":"off","_et_pb_old_content":"","_et_gb_content_width":"","footnotes":""},"categories":[341,60],"tags":[31,11,12,15,761,30,29,28],"class_list":["post-18215","post","type-post","status-publish","format-standard","has-post-thumbnail","hentry","category-alcaldia-alberto-adriani","category-immigaa","tag-alcalde","tag-alcaldia","tag-alcaldiaalbertoadriani","tag-elvigia","tag-encrucijadadeprogreso","tag-lisandrosegura","tag-municipioquenosmerecemos","tag-porelrenacer"],"yoast_head":"<!-- This site is optimized with the Yoast SEO plugin v19.13 - https:\/\/yoast.com\/wordpress\/plugins\/seo\/ -->\n<title>Immigaa promovi\u00f3 encuentro recreativo &quot;Cero Drama Solo Risa&quot;<\/title>\n<meta name=\"description\" content=\"Immigaa promovi\u00f3 el encuentro y la integraci\u00f3n con la jornada recreativa &quot;Cero Drama Solo Risa&quot; en parque Metropolitano\" \/>\n<meta name=\"robots\" content=\"index, follow, max-snippet:-1, max-image-preview:large, max-video-preview:-1\" \/>\n<link rel=\"canonical\" href=\"https:\/\/alcaldiaalbertoadriani.com\/?p=18215\" \/>\n<meta property=\"og:locale\" content=\"es_ES\" \/>\n<meta property=\"og:type\" content=\"article\" \/>\n<meta property=\"og:title\" content=\"Immigaa promovi\u00f3 encuentro recreativo &quot;Cero Drama Solo Risa&quot;\" \/>\n<meta property=\"og:description\" content=\"Immigaa promovi\u00f3 el encuentro y la integraci\u00f3n con la jornada recreativa &quot;Cero Drama Solo Risa&quot; en parque Metropolitano\" \/>\n<meta property=\"og:url\" content=\"https:\/\/alcaldiaalbertoadriani.com\/?p=18215\" \/>\n<meta property=\"og:site_name\" content=\"Alcaldia Alberto Adriani\" \/>\n<meta property=\"article:published_time\" content=\"2026-08-31T14:36:05+00:00\" \/>\n<meta property=\"article:modified_time\" content=\"2026-08-31T14:36:09+00:00\" \/>\n<meta property=\"og:image\" content=\"https:\/\/alcaldiaalbertoadriani.com\/wp-content\/uploads\/2026\/08\/photo_4947276711649283127_y.jpg\" \/>\n\t<meta property=\"og:image:width\" content=\"1280\" \/>\n\t<meta property=\"og:image:height\" content=\"960\" \/>\n\t<meta property=\"og:image:type\" content=\"image\/jpeg\" \/>\n<meta name=\"author\" content=\"Prensa\" \/>\n<meta name=\"twitter:card\" content=\"summary_large_image\" \/>\n<meta name=\"twitter:label1\" content=\"Escrito por\" \/>\n\t<meta name=\"twitter:data1\" content=\"Prensa\" \/>\n\t<meta name=\"twitter:label2\" content=\"Tiempo de lectura\" \/>\n\t<meta name=\"twitter:data2\" content=\"4 minutos\" \/>\n<script type=\"application\/ld+json\" class=\"yoast-schema-graph\">{\"@context\":\"https:\/\/schema.org\",\"@graph\":[{\"@type\":\"WebPage\",\"@id\":\"https:\/\/alcaldiaalbertoadriani.com\/?p=18215\",\"url\":\"https:\/\/alcaldiaalbertoadriani.com\/?p=18215\",\"name\":\"Immigaa promovi\u00f3 encuentro recreativo \\\"Cero Drama Solo Risa\\\"\",\"isPartOf\":{\"@id\":\"https:\/\/alcaldiaalbertoadriani.com\/#website\"},\"datePublished\":\"2026-08-31T14:36:05+00:00\",\"dateModified\":\"2026-08-31T14:36:09+00:00\",\"author\":{\"@id\":\"https:\/\/alcaldiaalbertoadriani.com\/#\/schema\/person\/549b4483ff8999ac780deeea78795fc9\"},\"description\":\"Immigaa promovi\u00f3 el encuentro y la integraci\u00f3n con la jornada recreativa \\\"Cero Drama Solo Risa\\\" en parque Metropolitano\",\"breadcrumb\":{\"@id\":\"https:\/\/alcaldiaalbertoadriani.com\/?p=18215#breadcrumb\"},\"inLanguage\":\"es\",\"potentialAction\":[{\"@type\":\"ReadAction\",\"target\":[\"https:\/\/alcaldiaalbertoadriani.com\/?p=18215\"]}]},{\"@type\":\"BreadcrumbList\",\"@id\":\"https:\/\/alcaldiaalbertoadriani.com\/?p=18215#breadcrumb\",\"itemListElement\":[{\"@type\":\"ListItem\",\"position\":1,\"name\":\"Portada\",\"item\":\"https:\/\/alcaldiaalbertoadriani.com\/\"},{\"@type\":\"ListItem\",\"position\":2,\"name\":\"Immigaa promovi\u00f3 el encuentro y la integraci\u00f3n con la jornada recreativa &#8220;Cero Drama Solo Risa&#8221;\"}]},{\"@type\":\"WebSite\",\"@id\":\"https:\/\/alcaldiaalbertoadriani.com\/#website\",\"url\":\"https:\/\/alcaldiaalbertoadriani.com\/\",\"name\":\"Alcaldia Alberto Adriani\",\"description\":\"\",\"potentialAction\":[{\"@type\":\"SearchAction\",\"target\":{\"@type\":\"EntryPoint\",\"urlTemplate\":\"https:\/\/alcaldiaalbertoadriani.com\/?s={search_term_string}\"},\"query-input\":\"required name=search_term_string\"}],\"inLanguage\":\"es\"},{\"@type\":\"Person\",\"@id\":\"https:\/\/alcaldiaalbertoadriani.com\/#\/schema\/person\/549b4483ff8999ac780deeea78795fc9\",\"name\":\"Prensa\",\"image\":{\"@type\":\"ImageObject\",\"inLanguage\":\"es\",\"@id\":\"https:\/\/alcaldiaalbertoadriani.com\/#\/schema\/person\/image\/\",\"url\":\"https:\/\/secure.gravatar.com\/avatar\/ea1cb567ea992a29627f4eee1c2eb185ec16decec6342d508fdf18dedb56c9de?s=96&d=mm&r=g\",\"contentUrl\":\"https:\/\/secure.gravatar.com\/avatar\/ea1cb567ea992a29627f4eee1c2eb185ec16decec6342d508fdf18dedb56c9de?s=96&d=mm&r=g\",\"caption\":\"Prensa\"},\"url\":\"https:\/\/alcaldiaalbertoadriani.com\/?author=2\"}]}<\/script>\n<!-- \/ Yoast SEO plugin. -->","yoast_head_json":{"title":"Immigaa promovi\u00f3 encuentro recreativo \"Cero Drama Solo Risa\"","description":"Immigaa promovi\u00f3 el encuentro y la integraci\u00f3n con la jornada recreativa \"Cero Drama Solo Risa\" en parque Metropolitano","robots":{"index":"index","follow":"follow","max-snippet":"max-snippet:-1","max-image-preview":"max-image-preview:large","max-video-preview":"max-video-preview:-1"},"canonical":"https:\/\/alcaldiaalbertoadriani.com\/?p=18215","og_locale":"es_ES","og_type":"article","og_title":"Immigaa promovi\u00f3 encuentro recreativo \"Cero Drama Solo Risa\"","og_description":"Immigaa promovi\u00f3 el encuentro y la integraci\u00f3n con la jornada recreativa \"Cero Drama Solo Risa\" en parque Metropolitano","og_url":"https:\/\/alcaldiaalbertoadriani.com\/?p=18215","og_site_name":"Alcaldia Alberto Adriani","article_published_time":"2026-08-31T14:36:05+00:00","article_modified_time":"2026-08-31T14:36:09+00:00","og_image":[{"width":1280,"height":960,"url":"https:\/\/alcaldiaalbertoadriani.com\/wp-content\/uploads\/2026\/08\/photo_4947276711649283127_y.jpg","type":"image\/jpeg"}],"author":"Prensa","twitter_card":"summary_large_image","twitter_misc":{"Escrito por":"Prensa","Tiempo de lectura":"4 minutos"},"schema":{"@context":"https:\/\/schema.org","@graph":[{"@type":"WebPage","@id":"https:\/\/alcaldiaalbertoadriani.com\/?p=18215","url":"https:\/\/alcaldiaalbertoadriani.com\/?p=18215","name":"Immigaa promovi\u00f3 encuentro recreativo \"Cero Drama Solo Risa\"","isPartOf":{"@id":"https:\/\/alcaldiaalbertoadriani.com\/#website"},"datePublished":"2026-08-31T14:36:05+00:00","dateModified":"2026-08-31T14:36:09+00:00","author":{"@id":"https:\/\/alcaldiaalbertoadriani.com\/#\/schema\/person\/549b4483ff8999ac780deeea78795fc9"},"description":"Immigaa promovi\u00f3 el encuentro y la integraci\u00f3n con la jornada recreativa \"Cero Drama Solo Risa\" en parque Metropolitano","breadcrumb":{"@id":"https:\/\/alcaldiaalbertoadriani.com\/?p=18215#breadcrumb"},"inLanguage":"es","potentialAction":[{"@type":"ReadAction","target":["https:\/\/alcaldiaalbertoadriani.com\/?p=18215"]}]},{"@type":"BreadcrumbList","@id":"https:\/\/alcaldiaalbertoadriani.com\/?p=18215#breadcrumb","itemListElement":[{"@type":"ListItem","position":1,"name":"Portada","item":"https:\/\/alcaldiaalbertoadriani.com\/"},{"@type":"ListItem","position":2,"name":"Immigaa promovi\u00f3 el encuentro y la integraci\u00f3n con la jornada recreativa &#8220;Cero Drama Solo Risa&#8221;"}]},{"@type":"WebSite","@id":"https:\/\/alcaldiaalbertoadriani.com\/#website","url":"https:\/\/alcaldiaalbertoadriani.com\/","name":"Alcaldia Alberto Adriani","description":"","potentialAction":[{"@type":"SearchAction","target":{"@type":"EntryPoint","urlTemplate":"https:\/\/alcaldiaalbertoadriani.com\/?s={search_term_string}"},"query-input":"required name=search_term_string"}],"inLanguage":"es"},{"@type":"Person","@id":"https:\/\/alcaldiaalbertoadriani.com\/#\/schema\/person\/549b4483ff8999ac780deeea78795fc9","name":"Prensa","image":{"@type":"ImageObject","inLanguage":"es","@id":"https:\/\/alcaldiaalbertoadriani.com\/#\/schema\/person\/image\/","url":"https:\/\/secure.gravatar.com\/avatar\/ea1cb567ea992a29627f4eee1c2eb185ec16decec6342d508fdf18dedb56c9de?s=96&d=mm&r=g","contentUrl":"https:\/\/secure.gravatar.com\/avatar\/ea1cb567ea992a29627f4eee1c2eb185ec16decec6342d508fdf18dedb56c9de?s=96&d=mm&r=g","caption":"Prensa"},"url":"https:\/\/alcaldiaalbertoadriani.com\/?author=2"}]}},"_links":{"self":[{"href":"https:\/\/alcaldiaalbertoadriani.com\/index.php?rest_route=\/wp\/v2\/posts\/18215","targetHints":{"allow":["GET"]}}],"collection":[{"href":"https:\/\/alcaldiaalbertoadriani.com\/index.php?rest_route=\/wp\/v2\/posts"}],"about":[{"href":"https:\/\/alcaldiaalbertoadriani.com\/index.php?rest_route=\/wp\/v2\/types\/post"}],"author":[{"embeddable":true,"href":"https:\/\/alcaldiaalbertoadriani.com\/index.php?rest_route=\/wp\/v2\/users\/2"}],"replies":[{"embeddable":true,"href":"https:\/\/alcaldiaalbertoadriani.com\/index.php?rest_route=%2Fwp%2Fv2%2Fcomments&post=18215"}],"version-history":[{"count":1,"href":"https:\/\/alcaldiaalbertoadriani.com\/index.php?rest_route=\/wp\/v2\/posts\/18215\/revisions"}],"predecessor-version":[{"id":18228,"href":"https:\/\/alcaldiaalbertoadriani.com\/index.php?rest_route=\/wp\/v2\/posts\/18215\/revisions\/18228"}],"wp:featuredmedia":[{"embeddable":true,"href":"https:\/\/alcaldiaalbertoadriani.com\/index.php?rest_route=\/wp\/v2\/media\/18227"}],"wp:attachment":[{"href":"https:\/\/alcaldiaalbertoadriani.com\/index.php?rest_route=%2Fwp%2Fv2%2Fmedia&parent=18215"}],"wp:term":[{"taxonomy":"category","embeddable":true,"href":"https:\/\/alcaldiaalbertoadriani.com\/index.php?rest_route=%2Fwp%2Fv2%2Fcategories&post=18215"},{"taxonomy":"post_tag","embeddable":true,"href":"https:\/\/alcaldiaalbertoadriani.com\/index.php?rest_route=%2Fwp%2Fv2%2Ftags&post=18215"}],"curies":[{"name":"wp","href":"https:\/\/api.w.org\/{rel}","templated":true}]}}