{"id":18195,"date":"2026-08-31T14:24:40","date_gmt":"2026-08-31T14:24:40","guid":{"rendered":"https:\/\/alcaldiaalbertoadriani.com\/?p=18195"},"modified":"2026-08-31T14:24:45","modified_gmt":"2026-08-31T14:24:45","slug":"alcalde-lisandro-segura-respaldo-el-festival-de-baloncesto-superliga-junior-u-14","status":"publish","type":"post","link":"https:\/\/alcaldiaalbertoadriani.com\/?p=18195","title":{"rendered":"Alcalde Lisandro Segura respald\u00f3 el Festival de Baloncesto S\u00faperliga Junior U-14"},"content":{"rendered":"\n<h2 class=\"wp-block-heading\"><em>Participaron un total de diez equipos, conformados por seis masculinos y cuatro femeninos<\/em><\/h2>\n\n\n\n<p>El gobierno del alcalde <a href=\"https:\/\/www.instagram.com\/lisandrosegura02\/\">Lisandro Segura<\/a> respald\u00f3 el Festival de Baloncesto S\u00faperliga \u201cJunior\u201d U-14, el cual se disput\u00f3 desde el viernes 28 hasta este domingo 30 de agosto de 2026. El evento fue organizado por la Asociaci\u00f3n de Baloncesto del estado M\u00e9rida.<\/p>\n\n\n\n<p>As\u00ed lo inform\u00f3 Ricardo Romero, presidente del Instituto Municipal del Deporte y Recreaci\u00f3n (<a href=\"https:\/\/alcaldiaalbertoadriani.com\/?tag=imdraa-apoyo-con-transporte\">Imdraa<\/a>), al destacar que en el festival participaron diez equipos provenientes de los municipios Libertador (M\u00e9rida), Rivas D\u00e1vila (Bailadores), Tovar (Tovar), Sucre (Lagunillas) y Alberto Adriani (El Vig\u00eda).<\/p>\n\n\n\n<p>Romero indic\u00f3 que los encuentros se llevaron a cabo de manera simult\u00e1nea en las instalaciones de la cancha de la Casa del Ni\u00f1o Trabajador Dr. H\u00e9ctor Rodr\u00edguez Dugarte y en el gimnasio \u00d3scar Ortega. El funcionario precis\u00f3 que fueron seis equipos masculinos y cuatro femeninos los que dieron todo en la cancha por conquistar la Copa Alcalde Lisandro Segura.<\/p>\n\n\n\n<p>Finales<\/p>\n\n\n\n<p>El presidente del Imdraa acot\u00f3 que, previo a la premiaci\u00f3n, se disputaron las finales en el gimnasio \u00d3scar Ortega del complejo deportivo Carlos Maya, ubicado en la urbanizaci\u00f3n Buenos Aires.<\/p>\n\n\n\n<figure class=\"wp-block-gallery has-nested-images columns-default is-cropped wp-block-gallery-1 is-layout-flex wp-block-gallery-is-layout-flex\">\n<figure class=\"wp-block-image size-large\"><img loading=\"lazy\" decoding=\"async\" width=\"800\" height=\"600\" data-id=\"18198\" src=\"https:\/\/alcaldiaalbertoadriani.com\/wp-content\/uploads\/2026\/08\/photo_4947315117246844087_x.jpg\" alt=\"\" class=\"wp-image-18198\" srcset=\"https:\/\/alcaldiaalbertoadriani.com\/wp-content\/uploads\/2026\/08\/photo_4947315117246844087_x.jpg 800w, https:\/\/alcaldiaalbertoadriani.com\/wp-content\/uploads\/2026\/08\/photo_4947315117246844087_x-480x360.jpg 480w\" sizes=\"auto, (min-width: 0px) and (max-width: 480px) 480px, (min-width: 481px) 800px, 100vw\" \/><\/figure>\n\n\n\n<figure class=\"wp-block-image size-large\"><img loading=\"lazy\" decoding=\"async\" width=\"800\" height=\"600\" data-id=\"18197\" src=\"https:\/\/alcaldiaalbertoadriani.com\/wp-content\/uploads\/2026\/08\/photo_4947315117246844076_x.jpg\" alt=\"\" class=\"wp-image-18197\" srcset=\"https:\/\/alcaldiaalbertoadriani.com\/wp-content\/uploads\/2026\/08\/photo_4947315117246844076_x.jpg 800w, https:\/\/alcaldiaalbertoadriani.com\/wp-content\/uploads\/2026\/08\/photo_4947315117246844076_x-480x360.jpg 480w\" sizes=\"auto, (min-width: 0px) and (max-width: 480px) 480px, (min-width: 481px) 800px, 100vw\" \/><\/figure>\n\n\n\n<figure class=\"wp-block-image size-large\"><img loading=\"lazy\" decoding=\"async\" width=\"800\" height=\"600\" data-id=\"18196\" src=\"https:\/\/alcaldiaalbertoadriani.com\/wp-content\/uploads\/2026\/08\/photo_4947315117246844074_x-1.jpg\" alt=\"\" class=\"wp-image-18196\" srcset=\"https:\/\/alcaldiaalbertoadriani.com\/wp-content\/uploads\/2026\/08\/photo_4947315117246844074_x-1.jpg 800w, https:\/\/alcaldiaalbertoadriani.com\/wp-content\/uploads\/2026\/08\/photo_4947315117246844074_x-1-480x360.jpg 480w\" sizes=\"auto, (min-width: 0px) and (max-width: 480px) 480px, (min-width: 481px) 800px, 100vw\" \/><\/figure>\n\n\n\n<figure class=\"wp-block-image size-large\"><img loading=\"lazy\" decoding=\"async\" width=\"800\" height=\"600\" data-id=\"18201\" src=\"https:\/\/alcaldiaalbertoadriani.com\/wp-content\/uploads\/2026\/08\/photo_4947315117246844074_x.jpg\" alt=\"\" class=\"wp-image-18201\" srcset=\"https:\/\/alcaldiaalbertoadriani.com\/wp-content\/uploads\/2026\/08\/photo_4947315117246844074_x.jpg 800w, https:\/\/alcaldiaalbertoadriani.com\/wp-content\/uploads\/2026\/08\/photo_4947315117246844074_x-480x360.jpg 480w\" sizes=\"auto, (min-width: 0px) and (max-width: 480px) 480px, (min-width: 481px) 800px, 100vw\" \/><\/figure>\n\n\n\n<figure class=\"wp-block-image size-large\"><img loading=\"lazy\" decoding=\"async\" width=\"800\" height=\"600\" data-id=\"18199\" src=\"https:\/\/alcaldiaalbertoadriani.com\/wp-content\/uploads\/2026\/08\/photo_4947315117246844072_x.jpg\" alt=\"\" class=\"wp-image-18199\" srcset=\"https:\/\/alcaldiaalbertoadriani.com\/wp-content\/uploads\/2026\/08\/photo_4947315117246844072_x.jpg 800w, https:\/\/alcaldiaalbertoadriani.com\/wp-content\/uploads\/2026\/08\/photo_4947315117246844072_x-480x360.jpg 480w\" sizes=\"auto, (min-width: 0px) and (max-width: 480px) 480px, (min-width: 481px) 800px, 100vw\" \/><\/figure>\n\n\n\n<figure class=\"wp-block-image size-large\"><img loading=\"lazy\" decoding=\"async\" width=\"800\" height=\"600\" data-id=\"18200\" src=\"https:\/\/alcaldiaalbertoadriani.com\/wp-content\/uploads\/2026\/08\/photo_4947315117246844070_x.jpg\" alt=\"\" class=\"wp-image-18200\" srcset=\"https:\/\/alcaldiaalbertoadriani.com\/wp-content\/uploads\/2026\/08\/photo_4947315117246844070_x.jpg 800w, https:\/\/alcaldiaalbertoadriani.com\/wp-content\/uploads\/2026\/08\/photo_4947315117246844070_x-480x360.jpg 480w\" sizes=\"auto, (min-width: 0px) and (max-width: 480px) 480px, (min-width: 481px) 800px, 100vw\" \/><\/figure>\n<\/figure>\n\n\n\n<p>En la rama masculina, el primer lugar lo obtuvo el Club Humboldt, seguido por el Club Tigres en el segundo puesto y el Club Lagunillas en el tercero. En cuanto a la rama femenina, el primer lugar fue para el Club Humboldt, el segundo para el Club Fucibai y el tercero para el Club Wilfrido Oma\u00f1a.<\/p>\n\n\n\n<figure class=\"wp-block-gallery has-nested-images columns-default is-cropped wp-block-gallery-2 is-layout-flex wp-block-gallery-is-layout-flex\">\n<figure class=\"wp-block-image size-large\"><img loading=\"lazy\" decoding=\"async\" width=\"800\" height=\"600\" data-id=\"18203\" src=\"https:\/\/alcaldiaalbertoadriani.com\/wp-content\/uploads\/2026\/08\/photo_4947315117246844089_x.jpg\" alt=\"\" class=\"wp-image-18203\" srcset=\"https:\/\/alcaldiaalbertoadriani.com\/wp-content\/uploads\/2026\/08\/photo_4947315117246844089_x.jpg 800w, https:\/\/alcaldiaalbertoadriani.com\/wp-content\/uploads\/2026\/08\/photo_4947315117246844089_x-480x360.jpg 480w\" sizes=\"auto, (min-width: 0px) and (max-width: 480px) 480px, (min-width: 481px) 800px, 100vw\" \/><\/figure>\n\n\n\n<figure class=\"wp-block-image size-large\"><img loading=\"lazy\" decoding=\"async\" width=\"800\" height=\"600\" data-id=\"18202\" src=\"https:\/\/alcaldiaalbertoadriani.com\/wp-content\/uploads\/2026\/08\/photo_4947315117246844088_x.jpg\" alt=\"\" class=\"wp-image-18202\" srcset=\"https:\/\/alcaldiaalbertoadriani.com\/wp-content\/uploads\/2026\/08\/photo_4947315117246844088_x.jpg 800w, https:\/\/alcaldiaalbertoadriani.com\/wp-content\/uploads\/2026\/08\/photo_4947315117246844088_x-480x360.jpg 480w\" sizes=\"auto, (min-width: 0px) and (max-width: 480px) 480px, (min-width: 481px) 800px, 100vw\" \/><\/figure>\n\n\n\n<figure class=\"wp-block-image size-large\"><img loading=\"lazy\" decoding=\"async\" width=\"800\" height=\"600\" data-id=\"18206\" src=\"https:\/\/alcaldiaalbertoadriani.com\/wp-content\/uploads\/2026\/08\/photo_4947315117246844086_x.jpg\" alt=\"\" class=\"wp-image-18206\" srcset=\"https:\/\/alcaldiaalbertoadriani.com\/wp-content\/uploads\/2026\/08\/photo_4947315117246844086_x.jpg 800w, https:\/\/alcaldiaalbertoadriani.com\/wp-content\/uploads\/2026\/08\/photo_4947315117246844086_x-480x360.jpg 480w\" sizes=\"auto, (min-width: 0px) and (max-width: 480px) 480px, (min-width: 481px) 800px, 100vw\" \/><\/figure>\n\n\n\n<figure class=\"wp-block-image size-large\"><img loading=\"lazy\" decoding=\"async\" width=\"800\" height=\"600\" data-id=\"18205\" src=\"https:\/\/alcaldiaalbertoadriani.com\/wp-content\/uploads\/2026\/08\/photo_4947315117246844085_x.jpg\" alt=\"\" class=\"wp-image-18205\" srcset=\"https:\/\/alcaldiaalbertoadriani.com\/wp-content\/uploads\/2026\/08\/photo_4947315117246844085_x.jpg 800w, https:\/\/alcaldiaalbertoadriani.com\/wp-content\/uploads\/2026\/08\/photo_4947315117246844085_x-480x360.jpg 480w\" sizes=\"auto, (min-width: 0px) and (max-width: 480px) 480px, (min-width: 481px) 800px, 100vw\" \/><\/figure>\n\n\n\n<figure class=\"wp-block-image size-large\"><img loading=\"lazy\" decoding=\"async\" width=\"800\" height=\"600\" data-id=\"18207\" src=\"https:\/\/alcaldiaalbertoadriani.com\/wp-content\/uploads\/2026\/08\/photo_4947315117246844084_x.jpg\" alt=\"\" class=\"wp-image-18207\" srcset=\"https:\/\/alcaldiaalbertoadriani.com\/wp-content\/uploads\/2026\/08\/photo_4947315117246844084_x.jpg 800w, https:\/\/alcaldiaalbertoadriani.com\/wp-content\/uploads\/2026\/08\/photo_4947315117246844084_x-480x360.jpg 480w\" sizes=\"auto, (min-width: 0px) and (max-width: 480px) 480px, (min-width: 481px) 800px, 100vw\" \/><\/figure>\n\n\n\n<figure class=\"wp-block-image size-large\"><img loading=\"lazy\" decoding=\"async\" width=\"1024\" height=\"768\" data-id=\"18210\" src=\"https:\/\/alcaldiaalbertoadriani.com\/wp-content\/uploads\/2026\/08\/photo_4947315117246844083_w-1024x768.jpg\" alt=\"\" class=\"wp-image-18210\" srcset=\"https:\/\/alcaldiaalbertoadriani.com\/wp-content\/uploads\/2026\/08\/photo_4947315117246844083_w-980x735.jpg 980w, https:\/\/alcaldiaalbertoadriani.com\/wp-content\/uploads\/2026\/08\/photo_4947315117246844083_w-480x360.jpg 480w\" sizes=\"auto, (min-width: 0px) and (max-width: 480px) 480px, (min-width: 481px) and (max-width: 980px) 980px, (min-width: 981px) 1024px, 100vw\" \/><\/figure>\n\n\n\n<figure class=\"wp-block-image size-large\"><img loading=\"lazy\" decoding=\"async\" width=\"800\" height=\"600\" data-id=\"18209\" src=\"https:\/\/alcaldiaalbertoadriani.com\/wp-content\/uploads\/2026\/08\/photo_4947315117246844082_x.jpg\" alt=\"\" class=\"wp-image-18209\" srcset=\"https:\/\/alcaldiaalbertoadriani.com\/wp-content\/uploads\/2026\/08\/photo_4947315117246844082_x.jpg 800w, https:\/\/alcaldiaalbertoadriani.com\/wp-content\/uploads\/2026\/08\/photo_4947315117246844082_x-480x360.jpg 480w\" sizes=\"auto, (min-width: 0px) and (max-width: 480px) 480px, (min-width: 481px) 800px, 100vw\" \/><\/figure>\n\n\n\n<figure class=\"wp-block-image size-large\"><img loading=\"lazy\" decoding=\"async\" width=\"800\" height=\"600\" data-id=\"18204\" src=\"https:\/\/alcaldiaalbertoadriani.com\/wp-content\/uploads\/2026\/08\/photo_4947315117246844081_x.jpg\" alt=\"\" class=\"wp-image-18204\" srcset=\"https:\/\/alcaldiaalbertoadriani.com\/wp-content\/uploads\/2026\/08\/photo_4947315117246844081_x.jpg 800w, https:\/\/alcaldiaalbertoadriani.com\/wp-content\/uploads\/2026\/08\/photo_4947315117246844081_x-480x360.jpg 480w\" sizes=\"auto, (min-width: 0px) and (max-width: 480px) 480px, (min-width: 481px) 800px, 100vw\" \/><\/figure>\n\n\n\n<figure class=\"wp-block-image size-large\"><img loading=\"lazy\" decoding=\"async\" width=\"800\" height=\"600\" data-id=\"18208\" src=\"https:\/\/alcaldiaalbertoadriani.com\/wp-content\/uploads\/2026\/08\/photo_4947315117246844080_x.jpg\" alt=\"\" class=\"wp-image-18208\" srcset=\"https:\/\/alcaldiaalbertoadriani.com\/wp-content\/uploads\/2026\/08\/photo_4947315117246844080_x.jpg 800w, https:\/\/alcaldiaalbertoadriani.com\/wp-content\/uploads\/2026\/08\/photo_4947315117246844080_x-480x360.jpg 480w\" sizes=\"auto, (min-width: 0px) and (max-width: 480px) 480px, (min-width: 481px) 800px, 100vw\" \/><\/figure>\n\n\n\n<figure class=\"wp-block-image size-large\"><img loading=\"lazy\" decoding=\"async\" width=\"800\" height=\"600\" data-id=\"18211\" src=\"https:\/\/alcaldiaalbertoadriani.com\/wp-content\/uploads\/2026\/08\/photo_4947315117246844073_x.jpg\" alt=\"\" class=\"wp-image-18211\" srcset=\"https:\/\/alcaldiaalbertoadriani.com\/wp-content\/uploads\/2026\/08\/photo_4947315117246844073_x.jpg 800w, https:\/\/alcaldiaalbertoadriani.com\/wp-content\/uploads\/2026\/08\/photo_4947315117246844073_x-480x360.jpg 480w\" sizes=\"auto, (min-width: 0px) and (max-width: 480px) 480px, (min-width: 481px) 800px, 100vw\" \/><\/figure>\n<\/figure>\n\n\n\n<p>Al cierre de la jornada, Ricardo Romero, junto a Gerard G\u00f3mez (presidente de la Asociaci\u00f3n de Baloncesto) y el cuerpo t\u00e9cnico, realizaron la entrega de la Copa Alcalde Lisandro Segura y las medallas a los atletas participantes. <strong><em>Prensa Alcald\u00eda OIPI \/ Edgar Mendoza CNP 25.736 \/ Fotos: OIPI<\/em><\/strong><\/p>\n\n\n\n<figure class=\"wp-block-gallery has-nested-images columns-default is-cropped wp-block-gallery-3 is-layout-flex wp-block-gallery-is-layout-flex\">\n<figure class=\"wp-block-image size-large\"><img loading=\"lazy\" decoding=\"async\" width=\"800\" height=\"600\" data-id=\"18212\" src=\"https:\/\/alcaldiaalbertoadriani.com\/wp-content\/uploads\/2026\/08\/photo_4947315117246844085_x-1.jpg\" alt=\"\" class=\"wp-image-18212\" srcset=\"https:\/\/alcaldiaalbertoadriani.com\/wp-content\/uploads\/2026\/08\/photo_4947315117246844085_x-1.jpg 800w, https:\/\/alcaldiaalbertoadriani.com\/wp-content\/uploads\/2026\/08\/photo_4947315117246844085_x-1-480x360.jpg 480w\" sizes=\"auto, (min-width: 0px) and (max-width: 480px) 480px, (min-width: 481px) 800px, 100vw\" \/><\/figure>\n\n\n\n<figure class=\"wp-block-image size-large\"><img loading=\"lazy\" decoding=\"async\" width=\"800\" height=\"600\" data-id=\"18213\" src=\"https:\/\/alcaldiaalbertoadriani.com\/wp-content\/uploads\/2026\/08\/photo_4947315117246844071_x.jpg\" alt=\"\" class=\"wp-image-18213\" srcset=\"https:\/\/alcaldiaalbertoadriani.com\/wp-content\/uploads\/2026\/08\/photo_4947315117246844071_x.jpg 800w, https:\/\/alcaldiaalbertoadriani.com\/wp-content\/uploads\/2026\/08\/photo_4947315117246844071_x-480x360.jpg 480w\" sizes=\"auto, (min-width: 0px) and (max-width: 480px) 480px, (min-width: 481px) 800px, 100vw\" \/><\/figure>\n<\/figure>\n","protected":false},"excerpt":{"rendered":"<p>Participaron un total de diez equipos, conformados por seis masculinos y cuatro femeninos El gobierno del alcalde Lisandro Segura respald\u00f3 el Festival de Baloncesto S\u00faperliga \u201cJunior\u201d U-14, el cual se [&hellip;]<\/p>\n","protected":false},"author":2,"featured_media":18197,"comment_status":"open","ping_status":"closed","sticky":false,"template":"","format":"standard","meta":{"_et_pb_use_builder":"off","_et_pb_old_content":"","_et_gb_content_width":"","footnotes":""},"categories":[341,50],"tags":[31,11,15,761,30,29,28],"class_list":["post-18195","post","type-post","status-publish","format-standard","has-post-thumbnail","hentry","category-alcaldia-alberto-adriani","category-imdraa","tag-alcalde","tag-alcaldia","tag-elvigia","tag-encrucijadadeprogreso","tag-lisandrosegura","tag-municipioquenosmerecemos","tag-porelrenacer"],"yoast_head":"<!-- This site is optimized with the Yoast SEO plugin v19.13 - https:\/\/yoast.com\/wordpress\/plugins\/seo\/ -->\n<title>alcaldia respald\u00f3 Festival de Baloncesto S\u00faperliga Junior U-14<\/title>\n<meta name=\"description\" content=\"Alcalde Lisandro Segura respald\u00f3 el Festival de Baloncesto S\u00faperliga Junior U-14 en el municipio Alberto Adriani\" \/>\n<meta name=\"robots\" content=\"index, follow, max-snippet:-1, max-image-preview:large, max-video-preview:-1\" \/>\n<link rel=\"canonical\" href=\"https:\/\/alcaldiaalbertoadriani.com\/?p=18195\" \/>\n<meta property=\"og:locale\" content=\"es_ES\" \/>\n<meta property=\"og:type\" content=\"article\" \/>\n<meta property=\"og:title\" content=\"alcaldia respald\u00f3 Festival de Baloncesto S\u00faperliga Junior U-14\" \/>\n<meta property=\"og:description\" content=\"Alcalde Lisandro Segura respald\u00f3 el Festival de Baloncesto S\u00faperliga Junior U-14 en el municipio Alberto Adriani\" \/>\n<meta property=\"og:url\" content=\"https:\/\/alcaldiaalbertoadriani.com\/?p=18195\" \/>\n<meta property=\"og:site_name\" content=\"Alcaldia Alberto Adriani\" \/>\n<meta property=\"article:published_time\" content=\"2026-08-31T14:24:40+00:00\" \/>\n<meta property=\"article:modified_time\" content=\"2026-08-31T14:24:45+00:00\" \/>\n<meta property=\"og:image\" content=\"https:\/\/alcaldiaalbertoadriani.com\/wp-content\/uploads\/2026\/08\/photo_4947315117246844076_x.jpg\" \/>\n\t<meta property=\"og:image:width\" content=\"800\" \/>\n\t<meta property=\"og:image:height\" content=\"600\" \/>\n\t<meta property=\"og:image:type\" content=\"image\/jpeg\" \/>\n<meta name=\"author\" content=\"Prensa\" \/>\n<meta name=\"twitter:card\" content=\"summary_large_image\" \/>\n<meta name=\"twitter:label1\" content=\"Escrito por\" \/>\n\t<meta name=\"twitter:data1\" content=\"Prensa\" \/>\n\t<meta name=\"twitter:label2\" content=\"Tiempo de lectura\" \/>\n\t<meta name=\"twitter:data2\" content=\"5 minutos\" \/>\n<script type=\"application\/ld+json\" class=\"yoast-schema-graph\">{\"@context\":\"https:\/\/schema.org\",\"@graph\":[{\"@type\":\"WebPage\",\"@id\":\"https:\/\/alcaldiaalbertoadriani.com\/?p=18195\",\"url\":\"https:\/\/alcaldiaalbertoadriani.com\/?p=18195\",\"name\":\"alcaldia respald\u00f3 Festival de Baloncesto S\u00faperliga Junior U-14\",\"isPartOf\":{\"@id\":\"https:\/\/alcaldiaalbertoadriani.com\/#website\"},\"datePublished\":\"2026-08-31T14:24:40+00:00\",\"dateModified\":\"2026-08-31T14:24:45+00:00\",\"author\":{\"@id\":\"https:\/\/alcaldiaalbertoadriani.com\/#\/schema\/person\/549b4483ff8999ac780deeea78795fc9\"},\"description\":\"Alcalde Lisandro Segura respald\u00f3 el Festival de Baloncesto S\u00faperliga Junior U-14 en el municipio Alberto Adriani\",\"breadcrumb\":{\"@id\":\"https:\/\/alcaldiaalbertoadriani.com\/?p=18195#breadcrumb\"},\"inLanguage\":\"es\",\"potentialAction\":[{\"@type\":\"ReadAction\",\"target\":[\"https:\/\/alcaldiaalbertoadriani.com\/?p=18195\"]}]},{\"@type\":\"BreadcrumbList\",\"@id\":\"https:\/\/alcaldiaalbertoadriani.com\/?p=18195#breadcrumb\",\"itemListElement\":[{\"@type\":\"ListItem\",\"position\":1,\"name\":\"Portada\",\"item\":\"https:\/\/alcaldiaalbertoadriani.com\/\"},{\"@type\":\"ListItem\",\"position\":2,\"name\":\"Alcalde Lisandro Segura respald\u00f3 el Festival de Baloncesto S\u00faperliga Junior U-14\"}]},{\"@type\":\"WebSite\",\"@id\":\"https:\/\/alcaldiaalbertoadriani.com\/#website\",\"url\":\"https:\/\/alcaldiaalbertoadriani.com\/\",\"name\":\"Alcaldia Alberto Adriani\",\"description\":\"\",\"potentialAction\":[{\"@type\":\"SearchAction\",\"target\":{\"@type\":\"EntryPoint\",\"urlTemplate\":\"https:\/\/alcaldiaalbertoadriani.com\/?s={search_term_string}\"},\"query-input\":\"required name=search_term_string\"}],\"inLanguage\":\"es\"},{\"@type\":\"Person\",\"@id\":\"https:\/\/alcaldiaalbertoadriani.com\/#\/schema\/person\/549b4483ff8999ac780deeea78795fc9\",\"name\":\"Prensa\",\"image\":{\"@type\":\"ImageObject\",\"inLanguage\":\"es\",\"@id\":\"https:\/\/alcaldiaalbertoadriani.com\/#\/schema\/person\/image\/\",\"url\":\"https:\/\/secure.gravatar.com\/avatar\/ea1cb567ea992a29627f4eee1c2eb185ec16decec6342d508fdf18dedb56c9de?s=96&d=mm&r=g\",\"contentUrl\":\"https:\/\/secure.gravatar.com\/avatar\/ea1cb567ea992a29627f4eee1c2eb185ec16decec6342d508fdf18dedb56c9de?s=96&d=mm&r=g\",\"caption\":\"Prensa\"},\"url\":\"https:\/\/alcaldiaalbertoadriani.com\/?author=2\"}]}<\/script>\n<!-- \/ Yoast SEO plugin. -->","yoast_head_json":{"title":"alcaldia respald\u00f3 Festival de Baloncesto S\u00faperliga Junior U-14","description":"Alcalde Lisandro Segura respald\u00f3 el Festival de Baloncesto S\u00faperliga Junior U-14 en el municipio Alberto Adriani","robots":{"index":"index","follow":"follow","max-snippet":"max-snippet:-1","max-image-preview":"max-image-preview:large","max-video-preview":"max-video-preview:-1"},"canonical":"https:\/\/alcaldiaalbertoadriani.com\/?p=18195","og_locale":"es_ES","og_type":"article","og_title":"alcaldia respald\u00f3 Festival de Baloncesto S\u00faperliga Junior U-14","og_description":"Alcalde Lisandro Segura respald\u00f3 el Festival de Baloncesto S\u00faperliga Junior U-14 en el municipio Alberto Adriani","og_url":"https:\/\/alcaldiaalbertoadriani.com\/?p=18195","og_site_name":"Alcaldia Alberto Adriani","article_published_time":"2026-08-31T14:24:40+00:00","article_modified_time":"2026-08-31T14:24:45+00:00","og_image":[{"width":800,"height":600,"url":"https:\/\/alcaldiaalbertoadriani.com\/wp-content\/uploads\/2026\/08\/photo_4947315117246844076_x.jpg","type":"image\/jpeg"}],"author":"Prensa","twitter_card":"summary_large_image","twitter_misc":{"Escrito por":"Prensa","Tiempo de lectura":"5 minutos"},"schema":{"@context":"https:\/\/schema.org","@graph":[{"@type":"WebPage","@id":"https:\/\/alcaldiaalbertoadriani.com\/?p=18195","url":"https:\/\/alcaldiaalbertoadriani.com\/?p=18195","name":"alcaldia respald\u00f3 Festival de Baloncesto S\u00faperliga Junior U-14","isPartOf":{"@id":"https:\/\/alcaldiaalbertoadriani.com\/#website"},"datePublished":"2026-08-31T14:24:40+00:00","dateModified":"2026-08-31T14:24:45+00:00","author":{"@id":"https:\/\/alcaldiaalbertoadriani.com\/#\/schema\/person\/549b4483ff8999ac780deeea78795fc9"},"description":"Alcalde Lisandro Segura respald\u00f3 el Festival de Baloncesto S\u00faperliga Junior U-14 en el municipio Alberto Adriani","breadcrumb":{"@id":"https:\/\/alcaldiaalbertoadriani.com\/?p=18195#breadcrumb"},"inLanguage":"es","potentialAction":[{"@type":"ReadAction","target":["https:\/\/alcaldiaalbertoadriani.com\/?p=18195"]}]},{"@type":"BreadcrumbList","@id":"https:\/\/alcaldiaalbertoadriani.com\/?p=18195#breadcrumb","itemListElement":[{"@type":"ListItem","position":1,"name":"Portada","item":"https:\/\/alcaldiaalbertoadriani.com\/"},{"@type":"ListItem","position":2,"name":"Alcalde Lisandro Segura respald\u00f3 el Festival de Baloncesto S\u00faperliga Junior U-14"}]},{"@type":"WebSite","@id":"https:\/\/alcaldiaalbertoadriani.com\/#website","url":"https:\/\/alcaldiaalbertoadriani.com\/","name":"Alcaldia Alberto Adriani","description":"","potentialAction":[{"@type":"SearchAction","target":{"@type":"EntryPoint","urlTemplate":"https:\/\/alcaldiaalbertoadriani.com\/?s={search_term_string}"},"query-input":"required name=search_term_string"}],"inLanguage":"es"},{"@type":"Person","@id":"https:\/\/alcaldiaalbertoadriani.com\/#\/schema\/person\/549b4483ff8999ac780deeea78795fc9","name":"Prensa","image":{"@type":"ImageObject","inLanguage":"es","@id":"https:\/\/alcaldiaalbertoadriani.com\/#\/schema\/person\/image\/","url":"https:\/\/secure.gravatar.com\/avatar\/ea1cb567ea992a29627f4eee1c2eb185ec16decec6342d508fdf18dedb56c9de?s=96&d=mm&r=g","contentUrl":"https:\/\/secure.gravatar.com\/avatar\/ea1cb567ea992a29627f4eee1c2eb185ec16decec6342d508fdf18dedb56c9de?s=96&d=mm&r=g","caption":"Prensa"},"url":"https:\/\/alcaldiaalbertoadriani.com\/?author=2"}]}},"_links":{"self":[{"href":"https:\/\/alcaldiaalbertoadriani.com\/index.php?rest_route=\/wp\/v2\/posts\/18195","targetHints":{"allow":["GET"]}}],"collection":[{"href":"https:\/\/alcaldiaalbertoadriani.com\/index.php?rest_route=\/wp\/v2\/posts"}],"about":[{"href":"https:\/\/alcaldiaalbertoadriani.com\/index.php?rest_route=\/wp\/v2\/types\/post"}],"author":[{"embeddable":true,"href":"https:\/\/alcaldiaalbertoadriani.com\/index.php?rest_route=\/wp\/v2\/users\/2"}],"replies":[{"embeddable":true,"href":"https:\/\/alcaldiaalbertoadriani.com\/index.php?rest_route=%2Fwp%2Fv2%2Fcomments&post=18195"}],"version-history":[{"count":1,"href":"https:\/\/alcaldiaalbertoadriani.com\/index.php?rest_route=\/wp\/v2\/posts\/18195\/revisions"}],"predecessor-version":[{"id":18214,"href":"https:\/\/alcaldiaalbertoadriani.com\/index.php?rest_route=\/wp\/v2\/posts\/18195\/revisions\/18214"}],"wp:featuredmedia":[{"embeddable":true,"href":"https:\/\/alcaldiaalbertoadriani.com\/index.php?rest_route=\/wp\/v2\/media\/18197"}],"wp:attachment":[{"href":"https:\/\/alcaldiaalbertoadriani.com\/index.php?rest_route=%2Fwp%2Fv2%2Fmedia&parent=18195"}],"wp:term":[{"taxonomy":"category","embeddable":true,"href":"https:\/\/alcaldiaalbertoadriani.com\/index.php?rest_route=%2Fwp%2Fv2%2Fcategories&post=18195"},{"taxonomy":"post_tag","embeddable":true,"href":"https:\/\/alcaldiaalbertoadriani.com\/index.php?rest_route=%2Fwp%2Fv2%2Ftags&post=18195"}],"curies":[{"name":"wp","href":"https:\/\/api.w.org\/{rel}","templated":true}]}}