{"id":18186,"date":"2026-08-31T14:07:21","date_gmt":"2026-08-31T14:07:21","guid":{"rendered":"https:\/\/alcaldiaalbertoadriani.com\/?p=18186"},"modified":"2026-08-31T14:07:27","modified_gmt":"2026-08-31T14:07:27","slug":"immigaa-asistio-a-la-obra-teatral-para-fortalecer-la-atencion-a-victimas-de-violencia-de-genero","status":"publish","type":"post","link":"https:\/\/alcaldiaalbertoadriani.com\/?p=18186","title":{"rendered":"Immigaa asisti\u00f3 a la obra teatral &#8220;El Silencio Institucional&#8221; para fortalecer la atenci\u00f3n a v\u00edctimas de violencia de g\u00e9nero"},"content":{"rendered":"\n<p>Con el firme compromiso de optimizar los mecanismos de protecci\u00f3n integral para las mujeres en la localidad, el equipo del Instituto Municipal de la Mujer y la Igualdad de G\u00e9nero del Municipio Alberto Adriani (Immigaa), asisti\u00f3 este viernes 28 de agosto a la presentaci\u00f3n de la obra teatral &#8220;El Silencio Institucional&#8221;, puesta en escena por el reconocido Grupo de Teatro El Vig\u00eda.<\/p>\n\n\n\n<p>El encuentro, realizado en el auditorio del Liceo Alberto Adriani, form\u00f3 parte del plan formativo y de sensibilizaci\u00f3n promovido por el Tribunal Supremo de Justicia (TSJ), a trav\u00e9s del Circuito Judicial Penal con Competencia en Materia de Delitos de Violencia contra la Mujer del estado M\u00e9rida (Extensi\u00f3n El Vig\u00eda) y su Equipo Interdisciplinario.<\/p>\n\n\n\n<p>La pieza teatral aborda, desde una perspectiva cr\u00edtica y reflexiva, las barreras y omisiones a las que frecuentemente se enfrentan las sobrevivientes al momento de denunciar. La actividad estuvo dirigida a funcionarios, servidoras p\u00fablicas y \u00f3rganos receptores de denuncias, con el objetivo de sensibilizar sobre la urgencia de aplicar procedimientos adecuados, expeditos y humanizados en cada fase de atenci\u00f3n de la Violencia Basada en G\u00e9nero (VBG).<\/p>\n\n\n\n<p>Con esta participaci\u00f3n, el Immigaa reitera su disposici\u00f3n de trabajo conjunto con el TSJ y los componentes judiciales del estado M\u00e9rida, a fin de articular esfuerzos interinstitucionales que garanticen el cumplimiento riguroso de la Ley Org\u00e1nica sobre el Derecho de las Mujeres a una Vida Libre de Violencia en toda la jurisdicci\u00f3n adrianista. Prensa Alcald\u00eda \/ <strong><em>OIPIYessisbely Arellano y Luis Guidici\/Pasantes UBV<\/em><\/strong><\/p>\n\n\n\n<figure class=\"wp-block-gallery has-nested-images columns-default is-cropped wp-block-gallery-1 is-layout-flex wp-block-gallery-is-layout-flex\">\n<figure class=\"wp-block-image size-large\"><img loading=\"lazy\" decoding=\"async\" width=\"1024\" height=\"768\" data-id=\"18188\" src=\"https:\/\/alcaldiaalbertoadriani.com\/wp-content\/uploads\/2026\/08\/photo_4945024911835598005_y-1024x768.jpg\" alt=\"\" class=\"wp-image-18188\" srcset=\"https:\/\/alcaldiaalbertoadriani.com\/wp-content\/uploads\/2026\/08\/photo_4945024911835598005_y-1024x768.jpg 1024w, https:\/\/alcaldiaalbertoadriani.com\/wp-content\/uploads\/2026\/08\/photo_4945024911835598005_y-980x735.jpg 980w, https:\/\/alcaldiaalbertoadriani.com\/wp-content\/uploads\/2026\/08\/photo_4945024911835598005_y-480x360.jpg 480w\" sizes=\"auto, (min-width: 0px) and (max-width: 480px) 480px, (min-width: 481px) and (max-width: 980px) 980px, (min-width: 981px) 1024px, 100vw\" \/><\/figure>\n\n\n\n<figure class=\"wp-block-image size-large\"><img loading=\"lazy\" decoding=\"async\" width=\"1024\" height=\"768\" data-id=\"18192\" src=\"https:\/\/alcaldiaalbertoadriani.com\/wp-content\/uploads\/2026\/08\/photo_4945024911835598004_y-1024x768.jpg\" alt=\"\" class=\"wp-image-18192\" srcset=\"https:\/\/alcaldiaalbertoadriani.com\/wp-content\/uploads\/2026\/08\/photo_4945024911835598004_y-1024x768.jpg 1024w, https:\/\/alcaldiaalbertoadriani.com\/wp-content\/uploads\/2026\/08\/photo_4945024911835598004_y-980x735.jpg 980w, https:\/\/alcaldiaalbertoadriani.com\/wp-content\/uploads\/2026\/08\/photo_4945024911835598004_y-480x360.jpg 480w\" sizes=\"auto, (min-width: 0px) and (max-width: 480px) 480px, (min-width: 481px) and (max-width: 980px) 980px, (min-width: 981px) 1024px, 100vw\" \/><\/figure>\n\n\n\n<figure class=\"wp-block-image size-large\"><img loading=\"lazy\" decoding=\"async\" width=\"1024\" height=\"768\" data-id=\"18189\" src=\"https:\/\/alcaldiaalbertoadriani.com\/wp-content\/uploads\/2026\/08\/photo_4945024911835598003_y-1024x768.jpg\" alt=\"\" class=\"wp-image-18189\" srcset=\"https:\/\/alcaldiaalbertoadriani.com\/wp-content\/uploads\/2026\/08\/photo_4945024911835598003_y-1024x768.jpg 1024w, https:\/\/alcaldiaalbertoadriani.com\/wp-content\/uploads\/2026\/08\/photo_4945024911835598003_y-980x735.jpg 980w, https:\/\/alcaldiaalbertoadriani.com\/wp-content\/uploads\/2026\/08\/photo_4945024911835598003_y-480x360.jpg 480w\" sizes=\"auto, (min-width: 0px) and (max-width: 480px) 480px, (min-width: 481px) and (max-width: 980px) 980px, (min-width: 981px) 1024px, 100vw\" \/><\/figure>\n\n\n\n<figure class=\"wp-block-image size-large\"><img loading=\"lazy\" decoding=\"async\" width=\"1024\" height=\"768\" data-id=\"18187\" src=\"https:\/\/alcaldiaalbertoadriani.com\/wp-content\/uploads\/2026\/08\/photo_4945024911835598002_y-1024x768.jpg\" alt=\"\" class=\"wp-image-18187\" srcset=\"https:\/\/alcaldiaalbertoadriani.com\/wp-content\/uploads\/2026\/08\/photo_4945024911835598002_y-1024x768.jpg 1024w, https:\/\/alcaldiaalbertoadriani.com\/wp-content\/uploads\/2026\/08\/photo_4945024911835598002_y-980x735.jpg 980w, https:\/\/alcaldiaalbertoadriani.com\/wp-content\/uploads\/2026\/08\/photo_4945024911835598002_y-480x360.jpg 480w\" sizes=\"auto, (min-width: 0px) and (max-width: 480px) 480px, (min-width: 481px) and (max-width: 980px) 980px, (min-width: 981px) 1024px, 100vw\" \/><\/figure>\n\n\n\n<figure class=\"wp-block-image size-large\"><img loading=\"lazy\" decoding=\"async\" width=\"1024\" height=\"768\" data-id=\"18191\" src=\"https:\/\/alcaldiaalbertoadriani.com\/wp-content\/uploads\/2026\/08\/photo_4945024911835598001_y-1024x768.jpg\" alt=\"\" class=\"wp-image-18191\" srcset=\"https:\/\/alcaldiaalbertoadriani.com\/wp-content\/uploads\/2026\/08\/photo_4945024911835598001_y-1024x768.jpg 1024w, https:\/\/alcaldiaalbertoadriani.com\/wp-content\/uploads\/2026\/08\/photo_4945024911835598001_y-980x735.jpg 980w, https:\/\/alcaldiaalbertoadriani.com\/wp-content\/uploads\/2026\/08\/photo_4945024911835598001_y-480x360.jpg 480w\" sizes=\"auto, (min-width: 0px) and (max-width: 480px) 480px, (min-width: 481px) and (max-width: 980px) 980px, (min-width: 981px) 1024px, 100vw\" \/><\/figure>\n\n\n\n<figure class=\"wp-block-image size-large\"><img loading=\"lazy\" decoding=\"async\" width=\"1024\" height=\"768\" data-id=\"18190\" src=\"https:\/\/alcaldiaalbertoadriani.com\/wp-content\/uploads\/2026\/08\/photo_4945024911835598000_y-1024x768.jpg\" alt=\"\" class=\"wp-image-18190\" srcset=\"https:\/\/alcaldiaalbertoadriani.com\/wp-content\/uploads\/2026\/08\/photo_4945024911835598000_y-1024x768.jpg 1024w, https:\/\/alcaldiaalbertoadriani.com\/wp-content\/uploads\/2026\/08\/photo_4945024911835598000_y-980x735.jpg 980w, https:\/\/alcaldiaalbertoadriani.com\/wp-content\/uploads\/2026\/08\/photo_4945024911835598000_y-480x360.jpg 480w\" sizes=\"auto, (min-width: 0px) and (max-width: 480px) 480px, (min-width: 481px) and (max-width: 980px) 980px, (min-width: 981px) 1024px, 100vw\" \/><\/figure>\n<\/figure>\n","protected":false},"excerpt":{"rendered":"<p>Con el firme compromiso de optimizar los mecanismos de protecci\u00f3n integral para las mujeres en la localidad, el equipo del Instituto Municipal de la Mujer y la Igualdad de G\u00e9nero [&hellip;]<\/p>\n","protected":false},"author":2,"featured_media":18192,"comment_status":"open","ping_status":"closed","sticky":false,"template":"","format":"standard","meta":{"_et_pb_use_builder":"off","_et_pb_old_content":"","_et_gb_content_width":"","footnotes":""},"categories":[60],"tags":[31,11,12,15,761,29,28],"class_list":["post-18186","post","type-post","status-publish","format-standard","has-post-thumbnail","hentry","category-immigaa","tag-alcalde","tag-alcaldia","tag-alcaldiaalbertoadriani","tag-elvigia","tag-encrucijadadeprogreso","tag-municipioquenosmerecemos","tag-porelrenacer"],"yoast_head":"<!-- This site is optimized with the Yoast SEO plugin v19.13 - https:\/\/yoast.com\/wordpress\/plugins\/seo\/ -->\n<title>Immigaa asisti\u00f3 obra teatral para v\u00edctimas de violencia de g\u00e9nero<\/title>\n<meta name=\"description\" content=\"Immigaa asisti\u00f3 a la obra teatral &quot;El Silencio Institucional&quot; para fortalecer la atenci\u00f3n a v\u00edctimas de violencia de g\u00e9nero\" \/>\n<meta name=\"robots\" content=\"index, follow, max-snippet:-1, max-image-preview:large, max-video-preview:-1\" \/>\n<link rel=\"canonical\" href=\"https:\/\/alcaldiaalbertoadriani.com\/?p=18186\" \/>\n<meta property=\"og:locale\" content=\"es_ES\" \/>\n<meta property=\"og:type\" content=\"article\" \/>\n<meta property=\"og:title\" content=\"Immigaa asisti\u00f3 obra teatral para v\u00edctimas de violencia de g\u00e9nero\" \/>\n<meta property=\"og:description\" content=\"Immigaa asisti\u00f3 a la obra teatral &quot;El Silencio Institucional&quot; para fortalecer la atenci\u00f3n a v\u00edctimas de violencia de g\u00e9nero\" \/>\n<meta property=\"og:url\" content=\"https:\/\/alcaldiaalbertoadriani.com\/?p=18186\" \/>\n<meta property=\"og:site_name\" content=\"Alcaldia Alberto Adriani\" \/>\n<meta property=\"article:published_time\" content=\"2026-08-31T14:07:21+00:00\" \/>\n<meta property=\"article:modified_time\" content=\"2026-08-31T14:07:27+00:00\" \/>\n<meta property=\"og:image\" content=\"https:\/\/alcaldiaalbertoadriani.com\/wp-content\/uploads\/2026\/08\/photo_4945024911835598004_y.jpg\" \/>\n\t<meta property=\"og:image:width\" content=\"1280\" \/>\n\t<meta property=\"og:image:height\" content=\"960\" \/>\n\t<meta property=\"og:image:type\" content=\"image\/jpeg\" \/>\n<meta name=\"author\" content=\"Prensa\" \/>\n<meta name=\"twitter:card\" content=\"summary_large_image\" \/>\n<meta name=\"twitter:label1\" content=\"Escrito por\" \/>\n\t<meta name=\"twitter:data1\" content=\"Prensa\" \/>\n\t<meta name=\"twitter:label2\" content=\"Tiempo de lectura\" \/>\n\t<meta name=\"twitter:data2\" content=\"3 minutos\" \/>\n<script type=\"application\/ld+json\" class=\"yoast-schema-graph\">{\"@context\":\"https:\/\/schema.org\",\"@graph\":[{\"@type\":\"WebPage\",\"@id\":\"https:\/\/alcaldiaalbertoadriani.com\/?p=18186\",\"url\":\"https:\/\/alcaldiaalbertoadriani.com\/?p=18186\",\"name\":\"Immigaa asisti\u00f3 obra teatral para v\u00edctimas de violencia de g\u00e9nero\",\"isPartOf\":{\"@id\":\"https:\/\/alcaldiaalbertoadriani.com\/#website\"},\"datePublished\":\"2026-08-31T14:07:21+00:00\",\"dateModified\":\"2026-08-31T14:07:27+00:00\",\"author\":{\"@id\":\"https:\/\/alcaldiaalbertoadriani.com\/#\/schema\/person\/549b4483ff8999ac780deeea78795fc9\"},\"description\":\"Immigaa asisti\u00f3 a la obra teatral \\\"El Silencio Institucional\\\" para fortalecer la atenci\u00f3n a v\u00edctimas de violencia de g\u00e9nero\",\"breadcrumb\":{\"@id\":\"https:\/\/alcaldiaalbertoadriani.com\/?p=18186#breadcrumb\"},\"inLanguage\":\"es\",\"potentialAction\":[{\"@type\":\"ReadAction\",\"target\":[\"https:\/\/alcaldiaalbertoadriani.com\/?p=18186\"]}]},{\"@type\":\"BreadcrumbList\",\"@id\":\"https:\/\/alcaldiaalbertoadriani.com\/?p=18186#breadcrumb\",\"itemListElement\":[{\"@type\":\"ListItem\",\"position\":1,\"name\":\"Portada\",\"item\":\"https:\/\/alcaldiaalbertoadriani.com\/\"},{\"@type\":\"ListItem\",\"position\":2,\"name\":\"Immigaa asisti\u00f3 a la obra teatral &#8220;El Silencio Institucional&#8221; para fortalecer la atenci\u00f3n a v\u00edctimas de violencia de g\u00e9nero\"}]},{\"@type\":\"WebSite\",\"@id\":\"https:\/\/alcaldiaalbertoadriani.com\/#website\",\"url\":\"https:\/\/alcaldiaalbertoadriani.com\/\",\"name\":\"Alcaldia Alberto Adriani\",\"description\":\"\",\"potentialAction\":[{\"@type\":\"SearchAction\",\"target\":{\"@type\":\"EntryPoint\",\"urlTemplate\":\"https:\/\/alcaldiaalbertoadriani.com\/?s={search_term_string}\"},\"query-input\":\"required name=search_term_string\"}],\"inLanguage\":\"es\"},{\"@type\":\"Person\",\"@id\":\"https:\/\/alcaldiaalbertoadriani.com\/#\/schema\/person\/549b4483ff8999ac780deeea78795fc9\",\"name\":\"Prensa\",\"image\":{\"@type\":\"ImageObject\",\"inLanguage\":\"es\",\"@id\":\"https:\/\/alcaldiaalbertoadriani.com\/#\/schema\/person\/image\/\",\"url\":\"https:\/\/secure.gravatar.com\/avatar\/ea1cb567ea992a29627f4eee1c2eb185ec16decec6342d508fdf18dedb56c9de?s=96&d=mm&r=g\",\"contentUrl\":\"https:\/\/secure.gravatar.com\/avatar\/ea1cb567ea992a29627f4eee1c2eb185ec16decec6342d508fdf18dedb56c9de?s=96&d=mm&r=g\",\"caption\":\"Prensa\"},\"url\":\"https:\/\/alcaldiaalbertoadriani.com\/?author=2\"}]}<\/script>\n<!-- \/ Yoast SEO plugin. -->","yoast_head_json":{"title":"Immigaa asisti\u00f3 obra teatral para v\u00edctimas de violencia de g\u00e9nero","description":"Immigaa asisti\u00f3 a la obra teatral \"El Silencio Institucional\" para fortalecer la atenci\u00f3n a v\u00edctimas de violencia de g\u00e9nero","robots":{"index":"index","follow":"follow","max-snippet":"max-snippet:-1","max-image-preview":"max-image-preview:large","max-video-preview":"max-video-preview:-1"},"canonical":"https:\/\/alcaldiaalbertoadriani.com\/?p=18186","og_locale":"es_ES","og_type":"article","og_title":"Immigaa asisti\u00f3 obra teatral para v\u00edctimas de violencia de g\u00e9nero","og_description":"Immigaa asisti\u00f3 a la obra teatral \"El Silencio Institucional\" para fortalecer la atenci\u00f3n a v\u00edctimas de violencia de g\u00e9nero","og_url":"https:\/\/alcaldiaalbertoadriani.com\/?p=18186","og_site_name":"Alcaldia Alberto Adriani","article_published_time":"2026-08-31T14:07:21+00:00","article_modified_time":"2026-08-31T14:07:27+00:00","og_image":[{"width":1280,"height":960,"url":"https:\/\/alcaldiaalbertoadriani.com\/wp-content\/uploads\/2026\/08\/photo_4945024911835598004_y.jpg","type":"image\/jpeg"}],"author":"Prensa","twitter_card":"summary_large_image","twitter_misc":{"Escrito por":"Prensa","Tiempo de lectura":"3 minutos"},"schema":{"@context":"https:\/\/schema.org","@graph":[{"@type":"WebPage","@id":"https:\/\/alcaldiaalbertoadriani.com\/?p=18186","url":"https:\/\/alcaldiaalbertoadriani.com\/?p=18186","name":"Immigaa asisti\u00f3 obra teatral para v\u00edctimas de violencia de g\u00e9nero","isPartOf":{"@id":"https:\/\/alcaldiaalbertoadriani.com\/#website"},"datePublished":"2026-08-31T14:07:21+00:00","dateModified":"2026-08-31T14:07:27+00:00","author":{"@id":"https:\/\/alcaldiaalbertoadriani.com\/#\/schema\/person\/549b4483ff8999ac780deeea78795fc9"},"description":"Immigaa asisti\u00f3 a la obra teatral \"El Silencio Institucional\" para fortalecer la atenci\u00f3n a v\u00edctimas de violencia de g\u00e9nero","breadcrumb":{"@id":"https:\/\/alcaldiaalbertoadriani.com\/?p=18186#breadcrumb"},"inLanguage":"es","potentialAction":[{"@type":"ReadAction","target":["https:\/\/alcaldiaalbertoadriani.com\/?p=18186"]}]},{"@type":"BreadcrumbList","@id":"https:\/\/alcaldiaalbertoadriani.com\/?p=18186#breadcrumb","itemListElement":[{"@type":"ListItem","position":1,"name":"Portada","item":"https:\/\/alcaldiaalbertoadriani.com\/"},{"@type":"ListItem","position":2,"name":"Immigaa asisti\u00f3 a la obra teatral &#8220;El Silencio Institucional&#8221; para fortalecer la atenci\u00f3n a v\u00edctimas de violencia de g\u00e9nero"}]},{"@type":"WebSite","@id":"https:\/\/alcaldiaalbertoadriani.com\/#website","url":"https:\/\/alcaldiaalbertoadriani.com\/","name":"Alcaldia Alberto Adriani","description":"","potentialAction":[{"@type":"SearchAction","target":{"@type":"EntryPoint","urlTemplate":"https:\/\/alcaldiaalbertoadriani.com\/?s={search_term_string}"},"query-input":"required name=search_term_string"}],"inLanguage":"es"},{"@type":"Person","@id":"https:\/\/alcaldiaalbertoadriani.com\/#\/schema\/person\/549b4483ff8999ac780deeea78795fc9","name":"Prensa","image":{"@type":"ImageObject","inLanguage":"es","@id":"https:\/\/alcaldiaalbertoadriani.com\/#\/schema\/person\/image\/","url":"https:\/\/secure.gravatar.com\/avatar\/ea1cb567ea992a29627f4eee1c2eb185ec16decec6342d508fdf18dedb56c9de?s=96&d=mm&r=g","contentUrl":"https:\/\/secure.gravatar.com\/avatar\/ea1cb567ea992a29627f4eee1c2eb185ec16decec6342d508fdf18dedb56c9de?s=96&d=mm&r=g","caption":"Prensa"},"url":"https:\/\/alcaldiaalbertoadriani.com\/?author=2"}]}},"_links":{"self":[{"href":"https:\/\/alcaldiaalbertoadriani.com\/index.php?rest_route=\/wp\/v2\/posts\/18186","targetHints":{"allow":["GET"]}}],"collection":[{"href":"https:\/\/alcaldiaalbertoadriani.com\/index.php?rest_route=\/wp\/v2\/posts"}],"about":[{"href":"https:\/\/alcaldiaalbertoadriani.com\/index.php?rest_route=\/wp\/v2\/types\/post"}],"author":[{"embeddable":true,"href":"https:\/\/alcaldiaalbertoadriani.com\/index.php?rest_route=\/wp\/v2\/users\/2"}],"replies":[{"embeddable":true,"href":"https:\/\/alcaldiaalbertoadriani.com\/index.php?rest_route=%2Fwp%2Fv2%2Fcomments&post=18186"}],"version-history":[{"count":1,"href":"https:\/\/alcaldiaalbertoadriani.com\/index.php?rest_route=\/wp\/v2\/posts\/18186\/revisions"}],"predecessor-version":[{"id":18193,"href":"https:\/\/alcaldiaalbertoadriani.com\/index.php?rest_route=\/wp\/v2\/posts\/18186\/revisions\/18193"}],"wp:featuredmedia":[{"embeddable":true,"href":"https:\/\/alcaldiaalbertoadriani.com\/index.php?rest_route=\/wp\/v2\/media\/18192"}],"wp:attachment":[{"href":"https:\/\/alcaldiaalbertoadriani.com\/index.php?rest_route=%2Fwp%2Fv2%2Fmedia&parent=18186"}],"wp:term":[{"taxonomy":"category","embeddable":true,"href":"https:\/\/alcaldiaalbertoadriani.com\/index.php?rest_route=%2Fwp%2Fv2%2Fcategories&post=18186"},{"taxonomy":"post_tag","embeddable":true,"href":"https:\/\/alcaldiaalbertoadriani.com\/index.php?rest_route=%2Fwp%2Fv2%2Ftags&post=18186"}],"curies":[{"name":"wp","href":"https:\/\/api.w.org\/{rel}","templated":true}]}}