{"id":18174,"date":"2026-08-31T13:55:28","date_gmt":"2026-08-31T13:55:28","guid":{"rendered":"https:\/\/alcaldiaalbertoadriani.com\/?p=18174"},"modified":"2026-08-31T13:55:32","modified_gmt":"2026-08-31T13:55:32","slug":"lisandro-segura-respaldo-encuentro-de-boxeo-profesional","status":"publish","type":"post","link":"https:\/\/alcaldiaalbertoadriani.com\/?p=18174","title":{"rendered":"Gobierno de Lisandro Segura respald\u00f3 encuentro de boxeo profesional"},"content":{"rendered":"\n<h2 class=\"wp-block-heading\"><em>Un total de 22 atletas, provenientes de ocho estados del pa\u00eds, participaron en once combates<\/em><\/h2>\n\n\n\n<p>Con el prop\u00f3sito de promover la disciplina box\u00edstica en la jurisdicci\u00f3n adrianista, el gobierno del alcalde <a href=\"https:\/\/www.instagram.com\/lisandrosegura02\/\">Lisandro Segura<\/a>, a trav\u00e9s del Instituto Municipal del Deporte y Recreaci\u00f3n (<a href=\"https:\/\/alcaldiaalbertoadriani.com\/?tag=imdraa-apoyo-con-transporte\">Imdraa<\/a>), respald\u00f3 el encuentro de boxeo profesional celebrado el s\u00e1bado 29 de agosto de 2026 en la cancha deportiva de usos m\u00faltiples Negra Mach\u00e9, ubicada en el sector La Inmaculada de El Vig\u00eda.<\/p>\n\n\n\n<p>Al respecto, Ricardo Romero, presidente del Imdraa, destac\u00f3 que se trat\u00f3 de una noche de prospectos conformada por 22 atletas provenientes de ocho estados del pa\u00eds, quienes participaron en 11 combates.<\/p>\n\n\n\n<figure class=\"wp-block-gallery has-nested-images columns-default is-cropped wp-block-gallery-1 is-layout-flex wp-block-gallery-is-layout-flex\">\n<figure class=\"wp-block-image size-large\"><img loading=\"lazy\" decoding=\"async\" width=\"800\" height=\"600\" data-id=\"18176\" src=\"https:\/\/alcaldiaalbertoadriani.com\/wp-content\/uploads\/2026\/08\/photo_4947315117246843951_x.jpg\" alt=\"\" class=\"wp-image-18176\" srcset=\"https:\/\/alcaldiaalbertoadriani.com\/wp-content\/uploads\/2026\/08\/photo_4947315117246843951_x.jpg 800w, https:\/\/alcaldiaalbertoadriani.com\/wp-content\/uploads\/2026\/08\/photo_4947315117246843951_x-480x360.jpg 480w\" sizes=\"auto, (min-width: 0px) and (max-width: 480px) 480px, (min-width: 481px) 800px, 100vw\" \/><\/figure>\n<\/figure>\n\n\n\n<p>Asimismo, Romero aprovech\u00f3 la ocasi\u00f3n para hacer la entrega formal de la providencia administrativa, avalada por el Imdraa y el Instituto Nacional del Deporte (IND), a la comisi\u00f3n de jueces y \u00e1rbitros del boxeo profesional del municipio Alberto Adriani, estado M\u00e9rida.<\/p>\n\n\n\n<p>Acto seguido, Enrique Ram\u00edrez, presidente de la comisi\u00f3n municipal de boxeo profesional, en nombre de Elvis S\u00e1nchez, presidente de la Comisi\u00f3n Nacional de \u00c1rbitros de Boxeo Profesional, entreg\u00f3 una placa de reconocimiento a Ricardo Romero por su gesti\u00f3n al frente del Imdraa y el apoyo brindado al boxeo, tanto amateur como profesional.<\/p>\n\n\n\n<h2 class=\"wp-block-heading\"><em>Agradecimiento<\/em><\/h2>\n\n\n\n<p>Yoger Coello, entrenador profesional de la escuela Boxing Club y organizador del evento, agradeci\u00f3 al alcalde Lisandro Segura y a Ricardo Romero por el apoyo brindado para la realizaci\u00f3n de la jornada.<\/p>\n\n\n\n<figure class=\"wp-block-gallery has-nested-images columns-default is-cropped wp-block-gallery-2 is-layout-flex wp-block-gallery-is-layout-flex\">\n<figure class=\"wp-block-image size-large\"><img loading=\"lazy\" decoding=\"async\" width=\"800\" height=\"600\" data-id=\"18175\" src=\"https:\/\/alcaldiaalbertoadriani.com\/wp-content\/uploads\/2026\/08\/photo_4945063317433158909_x.jpg\" alt=\"\" class=\"wp-image-18175\" srcset=\"https:\/\/alcaldiaalbertoadriani.com\/wp-content\/uploads\/2026\/08\/photo_4945063317433158909_x.jpg 800w, https:\/\/alcaldiaalbertoadriani.com\/wp-content\/uploads\/2026\/08\/photo_4945063317433158909_x-480x360.jpg 480w\" sizes=\"auto, (min-width: 0px) and (max-width: 480px) 480px, (min-width: 481px) 800px, 100vw\" \/><\/figure>\n<\/figure>\n\n\n\n<p>\u201cEsto tiene la intenci\u00f3n de seguir promoviendo a esos muchachos que son campeones o subcampeones nacionales. Por tal motivo, se comenz\u00f3 un proyecto ahora en el profesional con ellos\u201d, enfatiz\u00f3.<\/p>\n\n\n\n<p>Coello mencion\u00f3 la presencia de delegaciones de estados como Miranda, Trujillo, Barinas y M\u00e9rida, entre otros.<\/p>\n\n\n\n<p>Al cierre de la jornada, se premi\u00f3 a los ganadores y se entregaron reconocimientos a las comisiones de jueces, \u00e1rbitros y personal de salud.&nbsp; <strong><em>Prensa Alcald\u00eda OIPI \/ Edgar Mendoza CNP 25.736 \/ Fotos: OIPI.<\/em><\/strong><\/p>\n\n\n\n<figure class=\"wp-block-gallery has-nested-images columns-default is-cropped wp-block-gallery-3 is-layout-flex wp-block-gallery-is-layout-flex\">\n<figure class=\"wp-block-image size-large\"><img loading=\"lazy\" decoding=\"async\" width=\"800\" height=\"600\" data-id=\"18177\" src=\"https:\/\/alcaldiaalbertoadriani.com\/wp-content\/uploads\/2026\/08\/photo_4947315117246843954_x.jpg\" alt=\"\" class=\"wp-image-18177\" srcset=\"https:\/\/alcaldiaalbertoadriani.com\/wp-content\/uploads\/2026\/08\/photo_4947315117246843954_x.jpg 800w, https:\/\/alcaldiaalbertoadriani.com\/wp-content\/uploads\/2026\/08\/photo_4947315117246843954_x-480x360.jpg 480w\" sizes=\"auto, (min-width: 0px) and (max-width: 480px) 480px, (min-width: 481px) 800px, 100vw\" \/><\/figure>\n\n\n\n<figure class=\"wp-block-image size-large\"><img loading=\"lazy\" decoding=\"async\" width=\"800\" height=\"600\" data-id=\"18183\" src=\"https:\/\/alcaldiaalbertoadriani.com\/wp-content\/uploads\/2026\/08\/photo_4947315117246843953_x.jpg\" alt=\"\" class=\"wp-image-18183\" srcset=\"https:\/\/alcaldiaalbertoadriani.com\/wp-content\/uploads\/2026\/08\/photo_4947315117246843953_x.jpg 800w, https:\/\/alcaldiaalbertoadriani.com\/wp-content\/uploads\/2026\/08\/photo_4947315117246843953_x-480x360.jpg 480w\" sizes=\"auto, (min-width: 0px) and (max-width: 480px) 480px, (min-width: 481px) 800px, 100vw\" \/><\/figure>\n\n\n\n<figure class=\"wp-block-image size-large\"><img loading=\"lazy\" decoding=\"async\" width=\"800\" height=\"600\" data-id=\"18182\" src=\"https:\/\/alcaldiaalbertoadriani.com\/wp-content\/uploads\/2026\/08\/photo_4947315117246843952_x.jpg\" alt=\"\" class=\"wp-image-18182\" srcset=\"https:\/\/alcaldiaalbertoadriani.com\/wp-content\/uploads\/2026\/08\/photo_4947315117246843952_x.jpg 800w, https:\/\/alcaldiaalbertoadriani.com\/wp-content\/uploads\/2026\/08\/photo_4947315117246843952_x-480x360.jpg 480w\" sizes=\"auto, (min-width: 0px) and (max-width: 480px) 480px, (min-width: 481px) 800px, 100vw\" \/><\/figure>\n\n\n\n<figure class=\"wp-block-image size-large\"><img loading=\"lazy\" decoding=\"async\" width=\"800\" height=\"600\" data-id=\"18184\" src=\"https:\/\/alcaldiaalbertoadriani.com\/wp-content\/uploads\/2026\/08\/photo_4945063317433158908_x.jpg\" alt=\"\" class=\"wp-image-18184\" srcset=\"https:\/\/alcaldiaalbertoadriani.com\/wp-content\/uploads\/2026\/08\/photo_4945063317433158908_x.jpg 800w, https:\/\/alcaldiaalbertoadriani.com\/wp-content\/uploads\/2026\/08\/photo_4945063317433158908_x-480x360.jpg 480w\" sizes=\"auto, (min-width: 0px) and (max-width: 480px) 480px, (min-width: 481px) 800px, 100vw\" \/><\/figure>\n\n\n\n<figure class=\"wp-block-image size-large\"><img loading=\"lazy\" decoding=\"async\" width=\"800\" height=\"600\" data-id=\"18179\" src=\"https:\/\/alcaldiaalbertoadriani.com\/wp-content\/uploads\/2026\/08\/photo_4945063317433158907_x.jpg\" alt=\"\" class=\"wp-image-18179\" srcset=\"https:\/\/alcaldiaalbertoadriani.com\/wp-content\/uploads\/2026\/08\/photo_4945063317433158907_x.jpg 800w, https:\/\/alcaldiaalbertoadriani.com\/wp-content\/uploads\/2026\/08\/photo_4945063317433158907_x-480x360.jpg 480w\" sizes=\"auto, (min-width: 0px) and (max-width: 480px) 480px, (min-width: 481px) 800px, 100vw\" \/><\/figure>\n\n\n\n<figure class=\"wp-block-image size-large\"><img loading=\"lazy\" decoding=\"async\" width=\"800\" height=\"600\" data-id=\"18181\" src=\"https:\/\/alcaldiaalbertoadriani.com\/wp-content\/uploads\/2026\/08\/photo_4945063317433158906_x.jpg\" alt=\"\" class=\"wp-image-18181\" srcset=\"https:\/\/alcaldiaalbertoadriani.com\/wp-content\/uploads\/2026\/08\/photo_4945063317433158906_x.jpg 800w, https:\/\/alcaldiaalbertoadriani.com\/wp-content\/uploads\/2026\/08\/photo_4945063317433158906_x-480x360.jpg 480w\" sizes=\"auto, (min-width: 0px) and (max-width: 480px) 480px, (min-width: 481px) 800px, 100vw\" \/><\/figure>\n\n\n\n<figure class=\"wp-block-image size-large\"><img loading=\"lazy\" decoding=\"async\" width=\"800\" height=\"600\" data-id=\"18178\" src=\"https:\/\/alcaldiaalbertoadriani.com\/wp-content\/uploads\/2026\/08\/photo_4945063317433158905_x.jpg\" alt=\"\" class=\"wp-image-18178\" srcset=\"https:\/\/alcaldiaalbertoadriani.com\/wp-content\/uploads\/2026\/08\/photo_4945063317433158905_x.jpg 800w, https:\/\/alcaldiaalbertoadriani.com\/wp-content\/uploads\/2026\/08\/photo_4945063317433158905_x-480x360.jpg 480w\" sizes=\"auto, (min-width: 0px) and (max-width: 480px) 480px, (min-width: 481px) 800px, 100vw\" \/><\/figure>\n\n\n\n<figure class=\"wp-block-image size-large\"><img loading=\"lazy\" decoding=\"async\" width=\"800\" height=\"600\" data-id=\"18180\" src=\"https:\/\/alcaldiaalbertoadriani.com\/wp-content\/uploads\/2026\/08\/photo_4945063317433158903_x.jpg\" alt=\"\" class=\"wp-image-18180\" srcset=\"https:\/\/alcaldiaalbertoadriani.com\/wp-content\/uploads\/2026\/08\/photo_4945063317433158903_x.jpg 800w, https:\/\/alcaldiaalbertoadriani.com\/wp-content\/uploads\/2026\/08\/photo_4945063317433158903_x-480x360.jpg 480w\" sizes=\"auto, (min-width: 0px) and (max-width: 480px) 480px, (min-width: 481px) 800px, 100vw\" \/><\/figure>\n<\/figure>\n","protected":false},"excerpt":{"rendered":"<p>Un total de 22 atletas, provenientes de ocho estados del pa\u00eds, participaron en once combates Con el prop\u00f3sito de promover la disciplina box\u00edstica en la jurisdicci\u00f3n adrianista, el gobierno del [&hellip;]<\/p>\n","protected":false},"author":2,"featured_media":18175,"comment_status":"open","ping_status":"closed","sticky":false,"template":"","format":"standard","meta":{"_et_pb_use_builder":"off","_et_pb_old_content":"","_et_gb_content_width":"","footnotes":""},"categories":[341,50],"tags":[31,11,12,15,761,29,28],"class_list":["post-18174","post","type-post","status-publish","format-standard","has-post-thumbnail","hentry","category-alcaldia-alberto-adriani","category-imdraa","tag-alcalde","tag-alcaldia","tag-alcaldiaalbertoadriani","tag-elvigia","tag-encrucijadadeprogreso","tag-municipioquenosmerecemos","tag-porelrenacer"],"yoast_head":"<!-- This site is optimized with the Yoast SEO plugin v19.13 - https:\/\/yoast.com\/wordpress\/plugins\/seo\/ -->\n<title>Lisandro Segura respald\u00f3 encuentro de boxeo profesional<\/title>\n<meta name=\"description\" content=\"Un total de 22 atletas, provenientes de ocho estados del pa\u00eds, participaron en once combates en alberto adriani\" \/>\n<meta name=\"robots\" content=\"index, follow, max-snippet:-1, max-image-preview:large, max-video-preview:-1\" \/>\n<link rel=\"canonical\" href=\"https:\/\/alcaldiaalbertoadriani.com\/?p=18174\" \/>\n<meta property=\"og:locale\" content=\"es_ES\" \/>\n<meta property=\"og:type\" content=\"article\" \/>\n<meta property=\"og:title\" content=\"Lisandro Segura respald\u00f3 encuentro de boxeo profesional\" \/>\n<meta property=\"og:description\" content=\"Un total de 22 atletas, provenientes de ocho estados del pa\u00eds, participaron en once combates en alberto adriani\" \/>\n<meta property=\"og:url\" content=\"https:\/\/alcaldiaalbertoadriani.com\/?p=18174\" \/>\n<meta property=\"og:site_name\" content=\"Alcaldia Alberto Adriani\" \/>\n<meta property=\"article:published_time\" content=\"2026-08-31T13:55:28+00:00\" \/>\n<meta property=\"article:modified_time\" content=\"2026-08-31T13:55:32+00:00\" \/>\n<meta property=\"og:image\" content=\"https:\/\/alcaldiaalbertoadriani.com\/wp-content\/uploads\/2026\/08\/photo_4945063317433158909_x.jpg\" \/>\n\t<meta property=\"og:image:width\" content=\"800\" \/>\n\t<meta property=\"og:image:height\" content=\"600\" \/>\n\t<meta property=\"og:image:type\" content=\"image\/jpeg\" \/>\n<meta name=\"author\" content=\"Prensa\" \/>\n<meta name=\"twitter:card\" content=\"summary_large_image\" \/>\n<meta name=\"twitter:label1\" content=\"Escrito por\" \/>\n\t<meta name=\"twitter:data1\" content=\"Prensa\" \/>\n\t<meta name=\"twitter:label2\" content=\"Tiempo de lectura\" \/>\n\t<meta name=\"twitter:data2\" content=\"4 minutos\" \/>\n<script type=\"application\/ld+json\" class=\"yoast-schema-graph\">{\"@context\":\"https:\/\/schema.org\",\"@graph\":[{\"@type\":\"WebPage\",\"@id\":\"https:\/\/alcaldiaalbertoadriani.com\/?p=18174\",\"url\":\"https:\/\/alcaldiaalbertoadriani.com\/?p=18174\",\"name\":\"Lisandro Segura respald\u00f3 encuentro de boxeo profesional\",\"isPartOf\":{\"@id\":\"https:\/\/alcaldiaalbertoadriani.com\/#website\"},\"datePublished\":\"2026-08-31T13:55:28+00:00\",\"dateModified\":\"2026-08-31T13:55:32+00:00\",\"author\":{\"@id\":\"https:\/\/alcaldiaalbertoadriani.com\/#\/schema\/person\/549b4483ff8999ac780deeea78795fc9\"},\"description\":\"Un total de 22 atletas, provenientes de ocho estados del pa\u00eds, participaron en once combates en alberto adriani\",\"breadcrumb\":{\"@id\":\"https:\/\/alcaldiaalbertoadriani.com\/?p=18174#breadcrumb\"},\"inLanguage\":\"es\",\"potentialAction\":[{\"@type\":\"ReadAction\",\"target\":[\"https:\/\/alcaldiaalbertoadriani.com\/?p=18174\"]}]},{\"@type\":\"BreadcrumbList\",\"@id\":\"https:\/\/alcaldiaalbertoadriani.com\/?p=18174#breadcrumb\",\"itemListElement\":[{\"@type\":\"ListItem\",\"position\":1,\"name\":\"Portada\",\"item\":\"https:\/\/alcaldiaalbertoadriani.com\/\"},{\"@type\":\"ListItem\",\"position\":2,\"name\":\"Gobierno de Lisandro Segura respald\u00f3 encuentro de boxeo profesional\"}]},{\"@type\":\"WebSite\",\"@id\":\"https:\/\/alcaldiaalbertoadriani.com\/#website\",\"url\":\"https:\/\/alcaldiaalbertoadriani.com\/\",\"name\":\"Alcaldia Alberto Adriani\",\"description\":\"\",\"potentialAction\":[{\"@type\":\"SearchAction\",\"target\":{\"@type\":\"EntryPoint\",\"urlTemplate\":\"https:\/\/alcaldiaalbertoadriani.com\/?s={search_term_string}\"},\"query-input\":\"required name=search_term_string\"}],\"inLanguage\":\"es\"},{\"@type\":\"Person\",\"@id\":\"https:\/\/alcaldiaalbertoadriani.com\/#\/schema\/person\/549b4483ff8999ac780deeea78795fc9\",\"name\":\"Prensa\",\"image\":{\"@type\":\"ImageObject\",\"inLanguage\":\"es\",\"@id\":\"https:\/\/alcaldiaalbertoadriani.com\/#\/schema\/person\/image\/\",\"url\":\"https:\/\/secure.gravatar.com\/avatar\/ea1cb567ea992a29627f4eee1c2eb185ec16decec6342d508fdf18dedb56c9de?s=96&d=mm&r=g\",\"contentUrl\":\"https:\/\/secure.gravatar.com\/avatar\/ea1cb567ea992a29627f4eee1c2eb185ec16decec6342d508fdf18dedb56c9de?s=96&d=mm&r=g\",\"caption\":\"Prensa\"},\"url\":\"https:\/\/alcaldiaalbertoadriani.com\/?author=2\"}]}<\/script>\n<!-- \/ Yoast SEO plugin. -->","yoast_head_json":{"title":"Lisandro Segura respald\u00f3 encuentro de boxeo profesional","description":"Un total de 22 atletas, provenientes de ocho estados del pa\u00eds, participaron en once combates en alberto adriani","robots":{"index":"index","follow":"follow","max-snippet":"max-snippet:-1","max-image-preview":"max-image-preview:large","max-video-preview":"max-video-preview:-1"},"canonical":"https:\/\/alcaldiaalbertoadriani.com\/?p=18174","og_locale":"es_ES","og_type":"article","og_title":"Lisandro Segura respald\u00f3 encuentro de boxeo profesional","og_description":"Un total de 22 atletas, provenientes de ocho estados del pa\u00eds, participaron en once combates en alberto adriani","og_url":"https:\/\/alcaldiaalbertoadriani.com\/?p=18174","og_site_name":"Alcaldia Alberto Adriani","article_published_time":"2026-08-31T13:55:28+00:00","article_modified_time":"2026-08-31T13:55:32+00:00","og_image":[{"width":800,"height":600,"url":"https:\/\/alcaldiaalbertoadriani.com\/wp-content\/uploads\/2026\/08\/photo_4945063317433158909_x.jpg","type":"image\/jpeg"}],"author":"Prensa","twitter_card":"summary_large_image","twitter_misc":{"Escrito por":"Prensa","Tiempo de lectura":"4 minutos"},"schema":{"@context":"https:\/\/schema.org","@graph":[{"@type":"WebPage","@id":"https:\/\/alcaldiaalbertoadriani.com\/?p=18174","url":"https:\/\/alcaldiaalbertoadriani.com\/?p=18174","name":"Lisandro Segura respald\u00f3 encuentro de boxeo profesional","isPartOf":{"@id":"https:\/\/alcaldiaalbertoadriani.com\/#website"},"datePublished":"2026-08-31T13:55:28+00:00","dateModified":"2026-08-31T13:55:32+00:00","author":{"@id":"https:\/\/alcaldiaalbertoadriani.com\/#\/schema\/person\/549b4483ff8999ac780deeea78795fc9"},"description":"Un total de 22 atletas, provenientes de ocho estados del pa\u00eds, participaron en once combates en alberto adriani","breadcrumb":{"@id":"https:\/\/alcaldiaalbertoadriani.com\/?p=18174#breadcrumb"},"inLanguage":"es","potentialAction":[{"@type":"ReadAction","target":["https:\/\/alcaldiaalbertoadriani.com\/?p=18174"]}]},{"@type":"BreadcrumbList","@id":"https:\/\/alcaldiaalbertoadriani.com\/?p=18174#breadcrumb","itemListElement":[{"@type":"ListItem","position":1,"name":"Portada","item":"https:\/\/alcaldiaalbertoadriani.com\/"},{"@type":"ListItem","position":2,"name":"Gobierno de Lisandro Segura respald\u00f3 encuentro de boxeo profesional"}]},{"@type":"WebSite","@id":"https:\/\/alcaldiaalbertoadriani.com\/#website","url":"https:\/\/alcaldiaalbertoadriani.com\/","name":"Alcaldia Alberto Adriani","description":"","potentialAction":[{"@type":"SearchAction","target":{"@type":"EntryPoint","urlTemplate":"https:\/\/alcaldiaalbertoadriani.com\/?s={search_term_string}"},"query-input":"required name=search_term_string"}],"inLanguage":"es"},{"@type":"Person","@id":"https:\/\/alcaldiaalbertoadriani.com\/#\/schema\/person\/549b4483ff8999ac780deeea78795fc9","name":"Prensa","image":{"@type":"ImageObject","inLanguage":"es","@id":"https:\/\/alcaldiaalbertoadriani.com\/#\/schema\/person\/image\/","url":"https:\/\/secure.gravatar.com\/avatar\/ea1cb567ea992a29627f4eee1c2eb185ec16decec6342d508fdf18dedb56c9de?s=96&d=mm&r=g","contentUrl":"https:\/\/secure.gravatar.com\/avatar\/ea1cb567ea992a29627f4eee1c2eb185ec16decec6342d508fdf18dedb56c9de?s=96&d=mm&r=g","caption":"Prensa"},"url":"https:\/\/alcaldiaalbertoadriani.com\/?author=2"}]}},"_links":{"self":[{"href":"https:\/\/alcaldiaalbertoadriani.com\/index.php?rest_route=\/wp\/v2\/posts\/18174","targetHints":{"allow":["GET"]}}],"collection":[{"href":"https:\/\/alcaldiaalbertoadriani.com\/index.php?rest_route=\/wp\/v2\/posts"}],"about":[{"href":"https:\/\/alcaldiaalbertoadriani.com\/index.php?rest_route=\/wp\/v2\/types\/post"}],"author":[{"embeddable":true,"href":"https:\/\/alcaldiaalbertoadriani.com\/index.php?rest_route=\/wp\/v2\/users\/2"}],"replies":[{"embeddable":true,"href":"https:\/\/alcaldiaalbertoadriani.com\/index.php?rest_route=%2Fwp%2Fv2%2Fcomments&post=18174"}],"version-history":[{"count":1,"href":"https:\/\/alcaldiaalbertoadriani.com\/index.php?rest_route=\/wp\/v2\/posts\/18174\/revisions"}],"predecessor-version":[{"id":18185,"href":"https:\/\/alcaldiaalbertoadriani.com\/index.php?rest_route=\/wp\/v2\/posts\/18174\/revisions\/18185"}],"wp:featuredmedia":[{"embeddable":true,"href":"https:\/\/alcaldiaalbertoadriani.com\/index.php?rest_route=\/wp\/v2\/media\/18175"}],"wp:attachment":[{"href":"https:\/\/alcaldiaalbertoadriani.com\/index.php?rest_route=%2Fwp%2Fv2%2Fmedia&parent=18174"}],"wp:term":[{"taxonomy":"category","embeddable":true,"href":"https:\/\/alcaldiaalbertoadriani.com\/index.php?rest_route=%2Fwp%2Fv2%2Fcategories&post=18174"},{"taxonomy":"post_tag","embeddable":true,"href":"https:\/\/alcaldiaalbertoadriani.com\/index.php?rest_route=%2Fwp%2Fv2%2Ftags&post=18174"}],"curies":[{"name":"wp","href":"https:\/\/api.w.org\/{rel}","templated":true}]}}