{"id":18160,"date":"2026-08-31T13:34:10","date_gmt":"2026-08-31T13:34:10","guid":{"rendered":"https:\/\/alcaldiaalbertoadriani.com\/?p=18160"},"modified":"2026-08-31T13:34:25","modified_gmt":"2026-08-31T13:34:25","slug":"gobierno-de-lisandro-segura-continua-jornadas-de-atencion-medica-integral-en-las-comunidades","status":"publish","type":"post","link":"https:\/\/alcaldiaalbertoadriani.com\/?p=18160","title":{"rendered":"Gobierno de Lisandro Segura contin\u00faa jornadas de atenci\u00f3n m\u00e9dica integral en las comunidades"},"content":{"rendered":"\n<p>La alcald\u00eda del municipio Alberto Adriani contin\u00faa desplegando jornadas de atenci\u00f3n m\u00e9dica integral en los distintos sectores de la jurisdicci\u00f3n, con el prop\u00f3sito de acercar los servicios de salud y bienestar social a las comunidades.<\/p>\n\n\n\n<p>En esta oportunidad, la parroquia beneficiada fue Presidente P\u00e1ez, espec\u00edficamente en el sector El Esfuerzo de la Mujer Bolivariana. All\u00ed, un total de 120 personas recibieron atenci\u00f3n durante la jornada, inform\u00f3 Anny Salcedo, representante de la <a href=\"https:\/\/alcaldiaalbertoadriani.com\/?p=16499\">Gerencia de Desarrollo Social<\/a>.<\/p>\n\n\n\n<p>Como parte del abordaje integral, 39 personas fueron atendidas en Medicina General y 43 ni\u00f1os en Medicina Pedi\u00e1trica. Asimismo, se realiz\u00f3 el control de peso y talla a 43 ciudadanos, se tom\u00f3 la tensi\u00f3n arterial a 39 pacientes y se desparasit\u00f3 a 119 personas.<\/p>\n\n\n\n<figure class=\"wp-block-gallery has-nested-images columns-default is-cropped wp-block-gallery-1 is-layout-flex wp-block-gallery-is-layout-flex\">\n<figure class=\"wp-block-image size-large\"><img loading=\"lazy\" decoding=\"async\" width=\"1024\" height=\"768\" data-id=\"18163\" src=\"https:\/\/alcaldiaalbertoadriani.com\/wp-content\/uploads\/2026\/08\/photo_4940895043082456171_w-1024x768.jpg\" alt=\"\" class=\"wp-image-18163\" srcset=\"https:\/\/alcaldiaalbertoadriani.com\/wp-content\/uploads\/2026\/08\/photo_4940895043082456171_w-980x735.jpg 980w, https:\/\/alcaldiaalbertoadriani.com\/wp-content\/uploads\/2026\/08\/photo_4940895043082456171_w-480x360.jpg 480w\" sizes=\"auto, (min-width: 0px) and (max-width: 480px) 480px, (min-width: 481px) and (max-width: 980px) 980px, (min-width: 981px) 1024px, 100vw\" \/><\/figure>\n\n\n\n<figure class=\"wp-block-image size-large\"><img loading=\"lazy\" decoding=\"async\" width=\"1024\" height=\"768\" data-id=\"18162\" src=\"https:\/\/alcaldiaalbertoadriani.com\/wp-content\/uploads\/2026\/08\/photo_4940895043082456168_w-1024x768.jpg\" alt=\"\" class=\"wp-image-18162\" srcset=\"https:\/\/alcaldiaalbertoadriani.com\/wp-content\/uploads\/2026\/08\/photo_4940895043082456168_w-980x735.jpg 980w, https:\/\/alcaldiaalbertoadriani.com\/wp-content\/uploads\/2026\/08\/photo_4940895043082456168_w-480x360.jpg 480w\" sizes=\"auto, (min-width: 0px) and (max-width: 480px) 480px, (min-width: 481px) and (max-width: 980px) 980px, (min-width: 981px) 1024px, 100vw\" \/><\/figure>\n\n\n\n<figure class=\"wp-block-image size-large\"><img loading=\"lazy\" decoding=\"async\" width=\"1024\" height=\"768\" data-id=\"18161\" src=\"https:\/\/alcaldiaalbertoadriani.com\/wp-content\/uploads\/2026\/08\/photo_4940895043082456169_w-1024x768.jpg\" alt=\"\" class=\"wp-image-18161\" srcset=\"https:\/\/alcaldiaalbertoadriani.com\/wp-content\/uploads\/2026\/08\/photo_4940895043082456169_w-980x735.jpg 980w, https:\/\/alcaldiaalbertoadriani.com\/wp-content\/uploads\/2026\/08\/photo_4940895043082456169_w-480x360.jpg 480w\" sizes=\"auto, (min-width: 0px) and (max-width: 480px) 480px, (min-width: 481px) and (max-width: 980px) 980px, (min-width: 981px) 1024px, 100vw\" \/><\/figure>\n<\/figure>\n\n\n\n<p>La actividad tambi\u00e9n contempl\u00f3 la entrega de medicamentos, beneficio que alcanz\u00f3 a 50 ciudadanos. De igual manera, 21 personas recibieron terapias restauradoras, cuatro fueron censadas como ciudadanos con discapacidad y se realiz\u00f3 el registro de siete adultos mayores.<\/p>\n\n\n\n<h2 class=\"wp-block-heading\"><em>Atenci\u00f3n de las instituciones municipales<\/em><\/h2>\n\n\n\n<p>El despliegue comunitario cont\u00f3 con la participaci\u00f3n de diversas instituciones municipales que brindaron orientaci\u00f3n y apoyo a los habitantes del sector.<\/p>\n\n\n\n<p>El Consejo de Protecci\u00f3n del Ni\u00f1o, Ni\u00f1a y Adolescente (<a href=\"https:\/\/alcaldiaalbertoadriani.com\/?p=17370\">CPNNA<\/a>) registr\u00f3 52 casos, mientras que el <a href=\"https:\/\/alcaldiaalbertoadriani.com\/?p=12487\">Registro Civil<\/a> atendi\u00f3 23 solicitudes. Por su parte, el Consejo Municipal de Derechos del Ni\u00f1o, Ni\u00f1a y Adolescente (<a href=\"https:\/\/alcaldiaalbertoadriani.com\/?tag=cmdnna-desarrollo-programa\">Cmdnna<\/a>) recibi\u00f3 y gestion\u00f3 51 casos.<\/p>\n\n\n\n<p>La jornada incluy\u00f3 servicios dirigidos al bienestar y la recreaci\u00f3n: 17 personas recibieron atenci\u00f3n de barber\u00eda y 36 ni\u00f1os disfrutaron de una ma\u00f1ana de pinta caritas.<\/p>\n\n\n\n<p>Asimismo, C\u00e1ritas particip\u00f3 en la actividad atendiendo a 30 personas en el \u00e1rea de nutrici\u00f3n y realizando la entrega de insumos a los casos identificados durante el abordaje. De esta manera, la alcald\u00eda del municipio Alberto Adriani, a trav\u00e9s de la Oficina de Desarrollo Social y con el acompa\u00f1amiento de sus distintas dependencias, mantiene el despliegue de atenci\u00f3n integral en las comunidades, fortaleciendo las acciones orientadas a brindar respuestas efectivas a las familias de las distintas parroquias. <strong><em>Prensa OIPI \/ Tahiry Villalobos CNP 23.225 \/ Fotos: Karla M\u00e1rquez<\/em><\/strong><\/p>\n\n\n\n<figure class=\"wp-block-gallery has-nested-images columns-default is-cropped wp-block-gallery-2 is-layout-flex wp-block-gallery-is-layout-flex\">\n<figure class=\"wp-block-image size-large\"><img loading=\"lazy\" decoding=\"async\" width=\"1024\" height=\"768\" data-id=\"18169\" src=\"https:\/\/alcaldiaalbertoadriani.com\/wp-content\/uploads\/2026\/08\/photo_4940895043082456188_w-1024x768.jpg\" alt=\"\" class=\"wp-image-18169\" srcset=\"https:\/\/alcaldiaalbertoadriani.com\/wp-content\/uploads\/2026\/08\/photo_4940895043082456188_w-980x735.jpg 980w, https:\/\/alcaldiaalbertoadriani.com\/wp-content\/uploads\/2026\/08\/photo_4940895043082456188_w-480x360.jpg 480w\" sizes=\"auto, (min-width: 0px) and (max-width: 480px) 480px, (min-width: 481px) and (max-width: 980px) 980px, (min-width: 981px) 1024px, 100vw\" \/><\/figure>\n\n\n\n<figure class=\"wp-block-image size-large\"><img loading=\"lazy\" decoding=\"async\" width=\"1024\" height=\"768\" data-id=\"18170\" src=\"https:\/\/alcaldiaalbertoadriani.com\/wp-content\/uploads\/2026\/08\/photo_4940895043082456185_w-1024x768.jpg\" alt=\"\" class=\"wp-image-18170\" srcset=\"https:\/\/alcaldiaalbertoadriani.com\/wp-content\/uploads\/2026\/08\/photo_4940895043082456185_w-980x735.jpg 980w, https:\/\/alcaldiaalbertoadriani.com\/wp-content\/uploads\/2026\/08\/photo_4940895043082456185_w-480x360.jpg 480w\" sizes=\"auto, (min-width: 0px) and (max-width: 480px) 480px, (min-width: 481px) and (max-width: 980px) 980px, (min-width: 981px) 1024px, 100vw\" \/><\/figure>\n\n\n\n<figure class=\"wp-block-image size-large\"><img loading=\"lazy\" decoding=\"async\" width=\"1024\" height=\"768\" data-id=\"18168\" src=\"https:\/\/alcaldiaalbertoadriani.com\/wp-content\/uploads\/2026\/08\/photo_4940895043082456179_w-1024x768.jpg\" alt=\"\" class=\"wp-image-18168\" srcset=\"https:\/\/alcaldiaalbertoadriani.com\/wp-content\/uploads\/2026\/08\/photo_4940895043082456179_w-980x735.jpg 980w, https:\/\/alcaldiaalbertoadriani.com\/wp-content\/uploads\/2026\/08\/photo_4940895043082456179_w-480x360.jpg 480w\" sizes=\"auto, (min-width: 0px) and (max-width: 480px) 480px, (min-width: 481px) and (max-width: 980px) 980px, (min-width: 981px) 1024px, 100vw\" \/><\/figure>\n\n\n\n<figure class=\"wp-block-image size-large\"><img loading=\"lazy\" decoding=\"async\" width=\"1024\" height=\"768\" data-id=\"18166\" src=\"https:\/\/alcaldiaalbertoadriani.com\/wp-content\/uploads\/2026\/08\/photo_4940895043082456175_w-1024x768.jpg\" alt=\"\" class=\"wp-image-18166\" srcset=\"https:\/\/alcaldiaalbertoadriani.com\/wp-content\/uploads\/2026\/08\/photo_4940895043082456175_w-980x735.jpg 980w, https:\/\/alcaldiaalbertoadriani.com\/wp-content\/uploads\/2026\/08\/photo_4940895043082456175_w-480x360.jpg 480w\" sizes=\"auto, (min-width: 0px) and (max-width: 480px) 480px, (min-width: 481px) and (max-width: 980px) 980px, (min-width: 981px) 1024px, 100vw\" \/><\/figure>\n\n\n\n<figure class=\"wp-block-image size-large\"><img loading=\"lazy\" decoding=\"async\" width=\"1024\" height=\"768\" data-id=\"18164\" src=\"https:\/\/alcaldiaalbertoadriani.com\/wp-content\/uploads\/2026\/08\/photo_4940895043082456174_w-1024x768.jpg\" alt=\"\" class=\"wp-image-18164\" srcset=\"https:\/\/alcaldiaalbertoadriani.com\/wp-content\/uploads\/2026\/08\/photo_4940895043082456174_w-980x735.jpg 980w, https:\/\/alcaldiaalbertoadriani.com\/wp-content\/uploads\/2026\/08\/photo_4940895043082456174_w-480x360.jpg 480w\" sizes=\"auto, (min-width: 0px) and (max-width: 480px) 480px, (min-width: 481px) and (max-width: 980px) 980px, (min-width: 981px) 1024px, 100vw\" \/><\/figure>\n\n\n\n<figure class=\"wp-block-image size-large\"><img loading=\"lazy\" decoding=\"async\" width=\"1024\" height=\"768\" data-id=\"18171\" src=\"https:\/\/alcaldiaalbertoadriani.com\/wp-content\/uploads\/2026\/08\/photo_4940895043082456165_w-1024x768.jpg\" alt=\"\" class=\"wp-image-18171\" srcset=\"https:\/\/alcaldiaalbertoadriani.com\/wp-content\/uploads\/2026\/08\/photo_4940895043082456165_w-980x735.jpg 980w, https:\/\/alcaldiaalbertoadriani.com\/wp-content\/uploads\/2026\/08\/photo_4940895043082456165_w-480x360.jpg 480w\" sizes=\"auto, (min-width: 0px) and (max-width: 480px) 480px, (min-width: 481px) and (max-width: 980px) 980px, (min-width: 981px) 1024px, 100vw\" \/><\/figure>\n\n\n\n<figure class=\"wp-block-image size-large\"><img loading=\"lazy\" decoding=\"async\" width=\"1024\" height=\"768\" data-id=\"18165\" src=\"https:\/\/alcaldiaalbertoadriani.com\/wp-content\/uploads\/2026\/08\/photo_4940895043082456163_w-1024x768.jpg\" alt=\"\" class=\"wp-image-18165\" srcset=\"https:\/\/alcaldiaalbertoadriani.com\/wp-content\/uploads\/2026\/08\/photo_4940895043082456163_w-980x735.jpg 980w, https:\/\/alcaldiaalbertoadriani.com\/wp-content\/uploads\/2026\/08\/photo_4940895043082456163_w-480x360.jpg 480w\" sizes=\"auto, (min-width: 0px) and (max-width: 480px) 480px, (min-width: 481px) and (max-width: 980px) 980px, (min-width: 981px) 1024px, 100vw\" \/><\/figure>\n<\/figure>\n","protected":false},"excerpt":{"rendered":"<p>La alcald\u00eda del municipio Alberto Adriani contin\u00faa desplegando jornadas de atenci\u00f3n m\u00e9dica integral en los distintos sectores de la jurisdicci\u00f3n, con el prop\u00f3sito de acercar los servicios de salud y [&hellip;]<\/p>\n","protected":false},"author":2,"featured_media":18161,"comment_status":"open","ping_status":"closed","sticky":false,"template":"","format":"standard","meta":{"_et_pb_use_builder":"off","_et_pb_old_content":"","_et_gb_content_width":"","footnotes":""},"categories":[341,482,1089,472],"tags":[31,11,12,15,761,30,29,28],"class_list":["post-18160","post","type-post","status-publish","format-standard","has-post-thumbnail","hentry","category-alcaldia-alberto-adriani","category-cmdnaa","category-gerencia-de-desarrollo-social","category-salud","tag-alcalde","tag-alcaldia","tag-alcaldiaalbertoadriani","tag-elvigia","tag-encrucijadadeprogreso","tag-lisandrosegura","tag-municipioquenosmerecemos","tag-porelrenacer"],"yoast_head":"<!-- This site is optimized with the Yoast SEO plugin v19.13 - https:\/\/yoast.com\/wordpress\/plugins\/seo\/ -->\n<title>Lisandro Segura contin\u00faa jornadas m\u00e9dica en comunidades<\/title>\n<meta name=\"description\" content=\"alcald\u00eda del municipio Alberto Adriani contin\u00faa desplegando jornadas de atenci\u00f3n m\u00e9dica integral en los distintos sectores de la jurisdicci\u00f3n\" \/>\n<meta name=\"robots\" content=\"index, follow, max-snippet:-1, max-image-preview:large, max-video-preview:-1\" \/>\n<link rel=\"canonical\" href=\"https:\/\/alcaldiaalbertoadriani.com\/?p=18160\" \/>\n<meta property=\"og:locale\" content=\"es_ES\" \/>\n<meta property=\"og:type\" content=\"article\" \/>\n<meta property=\"og:title\" content=\"Lisandro Segura contin\u00faa jornadas m\u00e9dica en comunidades\" \/>\n<meta property=\"og:description\" content=\"alcald\u00eda del municipio Alberto Adriani contin\u00faa desplegando jornadas de atenci\u00f3n m\u00e9dica integral en los distintos sectores de la jurisdicci\u00f3n\" \/>\n<meta property=\"og:url\" content=\"https:\/\/alcaldiaalbertoadriani.com\/?p=18160\" \/>\n<meta property=\"og:site_name\" content=\"Alcaldia Alberto Adriani\" \/>\n<meta property=\"article:published_time\" content=\"2026-08-31T13:34:10+00:00\" \/>\n<meta property=\"article:modified_time\" content=\"2026-08-31T13:34:25+00:00\" \/>\n<meta property=\"og:image\" content=\"https:\/\/alcaldiaalbertoadriani.com\/wp-content\/uploads\/2026\/08\/photo_4940895043082456169_w.jpg\" \/>\n\t<meta property=\"og:image:width\" content=\"2560\" \/>\n\t<meta property=\"og:image:height\" content=\"1920\" \/>\n\t<meta property=\"og:image:type\" content=\"image\/jpeg\" \/>\n<meta name=\"author\" content=\"Prensa\" \/>\n<meta name=\"twitter:card\" content=\"summary_large_image\" \/>\n<meta name=\"twitter:label1\" content=\"Escrito por\" \/>\n\t<meta name=\"twitter:data1\" content=\"Prensa\" \/>\n\t<meta name=\"twitter:label2\" content=\"Tiempo de lectura\" \/>\n\t<meta name=\"twitter:data2\" content=\"4 minutos\" \/>\n<script type=\"application\/ld+json\" class=\"yoast-schema-graph\">{\"@context\":\"https:\/\/schema.org\",\"@graph\":[{\"@type\":\"WebPage\",\"@id\":\"https:\/\/alcaldiaalbertoadriani.com\/?p=18160\",\"url\":\"https:\/\/alcaldiaalbertoadriani.com\/?p=18160\",\"name\":\"Lisandro Segura contin\u00faa jornadas m\u00e9dica en comunidades\",\"isPartOf\":{\"@id\":\"https:\/\/alcaldiaalbertoadriani.com\/#website\"},\"datePublished\":\"2026-08-31T13:34:10+00:00\",\"dateModified\":\"2026-08-31T13:34:25+00:00\",\"author\":{\"@id\":\"https:\/\/alcaldiaalbertoadriani.com\/#\/schema\/person\/549b4483ff8999ac780deeea78795fc9\"},\"description\":\"alcald\u00eda del municipio Alberto Adriani contin\u00faa desplegando jornadas de atenci\u00f3n m\u00e9dica integral en los distintos sectores de la jurisdicci\u00f3n\",\"breadcrumb\":{\"@id\":\"https:\/\/alcaldiaalbertoadriani.com\/?p=18160#breadcrumb\"},\"inLanguage\":\"es\",\"potentialAction\":[{\"@type\":\"ReadAction\",\"target\":[\"https:\/\/alcaldiaalbertoadriani.com\/?p=18160\"]}]},{\"@type\":\"BreadcrumbList\",\"@id\":\"https:\/\/alcaldiaalbertoadriani.com\/?p=18160#breadcrumb\",\"itemListElement\":[{\"@type\":\"ListItem\",\"position\":1,\"name\":\"Portada\",\"item\":\"https:\/\/alcaldiaalbertoadriani.com\/\"},{\"@type\":\"ListItem\",\"position\":2,\"name\":\"Gobierno de Lisandro Segura contin\u00faa jornadas de atenci\u00f3n m\u00e9dica integral en las comunidades\"}]},{\"@type\":\"WebSite\",\"@id\":\"https:\/\/alcaldiaalbertoadriani.com\/#website\",\"url\":\"https:\/\/alcaldiaalbertoadriani.com\/\",\"name\":\"Alcaldia Alberto Adriani\",\"description\":\"\",\"potentialAction\":[{\"@type\":\"SearchAction\",\"target\":{\"@type\":\"EntryPoint\",\"urlTemplate\":\"https:\/\/alcaldiaalbertoadriani.com\/?s={search_term_string}\"},\"query-input\":\"required name=search_term_string\"}],\"inLanguage\":\"es\"},{\"@type\":\"Person\",\"@id\":\"https:\/\/alcaldiaalbertoadriani.com\/#\/schema\/person\/549b4483ff8999ac780deeea78795fc9\",\"name\":\"Prensa\",\"image\":{\"@type\":\"ImageObject\",\"inLanguage\":\"es\",\"@id\":\"https:\/\/alcaldiaalbertoadriani.com\/#\/schema\/person\/image\/\",\"url\":\"https:\/\/secure.gravatar.com\/avatar\/ea1cb567ea992a29627f4eee1c2eb185ec16decec6342d508fdf18dedb56c9de?s=96&d=mm&r=g\",\"contentUrl\":\"https:\/\/secure.gravatar.com\/avatar\/ea1cb567ea992a29627f4eee1c2eb185ec16decec6342d508fdf18dedb56c9de?s=96&d=mm&r=g\",\"caption\":\"Prensa\"},\"url\":\"https:\/\/alcaldiaalbertoadriani.com\/?author=2\"}]}<\/script>\n<!-- \/ Yoast SEO plugin. -->","yoast_head_json":{"title":"Lisandro Segura contin\u00faa jornadas m\u00e9dica en comunidades","description":"alcald\u00eda del municipio Alberto Adriani contin\u00faa desplegando jornadas de atenci\u00f3n m\u00e9dica integral en los distintos sectores de la jurisdicci\u00f3n","robots":{"index":"index","follow":"follow","max-snippet":"max-snippet:-1","max-image-preview":"max-image-preview:large","max-video-preview":"max-video-preview:-1"},"canonical":"https:\/\/alcaldiaalbertoadriani.com\/?p=18160","og_locale":"es_ES","og_type":"article","og_title":"Lisandro Segura contin\u00faa jornadas m\u00e9dica en comunidades","og_description":"alcald\u00eda del municipio Alberto Adriani contin\u00faa desplegando jornadas de atenci\u00f3n m\u00e9dica integral en los distintos sectores de la jurisdicci\u00f3n","og_url":"https:\/\/alcaldiaalbertoadriani.com\/?p=18160","og_site_name":"Alcaldia Alberto Adriani","article_published_time":"2026-08-31T13:34:10+00:00","article_modified_time":"2026-08-31T13:34:25+00:00","og_image":[{"width":2560,"height":1920,"url":"https:\/\/alcaldiaalbertoadriani.com\/wp-content\/uploads\/2026\/08\/photo_4940895043082456169_w.jpg","type":"image\/jpeg"}],"author":"Prensa","twitter_card":"summary_large_image","twitter_misc":{"Escrito por":"Prensa","Tiempo de lectura":"4 minutos"},"schema":{"@context":"https:\/\/schema.org","@graph":[{"@type":"WebPage","@id":"https:\/\/alcaldiaalbertoadriani.com\/?p=18160","url":"https:\/\/alcaldiaalbertoadriani.com\/?p=18160","name":"Lisandro Segura contin\u00faa jornadas m\u00e9dica en comunidades","isPartOf":{"@id":"https:\/\/alcaldiaalbertoadriani.com\/#website"},"datePublished":"2026-08-31T13:34:10+00:00","dateModified":"2026-08-31T13:34:25+00:00","author":{"@id":"https:\/\/alcaldiaalbertoadriani.com\/#\/schema\/person\/549b4483ff8999ac780deeea78795fc9"},"description":"alcald\u00eda del municipio Alberto Adriani contin\u00faa desplegando jornadas de atenci\u00f3n m\u00e9dica integral en los distintos sectores de la jurisdicci\u00f3n","breadcrumb":{"@id":"https:\/\/alcaldiaalbertoadriani.com\/?p=18160#breadcrumb"},"inLanguage":"es","potentialAction":[{"@type":"ReadAction","target":["https:\/\/alcaldiaalbertoadriani.com\/?p=18160"]}]},{"@type":"BreadcrumbList","@id":"https:\/\/alcaldiaalbertoadriani.com\/?p=18160#breadcrumb","itemListElement":[{"@type":"ListItem","position":1,"name":"Portada","item":"https:\/\/alcaldiaalbertoadriani.com\/"},{"@type":"ListItem","position":2,"name":"Gobierno de Lisandro Segura contin\u00faa jornadas de atenci\u00f3n m\u00e9dica integral en las comunidades"}]},{"@type":"WebSite","@id":"https:\/\/alcaldiaalbertoadriani.com\/#website","url":"https:\/\/alcaldiaalbertoadriani.com\/","name":"Alcaldia Alberto Adriani","description":"","potentialAction":[{"@type":"SearchAction","target":{"@type":"EntryPoint","urlTemplate":"https:\/\/alcaldiaalbertoadriani.com\/?s={search_term_string}"},"query-input":"required name=search_term_string"}],"inLanguage":"es"},{"@type":"Person","@id":"https:\/\/alcaldiaalbertoadriani.com\/#\/schema\/person\/549b4483ff8999ac780deeea78795fc9","name":"Prensa","image":{"@type":"ImageObject","inLanguage":"es","@id":"https:\/\/alcaldiaalbertoadriani.com\/#\/schema\/person\/image\/","url":"https:\/\/secure.gravatar.com\/avatar\/ea1cb567ea992a29627f4eee1c2eb185ec16decec6342d508fdf18dedb56c9de?s=96&d=mm&r=g","contentUrl":"https:\/\/secure.gravatar.com\/avatar\/ea1cb567ea992a29627f4eee1c2eb185ec16decec6342d508fdf18dedb56c9de?s=96&d=mm&r=g","caption":"Prensa"},"url":"https:\/\/alcaldiaalbertoadriani.com\/?author=2"}]}},"_links":{"self":[{"href":"https:\/\/alcaldiaalbertoadriani.com\/index.php?rest_route=\/wp\/v2\/posts\/18160","targetHints":{"allow":["GET"]}}],"collection":[{"href":"https:\/\/alcaldiaalbertoadriani.com\/index.php?rest_route=\/wp\/v2\/posts"}],"about":[{"href":"https:\/\/alcaldiaalbertoadriani.com\/index.php?rest_route=\/wp\/v2\/types\/post"}],"author":[{"embeddable":true,"href":"https:\/\/alcaldiaalbertoadriani.com\/index.php?rest_route=\/wp\/v2\/users\/2"}],"replies":[{"embeddable":true,"href":"https:\/\/alcaldiaalbertoadriani.com\/index.php?rest_route=%2Fwp%2Fv2%2Fcomments&post=18160"}],"version-history":[{"count":1,"href":"https:\/\/alcaldiaalbertoadriani.com\/index.php?rest_route=\/wp\/v2\/posts\/18160\/revisions"}],"predecessor-version":[{"id":18172,"href":"https:\/\/alcaldiaalbertoadriani.com\/index.php?rest_route=\/wp\/v2\/posts\/18160\/revisions\/18172"}],"wp:featuredmedia":[{"embeddable":true,"href":"https:\/\/alcaldiaalbertoadriani.com\/index.php?rest_route=\/wp\/v2\/media\/18161"}],"wp:attachment":[{"href":"https:\/\/alcaldiaalbertoadriani.com\/index.php?rest_route=%2Fwp%2Fv2%2Fmedia&parent=18160"}],"wp:term":[{"taxonomy":"category","embeddable":true,"href":"https:\/\/alcaldiaalbertoadriani.com\/index.php?rest_route=%2Fwp%2Fv2%2Fcategories&post=18160"},{"taxonomy":"post_tag","embeddable":true,"href":"https:\/\/alcaldiaalbertoadriani.com\/index.php?rest_route=%2Fwp%2Fv2%2Ftags&post=18160"}],"curies":[{"name":"wp","href":"https:\/\/api.w.org\/{rel}","templated":true}]}}