{"id":18156,"date":"2026-08-31T13:12:37","date_gmt":"2026-08-31T13:12:37","guid":{"rendered":"https:\/\/alcaldiaalbertoadriani.com\/?p=18156"},"modified":"2026-08-31T13:12:43","modified_gmt":"2026-08-31T13:12:43","slug":"lisandro-segura-consolida-la-infraestructura-vial-en-el-vigia","status":"publish","type":"post","link":"https:\/\/alcaldiaalbertoadriani.com\/?p=18156","title":{"rendered":"Gesti\u00f3n de Lisandro Segura consolida la infraestructura vial en El Vig\u00eda"},"content":{"rendered":"\n<h2 class=\"wp-block-heading\"><em>Expres\u00f3 Eligia J\u00e1tiva<\/em><\/h2>\n\n\n\n<p>Las pol\u00edticas p\u00fablicas impulsadas por el alcalde <a href=\"https:\/\/www.instagram.com\/lisandrosegura02\/\">Lisandro Segura<\/a> contin\u00faan brindando respuestas efectivas a las necesidades de las comunidades del municipio Alberto Adriani. En esta oportunidad, la gesti\u00f3n local avanza en la ejecuci\u00f3n del plan de asfaltado en la parroquia R\u00f3mulo Betancourt, con intervenciones prioritarias en sectores como 1\u00b0 de Abril (La Majumba), Los Pozones y Parque Chama II.<\/p>\n\n\n\n<p>Eligia J\u00e1tiva, directora general de la alcald\u00eda, destac\u00f3 la importancia de estas acciones, se\u00f1alando que el plan de asfaltado es una de las obras bandera de la gesti\u00f3n, con un impacto positivo en la consolidaci\u00f3n de la infraestructura vial urbana de la jurisdicci\u00f3n.<\/p>\n\n\n\n<p>&#8220;Me siento satisfecha de que la comunidad de Los Pozones, en el sector La Majumba donde yo crec\u00ed, sea intervenida con el asfaltado de sus calles. Aprovecho para agradecer al alcalde y a su equipo de trabajo, quienes han sabido gerenciar con eficiencia los recursos provenientes de los impuestos municipales para consolidar los diferentes sectores de El Vig\u00eda&#8221;, afirm\u00f3 J\u00e1tiva.<\/p>\n\n\n\n<p>Adem\u00e1s del asfaltado, la funcionaria resalt\u00f3 la rehabilitaci\u00f3n de v\u00edas agr\u00edcolas mediante maquinaria pesada recuperada por la presente gesti\u00f3n, as\u00ed como las labores preventivas de canalizaci\u00f3n de aguas pluviales y la recuperaci\u00f3n de parques y plazas. Asimismo, subray\u00f3 la labor diaria de las cuadrillas del plan &#8220;Renacer de mi Vig\u00eda Querido&#8221; en el mantenimiento de espacios p\u00fablicos, calles y avenidas.<\/p>\n\n\n\n<p>Para finalizar, la directora general ratific\u00f3 el compromiso del Ejecutivo municipal de seguir trabajando para elevar la calidad de vida de todos los vigienses. <strong><em>Prensa OIPI \/ Claribel Zambrano CNP: 11.843 \/ Fotos: Karla M\u00e1rquez.<\/em><\/strong><\/p>\n\n\n\n<figure class=\"wp-block-gallery has-nested-images columns-default is-cropped wp-block-gallery-1 is-layout-flex wp-block-gallery-is-layout-flex\">\n<figure class=\"wp-block-image size-large\"><img loading=\"lazy\" decoding=\"async\" width=\"1024\" height=\"768\" data-id=\"18157\" src=\"https:\/\/alcaldiaalbertoadriani.com\/wp-content\/uploads\/2026\/08\/photo_4938367076871638295_w-1024x768.jpg\" alt=\"\" class=\"wp-image-18157\" srcset=\"https:\/\/alcaldiaalbertoadriani.com\/wp-content\/uploads\/2026\/08\/photo_4938367076871638295_w-980x735.jpg 980w, https:\/\/alcaldiaalbertoadriani.com\/wp-content\/uploads\/2026\/08\/photo_4938367076871638295_w-480x360.jpg 480w\" sizes=\"auto, (min-width: 0px) and (max-width: 480px) 480px, (min-width: 481px) and (max-width: 980px) 980px, (min-width: 981px) 1024px, 100vw\" \/><\/figure>\n<\/figure>\n","protected":false},"excerpt":{"rendered":"<p>Expres\u00f3 Eligia J\u00e1tiva Las pol\u00edticas p\u00fablicas impulsadas por el alcalde Lisandro Segura contin\u00faan brindando respuestas efectivas a las necesidades de las comunidades del municipio Alberto Adriani. En esta oportunidad, la [&hellip;]<\/p>\n","protected":false},"author":2,"featured_media":18157,"comment_status":"open","ping_status":"closed","sticky":false,"template":"","format":"standard","meta":{"_et_pb_use_builder":"off","_et_pb_old_content":"","_et_gb_content_width":"","footnotes":""},"categories":[341],"tags":[31,11,12,15,761,30,29,28],"class_list":["post-18156","post","type-post","status-publish","format-standard","has-post-thumbnail","hentry","category-alcaldia-alberto-adriani","tag-alcalde","tag-alcaldia","tag-alcaldiaalbertoadriani","tag-elvigia","tag-encrucijadadeprogreso","tag-lisandrosegura","tag-municipioquenosmerecemos","tag-porelrenacer"],"yoast_head":"<!-- This site is optimized with the Yoast SEO plugin v19.13 - https:\/\/yoast.com\/wordpress\/plugins\/seo\/ -->\n<title>Lisandro Segura consolida la infraestructura vial en El vigia<\/title>\n<meta name=\"description\" content=\"alcalde Lisandro Segura contin\u00faan brindando respuestas efectivas a las necesidades de las comunidades del municipio Alberto Adriani\" \/>\n<meta name=\"robots\" content=\"index, follow, max-snippet:-1, max-image-preview:large, max-video-preview:-1\" \/>\n<link rel=\"canonical\" href=\"https:\/\/alcaldiaalbertoadriani.com\/?p=18156\" \/>\n<meta property=\"og:locale\" content=\"es_ES\" \/>\n<meta property=\"og:type\" content=\"article\" \/>\n<meta property=\"og:title\" content=\"Lisandro Segura consolida la infraestructura vial en El vigia\" \/>\n<meta property=\"og:description\" content=\"alcalde Lisandro Segura contin\u00faan brindando respuestas efectivas a las necesidades de las comunidades del municipio Alberto Adriani\" \/>\n<meta property=\"og:url\" content=\"https:\/\/alcaldiaalbertoadriani.com\/?p=18156\" \/>\n<meta property=\"og:site_name\" content=\"Alcaldia Alberto Adriani\" \/>\n<meta property=\"article:published_time\" content=\"2026-08-31T13:12:37+00:00\" \/>\n<meta property=\"article:modified_time\" content=\"2026-08-31T13:12:43+00:00\" \/>\n<meta property=\"og:image\" content=\"https:\/\/alcaldiaalbertoadriani.com\/wp-content\/uploads\/2026\/08\/photo_4938367076871638295_w.jpg\" \/>\n\t<meta property=\"og:image:width\" content=\"2560\" \/>\n\t<meta property=\"og:image:height\" content=\"1920\" \/>\n\t<meta property=\"og:image:type\" content=\"image\/jpeg\" \/>\n<meta name=\"author\" content=\"Prensa\" \/>\n<meta name=\"twitter:card\" content=\"summary_large_image\" \/>\n<meta name=\"twitter:label1\" content=\"Escrito por\" \/>\n\t<meta name=\"twitter:data1\" content=\"Prensa\" \/>\n\t<meta name=\"twitter:label2\" content=\"Tiempo de lectura\" \/>\n\t<meta name=\"twitter:data2\" content=\"2 minutos\" \/>\n<script type=\"application\/ld+json\" class=\"yoast-schema-graph\">{\"@context\":\"https:\/\/schema.org\",\"@graph\":[{\"@type\":\"WebPage\",\"@id\":\"https:\/\/alcaldiaalbertoadriani.com\/?p=18156\",\"url\":\"https:\/\/alcaldiaalbertoadriani.com\/?p=18156\",\"name\":\"Lisandro Segura consolida la infraestructura vial en El vigia\",\"isPartOf\":{\"@id\":\"https:\/\/alcaldiaalbertoadriani.com\/#website\"},\"datePublished\":\"2026-08-31T13:12:37+00:00\",\"dateModified\":\"2026-08-31T13:12:43+00:00\",\"author\":{\"@id\":\"https:\/\/alcaldiaalbertoadriani.com\/#\/schema\/person\/549b4483ff8999ac780deeea78795fc9\"},\"description\":\"alcalde Lisandro Segura contin\u00faan brindando respuestas efectivas a las necesidades de las comunidades del municipio Alberto Adriani\",\"breadcrumb\":{\"@id\":\"https:\/\/alcaldiaalbertoadriani.com\/?p=18156#breadcrumb\"},\"inLanguage\":\"es\",\"potentialAction\":[{\"@type\":\"ReadAction\",\"target\":[\"https:\/\/alcaldiaalbertoadriani.com\/?p=18156\"]}]},{\"@type\":\"BreadcrumbList\",\"@id\":\"https:\/\/alcaldiaalbertoadriani.com\/?p=18156#breadcrumb\",\"itemListElement\":[{\"@type\":\"ListItem\",\"position\":1,\"name\":\"Portada\",\"item\":\"https:\/\/alcaldiaalbertoadriani.com\/\"},{\"@type\":\"ListItem\",\"position\":2,\"name\":\"Gesti\u00f3n de Lisandro Segura consolida la infraestructura vial en El Vig\u00eda\"}]},{\"@type\":\"WebSite\",\"@id\":\"https:\/\/alcaldiaalbertoadriani.com\/#website\",\"url\":\"https:\/\/alcaldiaalbertoadriani.com\/\",\"name\":\"Alcaldia Alberto Adriani\",\"description\":\"\",\"potentialAction\":[{\"@type\":\"SearchAction\",\"target\":{\"@type\":\"EntryPoint\",\"urlTemplate\":\"https:\/\/alcaldiaalbertoadriani.com\/?s={search_term_string}\"},\"query-input\":\"required name=search_term_string\"}],\"inLanguage\":\"es\"},{\"@type\":\"Person\",\"@id\":\"https:\/\/alcaldiaalbertoadriani.com\/#\/schema\/person\/549b4483ff8999ac780deeea78795fc9\",\"name\":\"Prensa\",\"image\":{\"@type\":\"ImageObject\",\"inLanguage\":\"es\",\"@id\":\"https:\/\/alcaldiaalbertoadriani.com\/#\/schema\/person\/image\/\",\"url\":\"https:\/\/secure.gravatar.com\/avatar\/ea1cb567ea992a29627f4eee1c2eb185ec16decec6342d508fdf18dedb56c9de?s=96&d=mm&r=g\",\"contentUrl\":\"https:\/\/secure.gravatar.com\/avatar\/ea1cb567ea992a29627f4eee1c2eb185ec16decec6342d508fdf18dedb56c9de?s=96&d=mm&r=g\",\"caption\":\"Prensa\"},\"url\":\"https:\/\/alcaldiaalbertoadriani.com\/?author=2\"}]}<\/script>\n<!-- \/ Yoast SEO plugin. -->","yoast_head_json":{"title":"Lisandro Segura consolida la infraestructura vial en El vigia","description":"alcalde Lisandro Segura contin\u00faan brindando respuestas efectivas a las necesidades de las comunidades del municipio Alberto Adriani","robots":{"index":"index","follow":"follow","max-snippet":"max-snippet:-1","max-image-preview":"max-image-preview:large","max-video-preview":"max-video-preview:-1"},"canonical":"https:\/\/alcaldiaalbertoadriani.com\/?p=18156","og_locale":"es_ES","og_type":"article","og_title":"Lisandro Segura consolida la infraestructura vial en El vigia","og_description":"alcalde Lisandro Segura contin\u00faan brindando respuestas efectivas a las necesidades de las comunidades del municipio Alberto Adriani","og_url":"https:\/\/alcaldiaalbertoadriani.com\/?p=18156","og_site_name":"Alcaldia Alberto Adriani","article_published_time":"2026-08-31T13:12:37+00:00","article_modified_time":"2026-08-31T13:12:43+00:00","og_image":[{"width":2560,"height":1920,"url":"https:\/\/alcaldiaalbertoadriani.com\/wp-content\/uploads\/2026\/08\/photo_4938367076871638295_w.jpg","type":"image\/jpeg"}],"author":"Prensa","twitter_card":"summary_large_image","twitter_misc":{"Escrito por":"Prensa","Tiempo de lectura":"2 minutos"},"schema":{"@context":"https:\/\/schema.org","@graph":[{"@type":"WebPage","@id":"https:\/\/alcaldiaalbertoadriani.com\/?p=18156","url":"https:\/\/alcaldiaalbertoadriani.com\/?p=18156","name":"Lisandro Segura consolida la infraestructura vial en El vigia","isPartOf":{"@id":"https:\/\/alcaldiaalbertoadriani.com\/#website"},"datePublished":"2026-08-31T13:12:37+00:00","dateModified":"2026-08-31T13:12:43+00:00","author":{"@id":"https:\/\/alcaldiaalbertoadriani.com\/#\/schema\/person\/549b4483ff8999ac780deeea78795fc9"},"description":"alcalde Lisandro Segura contin\u00faan brindando respuestas efectivas a las necesidades de las comunidades del municipio Alberto Adriani","breadcrumb":{"@id":"https:\/\/alcaldiaalbertoadriani.com\/?p=18156#breadcrumb"},"inLanguage":"es","potentialAction":[{"@type":"ReadAction","target":["https:\/\/alcaldiaalbertoadriani.com\/?p=18156"]}]},{"@type":"BreadcrumbList","@id":"https:\/\/alcaldiaalbertoadriani.com\/?p=18156#breadcrumb","itemListElement":[{"@type":"ListItem","position":1,"name":"Portada","item":"https:\/\/alcaldiaalbertoadriani.com\/"},{"@type":"ListItem","position":2,"name":"Gesti\u00f3n de Lisandro Segura consolida la infraestructura vial en El Vig\u00eda"}]},{"@type":"WebSite","@id":"https:\/\/alcaldiaalbertoadriani.com\/#website","url":"https:\/\/alcaldiaalbertoadriani.com\/","name":"Alcaldia Alberto Adriani","description":"","potentialAction":[{"@type":"SearchAction","target":{"@type":"EntryPoint","urlTemplate":"https:\/\/alcaldiaalbertoadriani.com\/?s={search_term_string}"},"query-input":"required name=search_term_string"}],"inLanguage":"es"},{"@type":"Person","@id":"https:\/\/alcaldiaalbertoadriani.com\/#\/schema\/person\/549b4483ff8999ac780deeea78795fc9","name":"Prensa","image":{"@type":"ImageObject","inLanguage":"es","@id":"https:\/\/alcaldiaalbertoadriani.com\/#\/schema\/person\/image\/","url":"https:\/\/secure.gravatar.com\/avatar\/ea1cb567ea992a29627f4eee1c2eb185ec16decec6342d508fdf18dedb56c9de?s=96&d=mm&r=g","contentUrl":"https:\/\/secure.gravatar.com\/avatar\/ea1cb567ea992a29627f4eee1c2eb185ec16decec6342d508fdf18dedb56c9de?s=96&d=mm&r=g","caption":"Prensa"},"url":"https:\/\/alcaldiaalbertoadriani.com\/?author=2"}]}},"_links":{"self":[{"href":"https:\/\/alcaldiaalbertoadriani.com\/index.php?rest_route=\/wp\/v2\/posts\/18156","targetHints":{"allow":["GET"]}}],"collection":[{"href":"https:\/\/alcaldiaalbertoadriani.com\/index.php?rest_route=\/wp\/v2\/posts"}],"about":[{"href":"https:\/\/alcaldiaalbertoadriani.com\/index.php?rest_route=\/wp\/v2\/types\/post"}],"author":[{"embeddable":true,"href":"https:\/\/alcaldiaalbertoadriani.com\/index.php?rest_route=\/wp\/v2\/users\/2"}],"replies":[{"embeddable":true,"href":"https:\/\/alcaldiaalbertoadriani.com\/index.php?rest_route=%2Fwp%2Fv2%2Fcomments&post=18156"}],"version-history":[{"count":1,"href":"https:\/\/alcaldiaalbertoadriani.com\/index.php?rest_route=\/wp\/v2\/posts\/18156\/revisions"}],"predecessor-version":[{"id":18158,"href":"https:\/\/alcaldiaalbertoadriani.com\/index.php?rest_route=\/wp\/v2\/posts\/18156\/revisions\/18158"}],"wp:featuredmedia":[{"embeddable":true,"href":"https:\/\/alcaldiaalbertoadriani.com\/index.php?rest_route=\/wp\/v2\/media\/18157"}],"wp:attachment":[{"href":"https:\/\/alcaldiaalbertoadriani.com\/index.php?rest_route=%2Fwp%2Fv2%2Fmedia&parent=18156"}],"wp:term":[{"taxonomy":"category","embeddable":true,"href":"https:\/\/alcaldiaalbertoadriani.com\/index.php?rest_route=%2Fwp%2Fv2%2Fcategories&post=18156"},{"taxonomy":"post_tag","embeddable":true,"href":"https:\/\/alcaldiaalbertoadriani.com\/index.php?rest_route=%2Fwp%2Fv2%2Ftags&post=18156"}],"curies":[{"name":"wp","href":"https:\/\/api.w.org\/{rel}","templated":true}]}}