{"id":1762,"date":"2023-01-17T19:09:48","date_gmt":"2023-01-17T19:09:48","guid":{"rendered":"https:\/\/alcaldiaalbertoadriani.com\/?p=1762"},"modified":"2023-01-17T19:09:53","modified_gmt":"2023-01-17T19:09:53","slug":"iamcaa-dia-artista","status":"publish","type":"post","link":"https:\/\/alcaldiaalbertoadriani.com\/?p=1762","title":{"rendered":"Iamcaa celebr\u00f3 el D\u00eda Nacional del Artista"},"content":{"rendered":"<div class=\"wp-block-post-excerpt\"><p class=\"wp-block-post-excerpt__excerpt\">El evento se desarroll\u00f3 en el boulevard de la plaza Bol\u00edvar de El Vig\u00eda y cont\u00f3 con obras de teatro, bailes culturales, pinturas y esculturas de maderas <\/p><\/div>\n\n\n<p>El <a href=\"https:\/\/alcaldiaalbertoadriani.com\/?p=1295\" target=\"_blank\" rel=\"noreferrer noopener\">Instituto Aut\u00f3nomo Municipal de la Cultura<\/a> <a href=\"https:\/\/www.instagram.com\/2022iamcaa\/\" target=\"_blank\" rel=\"noreferrer noopener\">(Iamcaa)<\/a>, realiz\u00f3 una actividad especial con el fin de celebrar el D\u00eda Nacional del Artista, en un evento que se efectu\u00f3 en el boulevard de la plaza Bol\u00edvar de El Vig\u00eda, as\u00ed lo inform\u00f3 Keibert Rojas, presidente del Iamcaa, al se\u00f1alar que la jornada cont\u00f3 con obras de arte como: pinturas, esculturas de madera, bailes culturales y obras de teatro.<\/p>\n\n\n\n<p>Keibert Rojas, agradeci\u00f3 a los miembros de la Banda Municipal Inocente Carre\u00f1o; al grupo de danzas \u201cNova Academia\u201d, Teavig y Chin Dance por su participaci\u00f3n en el acto cultural.<\/p>\n\n\n\n<p>\u201cTambi\u00e9n contamos con la presencia del director general de la alcald\u00eda, Alfredo Mendoza, en representaci\u00f3n del alcalde Lisandro Segura\u201d, dijo.<\/p>\n\n\n\n<figure class=\"wp-block-image size-large is-resized\"><img loading=\"lazy\" decoding=\"async\" src=\"https:\/\/alcaldiaalbertoadriani.com\/wp-content\/uploads\/2023\/01\/photo_2023-01-16_16-29-34-2-edited.jpg\" alt=\"\" class=\"wp-image-1766\" width=\"819\" height=\"819\" srcset=\"https:\/\/alcaldiaalbertoadriani.com\/wp-content\/uploads\/2023\/01\/photo_2023-01-16_16-29-34-2-edited.jpg 819w, https:\/\/alcaldiaalbertoadriani.com\/wp-content\/uploads\/2023\/01\/photo_2023-01-16_16-29-34-2-edited-480x480.jpg 480w\" sizes=\"auto, (min-width: 0px) and (max-width: 480px) 480px, (min-width: 481px) 819px, 100vw\" \/><\/figure>\n\n\n\n<!--more-->\n\n\n\n<h2 class=\"wp-block-heading\">Pr\u00f3ximas actividades<\/h2>\n\n\n\n<p>El funcionario aprovech\u00f3 la oportunidad para anunciar que el pr\u00f3ximo 27 de enero, realizar\u00e1n un acto cultural con motivo del aniversario del sector 23 de Enero, de la parroquia R\u00f3mulo Gallegos.<\/p>\n\n\n\n<p>Acot\u00f3 Rojas que, para el 2 de febrero, con motivo de los carnavales 2023, desarrollar\u00e1n otra actividad cultural en apoyo al reinado de la comunidad Sur Am\u00e9rica, de la parroquia Presidente Jos\u00e9 Antonio P\u00e1ez.<\/p>\n\n\n\n<p>De igual modo, agreg\u00f3 que est\u00e1n trabajando e impulsando el Renacer de la Cultura \u201cQue Merecemos, y para ello, nos vamos a las comunidades cada 15 a d\u00edas diferentes actividades culturales\u201d, asegur\u00f3.<\/p>\n\n\n\n<p>&#8220;Queremos informar que, con el apoyo de Orlando Carvajal, Cronista de la ciudad y Pedro Parra, director del Archivo Hist\u00f3rico, estaremos rescatando nuestros valores hist\u00f3ricos mediante la difusi\u00f3n en redes sociales las efem\u00e9rides y personalidades influyentes de nuestro municipio\u201d, concluy\u00f3 Keibert Rojas. <strong>Prensa Alcald\u00eda Alberto Adriani\/Edgar Mendoza CNP: 25.736\/Fotos: Iamcaa.<\/strong><\/p>\n\n\n\n<figure class=\"wp-block-gallery has-nested-images columns-default is-cropped wp-block-gallery-1 is-layout-flex wp-block-gallery-is-layout-flex\">\n<figure class=\"wp-block-image size-large\"><img loading=\"lazy\" decoding=\"async\" width=\"1024\" height=\"768\" data-id=\"1769\" src=\"https:\/\/alcaldiaalbertoadriani.com\/wp-content\/uploads\/2023\/01\/photo_2023-01-16_16-29-34-3-1024x768.jpg\" alt=\"\" class=\"wp-image-1769\" srcset=\"https:\/\/alcaldiaalbertoadriani.com\/wp-content\/uploads\/2023\/01\/photo_2023-01-16_16-29-34-3-1024x768.jpg 1024w, https:\/\/alcaldiaalbertoadriani.com\/wp-content\/uploads\/2023\/01\/photo_2023-01-16_16-29-34-3-980x735.jpg 980w, https:\/\/alcaldiaalbertoadriani.com\/wp-content\/uploads\/2023\/01\/photo_2023-01-16_16-29-34-3-480x360.jpg 480w\" sizes=\"auto, (min-width: 0px) and (max-width: 480px) 480px, (min-width: 481px) and (max-width: 980px) 980px, (min-width: 981px) 1024px, 100vw\" \/><\/figure>\n\n\n\n<figure class=\"wp-block-image size-large\"><img loading=\"lazy\" decoding=\"async\" width=\"1024\" height=\"767\" data-id=\"1768\" src=\"https:\/\/alcaldiaalbertoadriani.com\/wp-content\/uploads\/2023\/01\/photo_2023-01-16_16-29-34-4-1024x767.jpg\" alt=\"\" class=\"wp-image-1768\" srcset=\"https:\/\/alcaldiaalbertoadriani.com\/wp-content\/uploads\/2023\/01\/photo_2023-01-16_16-29-34-4-1024x767.jpg 1024w, https:\/\/alcaldiaalbertoadriani.com\/wp-content\/uploads\/2023\/01\/photo_2023-01-16_16-29-34-4-980x734.jpg 980w, https:\/\/alcaldiaalbertoadriani.com\/wp-content\/uploads\/2023\/01\/photo_2023-01-16_16-29-34-4-480x360.jpg 480w\" sizes=\"auto, (min-width: 0px) and (max-width: 480px) 480px, (min-width: 481px) and (max-width: 980px) 980px, (min-width: 981px) 1024px, 100vw\" \/><\/figure>\n\n\n\n<figure class=\"wp-block-image size-large\"><img loading=\"lazy\" decoding=\"async\" width=\"1024\" height=\"767\" data-id=\"1767\" src=\"https:\/\/alcaldiaalbertoadriani.com\/wp-content\/uploads\/2023\/01\/photo_2023-01-16_16-29-34-5-1024x767.jpg\" alt=\"\" class=\"wp-image-1767\" srcset=\"https:\/\/alcaldiaalbertoadriani.com\/wp-content\/uploads\/2023\/01\/photo_2023-01-16_16-29-34-5-1024x767.jpg 1024w, https:\/\/alcaldiaalbertoadriani.com\/wp-content\/uploads\/2023\/01\/photo_2023-01-16_16-29-34-5-980x734.jpg 980w, https:\/\/alcaldiaalbertoadriani.com\/wp-content\/uploads\/2023\/01\/photo_2023-01-16_16-29-34-5-480x360.jpg 480w\" sizes=\"auto, (min-width: 0px) and (max-width: 480px) 480px, (min-width: 481px) and (max-width: 980px) 980px, (min-width: 981px) 1024px, 100vw\" \/><\/figure>\n<\/figure>\n","protected":false},"excerpt":{"rendered":"<p><em><strong>El evento se desarroll\u00f3 en el boulevard de la plaza Bol\u00edvar de El Vig\u00eda y cont\u00f3 con obras de teatro, bailes culturales, pinturas y esculturas de maderas<\/strong><\/em><\/p>\n","protected":false},"author":2,"featured_media":1764,"comment_status":"closed","ping_status":"closed","sticky":false,"template":"","format":"standard","meta":{"_et_pb_use_builder":"off","_et_pb_old_content":"","_et_gb_content_width":"","footnotes":""},"categories":[77,25],"tags":[31,11,12,15,30,29,28,310],"class_list":["post-1762","post","type-post","status-publish","format-standard","has-post-thumbnail","hentry","category-iamcaa","category-nuestro-municipio","tag-alcalde","tag-alcaldia","tag-alcaldiaalbertoadriani","tag-elvigia","tag-lisandrosegura","tag-municipioquenosmerecemos","tag-porelrenacer","tag-iamcaa-dia-artista"],"yoast_head":"<!-- This site is optimized with the Yoast SEO plugin v19.13 - https:\/\/yoast.com\/wordpress\/plugins\/seo\/ -->\n<title>Iamcaa celebr\u00f3 el D\u00eda Nacional del Artista - Alcaldia Alberto Adriani<\/title>\n<meta name=\"description\" content=\"Iamcaa celebr\u00f3 el D\u00eda Nacional del Artista, en un evento que se efectu\u00f3 en el boulevard de la plaza Bol\u00edvar de El Vig\u00eda.\" \/>\n<meta name=\"robots\" content=\"index, follow, max-snippet:-1, max-image-preview:large, max-video-preview:-1\" \/>\n<link rel=\"canonical\" href=\"https:\/\/alcaldiaalbertoadriani.com\/?p=1762\" \/>\n<meta property=\"og:locale\" content=\"es_ES\" \/>\n<meta property=\"og:type\" content=\"article\" \/>\n<meta property=\"og:title\" content=\"Iamcaa celebr\u00f3 el D\u00eda Nacional del Artista - Alcaldia Alberto Adriani\" \/>\n<meta property=\"og:description\" content=\"Iamcaa celebr\u00f3 el D\u00eda Nacional del Artista, en un evento que se efectu\u00f3 en el boulevard de la plaza Bol\u00edvar de El Vig\u00eda.\" \/>\n<meta property=\"og:url\" content=\"https:\/\/alcaldiaalbertoadriani.com\/?p=1762\" \/>\n<meta property=\"og:site_name\" content=\"Alcaldia Alberto Adriani\" \/>\n<meta property=\"article:published_time\" content=\"2023-01-17T19:09:48+00:00\" \/>\n<meta property=\"article:modified_time\" content=\"2023-01-17T19:09:53+00:00\" \/>\n<meta property=\"og:image\" content=\"https:\/\/alcaldiaalbertoadriani.com\/wp-content\/uploads\/2023\/01\/photo_2023-01-16_16-29-34.jpg\" \/>\n\t<meta property=\"og:image:width\" content=\"1080\" \/>\n\t<meta property=\"og:image:height\" content=\"809\" \/>\n\t<meta property=\"og:image:type\" content=\"image\/jpeg\" \/>\n<meta name=\"author\" content=\"Prensa\" \/>\n<meta name=\"twitter:card\" content=\"summary_large_image\" \/>\n<meta name=\"twitter:label1\" content=\"Escrito por\" \/>\n\t<meta name=\"twitter:data1\" content=\"Prensa\" \/>\n\t<meta name=\"twitter:label2\" content=\"Tiempo de lectura\" \/>\n\t<meta name=\"twitter:data2\" content=\"3 minutos\" \/>\n<script type=\"application\/ld+json\" class=\"yoast-schema-graph\">{\"@context\":\"https:\/\/schema.org\",\"@graph\":[{\"@type\":\"WebPage\",\"@id\":\"https:\/\/alcaldiaalbertoadriani.com\/?p=1762\",\"url\":\"https:\/\/alcaldiaalbertoadriani.com\/?p=1762\",\"name\":\"Iamcaa celebr\u00f3 el D\u00eda Nacional del Artista - Alcaldia Alberto Adriani\",\"isPartOf\":{\"@id\":\"https:\/\/alcaldiaalbertoadriani.com\/#website\"},\"datePublished\":\"2023-01-17T19:09:48+00:00\",\"dateModified\":\"2023-01-17T19:09:53+00:00\",\"author\":{\"@id\":\"https:\/\/alcaldiaalbertoadriani.com\/#\/schema\/person\/549b4483ff8999ac780deeea78795fc9\"},\"description\":\"Iamcaa celebr\u00f3 el D\u00eda Nacional del Artista, en un evento que se efectu\u00f3 en el boulevard de la plaza Bol\u00edvar de El Vig\u00eda.\",\"breadcrumb\":{\"@id\":\"https:\/\/alcaldiaalbertoadriani.com\/?p=1762#breadcrumb\"},\"inLanguage\":\"es\",\"potentialAction\":[{\"@type\":\"ReadAction\",\"target\":[\"https:\/\/alcaldiaalbertoadriani.com\/?p=1762\"]}]},{\"@type\":\"BreadcrumbList\",\"@id\":\"https:\/\/alcaldiaalbertoadriani.com\/?p=1762#breadcrumb\",\"itemListElement\":[{\"@type\":\"ListItem\",\"position\":1,\"name\":\"Portada\",\"item\":\"https:\/\/alcaldiaalbertoadriani.com\/\"},{\"@type\":\"ListItem\",\"position\":2,\"name\":\"Iamcaa celebr\u00f3 el D\u00eda Nacional del Artista\"}]},{\"@type\":\"WebSite\",\"@id\":\"https:\/\/alcaldiaalbertoadriani.com\/#website\",\"url\":\"https:\/\/alcaldiaalbertoadriani.com\/\",\"name\":\"Alcaldia Alberto Adriani\",\"description\":\"\",\"potentialAction\":[{\"@type\":\"SearchAction\",\"target\":{\"@type\":\"EntryPoint\",\"urlTemplate\":\"https:\/\/alcaldiaalbertoadriani.com\/?s={search_term_string}\"},\"query-input\":\"required name=search_term_string\"}],\"inLanguage\":\"es\"},{\"@type\":\"Person\",\"@id\":\"https:\/\/alcaldiaalbertoadriani.com\/#\/schema\/person\/549b4483ff8999ac780deeea78795fc9\",\"name\":\"Prensa\",\"image\":{\"@type\":\"ImageObject\",\"inLanguage\":\"es\",\"@id\":\"https:\/\/alcaldiaalbertoadriani.com\/#\/schema\/person\/image\/\",\"url\":\"https:\/\/secure.gravatar.com\/avatar\/ea1cb567ea992a29627f4eee1c2eb185ec16decec6342d508fdf18dedb56c9de?s=96&d=mm&r=g\",\"contentUrl\":\"https:\/\/secure.gravatar.com\/avatar\/ea1cb567ea992a29627f4eee1c2eb185ec16decec6342d508fdf18dedb56c9de?s=96&d=mm&r=g\",\"caption\":\"Prensa\"},\"url\":\"https:\/\/alcaldiaalbertoadriani.com\/?author=2\"}]}<\/script>\n<!-- \/ Yoast SEO plugin. -->","yoast_head_json":{"title":"Iamcaa celebr\u00f3 el D\u00eda Nacional del Artista - Alcaldia Alberto Adriani","description":"Iamcaa celebr\u00f3 el D\u00eda Nacional del Artista, en un evento que se efectu\u00f3 en el boulevard de la plaza Bol\u00edvar de El Vig\u00eda.","robots":{"index":"index","follow":"follow","max-snippet":"max-snippet:-1","max-image-preview":"max-image-preview:large","max-video-preview":"max-video-preview:-1"},"canonical":"https:\/\/alcaldiaalbertoadriani.com\/?p=1762","og_locale":"es_ES","og_type":"article","og_title":"Iamcaa celebr\u00f3 el D\u00eda Nacional del Artista - Alcaldia Alberto Adriani","og_description":"Iamcaa celebr\u00f3 el D\u00eda Nacional del Artista, en un evento que se efectu\u00f3 en el boulevard de la plaza Bol\u00edvar de El Vig\u00eda.","og_url":"https:\/\/alcaldiaalbertoadriani.com\/?p=1762","og_site_name":"Alcaldia Alberto Adriani","article_published_time":"2023-01-17T19:09:48+00:00","article_modified_time":"2023-01-17T19:09:53+00:00","og_image":[{"width":1080,"height":809,"url":"https:\/\/alcaldiaalbertoadriani.com\/wp-content\/uploads\/2023\/01\/photo_2023-01-16_16-29-34.jpg","type":"image\/jpeg"}],"author":"Prensa","twitter_card":"summary_large_image","twitter_misc":{"Escrito por":"Prensa","Tiempo de lectura":"3 minutos"},"schema":{"@context":"https:\/\/schema.org","@graph":[{"@type":"WebPage","@id":"https:\/\/alcaldiaalbertoadriani.com\/?p=1762","url":"https:\/\/alcaldiaalbertoadriani.com\/?p=1762","name":"Iamcaa celebr\u00f3 el D\u00eda Nacional del Artista - Alcaldia Alberto Adriani","isPartOf":{"@id":"https:\/\/alcaldiaalbertoadriani.com\/#website"},"datePublished":"2023-01-17T19:09:48+00:00","dateModified":"2023-01-17T19:09:53+00:00","author":{"@id":"https:\/\/alcaldiaalbertoadriani.com\/#\/schema\/person\/549b4483ff8999ac780deeea78795fc9"},"description":"Iamcaa celebr\u00f3 el D\u00eda Nacional del Artista, en un evento que se efectu\u00f3 en el boulevard de la plaza Bol\u00edvar de El Vig\u00eda.","breadcrumb":{"@id":"https:\/\/alcaldiaalbertoadriani.com\/?p=1762#breadcrumb"},"inLanguage":"es","potentialAction":[{"@type":"ReadAction","target":["https:\/\/alcaldiaalbertoadriani.com\/?p=1762"]}]},{"@type":"BreadcrumbList","@id":"https:\/\/alcaldiaalbertoadriani.com\/?p=1762#breadcrumb","itemListElement":[{"@type":"ListItem","position":1,"name":"Portada","item":"https:\/\/alcaldiaalbertoadriani.com\/"},{"@type":"ListItem","position":2,"name":"Iamcaa celebr\u00f3 el D\u00eda Nacional del Artista"}]},{"@type":"WebSite","@id":"https:\/\/alcaldiaalbertoadriani.com\/#website","url":"https:\/\/alcaldiaalbertoadriani.com\/","name":"Alcaldia Alberto Adriani","description":"","potentialAction":[{"@type":"SearchAction","target":{"@type":"EntryPoint","urlTemplate":"https:\/\/alcaldiaalbertoadriani.com\/?s={search_term_string}"},"query-input":"required name=search_term_string"}],"inLanguage":"es"},{"@type":"Person","@id":"https:\/\/alcaldiaalbertoadriani.com\/#\/schema\/person\/549b4483ff8999ac780deeea78795fc9","name":"Prensa","image":{"@type":"ImageObject","inLanguage":"es","@id":"https:\/\/alcaldiaalbertoadriani.com\/#\/schema\/person\/image\/","url":"https:\/\/secure.gravatar.com\/avatar\/ea1cb567ea992a29627f4eee1c2eb185ec16decec6342d508fdf18dedb56c9de?s=96&d=mm&r=g","contentUrl":"https:\/\/secure.gravatar.com\/avatar\/ea1cb567ea992a29627f4eee1c2eb185ec16decec6342d508fdf18dedb56c9de?s=96&d=mm&r=g","caption":"Prensa"},"url":"https:\/\/alcaldiaalbertoadriani.com\/?author=2"}]}},"_links":{"self":[{"href":"https:\/\/alcaldiaalbertoadriani.com\/index.php?rest_route=\/wp\/v2\/posts\/1762","targetHints":{"allow":["GET"]}}],"collection":[{"href":"https:\/\/alcaldiaalbertoadriani.com\/index.php?rest_route=\/wp\/v2\/posts"}],"about":[{"href":"https:\/\/alcaldiaalbertoadriani.com\/index.php?rest_route=\/wp\/v2\/types\/post"}],"author":[{"embeddable":true,"href":"https:\/\/alcaldiaalbertoadriani.com\/index.php?rest_route=\/wp\/v2\/users\/2"}],"replies":[{"embeddable":true,"href":"https:\/\/alcaldiaalbertoadriani.com\/index.php?rest_route=%2Fwp%2Fv2%2Fcomments&post=1762"}],"version-history":[{"count":1,"href":"https:\/\/alcaldiaalbertoadriani.com\/index.php?rest_route=\/wp\/v2\/posts\/1762\/revisions"}],"predecessor-version":[{"id":1772,"href":"https:\/\/alcaldiaalbertoadriani.com\/index.php?rest_route=\/wp\/v2\/posts\/1762\/revisions\/1772"}],"wp:featuredmedia":[{"embeddable":true,"href":"https:\/\/alcaldiaalbertoadriani.com\/index.php?rest_route=\/wp\/v2\/media\/1764"}],"wp:attachment":[{"href":"https:\/\/alcaldiaalbertoadriani.com\/index.php?rest_route=%2Fwp%2Fv2%2Fmedia&parent=1762"}],"wp:term":[{"taxonomy":"category","embeddable":true,"href":"https:\/\/alcaldiaalbertoadriani.com\/index.php?rest_route=%2Fwp%2Fv2%2Fcategories&post=1762"},{"taxonomy":"post_tag","embeddable":true,"href":"https:\/\/alcaldiaalbertoadriani.com\/index.php?rest_route=%2Fwp%2Fv2%2Ftags&post=1762"}],"curies":[{"name":"wp","href":"https:\/\/api.w.org\/{rel}","templated":true}]}}