{"id":16222,"date":"2026-04-30T20:28:59","date_gmt":"2026-04-30T20:28:59","guid":{"rendered":"https:\/\/alcaldiaalbertoadriani.com\/?p=16222"},"modified":"2026-04-30T20:29:03","modified_gmt":"2026-04-30T20:29:03","slug":"inicio-proceso-de-renovacion-del-clpp-para-el-periodo-2026-2028","status":"publish","type":"post","link":"https:\/\/alcaldiaalbertoadriani.com\/?p=16222","title":{"rendered":"Inici\u00f3 proceso de renovaci\u00f3n del Clpp para el per\u00edodo 2026-2028"},"content":{"rendered":"\n<p>Con el objetivo de fortalecer la participaci\u00f3n ciudadana y la planificaci\u00f3n estrat\u00e9gica del municipio Alberto Adriani, el Consejo Local de Planificaci\u00f3n P\u00fablica \u2013<a href=\"https:\/\/alcaldiaalbertoadriani.com\/?tag=clpp-asambleas-diagnostico\">Clpp<\/a>-, dio inicio este mi\u00e9rcoles 29 de abril al cronograma de asambleas de inducci\u00f3n y orientaci\u00f3n dirigidas a las instancias del Poder Popular.<\/p>\n\n\n\n<p>As\u00ed lo dio a conocer, Karem Ramos, secretaria ejecutiva del Clpp quien, cumpliendo con la ley y las orientaciones del alcalde y presidente del ente planificador, <a href=\"https:\/\/www.instagram.com\/lisandrosegura02\/\">Lisandro Segura<\/a>, se\u00f1al\u00f3 que este despliegue busca brindar las herramientas necesarias a los voceros de los consejos comunales para el pr\u00f3ximo proceso de elecci\u00f3n de los representantes ante la Junta Parroquial, quienes posteriormente integrar\u00e1n el Clpp.<\/p>\n\n\n\n<p>Indic\u00f3 la funcionaria que, la jornada arranc\u00f3 con dos encuentros fundamentales. La primera de ellas, se efectu\u00f3 con la parroquia R\u00f3mulo Gallegos en la cancha deportiva de la Casa del Ni\u00f1o Trabajador.<\/p>\n\n\n\n<figure class=\"wp-block-gallery has-nested-images columns-default is-cropped wp-block-gallery-1 is-layout-flex wp-block-gallery-is-layout-flex\">\n<figure class=\"wp-block-image size-large\"><img loading=\"lazy\" decoding=\"async\" width=\"1024\" height=\"768\" data-id=\"16223\" src=\"https:\/\/alcaldiaalbertoadriani.com\/wp-content\/uploads\/2026\/04\/photo_5156885143057272056_y-1024x768.jpg\" alt=\"\" class=\"wp-image-16223\" srcset=\"https:\/\/alcaldiaalbertoadriani.com\/wp-content\/uploads\/2026\/04\/photo_5156885143057272056_y-1024x768.jpg 1024w, https:\/\/alcaldiaalbertoadriani.com\/wp-content\/uploads\/2026\/04\/photo_5156885143057272056_y-980x735.jpg 980w, https:\/\/alcaldiaalbertoadriani.com\/wp-content\/uploads\/2026\/04\/photo_5156885143057272056_y-480x360.jpg 480w\" sizes=\"auto, (min-width: 0px) and (max-width: 480px) 480px, (min-width: 481px) and (max-width: 980px) 980px, (min-width: 981px) 1024px, 100vw\" \/><\/figure>\n<\/figure>\n\n\n\n<p>La segunda y \u00faltima del d\u00eda, tuvo lugar en las instalaciones del Mercado Artesanal Olinto Vera, con miembros de la parroquia presidente Jos\u00e9 Antonio P\u00e1ez.<\/p>\n\n\n\n<p>&#8220;Estas asambleas tienen la finalidad de orientar a todos los voceros sobre el proceso de elecci\u00f3n interna. El consejero que resulte electo por el bloque de consejos comunales ser\u00e1 quien asuma la responsabilidad de representarlos ante el Clpp, asegurando que las necesidades de cada comunidad sean escuchadas en la instancia de planificaci\u00f3n municipal&#8221;, explic\u00f3.<\/p>\n\n\n\n<figure class=\"wp-block-gallery has-nested-images columns-default is-cropped wp-block-gallery-2 is-layout-flex wp-block-gallery-is-layout-flex\">\n<figure class=\"wp-block-image size-large\"><img loading=\"lazy\" decoding=\"async\" width=\"1024\" height=\"768\" data-id=\"16224\" src=\"https:\/\/alcaldiaalbertoadriani.com\/wp-content\/uploads\/2026\/04\/photo_5156885143057272058_y-1024x768.jpg\" alt=\"\" class=\"wp-image-16224\" srcset=\"https:\/\/alcaldiaalbertoadriani.com\/wp-content\/uploads\/2026\/04\/photo_5156885143057272058_y-1024x768.jpg 1024w, https:\/\/alcaldiaalbertoadriani.com\/wp-content\/uploads\/2026\/04\/photo_5156885143057272058_y-980x735.jpg 980w, https:\/\/alcaldiaalbertoadriani.com\/wp-content\/uploads\/2026\/04\/photo_5156885143057272058_y-480x360.jpg 480w\" sizes=\"auto, (min-width: 0px) and (max-width: 480px) 480px, (min-width: 481px) and (max-width: 980px) 980px, (min-width: 981px) 1024px, 100vw\" \/><\/figure>\n<\/figure>\n\n\n\n<h2 class=\"wp-block-heading\"><strong><em>Pr\u00f3ximas asambleas<\/em><\/strong><\/h2>\n\n\n\n<p>Acot\u00f3 Karem Ramos que el cronograma de orientaci\u00f3n continuar\u00e1 este jueves 30 de abril con la parroquia R\u00f3mulo Betancourt, desde las 9:00 de la ma\u00f1ana en las instalaciones del Parque Metropolitano.<\/p>\n\n\n\n<p>Posteriormente, le corresponder\u00e1 a la parroquia Rafael Pulido M\u00e9ndez, a las 3:00 de la tarde en la cancha techada del Liceo Claudio Corredor M\u00fcller.<\/p>\n\n\n\n<p>Finalmente, Ramos recalc\u00f3 que este recorrido de inducci\u00f3n se extender\u00e1 de forma sucesiva por las siete parroquias de la jurisdicci\u00f3n, garantizando que cada sector cuente con la asesor\u00eda t\u00e9cnica y legal necesaria para cumplir con los procesos de democratizaci\u00f3n y planificaci\u00f3n p\u00fablica territorial.<strong> <em>Prensa Alcald\u00eda OIPI\/Edgar Mendoza CNP 25.736\/Fotos: Karla M\u00e1rquez y cortes\u00eda.<\/em><\/strong><\/p>\n\n\n\n<figure class=\"wp-block-gallery has-nested-images columns-default is-cropped wp-block-gallery-3 is-layout-flex wp-block-gallery-is-layout-flex\">\n<figure class=\"wp-block-image size-large\"><img loading=\"lazy\" decoding=\"async\" width=\"1024\" height=\"768\" data-id=\"16226\" src=\"https:\/\/alcaldiaalbertoadriani.com\/wp-content\/uploads\/2026\/04\/photo_5156885143057272055_y-1024x768.jpg\" alt=\"\" class=\"wp-image-16226\" srcset=\"https:\/\/alcaldiaalbertoadriani.com\/wp-content\/uploads\/2026\/04\/photo_5156885143057272055_y-1024x768.jpg 1024w, https:\/\/alcaldiaalbertoadriani.com\/wp-content\/uploads\/2026\/04\/photo_5156885143057272055_y-980x735.jpg 980w, https:\/\/alcaldiaalbertoadriani.com\/wp-content\/uploads\/2026\/04\/photo_5156885143057272055_y-480x360.jpg 480w\" sizes=\"auto, (min-width: 0px) and (max-width: 480px) 480px, (min-width: 481px) and (max-width: 980px) 980px, (min-width: 981px) 1024px, 100vw\" \/><\/figure>\n\n\n\n<figure class=\"wp-block-image size-large\"><img loading=\"lazy\" decoding=\"async\" width=\"1024\" height=\"768\" data-id=\"16225\" src=\"https:\/\/alcaldiaalbertoadriani.com\/wp-content\/uploads\/2026\/04\/photo_5156885143057272057_y-1024x768.jpg\" alt=\"\" class=\"wp-image-16225\" srcset=\"https:\/\/alcaldiaalbertoadriani.com\/wp-content\/uploads\/2026\/04\/photo_5156885143057272057_y-1024x768.jpg 1024w, https:\/\/alcaldiaalbertoadriani.com\/wp-content\/uploads\/2026\/04\/photo_5156885143057272057_y-980x735.jpg 980w, https:\/\/alcaldiaalbertoadriani.com\/wp-content\/uploads\/2026\/04\/photo_5156885143057272057_y-480x360.jpg 480w\" sizes=\"auto, (min-width: 0px) and (max-width: 480px) 480px, (min-width: 481px) and (max-width: 980px) 980px, (min-width: 981px) 1024px, 100vw\" \/><\/figure>\n<\/figure>\n","protected":false},"excerpt":{"rendered":"<p>Con el objetivo de fortalecer la participaci\u00f3n ciudadana y la planificaci\u00f3n estrat\u00e9gica del municipio Alberto Adriani, el Consejo Local de Planificaci\u00f3n P\u00fablica \u2013Clpp-, dio inicio este mi\u00e9rcoles 29 de abril [&hellip;]<\/p>\n","protected":false},"author":2,"featured_media":0,"comment_status":"open","ping_status":"closed","sticky":false,"template":"","format":"standard","meta":{"_et_pb_use_builder":"off","_et_pb_old_content":"","_et_gb_content_width":"","footnotes":""},"categories":[1],"tags":[],"class_list":["post-16222","post","type-post","status-publish","format-standard","hentry","category-uncategorized"],"yoast_head":"<!-- This site is optimized with the Yoast SEO plugin v19.13 - https:\/\/yoast.com\/wordpress\/plugins\/seo\/ -->\n<title>Inici\u00f3 proceso de renovaci\u00f3n del Clpp para el per\u00edodo 2026-2028<\/title>\n<meta name=\"description\" content=\"Inici\u00f3 proceso de renovaci\u00f3n del Clpp para el per\u00edodo 2026-2028 Con el objetivo de fortalecer la participaci\u00f3n ciudadana\" \/>\n<meta name=\"robots\" content=\"index, follow, max-snippet:-1, max-image-preview:large, max-video-preview:-1\" \/>\n<link rel=\"canonical\" href=\"https:\/\/alcaldiaalbertoadriani.com\/?p=16222\" \/>\n<meta property=\"og:locale\" content=\"es_ES\" \/>\n<meta property=\"og:type\" content=\"article\" \/>\n<meta property=\"og:title\" content=\"Inici\u00f3 proceso de renovaci\u00f3n del Clpp para el per\u00edodo 2026-2028\" \/>\n<meta property=\"og:description\" content=\"Inici\u00f3 proceso de renovaci\u00f3n del Clpp para el per\u00edodo 2026-2028 Con el objetivo de fortalecer la participaci\u00f3n ciudadana\" \/>\n<meta property=\"og:url\" content=\"https:\/\/alcaldiaalbertoadriani.com\/?p=16222\" \/>\n<meta property=\"og:site_name\" content=\"Alcaldia Alberto Adriani\" \/>\n<meta property=\"article:published_time\" content=\"2026-04-30T20:28:59+00:00\" \/>\n<meta property=\"article:modified_time\" content=\"2026-04-30T20:29:03+00:00\" \/>\n<meta property=\"og:image\" content=\"https:\/\/alcaldiaalbertoadriani.com\/wp-content\/uploads\/2026\/04\/photo_5156885143057272056_y-1024x768.jpg\" \/>\n<meta name=\"author\" content=\"Prensa\" \/>\n<meta name=\"twitter:card\" content=\"summary_large_image\" \/>\n<meta name=\"twitter:label1\" content=\"Escrito por\" \/>\n\t<meta name=\"twitter:data1\" content=\"Prensa\" \/>\n\t<meta name=\"twitter:label2\" content=\"Tiempo de lectura\" \/>\n\t<meta name=\"twitter:data2\" content=\"3 minutos\" \/>\n<script type=\"application\/ld+json\" class=\"yoast-schema-graph\">{\"@context\":\"https:\/\/schema.org\",\"@graph\":[{\"@type\":\"WebPage\",\"@id\":\"https:\/\/alcaldiaalbertoadriani.com\/?p=16222\",\"url\":\"https:\/\/alcaldiaalbertoadriani.com\/?p=16222\",\"name\":\"Inici\u00f3 proceso de renovaci\u00f3n del Clpp para el per\u00edodo 2026-2028\",\"isPartOf\":{\"@id\":\"https:\/\/alcaldiaalbertoadriani.com\/#website\"},\"datePublished\":\"2026-04-30T20:28:59+00:00\",\"dateModified\":\"2026-04-30T20:29:03+00:00\",\"author\":{\"@id\":\"https:\/\/alcaldiaalbertoadriani.com\/#\/schema\/person\/549b4483ff8999ac780deeea78795fc9\"},\"description\":\"Inici\u00f3 proceso de renovaci\u00f3n del Clpp para el per\u00edodo 2026-2028 Con el objetivo de fortalecer la participaci\u00f3n ciudadana\",\"breadcrumb\":{\"@id\":\"https:\/\/alcaldiaalbertoadriani.com\/?p=16222#breadcrumb\"},\"inLanguage\":\"es\",\"potentialAction\":[{\"@type\":\"ReadAction\",\"target\":[\"https:\/\/alcaldiaalbertoadriani.com\/?p=16222\"]}]},{\"@type\":\"BreadcrumbList\",\"@id\":\"https:\/\/alcaldiaalbertoadriani.com\/?p=16222#breadcrumb\",\"itemListElement\":[{\"@type\":\"ListItem\",\"position\":1,\"name\":\"Portada\",\"item\":\"https:\/\/alcaldiaalbertoadriani.com\/\"},{\"@type\":\"ListItem\",\"position\":2,\"name\":\"Inici\u00f3 proceso de renovaci\u00f3n del Clpp para el per\u00edodo 2026-2028\"}]},{\"@type\":\"WebSite\",\"@id\":\"https:\/\/alcaldiaalbertoadriani.com\/#website\",\"url\":\"https:\/\/alcaldiaalbertoadriani.com\/\",\"name\":\"Alcaldia Alberto Adriani\",\"description\":\"\",\"potentialAction\":[{\"@type\":\"SearchAction\",\"target\":{\"@type\":\"EntryPoint\",\"urlTemplate\":\"https:\/\/alcaldiaalbertoadriani.com\/?s={search_term_string}\"},\"query-input\":\"required name=search_term_string\"}],\"inLanguage\":\"es\"},{\"@type\":\"Person\",\"@id\":\"https:\/\/alcaldiaalbertoadriani.com\/#\/schema\/person\/549b4483ff8999ac780deeea78795fc9\",\"name\":\"Prensa\",\"image\":{\"@type\":\"ImageObject\",\"inLanguage\":\"es\",\"@id\":\"https:\/\/alcaldiaalbertoadriani.com\/#\/schema\/person\/image\/\",\"url\":\"https:\/\/secure.gravatar.com\/avatar\/ea1cb567ea992a29627f4eee1c2eb185ec16decec6342d508fdf18dedb56c9de?s=96&d=mm&r=g\",\"contentUrl\":\"https:\/\/secure.gravatar.com\/avatar\/ea1cb567ea992a29627f4eee1c2eb185ec16decec6342d508fdf18dedb56c9de?s=96&d=mm&r=g\",\"caption\":\"Prensa\"},\"url\":\"https:\/\/alcaldiaalbertoadriani.com\/?author=2\"}]}<\/script>\n<!-- \/ Yoast SEO plugin. -->","yoast_head_json":{"title":"Inici\u00f3 proceso de renovaci\u00f3n del Clpp para el per\u00edodo 2026-2028","description":"Inici\u00f3 proceso de renovaci\u00f3n del Clpp para el per\u00edodo 2026-2028 Con el objetivo de fortalecer la participaci\u00f3n ciudadana","robots":{"index":"index","follow":"follow","max-snippet":"max-snippet:-1","max-image-preview":"max-image-preview:large","max-video-preview":"max-video-preview:-1"},"canonical":"https:\/\/alcaldiaalbertoadriani.com\/?p=16222","og_locale":"es_ES","og_type":"article","og_title":"Inici\u00f3 proceso de renovaci\u00f3n del Clpp para el per\u00edodo 2026-2028","og_description":"Inici\u00f3 proceso de renovaci\u00f3n del Clpp para el per\u00edodo 2026-2028 Con el objetivo de fortalecer la participaci\u00f3n ciudadana","og_url":"https:\/\/alcaldiaalbertoadriani.com\/?p=16222","og_site_name":"Alcaldia Alberto Adriani","article_published_time":"2026-04-30T20:28:59+00:00","article_modified_time":"2026-04-30T20:29:03+00:00","og_image":[{"url":"https:\/\/alcaldiaalbertoadriani.com\/wp-content\/uploads\/2026\/04\/photo_5156885143057272056_y-1024x768.jpg"}],"author":"Prensa","twitter_card":"summary_large_image","twitter_misc":{"Escrito por":"Prensa","Tiempo de lectura":"3 minutos"},"schema":{"@context":"https:\/\/schema.org","@graph":[{"@type":"WebPage","@id":"https:\/\/alcaldiaalbertoadriani.com\/?p=16222","url":"https:\/\/alcaldiaalbertoadriani.com\/?p=16222","name":"Inici\u00f3 proceso de renovaci\u00f3n del Clpp para el per\u00edodo 2026-2028","isPartOf":{"@id":"https:\/\/alcaldiaalbertoadriani.com\/#website"},"datePublished":"2026-04-30T20:28:59+00:00","dateModified":"2026-04-30T20:29:03+00:00","author":{"@id":"https:\/\/alcaldiaalbertoadriani.com\/#\/schema\/person\/549b4483ff8999ac780deeea78795fc9"},"description":"Inici\u00f3 proceso de renovaci\u00f3n del Clpp para el per\u00edodo 2026-2028 Con el objetivo de fortalecer la participaci\u00f3n ciudadana","breadcrumb":{"@id":"https:\/\/alcaldiaalbertoadriani.com\/?p=16222#breadcrumb"},"inLanguage":"es","potentialAction":[{"@type":"ReadAction","target":["https:\/\/alcaldiaalbertoadriani.com\/?p=16222"]}]},{"@type":"BreadcrumbList","@id":"https:\/\/alcaldiaalbertoadriani.com\/?p=16222#breadcrumb","itemListElement":[{"@type":"ListItem","position":1,"name":"Portada","item":"https:\/\/alcaldiaalbertoadriani.com\/"},{"@type":"ListItem","position":2,"name":"Inici\u00f3 proceso de renovaci\u00f3n del Clpp para el per\u00edodo 2026-2028"}]},{"@type":"WebSite","@id":"https:\/\/alcaldiaalbertoadriani.com\/#website","url":"https:\/\/alcaldiaalbertoadriani.com\/","name":"Alcaldia Alberto Adriani","description":"","potentialAction":[{"@type":"SearchAction","target":{"@type":"EntryPoint","urlTemplate":"https:\/\/alcaldiaalbertoadriani.com\/?s={search_term_string}"},"query-input":"required name=search_term_string"}],"inLanguage":"es"},{"@type":"Person","@id":"https:\/\/alcaldiaalbertoadriani.com\/#\/schema\/person\/549b4483ff8999ac780deeea78795fc9","name":"Prensa","image":{"@type":"ImageObject","inLanguage":"es","@id":"https:\/\/alcaldiaalbertoadriani.com\/#\/schema\/person\/image\/","url":"https:\/\/secure.gravatar.com\/avatar\/ea1cb567ea992a29627f4eee1c2eb185ec16decec6342d508fdf18dedb56c9de?s=96&d=mm&r=g","contentUrl":"https:\/\/secure.gravatar.com\/avatar\/ea1cb567ea992a29627f4eee1c2eb185ec16decec6342d508fdf18dedb56c9de?s=96&d=mm&r=g","caption":"Prensa"},"url":"https:\/\/alcaldiaalbertoadriani.com\/?author=2"}]}},"_links":{"self":[{"href":"https:\/\/alcaldiaalbertoadriani.com\/index.php?rest_route=\/wp\/v2\/posts\/16222","targetHints":{"allow":["GET"]}}],"collection":[{"href":"https:\/\/alcaldiaalbertoadriani.com\/index.php?rest_route=\/wp\/v2\/posts"}],"about":[{"href":"https:\/\/alcaldiaalbertoadriani.com\/index.php?rest_route=\/wp\/v2\/types\/post"}],"author":[{"embeddable":true,"href":"https:\/\/alcaldiaalbertoadriani.com\/index.php?rest_route=\/wp\/v2\/users\/2"}],"replies":[{"embeddable":true,"href":"https:\/\/alcaldiaalbertoadriani.com\/index.php?rest_route=%2Fwp%2Fv2%2Fcomments&post=16222"}],"version-history":[{"count":1,"href":"https:\/\/alcaldiaalbertoadriani.com\/index.php?rest_route=\/wp\/v2\/posts\/16222\/revisions"}],"predecessor-version":[{"id":16227,"href":"https:\/\/alcaldiaalbertoadriani.com\/index.php?rest_route=\/wp\/v2\/posts\/16222\/revisions\/16227"}],"wp:attachment":[{"href":"https:\/\/alcaldiaalbertoadriani.com\/index.php?rest_route=%2Fwp%2Fv2%2Fmedia&parent=16222"}],"wp:term":[{"taxonomy":"category","embeddable":true,"href":"https:\/\/alcaldiaalbertoadriani.com\/index.php?rest_route=%2Fwp%2Fv2%2Fcategories&post=16222"},{"taxonomy":"post_tag","embeddable":true,"href":"https:\/\/alcaldiaalbertoadriani.com\/index.php?rest_route=%2Fwp%2Fv2%2Ftags&post=16222"}],"curies":[{"name":"wp","href":"https:\/\/api.w.org\/{rel}","templated":true}]}}