{"id":16214,"date":"2026-04-30T20:22:32","date_gmt":"2026-04-30T20:22:32","guid":{"rendered":"https:\/\/alcaldiaalbertoadriani.com\/?p=16214"},"modified":"2026-04-30T20:22:37","modified_gmt":"2026-04-30T20:22:37","slug":"ugradmaa-fortalece-la-cultura-preventiva-en-liceos-del-municipio","status":"publish","type":"post","link":"https:\/\/alcaldiaalbertoadriani.com\/?p=16214","title":{"rendered":"Ugradmaa fortalece la cultura preventiva en liceos del municipio Alberto Adriani"},"content":{"rendered":"\n<p>En cumplimiento con los lineamientos emanados por el alcalde del municipio Alberto Adriani, <a href=\"https:\/\/www.instagram.com\/lisandrosegura02\/\">Lisandro Segura<\/a>, la Unidad de Gesti\u00f3n de Riesgo y Administraci\u00f3n de Desastres. Contin\u00faa desarrollando jornadas de formaci\u00f3n preventiva en distintas instituciones educativas de la municipalidad. Con el prop\u00f3sito de fortalecer la preparaci\u00f3n de ni\u00f1os, ni\u00f1as y j\u00f3venes ante posibles eventos s\u00edsmicos.<\/p>\n\n\n\n<p>Este martes 29 de abril de 2026, funcionarios de <a href=\"https:\/\/alcaldiaalbertoadriani.com\/?tag=ugradmaa-congreso-riesgos-desastres\">Ugradmaa<\/a> realizaron un taller de formaci\u00f3n sobre sismos y un simulacro de desalojo. En la Unidad Educativa Colegio Arturo Uslar Pietri, ubicada en la parroquia R\u00f3mulo Gallegos, beneficiando a estudiantes de tercer, cuarto y quinto a\u00f1o.<\/p>\n\n\n\n<p>Del mismo modo tambi\u00e9n asistieron al Colegio privado Alfa, donde ofrecieron una charla de Primeros Auxilios y una Pr\u00e1ctica de Salvamento y Rescate. <\/p>\n\n\n\n<figure class=\"wp-block-gallery has-nested-images columns-default is-cropped wp-block-gallery-1 is-layout-flex wp-block-gallery-is-layout-flex\">\n<figure class=\"wp-block-image size-large\"><img loading=\"lazy\" decoding=\"async\" width=\"1024\" height=\"768\" data-id=\"16216\" src=\"https:\/\/alcaldiaalbertoadriani.com\/wp-content\/uploads\/2026\/04\/photo_5159421797986929884_y-1024x768.jpg\" alt=\"\" class=\"wp-image-16216\" srcset=\"https:\/\/alcaldiaalbertoadriani.com\/wp-content\/uploads\/2026\/04\/photo_5159421797986929884_y-1024x768.jpg 1024w, https:\/\/alcaldiaalbertoadriani.com\/wp-content\/uploads\/2026\/04\/photo_5159421797986929884_y-980x735.jpg 980w, https:\/\/alcaldiaalbertoadriani.com\/wp-content\/uploads\/2026\/04\/photo_5159421797986929884_y-480x360.jpg 480w\" sizes=\"auto, (min-width: 0px) and (max-width: 480px) 480px, (min-width: 481px) and (max-width: 980px) 980px, (min-width: 981px) 1024px, 100vw\" \/><\/figure>\n<\/figure>\n\n\n\n<p>La actividad cont\u00f3 con la participaci\u00f3n de 59 estudiantes, 13 docentes y 2 obreros, para un total de 74 personas atendidas. Bajo la orientaci\u00f3n de nueve funcionarios especializados de la Unidad de Gesti\u00f3n de Riesgo.<\/p>\n\n\n\n<figure class=\"wp-block-gallery has-nested-images columns-default is-cropped wp-block-gallery-2 is-layout-flex wp-block-gallery-is-layout-flex\">\n<figure class=\"wp-block-image size-large\"><img loading=\"lazy\" decoding=\"async\" width=\"1024\" height=\"768\" data-id=\"16220\" src=\"https:\/\/alcaldiaalbertoadriani.com\/wp-content\/uploads\/2026\/04\/photo_5159421797986929880_y-1024x768.jpg\" alt=\"\" class=\"wp-image-16220\" srcset=\"https:\/\/alcaldiaalbertoadriani.com\/wp-content\/uploads\/2026\/04\/photo_5159421797986929880_y-1024x768.jpg 1024w, https:\/\/alcaldiaalbertoadriani.com\/wp-content\/uploads\/2026\/04\/photo_5159421797986929880_y-980x735.jpg 980w, https:\/\/alcaldiaalbertoadriani.com\/wp-content\/uploads\/2026\/04\/photo_5159421797986929880_y-480x360.jpg 480w\" sizes=\"auto, (min-width: 0px) and (max-width: 480px) 480px, (min-width: 481px) and (max-width: 980px) 980px, (min-width: 981px) 1024px, 100vw\" \/><\/figure>\n<\/figure>\n\n\n\n<p>John Torres, jefe de la Unidad de Gesti\u00f3n de Riesgo del municipio Alberto Adriani, destac\u00f3 que estas acciones forman parte del compromiso institucional de seguir educando y creando conciencia en la poblaci\u00f3n estudiantil sobre c\u00f3mo actuar de manera organizada y segura ante situaciones de emergencia.<\/p>\n\n\n\n<p>\u201cSeguimos desplegados en las diferentes unidades educativas del municipio llevando talleres de formaci\u00f3n y simulacros, con el objetivo de preparar a nuestros estudiantes y garantizar que sepan c\u00f3mo responder de manera adecuada ante un sismo\u201d, expres\u00f3 Torres.<\/p>\n\n\n\n<p>Desde la Alcald\u00eda del municipio Alberto Adriani, a trav\u00e9s de Ugradmaa, se reafirma el compromiso de impulsar pol\u00edticas preventivas y educativas. Que contribuyan a la protecci\u00f3n integral de la ciudadan\u00eda, promoviendo una cultura de prevenci\u00f3n y respuesta oportuna en cada espacio educativo de la localidad. <strong>Prensa OIPI Tahiry Villalobos CNP 23.225\/ Foto Cortes\u00eda<\/strong>.<\/p>\n\n\n\n<figure class=\"wp-block-gallery has-nested-images columns-default is-cropped wp-block-gallery-3 is-layout-flex wp-block-gallery-is-layout-flex\">\n<figure class=\"wp-block-image size-large\"><img loading=\"lazy\" decoding=\"async\" width=\"1024\" height=\"768\" data-id=\"16219\" src=\"https:\/\/alcaldiaalbertoadriani.com\/wp-content\/uploads\/2026\/04\/photo_5159421797986929881_y-1024x768.jpg\" alt=\"\" class=\"wp-image-16219\" srcset=\"https:\/\/alcaldiaalbertoadriani.com\/wp-content\/uploads\/2026\/04\/photo_5159421797986929881_y-1024x768.jpg 1024w, https:\/\/alcaldiaalbertoadriani.com\/wp-content\/uploads\/2026\/04\/photo_5159421797986929881_y-980x735.jpg 980w, https:\/\/alcaldiaalbertoadriani.com\/wp-content\/uploads\/2026\/04\/photo_5159421797986929881_y-480x360.jpg 480w\" sizes=\"auto, (min-width: 0px) and (max-width: 480px) 480px, (min-width: 481px) and (max-width: 980px) 980px, (min-width: 981px) 1024px, 100vw\" \/><\/figure>\n\n\n\n<figure class=\"wp-block-image size-large\"><img loading=\"lazy\" decoding=\"async\" width=\"1024\" height=\"768\" data-id=\"16217\" src=\"https:\/\/alcaldiaalbertoadriani.com\/wp-content\/uploads\/2026\/04\/photo_5159421797986929882_y-1024x768.jpg\" alt=\"\" class=\"wp-image-16217\" srcset=\"https:\/\/alcaldiaalbertoadriani.com\/wp-content\/uploads\/2026\/04\/photo_5159421797986929882_y-1024x768.jpg 1024w, https:\/\/alcaldiaalbertoadriani.com\/wp-content\/uploads\/2026\/04\/photo_5159421797986929882_y-980x735.jpg 980w, https:\/\/alcaldiaalbertoadriani.com\/wp-content\/uploads\/2026\/04\/photo_5159421797986929882_y-480x360.jpg 480w\" sizes=\"auto, (min-width: 0px) and (max-width: 480px) 480px, (min-width: 481px) and (max-width: 980px) 980px, (min-width: 981px) 1024px, 100vw\" \/><\/figure>\n\n\n\n<figure class=\"wp-block-image size-large\"><img loading=\"lazy\" decoding=\"async\" width=\"1024\" height=\"768\" data-id=\"16218\" src=\"https:\/\/alcaldiaalbertoadriani.com\/wp-content\/uploads\/2026\/04\/photo_5159421797986929883_y-1024x768.jpg\" alt=\"\" class=\"wp-image-16218\" srcset=\"https:\/\/alcaldiaalbertoadriani.com\/wp-content\/uploads\/2026\/04\/photo_5159421797986929883_y-1024x768.jpg 1024w, https:\/\/alcaldiaalbertoadriani.com\/wp-content\/uploads\/2026\/04\/photo_5159421797986929883_y-980x735.jpg 980w, https:\/\/alcaldiaalbertoadriani.com\/wp-content\/uploads\/2026\/04\/photo_5159421797986929883_y-480x360.jpg 480w\" sizes=\"auto, (min-width: 0px) and (max-width: 480px) 480px, (min-width: 481px) and (max-width: 980px) 980px, (min-width: 981px) 1024px, 100vw\" \/><\/figure>\n<\/figure>\n","protected":false},"excerpt":{"rendered":"<p>En cumplimiento con los lineamientos emanados por el alcalde del municipio Alberto Adriani, Lisandro Segura, la Unidad de Gesti\u00f3n de Riesgo y Administraci\u00f3n de Desastres. Contin\u00faa desarrollando jornadas de formaci\u00f3n [&hellip;]<\/p>\n","protected":false},"author":2,"featured_media":16215,"comment_status":"open","ping_status":"closed","sticky":false,"template":"","format":"standard","meta":{"_et_pb_use_builder":"off","_et_pb_old_content":"","_et_gb_content_width":"","footnotes":""},"categories":[341,311,218],"tags":[31,11,12,15,761,29,28],"class_list":["post-16214","post","type-post","status-publish","format-standard","has-post-thumbnail","hentry","category-alcaldia-alberto-adriani","category-ugradmaa","category-unidad-municipal-de-gestion-de-riesgo","tag-alcalde","tag-alcaldia","tag-alcaldiaalbertoadriani","tag-elvigia","tag-encrucijadadeprogreso","tag-municipioquenosmerecemos","tag-porelrenacer"],"yoast_head":"<!-- This site is optimized with the Yoast SEO plugin v19.13 - https:\/\/yoast.com\/wordpress\/plugins\/seo\/ -->\n<title>Ugradmaa fortalece la cultura preventiva en liceos del municipio<\/title>\n<meta name=\"description\" content=\"Ugradmaa fortalece la cultura preventiva en liceos del municipio Alberto Adriani con el prop\u00f3sito de fortalecer la preparaci\u00f3n ante sismos\" \/>\n<meta name=\"robots\" content=\"index, follow, max-snippet:-1, max-image-preview:large, max-video-preview:-1\" \/>\n<link rel=\"canonical\" href=\"https:\/\/alcaldiaalbertoadriani.com\/?p=16214\" \/>\n<meta property=\"og:locale\" content=\"es_ES\" \/>\n<meta property=\"og:type\" content=\"article\" \/>\n<meta property=\"og:title\" content=\"Ugradmaa fortalece la cultura preventiva en liceos del municipio\" \/>\n<meta property=\"og:description\" content=\"Ugradmaa fortalece la cultura preventiva en liceos del municipio Alberto Adriani con el prop\u00f3sito de fortalecer la preparaci\u00f3n ante sismos\" \/>\n<meta property=\"og:url\" content=\"https:\/\/alcaldiaalbertoadriani.com\/?p=16214\" \/>\n<meta property=\"og:site_name\" content=\"Alcaldia Alberto Adriani\" \/>\n<meta property=\"article:published_time\" content=\"2026-04-30T20:22:32+00:00\" \/>\n<meta property=\"article:modified_time\" content=\"2026-04-30T20:22:37+00:00\" \/>\n<meta property=\"og:image\" content=\"https:\/\/alcaldiaalbertoadriani.com\/wp-content\/uploads\/2026\/04\/photo_5159421797986929886_y.jpg\" \/>\n\t<meta property=\"og:image:width\" content=\"1280\" \/>\n\t<meta property=\"og:image:height\" content=\"960\" \/>\n\t<meta property=\"og:image:type\" content=\"image\/jpeg\" \/>\n<meta name=\"author\" content=\"Prensa\" \/>\n<meta name=\"twitter:card\" content=\"summary_large_image\" \/>\n<meta name=\"twitter:label1\" content=\"Escrito por\" \/>\n\t<meta name=\"twitter:data1\" content=\"Prensa\" \/>\n\t<meta name=\"twitter:label2\" content=\"Tiempo de lectura\" \/>\n\t<meta name=\"twitter:data2\" content=\"3 minutos\" \/>\n<script type=\"application\/ld+json\" class=\"yoast-schema-graph\">{\"@context\":\"https:\/\/schema.org\",\"@graph\":[{\"@type\":\"WebPage\",\"@id\":\"https:\/\/alcaldiaalbertoadriani.com\/?p=16214\",\"url\":\"https:\/\/alcaldiaalbertoadriani.com\/?p=16214\",\"name\":\"Ugradmaa fortalece la cultura preventiva en liceos del municipio\",\"isPartOf\":{\"@id\":\"https:\/\/alcaldiaalbertoadriani.com\/#website\"},\"datePublished\":\"2026-04-30T20:22:32+00:00\",\"dateModified\":\"2026-04-30T20:22:37+00:00\",\"author\":{\"@id\":\"https:\/\/alcaldiaalbertoadriani.com\/#\/schema\/person\/549b4483ff8999ac780deeea78795fc9\"},\"description\":\"Ugradmaa fortalece la cultura preventiva en liceos del municipio Alberto Adriani con el prop\u00f3sito de fortalecer la preparaci\u00f3n ante sismos\",\"breadcrumb\":{\"@id\":\"https:\/\/alcaldiaalbertoadriani.com\/?p=16214#breadcrumb\"},\"inLanguage\":\"es\",\"potentialAction\":[{\"@type\":\"ReadAction\",\"target\":[\"https:\/\/alcaldiaalbertoadriani.com\/?p=16214\"]}]},{\"@type\":\"BreadcrumbList\",\"@id\":\"https:\/\/alcaldiaalbertoadriani.com\/?p=16214#breadcrumb\",\"itemListElement\":[{\"@type\":\"ListItem\",\"position\":1,\"name\":\"Portada\",\"item\":\"https:\/\/alcaldiaalbertoadriani.com\/\"},{\"@type\":\"ListItem\",\"position\":2,\"name\":\"Ugradmaa fortalece la cultura preventiva en liceos del municipio Alberto Adriani\"}]},{\"@type\":\"WebSite\",\"@id\":\"https:\/\/alcaldiaalbertoadriani.com\/#website\",\"url\":\"https:\/\/alcaldiaalbertoadriani.com\/\",\"name\":\"Alcaldia Alberto Adriani\",\"description\":\"\",\"potentialAction\":[{\"@type\":\"SearchAction\",\"target\":{\"@type\":\"EntryPoint\",\"urlTemplate\":\"https:\/\/alcaldiaalbertoadriani.com\/?s={search_term_string}\"},\"query-input\":\"required name=search_term_string\"}],\"inLanguage\":\"es\"},{\"@type\":\"Person\",\"@id\":\"https:\/\/alcaldiaalbertoadriani.com\/#\/schema\/person\/549b4483ff8999ac780deeea78795fc9\",\"name\":\"Prensa\",\"image\":{\"@type\":\"ImageObject\",\"inLanguage\":\"es\",\"@id\":\"https:\/\/alcaldiaalbertoadriani.com\/#\/schema\/person\/image\/\",\"url\":\"https:\/\/secure.gravatar.com\/avatar\/ea1cb567ea992a29627f4eee1c2eb185ec16decec6342d508fdf18dedb56c9de?s=96&d=mm&r=g\",\"contentUrl\":\"https:\/\/secure.gravatar.com\/avatar\/ea1cb567ea992a29627f4eee1c2eb185ec16decec6342d508fdf18dedb56c9de?s=96&d=mm&r=g\",\"caption\":\"Prensa\"},\"url\":\"https:\/\/alcaldiaalbertoadriani.com\/?author=2\"}]}<\/script>\n<!-- \/ Yoast SEO plugin. -->","yoast_head_json":{"title":"Ugradmaa fortalece la cultura preventiva en liceos del municipio","description":"Ugradmaa fortalece la cultura preventiva en liceos del municipio Alberto Adriani con el prop\u00f3sito de fortalecer la preparaci\u00f3n ante sismos","robots":{"index":"index","follow":"follow","max-snippet":"max-snippet:-1","max-image-preview":"max-image-preview:large","max-video-preview":"max-video-preview:-1"},"canonical":"https:\/\/alcaldiaalbertoadriani.com\/?p=16214","og_locale":"es_ES","og_type":"article","og_title":"Ugradmaa fortalece la cultura preventiva en liceos del municipio","og_description":"Ugradmaa fortalece la cultura preventiva en liceos del municipio Alberto Adriani con el prop\u00f3sito de fortalecer la preparaci\u00f3n ante sismos","og_url":"https:\/\/alcaldiaalbertoadriani.com\/?p=16214","og_site_name":"Alcaldia Alberto Adriani","article_published_time":"2026-04-30T20:22:32+00:00","article_modified_time":"2026-04-30T20:22:37+00:00","og_image":[{"width":1280,"height":960,"url":"https:\/\/alcaldiaalbertoadriani.com\/wp-content\/uploads\/2026\/04\/photo_5159421797986929886_y.jpg","type":"image\/jpeg"}],"author":"Prensa","twitter_card":"summary_large_image","twitter_misc":{"Escrito por":"Prensa","Tiempo de lectura":"3 minutos"},"schema":{"@context":"https:\/\/schema.org","@graph":[{"@type":"WebPage","@id":"https:\/\/alcaldiaalbertoadriani.com\/?p=16214","url":"https:\/\/alcaldiaalbertoadriani.com\/?p=16214","name":"Ugradmaa fortalece la cultura preventiva en liceos del municipio","isPartOf":{"@id":"https:\/\/alcaldiaalbertoadriani.com\/#website"},"datePublished":"2026-04-30T20:22:32+00:00","dateModified":"2026-04-30T20:22:37+00:00","author":{"@id":"https:\/\/alcaldiaalbertoadriani.com\/#\/schema\/person\/549b4483ff8999ac780deeea78795fc9"},"description":"Ugradmaa fortalece la cultura preventiva en liceos del municipio Alberto Adriani con el prop\u00f3sito de fortalecer la preparaci\u00f3n ante sismos","breadcrumb":{"@id":"https:\/\/alcaldiaalbertoadriani.com\/?p=16214#breadcrumb"},"inLanguage":"es","potentialAction":[{"@type":"ReadAction","target":["https:\/\/alcaldiaalbertoadriani.com\/?p=16214"]}]},{"@type":"BreadcrumbList","@id":"https:\/\/alcaldiaalbertoadriani.com\/?p=16214#breadcrumb","itemListElement":[{"@type":"ListItem","position":1,"name":"Portada","item":"https:\/\/alcaldiaalbertoadriani.com\/"},{"@type":"ListItem","position":2,"name":"Ugradmaa fortalece la cultura preventiva en liceos del municipio Alberto Adriani"}]},{"@type":"WebSite","@id":"https:\/\/alcaldiaalbertoadriani.com\/#website","url":"https:\/\/alcaldiaalbertoadriani.com\/","name":"Alcaldia Alberto Adriani","description":"","potentialAction":[{"@type":"SearchAction","target":{"@type":"EntryPoint","urlTemplate":"https:\/\/alcaldiaalbertoadriani.com\/?s={search_term_string}"},"query-input":"required name=search_term_string"}],"inLanguage":"es"},{"@type":"Person","@id":"https:\/\/alcaldiaalbertoadriani.com\/#\/schema\/person\/549b4483ff8999ac780deeea78795fc9","name":"Prensa","image":{"@type":"ImageObject","inLanguage":"es","@id":"https:\/\/alcaldiaalbertoadriani.com\/#\/schema\/person\/image\/","url":"https:\/\/secure.gravatar.com\/avatar\/ea1cb567ea992a29627f4eee1c2eb185ec16decec6342d508fdf18dedb56c9de?s=96&d=mm&r=g","contentUrl":"https:\/\/secure.gravatar.com\/avatar\/ea1cb567ea992a29627f4eee1c2eb185ec16decec6342d508fdf18dedb56c9de?s=96&d=mm&r=g","caption":"Prensa"},"url":"https:\/\/alcaldiaalbertoadriani.com\/?author=2"}]}},"_links":{"self":[{"href":"https:\/\/alcaldiaalbertoadriani.com\/index.php?rest_route=\/wp\/v2\/posts\/16214","targetHints":{"allow":["GET"]}}],"collection":[{"href":"https:\/\/alcaldiaalbertoadriani.com\/index.php?rest_route=\/wp\/v2\/posts"}],"about":[{"href":"https:\/\/alcaldiaalbertoadriani.com\/index.php?rest_route=\/wp\/v2\/types\/post"}],"author":[{"embeddable":true,"href":"https:\/\/alcaldiaalbertoadriani.com\/index.php?rest_route=\/wp\/v2\/users\/2"}],"replies":[{"embeddable":true,"href":"https:\/\/alcaldiaalbertoadriani.com\/index.php?rest_route=%2Fwp%2Fv2%2Fcomments&post=16214"}],"version-history":[{"count":1,"href":"https:\/\/alcaldiaalbertoadriani.com\/index.php?rest_route=\/wp\/v2\/posts\/16214\/revisions"}],"predecessor-version":[{"id":16221,"href":"https:\/\/alcaldiaalbertoadriani.com\/index.php?rest_route=\/wp\/v2\/posts\/16214\/revisions\/16221"}],"wp:featuredmedia":[{"embeddable":true,"href":"https:\/\/alcaldiaalbertoadriani.com\/index.php?rest_route=\/wp\/v2\/media\/16215"}],"wp:attachment":[{"href":"https:\/\/alcaldiaalbertoadriani.com\/index.php?rest_route=%2Fwp%2Fv2%2Fmedia&parent=16214"}],"wp:term":[{"taxonomy":"category","embeddable":true,"href":"https:\/\/alcaldiaalbertoadriani.com\/index.php?rest_route=%2Fwp%2Fv2%2Fcategories&post=16214"},{"taxonomy":"post_tag","embeddable":true,"href":"https:\/\/alcaldiaalbertoadriani.com\/index.php?rest_route=%2Fwp%2Fv2%2Ftags&post=16214"}],"curies":[{"name":"wp","href":"https:\/\/api.w.org\/{rel}","templated":true}]}}