{"id":16209,"date":"2026-04-30T19:59:45","date_gmt":"2026-04-30T19:59:45","guid":{"rendered":"https:\/\/alcaldiaalbertoadriani.com\/?p=16209"},"modified":"2026-04-30T19:59:49","modified_gmt":"2026-04-30T19:59:49","slug":"alcaldia-de-alberto-adriani-fortalece-alianzas-institucionales","status":"publish","type":"post","link":"https:\/\/alcaldiaalbertoadriani.com\/?p=16209","title":{"rendered":"Alcald\u00eda de Alberto Adriani fortalece alianzas institucionales para impulsar vacunaci\u00f3n contra la fiebre aftosa"},"content":{"rendered":"\n<p>La Alcald\u00eda del <a href=\"https:\/\/alcaldiaalbertoadriani.com\/?p=5285\">Municipio Alberto Adriani<\/a>, liderada por el alcalde <a href=\"https:\/\/www.instagram.com\/lisandrosegura02\/\">Lisandro Segura<\/a>, formaliz\u00f3 su compromiso institucional durante el acto de inicio del primer ciclo de la campa\u00f1a nacional de vacunaci\u00f3n contra esta enfermedad, realizado en la sede del Fondo Meride\u00f1o para el Desarrollo Econ\u00f3mico (FONDES), en la ciudad de M\u00e9rida.<\/p>\n\n\n\n<p>La presencia del mandatario municipal reafirm\u00f3 el respaldo del gobierno local a una agenda conjunta con La Fundaci\u00f3n Venezolana de Servicios de Salud Animal, Funvessa, la Asociaci\u00f3n de Ganaderos del Municipio Alberto Adriani (Asodegaa), el Colegio de M\u00e9dicos Veterinarios del estado M\u00e9rida, El Instituto Nacional de Salud Agr\u00edcola Integral (Insai), la Gobernaci\u00f3n del estado y diversos gremios ganaderos y agr\u00edcolas.<\/p>\n\n\n\n<p>Es un esfuerzo orientado a consolidar una pol\u00edtica p\u00fablica integral que permita alcanzar, en un per\u00edodo de cinco a\u00f1os, la meta de erradicar la fiebre aftosa en el pa\u00eds.<\/p>\n\n\n\n<p>Durante su intervenci\u00f3n, Segura destac\u00f3 la relevancia hist\u00f3rica y econ\u00f3mica de esta campa\u00f1a, al se\u00f1alar que Venezuela sigue siendo el \u00fanico pa\u00eds de Am\u00e9rica Latina y del continente americano que a\u00fan no cuenta con la certificaci\u00f3n de territorio libre de fiebre aftosa, una condici\u00f3n que limita la competitividad internacional del sector pecuario.<\/p>\n\n\n\n<p>\u201cSe ha logrado definir un esfuerzo institucional que permita por fin avanzar en los prop\u00f3sitos de consolidar una Venezuela libre de fiebre aftosa\u201d, expres\u00f3 el alcalde, al tiempo que subray\u00f3 que este proceso requiere planificaci\u00f3n, seguimiento y evaluaci\u00f3n rigurosa de cada ciclo de vacunaci\u00f3n.<\/p>\n\n\n\n<p>El burgomaestre explic\u00f3 que la direccionalidad institucional estar\u00e1 encabezada por Funvessa, junto al Colegio de M\u00e9dicos Veterinarios del estado M\u00e9rida y el Insai, conformando un \u201ctri\u00e1ngulo institucional\u201d responsable de ejecutar, supervisar y garantizar el cumplimiento de las metas sanitarias en cada fase.<\/p>\n\n\n\n<h2 class=\"wp-block-heading\"><strong><em>Buscan mejorar la productividad<\/em><\/strong><\/h2>\n\n\n\n<p>Segura enfatiz\u00f3 que el impacto de la fiebre aftosa trasciende la salud animal, ya que su incidencia afecta directamente la productividad, las exportaciones y el bienestar econ\u00f3mico de peque\u00f1os, medianos y grandes productores. En este sentido, hizo un llamado especial a los peque\u00f1os y medianos ganaderos, quienes concentran el mayor porcentaje del reba\u00f1o nacional, a asumir con responsabilidad la vacunaci\u00f3n obligatoria de sus animales.<\/p>\n\n\n\n<p>Asimismo, destac\u00f3 la importancia del control posterior al ciclo de inmunizaci\u00f3n, respaldado por las Zonas Operativas de Defensa Integral (Zodi)&nbsp; mediante la exigencia del certificado de vacunaci\u00f3n en puntos de movilizaci\u00f3n ganadera, como mecanismo para elevar el cumplimiento y evitar retrocesos.<\/p>\n\n\n\n<h2 class=\"wp-block-heading\"><strong><em>Convenio institucional<\/em><\/strong><\/h2>\n\n\n\n<p>En el caso espec\u00edfico del municipio Alberto Adriani, el alcalde inform\u00f3 sobre la firma de un convenio institucional entre la Alcald\u00eda, Asodegaa y Funvessa, mediante el cual el gobierno municipal aporta apoyo log\u00edstico para facilitar el despliegue territorial de los vacunadores certificados.<\/p>\n\n\n\n<p>\u201cNosotros como gobierno municipal hemos firmado un convenio entre Asodegaa y Funvessa, donde la alcald\u00eda est\u00e1 apoyando con dos unidades motorizadas y con la log\u00edstica necesaria para coadyuvar al mayor porcentaje de vacunaci\u00f3n en nuestro municipio\u201d, precis\u00f3.<\/p>\n\n\n\n<p>Segura record\u00f3 que, aunque en 2024 se vacunaron aproximadamente 44 mil ejemplares en Alberto Adriani, en 2025 la cifra descendi\u00f3 a 38 mil, situaci\u00f3n que atribuy\u00f3 a la falta de compromiso y de exigencia institucional, raz\u00f3n por la cual insisti\u00f3 en la necesidad de redoblar esfuerzos. <strong><em>Prensa OIPI Tahiry Villalobos CNP 23.225 \/ Foto OIPI Luis Dufflart<\/em><\/strong>.<\/p>\n\n\n\n<figure class=\"wp-block-gallery has-nested-images columns-default is-cropped wp-block-gallery-1 is-layout-flex wp-block-gallery-is-layout-flex\">\n<figure class=\"wp-block-image size-large\"><img loading=\"lazy\" decoding=\"async\" width=\"1024\" height=\"576\" data-id=\"16211\" src=\"https:\/\/alcaldiaalbertoadriani.com\/wp-content\/uploads\/2026\/04\/photo_5156885143057271840_y-1024x576.jpg\" alt=\"\" class=\"wp-image-16211\" srcset=\"https:\/\/alcaldiaalbertoadriani.com\/wp-content\/uploads\/2026\/04\/photo_5156885143057271840_y-1024x576.jpg 1024w, https:\/\/alcaldiaalbertoadriani.com\/wp-content\/uploads\/2026\/04\/photo_5156885143057271840_y-980x551.jpg 980w, https:\/\/alcaldiaalbertoadriani.com\/wp-content\/uploads\/2026\/04\/photo_5156885143057271840_y-480x270.jpg 480w\" sizes=\"auto, (min-width: 0px) and (max-width: 480px) 480px, (min-width: 481px) and (max-width: 980px) 980px, (min-width: 981px) 1024px, 100vw\" \/><\/figure>\n\n\n\n<figure class=\"wp-block-image size-large\"><img loading=\"lazy\" decoding=\"async\" width=\"1024\" height=\"768\" data-id=\"16212\" src=\"https:\/\/alcaldiaalbertoadriani.com\/wp-content\/uploads\/2026\/04\/photo_5156885143057271845_y-1024x768.jpg\" alt=\"\" class=\"wp-image-16212\" srcset=\"https:\/\/alcaldiaalbertoadriani.com\/wp-content\/uploads\/2026\/04\/photo_5156885143057271845_y-1024x768.jpg 1024w, https:\/\/alcaldiaalbertoadriani.com\/wp-content\/uploads\/2026\/04\/photo_5156885143057271845_y-980x735.jpg 980w, https:\/\/alcaldiaalbertoadriani.com\/wp-content\/uploads\/2026\/04\/photo_5156885143057271845_y-480x360.jpg 480w\" sizes=\"auto, (min-width: 0px) and (max-width: 480px) 480px, (min-width: 481px) and (max-width: 980px) 980px, (min-width: 981px) 1024px, 100vw\" \/><\/figure>\n<\/figure>\n","protected":false},"excerpt":{"rendered":"<p>La Alcald\u00eda del Municipio Alberto Adriani, liderada por el alcalde Lisandro Segura, formaliz\u00f3 su compromiso institucional durante el acto de inicio del primer ciclo de la campa\u00f1a nacional de vacunaci\u00f3n [&hellip;]<\/p>\n","protected":false},"author":2,"featured_media":16210,"comment_status":"open","ping_status":"closed","sticky":false,"template":"","format":"standard","meta":{"_et_pb_use_builder":"off","_et_pb_old_content":"","_et_gb_content_width":"","footnotes":""},"categories":[341,25],"tags":[31,11,15,30,29,28],"class_list":["post-16209","post","type-post","status-publish","format-standard","has-post-thumbnail","hentry","category-alcaldia-alberto-adriani","category-nuestro-municipio","tag-alcalde","tag-alcaldia","tag-elvigia","tag-lisandrosegura","tag-municipioquenosmerecemos","tag-porelrenacer"],"yoast_head":"<!-- This site is optimized with the Yoast SEO plugin v19.13 - https:\/\/yoast.com\/wordpress\/plugins\/seo\/ -->\n<title>Alcald\u00eda de Alberto Adriani fortalece alianzas institucionales<\/title>\n<meta name=\"description\" content=\"Alcald\u00eda de Alberto Adriani fortalece alianzas institucionales para impulsar vacunaci\u00f3n contra la fiebre aftosa\" \/>\n<meta name=\"robots\" content=\"index, follow, max-snippet:-1, max-image-preview:large, max-video-preview:-1\" \/>\n<link rel=\"canonical\" href=\"https:\/\/alcaldiaalbertoadriani.com\/?p=16209\" \/>\n<meta property=\"og:locale\" content=\"es_ES\" \/>\n<meta property=\"og:type\" content=\"article\" \/>\n<meta property=\"og:title\" content=\"Alcald\u00eda de Alberto Adriani fortalece alianzas institucionales\" \/>\n<meta property=\"og:description\" content=\"Alcald\u00eda de Alberto Adriani fortalece alianzas institucionales para impulsar vacunaci\u00f3n contra la fiebre aftosa\" \/>\n<meta property=\"og:url\" content=\"https:\/\/alcaldiaalbertoadriani.com\/?p=16209\" \/>\n<meta property=\"og:site_name\" content=\"Alcaldia Alberto Adriani\" \/>\n<meta property=\"article:published_time\" content=\"2026-04-30T19:59:45+00:00\" \/>\n<meta property=\"article:modified_time\" content=\"2026-04-30T19:59:49+00:00\" \/>\n<meta property=\"og:image\" content=\"https:\/\/alcaldiaalbertoadriani.com\/wp-content\/uploads\/2026\/04\/photo_5156885143057271838_y.jpg\" \/>\n\t<meta property=\"og:image:width\" content=\"1280\" \/>\n\t<meta property=\"og:image:height\" content=\"960\" \/>\n\t<meta property=\"og:image:type\" content=\"image\/jpeg\" \/>\n<meta name=\"author\" content=\"Prensa\" \/>\n<meta name=\"twitter:card\" content=\"summary_large_image\" \/>\n<meta name=\"twitter:label1\" content=\"Escrito por\" \/>\n\t<meta name=\"twitter:data1\" content=\"Prensa\" \/>\n\t<meta name=\"twitter:label2\" content=\"Tiempo de lectura\" \/>\n\t<meta name=\"twitter:data2\" content=\"3 minutos\" \/>\n<script type=\"application\/ld+json\" class=\"yoast-schema-graph\">{\"@context\":\"https:\/\/schema.org\",\"@graph\":[{\"@type\":\"WebPage\",\"@id\":\"https:\/\/alcaldiaalbertoadriani.com\/?p=16209\",\"url\":\"https:\/\/alcaldiaalbertoadriani.com\/?p=16209\",\"name\":\"Alcald\u00eda de Alberto Adriani fortalece alianzas institucionales\",\"isPartOf\":{\"@id\":\"https:\/\/alcaldiaalbertoadriani.com\/#website\"},\"datePublished\":\"2026-04-30T19:59:45+00:00\",\"dateModified\":\"2026-04-30T19:59:49+00:00\",\"author\":{\"@id\":\"https:\/\/alcaldiaalbertoadriani.com\/#\/schema\/person\/549b4483ff8999ac780deeea78795fc9\"},\"description\":\"Alcald\u00eda de Alberto Adriani fortalece alianzas institucionales para impulsar vacunaci\u00f3n contra la fiebre aftosa\",\"breadcrumb\":{\"@id\":\"https:\/\/alcaldiaalbertoadriani.com\/?p=16209#breadcrumb\"},\"inLanguage\":\"es\",\"potentialAction\":[{\"@type\":\"ReadAction\",\"target\":[\"https:\/\/alcaldiaalbertoadriani.com\/?p=16209\"]}]},{\"@type\":\"BreadcrumbList\",\"@id\":\"https:\/\/alcaldiaalbertoadriani.com\/?p=16209#breadcrumb\",\"itemListElement\":[{\"@type\":\"ListItem\",\"position\":1,\"name\":\"Portada\",\"item\":\"https:\/\/alcaldiaalbertoadriani.com\/\"},{\"@type\":\"ListItem\",\"position\":2,\"name\":\"Alcald\u00eda de Alberto Adriani fortalece alianzas institucionales para impulsar vacunaci\u00f3n contra la fiebre aftosa\"}]},{\"@type\":\"WebSite\",\"@id\":\"https:\/\/alcaldiaalbertoadriani.com\/#website\",\"url\":\"https:\/\/alcaldiaalbertoadriani.com\/\",\"name\":\"Alcaldia Alberto Adriani\",\"description\":\"\",\"potentialAction\":[{\"@type\":\"SearchAction\",\"target\":{\"@type\":\"EntryPoint\",\"urlTemplate\":\"https:\/\/alcaldiaalbertoadriani.com\/?s={search_term_string}\"},\"query-input\":\"required name=search_term_string\"}],\"inLanguage\":\"es\"},{\"@type\":\"Person\",\"@id\":\"https:\/\/alcaldiaalbertoadriani.com\/#\/schema\/person\/549b4483ff8999ac780deeea78795fc9\",\"name\":\"Prensa\",\"image\":{\"@type\":\"ImageObject\",\"inLanguage\":\"es\",\"@id\":\"https:\/\/alcaldiaalbertoadriani.com\/#\/schema\/person\/image\/\",\"url\":\"https:\/\/secure.gravatar.com\/avatar\/ea1cb567ea992a29627f4eee1c2eb185ec16decec6342d508fdf18dedb56c9de?s=96&d=mm&r=g\",\"contentUrl\":\"https:\/\/secure.gravatar.com\/avatar\/ea1cb567ea992a29627f4eee1c2eb185ec16decec6342d508fdf18dedb56c9de?s=96&d=mm&r=g\",\"caption\":\"Prensa\"},\"url\":\"https:\/\/alcaldiaalbertoadriani.com\/?author=2\"}]}<\/script>\n<!-- \/ Yoast SEO plugin. -->","yoast_head_json":{"title":"Alcald\u00eda de Alberto Adriani fortalece alianzas institucionales","description":"Alcald\u00eda de Alberto Adriani fortalece alianzas institucionales para impulsar vacunaci\u00f3n contra la fiebre aftosa","robots":{"index":"index","follow":"follow","max-snippet":"max-snippet:-1","max-image-preview":"max-image-preview:large","max-video-preview":"max-video-preview:-1"},"canonical":"https:\/\/alcaldiaalbertoadriani.com\/?p=16209","og_locale":"es_ES","og_type":"article","og_title":"Alcald\u00eda de Alberto Adriani fortalece alianzas institucionales","og_description":"Alcald\u00eda de Alberto Adriani fortalece alianzas institucionales para impulsar vacunaci\u00f3n contra la fiebre aftosa","og_url":"https:\/\/alcaldiaalbertoadriani.com\/?p=16209","og_site_name":"Alcaldia Alberto Adriani","article_published_time":"2026-04-30T19:59:45+00:00","article_modified_time":"2026-04-30T19:59:49+00:00","og_image":[{"width":1280,"height":960,"url":"https:\/\/alcaldiaalbertoadriani.com\/wp-content\/uploads\/2026\/04\/photo_5156885143057271838_y.jpg","type":"image\/jpeg"}],"author":"Prensa","twitter_card":"summary_large_image","twitter_misc":{"Escrito por":"Prensa","Tiempo de lectura":"3 minutos"},"schema":{"@context":"https:\/\/schema.org","@graph":[{"@type":"WebPage","@id":"https:\/\/alcaldiaalbertoadriani.com\/?p=16209","url":"https:\/\/alcaldiaalbertoadriani.com\/?p=16209","name":"Alcald\u00eda de Alberto Adriani fortalece alianzas institucionales","isPartOf":{"@id":"https:\/\/alcaldiaalbertoadriani.com\/#website"},"datePublished":"2026-04-30T19:59:45+00:00","dateModified":"2026-04-30T19:59:49+00:00","author":{"@id":"https:\/\/alcaldiaalbertoadriani.com\/#\/schema\/person\/549b4483ff8999ac780deeea78795fc9"},"description":"Alcald\u00eda de Alberto Adriani fortalece alianzas institucionales para impulsar vacunaci\u00f3n contra la fiebre aftosa","breadcrumb":{"@id":"https:\/\/alcaldiaalbertoadriani.com\/?p=16209#breadcrumb"},"inLanguage":"es","potentialAction":[{"@type":"ReadAction","target":["https:\/\/alcaldiaalbertoadriani.com\/?p=16209"]}]},{"@type":"BreadcrumbList","@id":"https:\/\/alcaldiaalbertoadriani.com\/?p=16209#breadcrumb","itemListElement":[{"@type":"ListItem","position":1,"name":"Portada","item":"https:\/\/alcaldiaalbertoadriani.com\/"},{"@type":"ListItem","position":2,"name":"Alcald\u00eda de Alberto Adriani fortalece alianzas institucionales para impulsar vacunaci\u00f3n contra la fiebre aftosa"}]},{"@type":"WebSite","@id":"https:\/\/alcaldiaalbertoadriani.com\/#website","url":"https:\/\/alcaldiaalbertoadriani.com\/","name":"Alcaldia Alberto Adriani","description":"","potentialAction":[{"@type":"SearchAction","target":{"@type":"EntryPoint","urlTemplate":"https:\/\/alcaldiaalbertoadriani.com\/?s={search_term_string}"},"query-input":"required name=search_term_string"}],"inLanguage":"es"},{"@type":"Person","@id":"https:\/\/alcaldiaalbertoadriani.com\/#\/schema\/person\/549b4483ff8999ac780deeea78795fc9","name":"Prensa","image":{"@type":"ImageObject","inLanguage":"es","@id":"https:\/\/alcaldiaalbertoadriani.com\/#\/schema\/person\/image\/","url":"https:\/\/secure.gravatar.com\/avatar\/ea1cb567ea992a29627f4eee1c2eb185ec16decec6342d508fdf18dedb56c9de?s=96&d=mm&r=g","contentUrl":"https:\/\/secure.gravatar.com\/avatar\/ea1cb567ea992a29627f4eee1c2eb185ec16decec6342d508fdf18dedb56c9de?s=96&d=mm&r=g","caption":"Prensa"},"url":"https:\/\/alcaldiaalbertoadriani.com\/?author=2"}]}},"_links":{"self":[{"href":"https:\/\/alcaldiaalbertoadriani.com\/index.php?rest_route=\/wp\/v2\/posts\/16209","targetHints":{"allow":["GET"]}}],"collection":[{"href":"https:\/\/alcaldiaalbertoadriani.com\/index.php?rest_route=\/wp\/v2\/posts"}],"about":[{"href":"https:\/\/alcaldiaalbertoadriani.com\/index.php?rest_route=\/wp\/v2\/types\/post"}],"author":[{"embeddable":true,"href":"https:\/\/alcaldiaalbertoadriani.com\/index.php?rest_route=\/wp\/v2\/users\/2"}],"replies":[{"embeddable":true,"href":"https:\/\/alcaldiaalbertoadriani.com\/index.php?rest_route=%2Fwp%2Fv2%2Fcomments&post=16209"}],"version-history":[{"count":1,"href":"https:\/\/alcaldiaalbertoadriani.com\/index.php?rest_route=\/wp\/v2\/posts\/16209\/revisions"}],"predecessor-version":[{"id":16213,"href":"https:\/\/alcaldiaalbertoadriani.com\/index.php?rest_route=\/wp\/v2\/posts\/16209\/revisions\/16213"}],"wp:featuredmedia":[{"embeddable":true,"href":"https:\/\/alcaldiaalbertoadriani.com\/index.php?rest_route=\/wp\/v2\/media\/16210"}],"wp:attachment":[{"href":"https:\/\/alcaldiaalbertoadriani.com\/index.php?rest_route=%2Fwp%2Fv2%2Fmedia&parent=16209"}],"wp:term":[{"taxonomy":"category","embeddable":true,"href":"https:\/\/alcaldiaalbertoadriani.com\/index.php?rest_route=%2Fwp%2Fv2%2Fcategories&post=16209"},{"taxonomy":"post_tag","embeddable":true,"href":"https:\/\/alcaldiaalbertoadriani.com\/index.php?rest_route=%2Fwp%2Fv2%2Ftags&post=16209"}],"curies":[{"name":"wp","href":"https:\/\/api.w.org\/{rel}","templated":true}]}}