{"id":16196,"date":"2026-04-28T14:58:05","date_gmt":"2026-04-28T14:58:05","guid":{"rendered":"https:\/\/alcaldiaalbertoadriani.com\/?p=16196"},"modified":"2026-04-28T14:58:18","modified_gmt":"2026-04-28T14:58:18","slug":"alcaldia-de-alberto-adriani-alerta-sobre-grave-emergencia-vial","status":"publish","type":"post","link":"https:\/\/alcaldiaalbertoadriani.com\/?p=16196","title":{"rendered":"Alcald\u00eda de Alberto Adriani alerta sobre grave emergencia vial en la Local 002 hacia La Palmita"},"content":{"rendered":"\n<p>Eligia Jactiva, Directora General de la Alcald\u00eda del Municipio Alberto Adriani, expres\u00f3 su profunda preocupaci\u00f3n por la grave situaci\u00f3n de la carretera que conduce hacia La Palmita.<\/p>\n\n\n\n<p>Esta emergencia compromete adem\u00e1s la transitabilidad por una v\u00eda estrat\u00e9gica para el municipio y para el estado M\u00e9rida, ya que la carretera Rafael Caldera depende de esta ruta como alternativa.<\/p>\n\n\n\n<p>Desde la Alcald\u00eda del Municipio Alberto Adriani se deja constancia que esta problem\u00e1tica hab\u00eda sido advertida y denunciada en reiteradas oportunidades, &#8220;desde hace m\u00e1s de un a\u00f1o, el entonces legislador Manuel Mora Izarra present\u00f3 un derecho de palabra ante el Consejo Legislativo del Estado Bolivariano de M\u00e9rida (Clemb).<\/p>\n\n\n\n<p>Sin embargo, dicha comisi\u00f3n no se materializ\u00f3, situaci\u00f3n que, a juicio del legislador, obedeci\u00f3 a falta de voluntad pol\u00edtica, desidia o negligencia&#8221;, subray\u00f3.<\/p>\n\n\n\n<h2 class=\"wp-block-heading\"><strong><em>Gesti\u00f3n Municipal<\/em><\/strong><\/h2>\n\n\n\n<p>La directora General tambi\u00e9n destac\u00f3 el esfuerzo inmediato y comprometido del ciudadano alcalde <a href=\"https:\/\/www.instagram.com\/lisandrosegura02\/\">Lisandro Segura<\/a>, quien ha desplegado acciones para atender las afectaciones mediante el despeje de \u00e1rboles ca\u00eddos y el uso de maquinaria para labores de limpieza, con el prop\u00f3sito de atender de manera preliminar esta contingencia.<\/p>\n\n\n\n<p>No obstante, dada la magnitud del da\u00f1o y la complejidad de la obra requerida, la Alcald\u00eda del <a href=\"https:\/\/alcaldiaalbertoadriani.com\/?p=5285\">Municipio Alberto Adriani<\/a> hace un llamado urgente al Ejecutivo Regional y Nacional para que se aboquen de manera inmediata a la ejecuci\u00f3n de esta importante obra de infraestructura, puesto que, el municipio no cuenta con los recursos suficientes para enfrentar por s\u00ed solo esta grave problem\u00e1tica.<\/p>\n\n\n\n<p>Es de mencionar que dicha situaci\u00f3n afecta severamente la movilidad entre M\u00e9rida y El Vig\u00eda, adem\u00e1s de perjudicar directamente a miles de habitantes de esta importante zona productiva y estrat\u00e9gica del estado, quienes hoy enfrentan serias limitaciones para su desplazamiento y acceso a servicios p\u00fablicos esenciales.<\/p>\n\n\n\n<p>El. Gobierno del alcalde Lisandro Segura reitera el llamado y alza su voz hasta lograr respuestas concretas que garanticen la restituci\u00f3n del tr\u00e1nsito y la seguridad de todos los ciudadanos. <strong>Prensa OIPI Tahiry Villalobos CNP 23.225\/Fotos OIPI<\/strong><\/p>\n","protected":false},"excerpt":{"rendered":"<p>Eligia Jactiva, Directora General de la Alcald\u00eda del Municipio Alberto Adriani, expres\u00f3 su profunda preocupaci\u00f3n por la grave situaci\u00f3n de la carretera que conduce hacia La Palmita. Esta emergencia compromete [&hellip;]<\/p>\n","protected":false},"author":2,"featured_media":16198,"comment_status":"open","ping_status":"closed","sticky":false,"template":"","format":"standard","meta":{"_et_pb_use_builder":"off","_et_pb_old_content":"","_et_gb_content_width":"","footnotes":""},"categories":[341,25],"tags":[31,11,12,15,761,30,29,28],"class_list":["post-16196","post","type-post","status-publish","format-standard","has-post-thumbnail","hentry","category-alcaldia-alberto-adriani","category-nuestro-municipio","tag-alcalde","tag-alcaldia","tag-alcaldiaalbertoadriani","tag-elvigia","tag-encrucijadadeprogreso","tag-lisandrosegura","tag-municipioquenosmerecemos","tag-porelrenacer"],"yoast_head":"<!-- This site is optimized with the Yoast SEO plugin v19.13 - https:\/\/yoast.com\/wordpress\/plugins\/seo\/ -->\n<title>Alcald\u00eda de Alberto Adriani alerta sobre grave emergencia vial<\/title>\n<meta name=\"description\" content=\"Alcald\u00eda de Alberto Adriani alerta sobre grave emergencia vial en la Local 002 hacia La Palmita parroquia Gabriel Pic\u00f3n Gonz\u00e1lez\" \/>\n<meta name=\"robots\" content=\"index, follow, max-snippet:-1, max-image-preview:large, max-video-preview:-1\" \/>\n<link rel=\"canonical\" href=\"https:\/\/alcaldiaalbertoadriani.com\/?p=16196\" \/>\n<meta property=\"og:locale\" content=\"es_ES\" \/>\n<meta property=\"og:type\" content=\"article\" \/>\n<meta property=\"og:title\" content=\"Alcald\u00eda de Alberto Adriani alerta sobre grave emergencia vial\" \/>\n<meta property=\"og:description\" content=\"Alcald\u00eda de Alberto Adriani alerta sobre grave emergencia vial en la Local 002 hacia La Palmita parroquia Gabriel Pic\u00f3n Gonz\u00e1lez\" \/>\n<meta property=\"og:url\" content=\"https:\/\/alcaldiaalbertoadriani.com\/?p=16196\" \/>\n<meta property=\"og:site_name\" content=\"Alcaldia Alberto Adriani\" \/>\n<meta property=\"article:published_time\" content=\"2026-04-28T14:58:05+00:00\" \/>\n<meta property=\"article:modified_time\" content=\"2026-04-28T14:58:18+00:00\" \/>\n<meta property=\"og:image\" content=\"https:\/\/alcaldiaalbertoadriani.com\/wp-content\/uploads\/2026\/04\/photo_5152214202914114624_y.jpg\" \/>\n\t<meta property=\"og:image:width\" content=\"1020\" \/>\n\t<meta property=\"og:image:height\" content=\"765\" \/>\n\t<meta property=\"og:image:type\" content=\"image\/jpeg\" \/>\n<meta name=\"author\" content=\"Prensa\" \/>\n<meta name=\"twitter:card\" content=\"summary_large_image\" \/>\n<meta name=\"twitter:label1\" content=\"Escrito por\" \/>\n\t<meta name=\"twitter:data1\" content=\"Prensa\" \/>\n\t<meta name=\"twitter:label2\" content=\"Tiempo de lectura\" \/>\n\t<meta name=\"twitter:data2\" content=\"2 minutos\" \/>\n<script type=\"application\/ld+json\" class=\"yoast-schema-graph\">{\"@context\":\"https:\/\/schema.org\",\"@graph\":[{\"@type\":\"WebPage\",\"@id\":\"https:\/\/alcaldiaalbertoadriani.com\/?p=16196\",\"url\":\"https:\/\/alcaldiaalbertoadriani.com\/?p=16196\",\"name\":\"Alcald\u00eda de Alberto Adriani alerta sobre grave emergencia vial\",\"isPartOf\":{\"@id\":\"https:\/\/alcaldiaalbertoadriani.com\/#website\"},\"datePublished\":\"2026-04-28T14:58:05+00:00\",\"dateModified\":\"2026-04-28T14:58:18+00:00\",\"author\":{\"@id\":\"https:\/\/alcaldiaalbertoadriani.com\/#\/schema\/person\/549b4483ff8999ac780deeea78795fc9\"},\"description\":\"Alcald\u00eda de Alberto Adriani alerta sobre grave emergencia vial en la Local 002 hacia La Palmita parroquia Gabriel Pic\u00f3n Gonz\u00e1lez\",\"breadcrumb\":{\"@id\":\"https:\/\/alcaldiaalbertoadriani.com\/?p=16196#breadcrumb\"},\"inLanguage\":\"es\",\"potentialAction\":[{\"@type\":\"ReadAction\",\"target\":[\"https:\/\/alcaldiaalbertoadriani.com\/?p=16196\"]}]},{\"@type\":\"BreadcrumbList\",\"@id\":\"https:\/\/alcaldiaalbertoadriani.com\/?p=16196#breadcrumb\",\"itemListElement\":[{\"@type\":\"ListItem\",\"position\":1,\"name\":\"Portada\",\"item\":\"https:\/\/alcaldiaalbertoadriani.com\/\"},{\"@type\":\"ListItem\",\"position\":2,\"name\":\"Alcald\u00eda de Alberto Adriani alerta sobre grave emergencia vial en la Local 002 hacia La Palmita\"}]},{\"@type\":\"WebSite\",\"@id\":\"https:\/\/alcaldiaalbertoadriani.com\/#website\",\"url\":\"https:\/\/alcaldiaalbertoadriani.com\/\",\"name\":\"Alcaldia Alberto Adriani\",\"description\":\"\",\"potentialAction\":[{\"@type\":\"SearchAction\",\"target\":{\"@type\":\"EntryPoint\",\"urlTemplate\":\"https:\/\/alcaldiaalbertoadriani.com\/?s={search_term_string}\"},\"query-input\":\"required name=search_term_string\"}],\"inLanguage\":\"es\"},{\"@type\":\"Person\",\"@id\":\"https:\/\/alcaldiaalbertoadriani.com\/#\/schema\/person\/549b4483ff8999ac780deeea78795fc9\",\"name\":\"Prensa\",\"image\":{\"@type\":\"ImageObject\",\"inLanguage\":\"es\",\"@id\":\"https:\/\/alcaldiaalbertoadriani.com\/#\/schema\/person\/image\/\",\"url\":\"https:\/\/secure.gravatar.com\/avatar\/ea1cb567ea992a29627f4eee1c2eb185ec16decec6342d508fdf18dedb56c9de?s=96&d=mm&r=g\",\"contentUrl\":\"https:\/\/secure.gravatar.com\/avatar\/ea1cb567ea992a29627f4eee1c2eb185ec16decec6342d508fdf18dedb56c9de?s=96&d=mm&r=g\",\"caption\":\"Prensa\"},\"url\":\"https:\/\/alcaldiaalbertoadriani.com\/?author=2\"}]}<\/script>\n<!-- \/ Yoast SEO plugin. -->","yoast_head_json":{"title":"Alcald\u00eda de Alberto Adriani alerta sobre grave emergencia vial","description":"Alcald\u00eda de Alberto Adriani alerta sobre grave emergencia vial en la Local 002 hacia La Palmita parroquia Gabriel Pic\u00f3n Gonz\u00e1lez","robots":{"index":"index","follow":"follow","max-snippet":"max-snippet:-1","max-image-preview":"max-image-preview:large","max-video-preview":"max-video-preview:-1"},"canonical":"https:\/\/alcaldiaalbertoadriani.com\/?p=16196","og_locale":"es_ES","og_type":"article","og_title":"Alcald\u00eda de Alberto Adriani alerta sobre grave emergencia vial","og_description":"Alcald\u00eda de Alberto Adriani alerta sobre grave emergencia vial en la Local 002 hacia La Palmita parroquia Gabriel Pic\u00f3n Gonz\u00e1lez","og_url":"https:\/\/alcaldiaalbertoadriani.com\/?p=16196","og_site_name":"Alcaldia Alberto Adriani","article_published_time":"2026-04-28T14:58:05+00:00","article_modified_time":"2026-04-28T14:58:18+00:00","og_image":[{"width":1020,"height":765,"url":"https:\/\/alcaldiaalbertoadriani.com\/wp-content\/uploads\/2026\/04\/photo_5152214202914114624_y.jpg","type":"image\/jpeg"}],"author":"Prensa","twitter_card":"summary_large_image","twitter_misc":{"Escrito por":"Prensa","Tiempo de lectura":"2 minutos"},"schema":{"@context":"https:\/\/schema.org","@graph":[{"@type":"WebPage","@id":"https:\/\/alcaldiaalbertoadriani.com\/?p=16196","url":"https:\/\/alcaldiaalbertoadriani.com\/?p=16196","name":"Alcald\u00eda de Alberto Adriani alerta sobre grave emergencia vial","isPartOf":{"@id":"https:\/\/alcaldiaalbertoadriani.com\/#website"},"datePublished":"2026-04-28T14:58:05+00:00","dateModified":"2026-04-28T14:58:18+00:00","author":{"@id":"https:\/\/alcaldiaalbertoadriani.com\/#\/schema\/person\/549b4483ff8999ac780deeea78795fc9"},"description":"Alcald\u00eda de Alberto Adriani alerta sobre grave emergencia vial en la Local 002 hacia La Palmita parroquia Gabriel Pic\u00f3n Gonz\u00e1lez","breadcrumb":{"@id":"https:\/\/alcaldiaalbertoadriani.com\/?p=16196#breadcrumb"},"inLanguage":"es","potentialAction":[{"@type":"ReadAction","target":["https:\/\/alcaldiaalbertoadriani.com\/?p=16196"]}]},{"@type":"BreadcrumbList","@id":"https:\/\/alcaldiaalbertoadriani.com\/?p=16196#breadcrumb","itemListElement":[{"@type":"ListItem","position":1,"name":"Portada","item":"https:\/\/alcaldiaalbertoadriani.com\/"},{"@type":"ListItem","position":2,"name":"Alcald\u00eda de Alberto Adriani alerta sobre grave emergencia vial en la Local 002 hacia La Palmita"}]},{"@type":"WebSite","@id":"https:\/\/alcaldiaalbertoadriani.com\/#website","url":"https:\/\/alcaldiaalbertoadriani.com\/","name":"Alcaldia Alberto Adriani","description":"","potentialAction":[{"@type":"SearchAction","target":{"@type":"EntryPoint","urlTemplate":"https:\/\/alcaldiaalbertoadriani.com\/?s={search_term_string}"},"query-input":"required name=search_term_string"}],"inLanguage":"es"},{"@type":"Person","@id":"https:\/\/alcaldiaalbertoadriani.com\/#\/schema\/person\/549b4483ff8999ac780deeea78795fc9","name":"Prensa","image":{"@type":"ImageObject","inLanguage":"es","@id":"https:\/\/alcaldiaalbertoadriani.com\/#\/schema\/person\/image\/","url":"https:\/\/secure.gravatar.com\/avatar\/ea1cb567ea992a29627f4eee1c2eb185ec16decec6342d508fdf18dedb56c9de?s=96&d=mm&r=g","contentUrl":"https:\/\/secure.gravatar.com\/avatar\/ea1cb567ea992a29627f4eee1c2eb185ec16decec6342d508fdf18dedb56c9de?s=96&d=mm&r=g","caption":"Prensa"},"url":"https:\/\/alcaldiaalbertoadriani.com\/?author=2"}]}},"_links":{"self":[{"href":"https:\/\/alcaldiaalbertoadriani.com\/index.php?rest_route=\/wp\/v2\/posts\/16196","targetHints":{"allow":["GET"]}}],"collection":[{"href":"https:\/\/alcaldiaalbertoadriani.com\/index.php?rest_route=\/wp\/v2\/posts"}],"about":[{"href":"https:\/\/alcaldiaalbertoadriani.com\/index.php?rest_route=\/wp\/v2\/types\/post"}],"author":[{"embeddable":true,"href":"https:\/\/alcaldiaalbertoadriani.com\/index.php?rest_route=\/wp\/v2\/users\/2"}],"replies":[{"embeddable":true,"href":"https:\/\/alcaldiaalbertoadriani.com\/index.php?rest_route=%2Fwp%2Fv2%2Fcomments&post=16196"}],"version-history":[{"count":1,"href":"https:\/\/alcaldiaalbertoadriani.com\/index.php?rest_route=\/wp\/v2\/posts\/16196\/revisions"}],"predecessor-version":[{"id":16199,"href":"https:\/\/alcaldiaalbertoadriani.com\/index.php?rest_route=\/wp\/v2\/posts\/16196\/revisions\/16199"}],"wp:featuredmedia":[{"embeddable":true,"href":"https:\/\/alcaldiaalbertoadriani.com\/index.php?rest_route=\/wp\/v2\/media\/16198"}],"wp:attachment":[{"href":"https:\/\/alcaldiaalbertoadriani.com\/index.php?rest_route=%2Fwp%2Fv2%2Fmedia&parent=16196"}],"wp:term":[{"taxonomy":"category","embeddable":true,"href":"https:\/\/alcaldiaalbertoadriani.com\/index.php?rest_route=%2Fwp%2Fv2%2Fcategories&post=16196"},{"taxonomy":"post_tag","embeddable":true,"href":"https:\/\/alcaldiaalbertoadriani.com\/index.php?rest_route=%2Fwp%2Fv2%2Ftags&post=16196"}],"curies":[{"name":"wp","href":"https:\/\/api.w.org\/{rel}","templated":true}]}}