{"id":16184,"date":"2026-04-28T14:31:17","date_gmt":"2026-04-28T14:31:17","guid":{"rendered":"https:\/\/alcaldiaalbertoadriani.com\/?p=16184"},"modified":"2026-04-28T14:31:25","modified_gmt":"2026-04-28T14:31:25","slug":"eglis-nava-cerro-con-broche-de-oro-las-veladas-nocturnas","status":"publish","type":"post","link":"https:\/\/alcaldiaalbertoadriani.com\/?p=16184","title":{"rendered":"Eglis Nava cerr\u00f3 con broche de oro las veladas nocturnas de FeriVig\u00eda 2026"},"content":{"rendered":"\n<p>La Alcald\u00eda del Municipio Alberto Adriani, a trav\u00e9s de la Fundaci\u00f3n <a href=\"https:\/\/alcaldiaalbertoadriani.com\/?cat=382\">FeriVig\u00eda<\/a>, contin\u00faa fortaleciendo el talento, la cultura y la identidad vigiense con el exitoso cierre de las esperadas veladas nocturnas rumbo a FeriVig\u00eda 2026, actividades donde las aspirantes a la corona demuestran ante el p\u00fablico su talento, energ\u00eda y desenvolvimiento esc\u00e9nico. Estas jornadas forman parte de la programaci\u00f3n oficial presentada por la Alcald\u00eda para las Ferias El Vig\u00eda 2026.<\/p>\n\n\n\n<p>En esta oportunidad, la Calle Canta Rana de la parroquia Jos\u00e9 Nucete Sard\u00ed fue el escenario perfecto para una noche inolvidable, donde Eglis Nava, representante de esta importante parroquia, brill\u00f3 con luz propia y cerr\u00f3 con broche de oro esta etapa pre-ferial, cautivando a todos los asistentes con una presentaci\u00f3n cargada de sentimiento, identidad y orgullo nacional.<\/p>\n\n\n\n<figure class=\"wp-block-gallery has-nested-images columns-default is-cropped wp-block-gallery-1 is-layout-flex wp-block-gallery-is-layout-flex\">\n<figure class=\"wp-block-image size-large\"><img loading=\"lazy\" decoding=\"async\" width=\"1024\" height=\"576\" data-id=\"16187\" src=\"https:\/\/alcaldiaalbertoadriani.com\/wp-content\/uploads\/2026\/04\/photo_5152214202914114608_y-1024x576.jpg\" alt=\"\" class=\"wp-image-16187\" srcset=\"https:\/\/alcaldiaalbertoadriani.com\/wp-content\/uploads\/2026\/04\/photo_5152214202914114608_y-1024x576.jpg 1024w, https:\/\/alcaldiaalbertoadriani.com\/wp-content\/uploads\/2026\/04\/photo_5152214202914114608_y-980x551.jpg 980w, https:\/\/alcaldiaalbertoadriani.com\/wp-content\/uploads\/2026\/04\/photo_5152214202914114608_y-480x270.jpg 480w\" sizes=\"auto, (min-width: 0px) and (max-width: 480px) 480px, (min-width: 481px) and (max-width: 980px) 980px, (min-width: 981px) 1024px, 100vw\" \/><\/figure>\n<\/figure>\n\n\n\n<p>Durante la jornada estuvo presente la junta directiva de FeriVig\u00eda, las candidatas representantes de todas las parroquias del municipio, as\u00ed como el jurado calificador, quienes fueron testigos de una velada llena de magia, cultura y talento local<\/p>\n\n\n\n<h2 class=\"wp-block-heading\"><strong><em>Origenes Presentes <\/em><\/strong><\/h2>\n\n\n\n<p>Bajo el t\u00edtulo \u201cLa Magia de mi Tierra\u201d, Eglis Nava evoc\u00f3 con elegancia y pasi\u00f3n que la verdadera magia de Venezuela radica en su asombrosa diversidad geogr\u00e1fica, su riqueza natural y la calidez de su gente, resaltando la grandeza de los inmensos llanos, las majestuosas monta\u00f1as andinas, las selvas exuberantes y el Caribe paradis\u00edaco. Su mensaje exalt\u00f3 a Venezuela como una tierra de energ\u00eda pura, donde la naturaleza se conecta profundamente con su pueblo a trav\u00e9s de sus campos, valles y tradiciones.<\/p>\n\n\n\n<p>El talento local tambi\u00e9n fue protagonista de la noche. Yorliana Contreras deleit\u00f3 al p\u00fablico con su contagioso repertorio vallenato; Kehibert Sulbar\u00e1n conquist\u00f3 corazones con una emotiva mezcla de m\u00fasica ranchera; mientras que un habitante invidente del sector sorprendi\u00f3 y emocion\u00f3 a todos con su extraordinaria voz, llev\u00e1ndose el reconocimiento y aplauso de los presentes.<\/p>\n\n\n\n<figure class=\"wp-block-gallery has-nested-images columns-default is-cropped wp-block-gallery-2 is-layout-flex wp-block-gallery-is-layout-flex\">\n<figure class=\"wp-block-image size-large\"><img loading=\"lazy\" decoding=\"async\" width=\"1024\" height=\"768\" data-id=\"16188\" src=\"https:\/\/alcaldiaalbertoadriani.com\/wp-content\/uploads\/2026\/04\/photo_5152214202914114602_y-1024x768.jpg\" alt=\"\" class=\"wp-image-16188\" srcset=\"https:\/\/alcaldiaalbertoadriani.com\/wp-content\/uploads\/2026\/04\/photo_5152214202914114602_y-1024x768.jpg 1024w, https:\/\/alcaldiaalbertoadriani.com\/wp-content\/uploads\/2026\/04\/photo_5152214202914114602_y-980x735.jpg 980w, https:\/\/alcaldiaalbertoadriani.com\/wp-content\/uploads\/2026\/04\/photo_5152214202914114602_y-480x360.jpg 480w\" sizes=\"auto, (min-width: 0px) and (max-width: 480px) 480px, (min-width: 481px) and (max-width: 980px) 980px, (min-width: 981px) 1024px, 100vw\" \/><\/figure>\n<\/figure>\n\n\n\n<p>Como ya es costumbre en estas festividades, la energ\u00eda y el espect\u00e1culo de Dans Lovers se hicieron sentir sobre el escenario, esta vez junto a Danzas Carlos Quevedo, ofreciendo presentaciones cargadas de ritmo, color y pasi\u00f3n art\u00edstica.<\/p>\n\n\n\n<p>Asimismo, la actividad cont\u00f3 con la destacada participaci\u00f3n de la Reina Cavisur 2025, Naybelin Montesinos, orgullosamente oriunda de Los Naranjos, as\u00ed como de la actual Reina de Turismo 2026 de las Ferias del Sol, Willmary Carrillo, quienes engalanaron a\u00fan m\u00e1s esta gran celebraci\u00f3n.<\/p>\n\n\n\n<figure class=\"wp-block-gallery has-nested-images columns-default is-cropped wp-block-gallery-3 is-layout-flex wp-block-gallery-is-layout-flex\">\n<figure class=\"wp-block-image size-large\"><img loading=\"lazy\" decoding=\"async\" width=\"768\" height=\"1024\" data-id=\"16189\" src=\"https:\/\/alcaldiaalbertoadriani.com\/wp-content\/uploads\/2026\/04\/photo_5152214202914114604_y-768x1024.jpg\" alt=\"\" class=\"wp-image-16189\" srcset=\"https:\/\/alcaldiaalbertoadriani.com\/wp-content\/uploads\/2026\/04\/photo_5152214202914114604_y-768x1024.jpg 768w, https:\/\/alcaldiaalbertoadriani.com\/wp-content\/uploads\/2026\/04\/photo_5152214202914114604_y-480x640.jpg 480w\" sizes=\"auto, (min-width: 0px) and (max-width: 480px) 480px, (min-width: 481px) 768px, 100vw\" \/><\/figure>\n<\/figure>\n\n\n\n<p>Con eventos como este, la Alcald\u00eda del Municipio Alberto Adriani y su alcalde <a href=\"https:\/\/www.instagram.com\/lisandrosegura02\/\">Lisandro Segura<\/a>, reafirma su compromiso con el impulso de las tradiciones, el fortalecimiento cultural y la promoci\u00f3n del talento de cada parroquia, consolidando a FeriVig\u00eda 2026 como una vitrina de orgullo, identidad y progreso para todos los vigienses. <strong><em>Prensa OIPI Tahiry Villalobos CNP 23.225\/ Foto OIPI Luis Dufflart<\/em><\/strong><\/p>\n\n\n\n<figure class=\"wp-block-gallery has-nested-images columns-default is-cropped wp-block-gallery-4 is-layout-flex wp-block-gallery-is-layout-flex\">\n<figure class=\"wp-block-image size-large\"><img loading=\"lazy\" decoding=\"async\" width=\"1024\" height=\"768\" data-id=\"16194\" src=\"https:\/\/alcaldiaalbertoadriani.com\/wp-content\/uploads\/2026\/04\/photo_5152214202914114609_y-1024x768.jpg\" alt=\"\" class=\"wp-image-16194\" srcset=\"https:\/\/alcaldiaalbertoadriani.com\/wp-content\/uploads\/2026\/04\/photo_5152214202914114609_y-1024x768.jpg 1024w, https:\/\/alcaldiaalbertoadriani.com\/wp-content\/uploads\/2026\/04\/photo_5152214202914114609_y-980x735.jpg 980w, https:\/\/alcaldiaalbertoadriani.com\/wp-content\/uploads\/2026\/04\/photo_5152214202914114609_y-480x360.jpg 480w\" sizes=\"auto, (min-width: 0px) and (max-width: 480px) 480px, (min-width: 481px) and (max-width: 980px) 980px, (min-width: 981px) 1024px, 100vw\" \/><\/figure>\n\n\n\n<figure class=\"wp-block-image size-large\"><img loading=\"lazy\" decoding=\"async\" width=\"768\" height=\"1024\" data-id=\"16193\" src=\"https:\/\/alcaldiaalbertoadriani.com\/wp-content\/uploads\/2026\/04\/photo_5152214202914114603_y-768x1024.jpg\" alt=\"\" class=\"wp-image-16193\" srcset=\"https:\/\/alcaldiaalbertoadriani.com\/wp-content\/uploads\/2026\/04\/photo_5152214202914114603_y-768x1024.jpg 768w, https:\/\/alcaldiaalbertoadriani.com\/wp-content\/uploads\/2026\/04\/photo_5152214202914114603_y-480x640.jpg 480w\" sizes=\"auto, (min-width: 0px) and (max-width: 480px) 480px, (min-width: 481px) 768px, 100vw\" \/><\/figure>\n\n\n\n<figure class=\"wp-block-image size-large\"><img loading=\"lazy\" decoding=\"async\" width=\"1024\" height=\"768\" data-id=\"16191\" src=\"https:\/\/alcaldiaalbertoadriani.com\/wp-content\/uploads\/2026\/04\/photo_5152214202914114605_y-1024x768.jpg\" alt=\"\" class=\"wp-image-16191\" srcset=\"https:\/\/alcaldiaalbertoadriani.com\/wp-content\/uploads\/2026\/04\/photo_5152214202914114605_y-1024x768.jpg 1024w, https:\/\/alcaldiaalbertoadriani.com\/wp-content\/uploads\/2026\/04\/photo_5152214202914114605_y-980x735.jpg 980w, https:\/\/alcaldiaalbertoadriani.com\/wp-content\/uploads\/2026\/04\/photo_5152214202914114605_y-480x360.jpg 480w\" sizes=\"auto, (min-width: 0px) and (max-width: 480px) 480px, (min-width: 481px) and (max-width: 980px) 980px, (min-width: 981px) 1024px, 100vw\" \/><\/figure>\n\n\n\n<figure class=\"wp-block-image size-large\"><img loading=\"lazy\" decoding=\"async\" width=\"1024\" height=\"768\" data-id=\"16192\" src=\"https:\/\/alcaldiaalbertoadriani.com\/wp-content\/uploads\/2026\/04\/photo_5152214202914114606_y-1024x768.jpg\" alt=\"\" class=\"wp-image-16192\" srcset=\"https:\/\/alcaldiaalbertoadriani.com\/wp-content\/uploads\/2026\/04\/photo_5152214202914114606_y-1024x768.jpg 1024w, https:\/\/alcaldiaalbertoadriani.com\/wp-content\/uploads\/2026\/04\/photo_5152214202914114606_y-980x735.jpg 980w, https:\/\/alcaldiaalbertoadriani.com\/wp-content\/uploads\/2026\/04\/photo_5152214202914114606_y-480x360.jpg 480w\" sizes=\"auto, (min-width: 0px) and (max-width: 480px) 480px, (min-width: 481px) and (max-width: 980px) 980px, (min-width: 981px) 1024px, 100vw\" \/><\/figure>\n\n\n\n<figure class=\"wp-block-image size-large\"><img loading=\"lazy\" decoding=\"async\" width=\"1024\" height=\"576\" data-id=\"16190\" src=\"https:\/\/alcaldiaalbertoadriani.com\/wp-content\/uploads\/2026\/04\/photo_5152214202914114607_y-1024x576.jpg\" alt=\"\" class=\"wp-image-16190\" srcset=\"https:\/\/alcaldiaalbertoadriani.com\/wp-content\/uploads\/2026\/04\/photo_5152214202914114607_y-1024x576.jpg 1024w, https:\/\/alcaldiaalbertoadriani.com\/wp-content\/uploads\/2026\/04\/photo_5152214202914114607_y-980x551.jpg 980w, https:\/\/alcaldiaalbertoadriani.com\/wp-content\/uploads\/2026\/04\/photo_5152214202914114607_y-480x270.jpg 480w\" sizes=\"auto, (min-width: 0px) and (max-width: 480px) 480px, (min-width: 481px) and (max-width: 980px) 980px, (min-width: 981px) 1024px, 100vw\" \/><\/figure>\n<\/figure>\n","protected":false},"excerpt":{"rendered":"<p>La Alcald\u00eda del Municipio Alberto Adriani, a trav\u00e9s de la Fundaci\u00f3n FeriVig\u00eda, contin\u00faa fortaleciendo el talento, la cultura y la identidad vigiense con el exitoso cierre de las esperadas veladas [&hellip;]<\/p>\n","protected":false},"author":2,"featured_media":16186,"comment_status":"open","ping_status":"closed","sticky":false,"template":"","format":"standard","meta":{"_et_pb_use_builder":"off","_et_pb_old_content":"","_et_gb_content_width":"","footnotes":""},"categories":[341,382,25],"tags":[31,11,12,15,761,30,29,28],"class_list":["post-16184","post","type-post","status-publish","format-standard","has-post-thumbnail","hentry","category-alcaldia-alberto-adriani","category-ferivigia","category-nuestro-municipio","tag-alcalde","tag-alcaldia","tag-alcaldiaalbertoadriani","tag-elvigia","tag-encrucijadadeprogreso","tag-lisandrosegura","tag-municipioquenosmerecemos","tag-porelrenacer"],"yoast_head":"<!-- This site is optimized with the Yoast SEO plugin v19.13 - https:\/\/yoast.com\/wordpress\/plugins\/seo\/ -->\n<title>Eglis Nava cerr\u00f3 con broche de oro las veladas nocturnas<\/title>\n<meta name=\"description\" content=\"Eglis Nava cerr\u00f3 con broche de oro las veladas nocturnas de FeriVig\u00eda 2026 la Calle Canta Rana de Los Naranjos fue el escenario perfecto\" \/>\n<meta name=\"robots\" content=\"index, follow, max-snippet:-1, max-image-preview:large, max-video-preview:-1\" \/>\n<link rel=\"canonical\" href=\"https:\/\/alcaldiaalbertoadriani.com\/?p=16184\" \/>\n<meta property=\"og:locale\" content=\"es_ES\" \/>\n<meta property=\"og:type\" content=\"article\" \/>\n<meta property=\"og:title\" content=\"Eglis Nava cerr\u00f3 con broche de oro las veladas nocturnas\" \/>\n<meta property=\"og:description\" content=\"Eglis Nava cerr\u00f3 con broche de oro las veladas nocturnas de FeriVig\u00eda 2026 la Calle Canta Rana de Los Naranjos fue el escenario perfecto\" \/>\n<meta property=\"og:url\" content=\"https:\/\/alcaldiaalbertoadriani.com\/?p=16184\" \/>\n<meta property=\"og:site_name\" content=\"Alcaldia Alberto Adriani\" \/>\n<meta property=\"article:published_time\" content=\"2026-04-28T14:31:17+00:00\" \/>\n<meta property=\"article:modified_time\" content=\"2026-04-28T14:31:25+00:00\" \/>\n<meta property=\"og:image\" content=\"https:\/\/alcaldiaalbertoadriani.com\/wp-content\/uploads\/2026\/04\/photo_5152214202914114601_y.jpg\" \/>\n\t<meta property=\"og:image:width\" content=\"1280\" \/>\n\t<meta property=\"og:image:height\" content=\"960\" \/>\n\t<meta property=\"og:image:type\" content=\"image\/jpeg\" \/>\n<meta name=\"author\" content=\"Prensa\" \/>\n<meta name=\"twitter:card\" content=\"summary_large_image\" \/>\n<meta name=\"twitter:label1\" content=\"Escrito por\" \/>\n\t<meta name=\"twitter:data1\" content=\"Prensa\" \/>\n\t<meta name=\"twitter:label2\" content=\"Tiempo de lectura\" \/>\n\t<meta name=\"twitter:data2\" content=\"4 minutos\" \/>\n<script type=\"application\/ld+json\" class=\"yoast-schema-graph\">{\"@context\":\"https:\/\/schema.org\",\"@graph\":[{\"@type\":\"WebPage\",\"@id\":\"https:\/\/alcaldiaalbertoadriani.com\/?p=16184\",\"url\":\"https:\/\/alcaldiaalbertoadriani.com\/?p=16184\",\"name\":\"Eglis Nava cerr\u00f3 con broche de oro las veladas nocturnas\",\"isPartOf\":{\"@id\":\"https:\/\/alcaldiaalbertoadriani.com\/#website\"},\"datePublished\":\"2026-04-28T14:31:17+00:00\",\"dateModified\":\"2026-04-28T14:31:25+00:00\",\"author\":{\"@id\":\"https:\/\/alcaldiaalbertoadriani.com\/#\/schema\/person\/549b4483ff8999ac780deeea78795fc9\"},\"description\":\"Eglis Nava cerr\u00f3 con broche de oro las veladas nocturnas de FeriVig\u00eda 2026 la Calle Canta Rana de Los Naranjos fue el escenario perfecto\",\"breadcrumb\":{\"@id\":\"https:\/\/alcaldiaalbertoadriani.com\/?p=16184#breadcrumb\"},\"inLanguage\":\"es\",\"potentialAction\":[{\"@type\":\"ReadAction\",\"target\":[\"https:\/\/alcaldiaalbertoadriani.com\/?p=16184\"]}]},{\"@type\":\"BreadcrumbList\",\"@id\":\"https:\/\/alcaldiaalbertoadriani.com\/?p=16184#breadcrumb\",\"itemListElement\":[{\"@type\":\"ListItem\",\"position\":1,\"name\":\"Portada\",\"item\":\"https:\/\/alcaldiaalbertoadriani.com\/\"},{\"@type\":\"ListItem\",\"position\":2,\"name\":\"Eglis Nava cerr\u00f3 con broche de oro las veladas nocturnas de FeriVig\u00eda 2026\"}]},{\"@type\":\"WebSite\",\"@id\":\"https:\/\/alcaldiaalbertoadriani.com\/#website\",\"url\":\"https:\/\/alcaldiaalbertoadriani.com\/\",\"name\":\"Alcaldia Alberto Adriani\",\"description\":\"\",\"potentialAction\":[{\"@type\":\"SearchAction\",\"target\":{\"@type\":\"EntryPoint\",\"urlTemplate\":\"https:\/\/alcaldiaalbertoadriani.com\/?s={search_term_string}\"},\"query-input\":\"required name=search_term_string\"}],\"inLanguage\":\"es\"},{\"@type\":\"Person\",\"@id\":\"https:\/\/alcaldiaalbertoadriani.com\/#\/schema\/person\/549b4483ff8999ac780deeea78795fc9\",\"name\":\"Prensa\",\"image\":{\"@type\":\"ImageObject\",\"inLanguage\":\"es\",\"@id\":\"https:\/\/alcaldiaalbertoadriani.com\/#\/schema\/person\/image\/\",\"url\":\"https:\/\/secure.gravatar.com\/avatar\/ea1cb567ea992a29627f4eee1c2eb185ec16decec6342d508fdf18dedb56c9de?s=96&d=mm&r=g\",\"contentUrl\":\"https:\/\/secure.gravatar.com\/avatar\/ea1cb567ea992a29627f4eee1c2eb185ec16decec6342d508fdf18dedb56c9de?s=96&d=mm&r=g\",\"caption\":\"Prensa\"},\"url\":\"https:\/\/alcaldiaalbertoadriani.com\/?author=2\"}]}<\/script>\n<!-- \/ Yoast SEO plugin. -->","yoast_head_json":{"title":"Eglis Nava cerr\u00f3 con broche de oro las veladas nocturnas","description":"Eglis Nava cerr\u00f3 con broche de oro las veladas nocturnas de FeriVig\u00eda 2026 la Calle Canta Rana de Los Naranjos fue el escenario perfecto","robots":{"index":"index","follow":"follow","max-snippet":"max-snippet:-1","max-image-preview":"max-image-preview:large","max-video-preview":"max-video-preview:-1"},"canonical":"https:\/\/alcaldiaalbertoadriani.com\/?p=16184","og_locale":"es_ES","og_type":"article","og_title":"Eglis Nava cerr\u00f3 con broche de oro las veladas nocturnas","og_description":"Eglis Nava cerr\u00f3 con broche de oro las veladas nocturnas de FeriVig\u00eda 2026 la Calle Canta Rana de Los Naranjos fue el escenario perfecto","og_url":"https:\/\/alcaldiaalbertoadriani.com\/?p=16184","og_site_name":"Alcaldia Alberto Adriani","article_published_time":"2026-04-28T14:31:17+00:00","article_modified_time":"2026-04-28T14:31:25+00:00","og_image":[{"width":1280,"height":960,"url":"https:\/\/alcaldiaalbertoadriani.com\/wp-content\/uploads\/2026\/04\/photo_5152214202914114601_y.jpg","type":"image\/jpeg"}],"author":"Prensa","twitter_card":"summary_large_image","twitter_misc":{"Escrito por":"Prensa","Tiempo de lectura":"4 minutos"},"schema":{"@context":"https:\/\/schema.org","@graph":[{"@type":"WebPage","@id":"https:\/\/alcaldiaalbertoadriani.com\/?p=16184","url":"https:\/\/alcaldiaalbertoadriani.com\/?p=16184","name":"Eglis Nava cerr\u00f3 con broche de oro las veladas nocturnas","isPartOf":{"@id":"https:\/\/alcaldiaalbertoadriani.com\/#website"},"datePublished":"2026-04-28T14:31:17+00:00","dateModified":"2026-04-28T14:31:25+00:00","author":{"@id":"https:\/\/alcaldiaalbertoadriani.com\/#\/schema\/person\/549b4483ff8999ac780deeea78795fc9"},"description":"Eglis Nava cerr\u00f3 con broche de oro las veladas nocturnas de FeriVig\u00eda 2026 la Calle Canta Rana de Los Naranjos fue el escenario perfecto","breadcrumb":{"@id":"https:\/\/alcaldiaalbertoadriani.com\/?p=16184#breadcrumb"},"inLanguage":"es","potentialAction":[{"@type":"ReadAction","target":["https:\/\/alcaldiaalbertoadriani.com\/?p=16184"]}]},{"@type":"BreadcrumbList","@id":"https:\/\/alcaldiaalbertoadriani.com\/?p=16184#breadcrumb","itemListElement":[{"@type":"ListItem","position":1,"name":"Portada","item":"https:\/\/alcaldiaalbertoadriani.com\/"},{"@type":"ListItem","position":2,"name":"Eglis Nava cerr\u00f3 con broche de oro las veladas nocturnas de FeriVig\u00eda 2026"}]},{"@type":"WebSite","@id":"https:\/\/alcaldiaalbertoadriani.com\/#website","url":"https:\/\/alcaldiaalbertoadriani.com\/","name":"Alcaldia Alberto Adriani","description":"","potentialAction":[{"@type":"SearchAction","target":{"@type":"EntryPoint","urlTemplate":"https:\/\/alcaldiaalbertoadriani.com\/?s={search_term_string}"},"query-input":"required name=search_term_string"}],"inLanguage":"es"},{"@type":"Person","@id":"https:\/\/alcaldiaalbertoadriani.com\/#\/schema\/person\/549b4483ff8999ac780deeea78795fc9","name":"Prensa","image":{"@type":"ImageObject","inLanguage":"es","@id":"https:\/\/alcaldiaalbertoadriani.com\/#\/schema\/person\/image\/","url":"https:\/\/secure.gravatar.com\/avatar\/ea1cb567ea992a29627f4eee1c2eb185ec16decec6342d508fdf18dedb56c9de?s=96&d=mm&r=g","contentUrl":"https:\/\/secure.gravatar.com\/avatar\/ea1cb567ea992a29627f4eee1c2eb185ec16decec6342d508fdf18dedb56c9de?s=96&d=mm&r=g","caption":"Prensa"},"url":"https:\/\/alcaldiaalbertoadriani.com\/?author=2"}]}},"_links":{"self":[{"href":"https:\/\/alcaldiaalbertoadriani.com\/index.php?rest_route=\/wp\/v2\/posts\/16184","targetHints":{"allow":["GET"]}}],"collection":[{"href":"https:\/\/alcaldiaalbertoadriani.com\/index.php?rest_route=\/wp\/v2\/posts"}],"about":[{"href":"https:\/\/alcaldiaalbertoadriani.com\/index.php?rest_route=\/wp\/v2\/types\/post"}],"author":[{"embeddable":true,"href":"https:\/\/alcaldiaalbertoadriani.com\/index.php?rest_route=\/wp\/v2\/users\/2"}],"replies":[{"embeddable":true,"href":"https:\/\/alcaldiaalbertoadriani.com\/index.php?rest_route=%2Fwp%2Fv2%2Fcomments&post=16184"}],"version-history":[{"count":1,"href":"https:\/\/alcaldiaalbertoadriani.com\/index.php?rest_route=\/wp\/v2\/posts\/16184\/revisions"}],"predecessor-version":[{"id":16195,"href":"https:\/\/alcaldiaalbertoadriani.com\/index.php?rest_route=\/wp\/v2\/posts\/16184\/revisions\/16195"}],"wp:featuredmedia":[{"embeddable":true,"href":"https:\/\/alcaldiaalbertoadriani.com\/index.php?rest_route=\/wp\/v2\/media\/16186"}],"wp:attachment":[{"href":"https:\/\/alcaldiaalbertoadriani.com\/index.php?rest_route=%2Fwp%2Fv2%2Fmedia&parent=16184"}],"wp:term":[{"taxonomy":"category","embeddable":true,"href":"https:\/\/alcaldiaalbertoadriani.com\/index.php?rest_route=%2Fwp%2Fv2%2Fcategories&post=16184"},{"taxonomy":"post_tag","embeddable":true,"href":"https:\/\/alcaldiaalbertoadriani.com\/index.php?rest_route=%2Fwp%2Fv2%2Ftags&post=16184"}],"curies":[{"name":"wp","href":"https:\/\/api.w.org\/{rel}","templated":true}]}}