{"id":16178,"date":"2026-04-28T14:14:18","date_gmt":"2026-04-28T14:14:18","guid":{"rendered":"https:\/\/alcaldiaalbertoadriani.com\/?p=16178"},"modified":"2026-04-28T14:14:31","modified_gmt":"2026-04-28T14:14:31","slug":"club-de-baloncesto-sobre-sillas-de-ruedase-paranacionales-2026","status":"publish","type":"post","link":"https:\/\/alcaldiaalbertoadriani.com\/?p=16178","title":{"rendered":"Club de Baloncesto sobre Sillas de Ruedas \u201cC\u00f3ndor de M\u00e9rida\u201d aseguraron su pase a los Paranacionales 2026"},"content":{"rendered":"\n<h2 class=\"wp-block-heading\"><strong><em>De los ochos clasificados, tres son de la Unidad Municipal para las Personas con Discapacidad<\/em><\/strong><\/h2>\n\n\n\n<p>Atletas del Club de Baloncesto sobre Sillas de Rueda \u201cC\u00f3ndor de M\u00e9rida\u201d del cual algunos de ellos forman parte de la Unidad Municipal para las Personas con Discapacidad (<a href=\"https:\/\/alcaldiaalbertoadriani.com\/?p=15452\">Umpdis<\/a>), adscrita a la gerencia de Desarrollo Social, clasificaron a los Juegos Paranacionales 2026.<\/p>\n\n\n\n<p>Al respecto, Anny Salcedo, gerente de Desarrollo Social, quien cumpliendo pol\u00edticas p\u00fablicas del alcalde <a href=\"https:\/\/www.instagram.com\/lisandrosegura02\/\">Lisandro Segura<\/a>, inform\u00f3 que fueron tres (3) los clasificados de la Umpdis y cinco (5), corresponden al mencionado club deportivo.<\/p>\n\n\n\n<figure class=\"wp-block-gallery has-nested-images columns-default is-cropped wp-block-gallery-1 is-layout-flex wp-block-gallery-is-layout-flex\">\n<figure class=\"wp-block-image size-large\"><img loading=\"lazy\" decoding=\"async\" width=\"1024\" height=\"768\" data-id=\"16181\" src=\"https:\/\/alcaldiaalbertoadriani.com\/wp-content\/uploads\/2026\/04\/photo_5152465329651911818_y-1024x768.jpg\" alt=\"\" class=\"wp-image-16181\" srcset=\"https:\/\/alcaldiaalbertoadriani.com\/wp-content\/uploads\/2026\/04\/photo_5152465329651911818_y-1024x768.jpg 1024w, https:\/\/alcaldiaalbertoadriani.com\/wp-content\/uploads\/2026\/04\/photo_5152465329651911818_y-980x735.jpg 980w, https:\/\/alcaldiaalbertoadriani.com\/wp-content\/uploads\/2026\/04\/photo_5152465329651911818_y-480x360.jpg 480w\" sizes=\"auto, (min-width: 0px) and (max-width: 480px) 480px, (min-width: 481px) and (max-width: 980px) 980px, (min-width: 981px) 1024px, 100vw\" \/><\/figure>\n<\/figure>\n\n\n\n<p>La informaci\u00f3n la dio a conocer la funcionaria este lunes 27 de abril desde la cancha deportiva de la Casa del Ni\u00f1o Trabajador \u201cDr. H\u00e9ctor Rodr\u00edguez Dugarte\u201d.<\/p>\n\n\n\n<h2 class=\"wp-block-heading\"><strong><em>Agradecimiento\u00a0<\/em><\/strong><\/h2>\n\n\n\n<p>Por su parte, Ra\u00fal Osorio, entrenador del equipo de baloncesto en menci\u00f3n, se mostr\u00f3 contento por el resultado obtenido y agradeci\u00f3 al alcalde <a href=\"https:\/\/www.instagram.com\/lisandrosegura02\/\">Lisandro Segura<\/a> por su constante apoyo.<\/p>\n\n\n\n<figure class=\"wp-block-gallery has-nested-images columns-default is-cropped wp-block-gallery-2 is-layout-flex wp-block-gallery-is-layout-flex\">\n<figure class=\"wp-block-image size-large\"><img loading=\"lazy\" decoding=\"async\" width=\"1024\" height=\"768\" data-id=\"16180\" src=\"https:\/\/alcaldiaalbertoadriani.com\/wp-content\/uploads\/2026\/04\/photo_5152465329651911819_y-1024x768.jpg\" alt=\"\" class=\"wp-image-16180\" srcset=\"https:\/\/alcaldiaalbertoadriani.com\/wp-content\/uploads\/2026\/04\/photo_5152465329651911819_y-1024x768.jpg 1024w, https:\/\/alcaldiaalbertoadriani.com\/wp-content\/uploads\/2026\/04\/photo_5152465329651911819_y-980x735.jpg 980w, https:\/\/alcaldiaalbertoadriani.com\/wp-content\/uploads\/2026\/04\/photo_5152465329651911819_y-480x360.jpg 480w\" sizes=\"auto, (min-width: 0px) and (max-width: 480px) 480px, (min-width: 481px) and (max-width: 980px) 980px, (min-width: 981px) 1024px, 100vw\" \/><\/figure>\n<\/figure>\n\n\n\n<p>\u201cLogramos el cupo a los IV Juegos Paranacionales Caracas 2026. No solo obtuvimos la clasificaci\u00f3n, sino que, por primera vez en la historia de M\u00e9rida, el equipo jugar\u00e1 en la Liga Nacional de primera categor\u00eda, dando un paso importante en el deporte adaptado del municipio Alberto Adriani\u201d, enfatiz\u00f3.<\/p>\n\n\n\n<p>Dijo que los clasificatorios, se desarrollaron en la ciudad de Valencia, estado Carabobo y estiman representar a la regi\u00f3n meride\u00f1a por todo lo alto mediante la obtenci\u00f3n de medallas.<\/p>\n\n\n\n<p>Finalmente, Ra\u00fal Osorio, agreg\u00f3 que un lapso de 15 d\u00edas, tendr\u00e1n una nueva participaci\u00f3n, especialmente en el Campeonato sobre Sillas de Ruedes 3*3 en la entidad valenciana.<strong><em> Prensa Alcald\u00eda OIPI\/Edgar Mendoza CNP 25.736\/Fotos: Karla M\u00e1rquez.<\/em><\/strong><\/p>\n","protected":false},"excerpt":{"rendered":"<p>De los ochos clasificados, tres son de la Unidad Municipal para las Personas con Discapacidad Atletas del Club de Baloncesto sobre Sillas de Rueda \u201cC\u00f3ndor de M\u00e9rida\u201d del cual algunos [&hellip;]<\/p>\n","protected":false},"author":2,"featured_media":16179,"comment_status":"open","ping_status":"closed","sticky":false,"template":"","format":"standard","meta":{"_et_pb_use_builder":"off","_et_pb_old_content":"","_et_gb_content_width":"","footnotes":""},"categories":[341,61,130,25,584],"tags":[31,11,12,15,761,30,29,28],"class_list":["post-16178","post","type-post","status-publish","format-standard","has-post-thumbnail","hentry","category-alcaldia-alberto-adriani","category-deportes","category-gmds","category-nuestro-municipio","category-umpdis","tag-alcalde","tag-alcaldia","tag-alcaldiaalbertoadriani","tag-elvigia","tag-encrucijadadeprogreso","tag-lisandrosegura","tag-municipioquenosmerecemos","tag-porelrenacer"],"yoast_head":"<!-- This site is optimized with the Yoast SEO plugin v19.13 - https:\/\/yoast.com\/wordpress\/plugins\/seo\/ -->\n<title>Club de Baloncesto sobre Sillas de Ruedase Paranacionales 2026<\/title>\n<meta name=\"description\" content=\"Club de Baloncesto sobre Sillas de Ruedas \u201cC\u00f3ndor de M\u00e9rida\u201d aseguraron su pase a los Paranacionales 2026 De los ochos clasificados\" \/>\n<meta name=\"robots\" content=\"index, follow, max-snippet:-1, max-image-preview:large, max-video-preview:-1\" \/>\n<link rel=\"canonical\" href=\"https:\/\/alcaldiaalbertoadriani.com\/?p=16178\" \/>\n<meta property=\"og:locale\" content=\"es_ES\" \/>\n<meta property=\"og:type\" content=\"article\" \/>\n<meta property=\"og:title\" content=\"Club de Baloncesto sobre Sillas de Ruedase Paranacionales 2026\" \/>\n<meta property=\"og:description\" content=\"Club de Baloncesto sobre Sillas de Ruedas \u201cC\u00f3ndor de M\u00e9rida\u201d aseguraron su pase a los Paranacionales 2026 De los ochos clasificados\" \/>\n<meta property=\"og:url\" content=\"https:\/\/alcaldiaalbertoadriani.com\/?p=16178\" \/>\n<meta property=\"og:site_name\" content=\"Alcaldia Alberto Adriani\" \/>\n<meta property=\"article:published_time\" content=\"2026-04-28T14:14:18+00:00\" \/>\n<meta property=\"article:modified_time\" content=\"2026-04-28T14:14:31+00:00\" \/>\n<meta property=\"og:image\" content=\"https:\/\/alcaldiaalbertoadriani.com\/wp-content\/uploads\/2026\/04\/photo_5152465329651911817_y.jpg\" \/>\n\t<meta property=\"og:image:width\" content=\"1280\" \/>\n\t<meta property=\"og:image:height\" content=\"960\" \/>\n\t<meta property=\"og:image:type\" content=\"image\/jpeg\" \/>\n<meta name=\"author\" content=\"Prensa\" \/>\n<meta name=\"twitter:card\" content=\"summary_large_image\" \/>\n<meta name=\"twitter:label1\" content=\"Escrito por\" \/>\n\t<meta name=\"twitter:data1\" content=\"Prensa\" \/>\n\t<meta name=\"twitter:label2\" content=\"Tiempo de lectura\" \/>\n\t<meta name=\"twitter:data2\" content=\"2 minutos\" \/>\n<script type=\"application\/ld+json\" class=\"yoast-schema-graph\">{\"@context\":\"https:\/\/schema.org\",\"@graph\":[{\"@type\":\"WebPage\",\"@id\":\"https:\/\/alcaldiaalbertoadriani.com\/?p=16178\",\"url\":\"https:\/\/alcaldiaalbertoadriani.com\/?p=16178\",\"name\":\"Club de Baloncesto sobre Sillas de Ruedase Paranacionales 2026\",\"isPartOf\":{\"@id\":\"https:\/\/alcaldiaalbertoadriani.com\/#website\"},\"datePublished\":\"2026-04-28T14:14:18+00:00\",\"dateModified\":\"2026-04-28T14:14:31+00:00\",\"author\":{\"@id\":\"https:\/\/alcaldiaalbertoadriani.com\/#\/schema\/person\/549b4483ff8999ac780deeea78795fc9\"},\"description\":\"Club de Baloncesto sobre Sillas de Ruedas \u201cC\u00f3ndor de M\u00e9rida\u201d aseguraron su pase a los Paranacionales 2026 De los ochos clasificados\",\"breadcrumb\":{\"@id\":\"https:\/\/alcaldiaalbertoadriani.com\/?p=16178#breadcrumb\"},\"inLanguage\":\"es\",\"potentialAction\":[{\"@type\":\"ReadAction\",\"target\":[\"https:\/\/alcaldiaalbertoadriani.com\/?p=16178\"]}]},{\"@type\":\"BreadcrumbList\",\"@id\":\"https:\/\/alcaldiaalbertoadriani.com\/?p=16178#breadcrumb\",\"itemListElement\":[{\"@type\":\"ListItem\",\"position\":1,\"name\":\"Portada\",\"item\":\"https:\/\/alcaldiaalbertoadriani.com\/\"},{\"@type\":\"ListItem\",\"position\":2,\"name\":\"Club de Baloncesto sobre Sillas de Ruedas \u201cC\u00f3ndor de M\u00e9rida\u201d aseguraron su pase a los Paranacionales 2026\"}]},{\"@type\":\"WebSite\",\"@id\":\"https:\/\/alcaldiaalbertoadriani.com\/#website\",\"url\":\"https:\/\/alcaldiaalbertoadriani.com\/\",\"name\":\"Alcaldia Alberto Adriani\",\"description\":\"\",\"potentialAction\":[{\"@type\":\"SearchAction\",\"target\":{\"@type\":\"EntryPoint\",\"urlTemplate\":\"https:\/\/alcaldiaalbertoadriani.com\/?s={search_term_string}\"},\"query-input\":\"required name=search_term_string\"}],\"inLanguage\":\"es\"},{\"@type\":\"Person\",\"@id\":\"https:\/\/alcaldiaalbertoadriani.com\/#\/schema\/person\/549b4483ff8999ac780deeea78795fc9\",\"name\":\"Prensa\",\"image\":{\"@type\":\"ImageObject\",\"inLanguage\":\"es\",\"@id\":\"https:\/\/alcaldiaalbertoadriani.com\/#\/schema\/person\/image\/\",\"url\":\"https:\/\/secure.gravatar.com\/avatar\/ea1cb567ea992a29627f4eee1c2eb185ec16decec6342d508fdf18dedb56c9de?s=96&d=mm&r=g\",\"contentUrl\":\"https:\/\/secure.gravatar.com\/avatar\/ea1cb567ea992a29627f4eee1c2eb185ec16decec6342d508fdf18dedb56c9de?s=96&d=mm&r=g\",\"caption\":\"Prensa\"},\"url\":\"https:\/\/alcaldiaalbertoadriani.com\/?author=2\"}]}<\/script>\n<!-- \/ Yoast SEO plugin. -->","yoast_head_json":{"title":"Club de Baloncesto sobre Sillas de Ruedase Paranacionales 2026","description":"Club de Baloncesto sobre Sillas de Ruedas \u201cC\u00f3ndor de M\u00e9rida\u201d aseguraron su pase a los Paranacionales 2026 De los ochos clasificados","robots":{"index":"index","follow":"follow","max-snippet":"max-snippet:-1","max-image-preview":"max-image-preview:large","max-video-preview":"max-video-preview:-1"},"canonical":"https:\/\/alcaldiaalbertoadriani.com\/?p=16178","og_locale":"es_ES","og_type":"article","og_title":"Club de Baloncesto sobre Sillas de Ruedase Paranacionales 2026","og_description":"Club de Baloncesto sobre Sillas de Ruedas \u201cC\u00f3ndor de M\u00e9rida\u201d aseguraron su pase a los Paranacionales 2026 De los ochos clasificados","og_url":"https:\/\/alcaldiaalbertoadriani.com\/?p=16178","og_site_name":"Alcaldia Alberto Adriani","article_published_time":"2026-04-28T14:14:18+00:00","article_modified_time":"2026-04-28T14:14:31+00:00","og_image":[{"width":1280,"height":960,"url":"https:\/\/alcaldiaalbertoadriani.com\/wp-content\/uploads\/2026\/04\/photo_5152465329651911817_y.jpg","type":"image\/jpeg"}],"author":"Prensa","twitter_card":"summary_large_image","twitter_misc":{"Escrito por":"Prensa","Tiempo de lectura":"2 minutos"},"schema":{"@context":"https:\/\/schema.org","@graph":[{"@type":"WebPage","@id":"https:\/\/alcaldiaalbertoadriani.com\/?p=16178","url":"https:\/\/alcaldiaalbertoadriani.com\/?p=16178","name":"Club de Baloncesto sobre Sillas de Ruedase Paranacionales 2026","isPartOf":{"@id":"https:\/\/alcaldiaalbertoadriani.com\/#website"},"datePublished":"2026-04-28T14:14:18+00:00","dateModified":"2026-04-28T14:14:31+00:00","author":{"@id":"https:\/\/alcaldiaalbertoadriani.com\/#\/schema\/person\/549b4483ff8999ac780deeea78795fc9"},"description":"Club de Baloncesto sobre Sillas de Ruedas \u201cC\u00f3ndor de M\u00e9rida\u201d aseguraron su pase a los Paranacionales 2026 De los ochos clasificados","breadcrumb":{"@id":"https:\/\/alcaldiaalbertoadriani.com\/?p=16178#breadcrumb"},"inLanguage":"es","potentialAction":[{"@type":"ReadAction","target":["https:\/\/alcaldiaalbertoadriani.com\/?p=16178"]}]},{"@type":"BreadcrumbList","@id":"https:\/\/alcaldiaalbertoadriani.com\/?p=16178#breadcrumb","itemListElement":[{"@type":"ListItem","position":1,"name":"Portada","item":"https:\/\/alcaldiaalbertoadriani.com\/"},{"@type":"ListItem","position":2,"name":"Club de Baloncesto sobre Sillas de Ruedas \u201cC\u00f3ndor de M\u00e9rida\u201d aseguraron su pase a los Paranacionales 2026"}]},{"@type":"WebSite","@id":"https:\/\/alcaldiaalbertoadriani.com\/#website","url":"https:\/\/alcaldiaalbertoadriani.com\/","name":"Alcaldia Alberto Adriani","description":"","potentialAction":[{"@type":"SearchAction","target":{"@type":"EntryPoint","urlTemplate":"https:\/\/alcaldiaalbertoadriani.com\/?s={search_term_string}"},"query-input":"required name=search_term_string"}],"inLanguage":"es"},{"@type":"Person","@id":"https:\/\/alcaldiaalbertoadriani.com\/#\/schema\/person\/549b4483ff8999ac780deeea78795fc9","name":"Prensa","image":{"@type":"ImageObject","inLanguage":"es","@id":"https:\/\/alcaldiaalbertoadriani.com\/#\/schema\/person\/image\/","url":"https:\/\/secure.gravatar.com\/avatar\/ea1cb567ea992a29627f4eee1c2eb185ec16decec6342d508fdf18dedb56c9de?s=96&d=mm&r=g","contentUrl":"https:\/\/secure.gravatar.com\/avatar\/ea1cb567ea992a29627f4eee1c2eb185ec16decec6342d508fdf18dedb56c9de?s=96&d=mm&r=g","caption":"Prensa"},"url":"https:\/\/alcaldiaalbertoadriani.com\/?author=2"}]}},"_links":{"self":[{"href":"https:\/\/alcaldiaalbertoadriani.com\/index.php?rest_route=\/wp\/v2\/posts\/16178","targetHints":{"allow":["GET"]}}],"collection":[{"href":"https:\/\/alcaldiaalbertoadriani.com\/index.php?rest_route=\/wp\/v2\/posts"}],"about":[{"href":"https:\/\/alcaldiaalbertoadriani.com\/index.php?rest_route=\/wp\/v2\/types\/post"}],"author":[{"embeddable":true,"href":"https:\/\/alcaldiaalbertoadriani.com\/index.php?rest_route=\/wp\/v2\/users\/2"}],"replies":[{"embeddable":true,"href":"https:\/\/alcaldiaalbertoadriani.com\/index.php?rest_route=%2Fwp%2Fv2%2Fcomments&post=16178"}],"version-history":[{"count":1,"href":"https:\/\/alcaldiaalbertoadriani.com\/index.php?rest_route=\/wp\/v2\/posts\/16178\/revisions"}],"predecessor-version":[{"id":16182,"href":"https:\/\/alcaldiaalbertoadriani.com\/index.php?rest_route=\/wp\/v2\/posts\/16178\/revisions\/16182"}],"wp:featuredmedia":[{"embeddable":true,"href":"https:\/\/alcaldiaalbertoadriani.com\/index.php?rest_route=\/wp\/v2\/media\/16179"}],"wp:attachment":[{"href":"https:\/\/alcaldiaalbertoadriani.com\/index.php?rest_route=%2Fwp%2Fv2%2Fmedia&parent=16178"}],"wp:term":[{"taxonomy":"category","embeddable":true,"href":"https:\/\/alcaldiaalbertoadriani.com\/index.php?rest_route=%2Fwp%2Fv2%2Fcategories&post=16178"},{"taxonomy":"post_tag","embeddable":true,"href":"https:\/\/alcaldiaalbertoadriani.com\/index.php?rest_route=%2Fwp%2Fv2%2Ftags&post=16178"}],"curies":[{"name":"wp","href":"https:\/\/api.w.org\/{rel}","templated":true}]}}