{"id":16159,"date":"2026-04-28T13:50:37","date_gmt":"2026-04-28T13:50:37","guid":{"rendered":"https:\/\/alcaldiaalbertoadriani.com\/?p=16159"},"modified":"2026-04-28T13:50:48","modified_gmt":"2026-04-28T13:50:48","slug":"alcalde-lisandro-segura-desplego-maquinaria-para-atender","status":"publish","type":"post","link":"https:\/\/alcaldiaalbertoadriani.com\/?p=16159","title":{"rendered":"Alcalde Lisandro Segura despleg\u00f3 maquinaria para atender afectaciones por lluvias en H\u00e9ctor Amable Mora"},"content":{"rendered":"\n<h2 class=\"wp-block-heading\"><strong><em>La inspecci\u00f3n t\u00e9cnica cont\u00f3 con profesionales de ingenier\u00eda<\/em><\/strong><\/h2>\n\n\n\n<p>Este s\u00e1bado, el alcalde <a href=\"https:\/\/www.instagram.com\/lisandrosegura02\/\">Lisandro Segura<\/a> realiz\u00f3 un recorrido por diversas comunidades de la <a href=\"https:\/\/alcaldiaalbertoadriani.com\/?p=13712\">parroquia H\u00e9ctor Amable Mora<\/a> del municipio Alberto Adriani, para atender las afectaciones causadas por las recientes lluvias.\u00a0<\/p>\n\n\n\n<p>Durante la inspecci\u00f3n, estuvo acompa\u00f1ado por Minerva Mora, gerente de Ingenier\u00eda y Planeamiento Urbano Local \u2013<a href=\"https:\/\/alcaldiaalbertoadriani.com\/?p=15934\">Gipul<\/a>-, y el concejal Evaristo Contreras.<\/p>\n\n\n\n<figure class=\"wp-block-gallery has-nested-images columns-default is-cropped wp-block-gallery-1 is-layout-flex wp-block-gallery-is-layout-flex\">\n<figure class=\"wp-block-image size-large\"><img loading=\"lazy\" decoding=\"async\" width=\"1024\" height=\"768\" data-id=\"16161\" src=\"https:\/\/alcaldiaalbertoadriani.com\/wp-content\/uploads\/2026\/04\/photo_5148105190522162162_w-1024x768.jpg\" alt=\"\" class=\"wp-image-16161\" srcset=\"https:\/\/alcaldiaalbertoadriani.com\/wp-content\/uploads\/2026\/04\/photo_5148105190522162162_w-980x735.jpg 980w, https:\/\/alcaldiaalbertoadriani.com\/wp-content\/uploads\/2026\/04\/photo_5148105190522162162_w-480x360.jpg 480w\" sizes=\"auto, (min-width: 0px) and (max-width: 480px) 480px, (min-width: 481px) and (max-width: 980px) 980px, (min-width: 981px) 1024px, 100vw\" \/><\/figure>\n<\/figure>\n\n\n\n<p>La primera visita, la realiz\u00f3 en Ca\u00f1o Balza, donde envi\u00f3 un jumbo para los trabajos de canalizaci\u00f3n del r\u00edo, con el fin de restaurar su cauce natural.<\/p>\n\n\n\n<p>La segunda visita, correspondi\u00f3 en Ca\u00f1o Caim\u00e1n Parte Alta, donde se reportaron dos derrumbes que obstruyeron el paso vehicular, por lo que, el alcalde tambi\u00e9n gestion\u00f3 maquinaria pesada para atender la situaci\u00f3n.<\/p>\n\n\n\n<figure class=\"wp-block-gallery has-nested-images columns-default is-cropped wp-block-gallery-2 is-layout-flex wp-block-gallery-is-layout-flex\">\n<figure class=\"wp-block-image size-large\"><img loading=\"lazy\" decoding=\"async\" width=\"1024\" height=\"768\" data-id=\"16162\" src=\"https:\/\/alcaldiaalbertoadriani.com\/wp-content\/uploads\/2026\/04\/photo_5148105190522162163_y-1024x768.jpg\" alt=\"\" class=\"wp-image-16162\" srcset=\"https:\/\/alcaldiaalbertoadriani.com\/wp-content\/uploads\/2026\/04\/photo_5148105190522162163_y-1024x768.jpg 1024w, https:\/\/alcaldiaalbertoadriani.com\/wp-content\/uploads\/2026\/04\/photo_5148105190522162163_y-980x735.jpg 980w, https:\/\/alcaldiaalbertoadriani.com\/wp-content\/uploads\/2026\/04\/photo_5148105190522162163_y-480x360.jpg 480w\" sizes=\"auto, (min-width: 0px) and (max-width: 480px) 480px, (min-width: 481px) and (max-width: 980px) 980px, (min-width: 981px) 1024px, 100vw\" \/><\/figure>\n<\/figure>\n\n\n\n<p>Importante destacar que la misma comunidad construye un colector de aguas servidas de 384 metros lineales. Por tal raz\u00f3n, Segura se comprometi\u00f3 con los habitantes a ayudarles en la obra mediante el env\u00edo de 175 metros c\u00fabicos aproximadamente de material granular (arena).<\/p>\n\n\n\n<p>Asimismo, indic\u00f3 que aportar\u00e1 cinco bocas de visita con tapas para el proyecto, junto con la asesor\u00eda t\u00e9cnica necesaria para su culminaci\u00f3n. &#8220;De igual manera, suministraremos los materiales para la reparaci\u00f3n de un transformador el\u00e9ctrico&#8221;, lo cual beneficiar\u00e1 a 28 familias.<\/p>\n\n\n\n<p>La tercera visita, tuvo lugar en Ca\u00f1o Caim\u00e1n parte Baja, donde se requiere la limpieza de bocas de visita y la canalizaci\u00f3n del afluente.<\/p>\n\n\n\n<p>La cuarta y \u00faltima visita, sucedi\u00f3 en Mesa Baja, donde tambi\u00e9n ingres\u00f3 maquinaria pesada para la limpieza de cunetas y el despeje de la vialidad. <strong><em>Prensa Alcald\u00eda OIPI: Edgar Mendoza CNP: 25.736\/Fotos: Luis Dufflart y Rub\u00e9n Ramos.<\/em><\/strong><\/p>\n\n\n\n<figure class=\"wp-block-gallery has-nested-images columns-default is-cropped wp-block-gallery-3 is-layout-flex wp-block-gallery-is-layout-flex\">\n<figure class=\"wp-block-image size-large\"><img loading=\"lazy\" decoding=\"async\" width=\"1024\" height=\"768\" data-id=\"16163\" src=\"https:\/\/alcaldiaalbertoadriani.com\/wp-content\/uploads\/2026\/04\/photo_5148105190522162161_w-1024x768.jpg\" alt=\"\" class=\"wp-image-16163\" srcset=\"https:\/\/alcaldiaalbertoadriani.com\/wp-content\/uploads\/2026\/04\/photo_5148105190522162161_w-980x735.jpg 980w, https:\/\/alcaldiaalbertoadriani.com\/wp-content\/uploads\/2026\/04\/photo_5148105190522162161_w-480x360.jpg 480w\" sizes=\"auto, (min-width: 0px) and (max-width: 480px) 480px, (min-width: 481px) and (max-width: 980px) 980px, (min-width: 981px) 1024px, 100vw\" \/><\/figure>\n\n\n\n<figure class=\"wp-block-image size-large\"><img loading=\"lazy\" decoding=\"async\" width=\"1024\" height=\"768\" data-id=\"16164\" src=\"https:\/\/alcaldiaalbertoadriani.com\/wp-content\/uploads\/2026\/04\/photo_5148105190522162164_w-1024x768.jpg\" alt=\"\" class=\"wp-image-16164\" srcset=\"https:\/\/alcaldiaalbertoadriani.com\/wp-content\/uploads\/2026\/04\/photo_5148105190522162164_w-980x735.jpg 980w, https:\/\/alcaldiaalbertoadriani.com\/wp-content\/uploads\/2026\/04\/photo_5148105190522162164_w-480x360.jpg 480w\" sizes=\"auto, (min-width: 0px) and (max-width: 480px) 480px, (min-width: 481px) and (max-width: 980px) 980px, (min-width: 981px) 1024px, 100vw\" \/><\/figure>\n\n\n\n<figure class=\"wp-block-image size-large\"><img loading=\"lazy\" decoding=\"async\" width=\"1024\" height=\"768\" data-id=\"16166\" src=\"https:\/\/alcaldiaalbertoadriani.com\/wp-content\/uploads\/2026\/04\/photo_5148105190522162165_w-1024x768.jpg\" alt=\"\" class=\"wp-image-16166\" srcset=\"https:\/\/alcaldiaalbertoadriani.com\/wp-content\/uploads\/2026\/04\/photo_5148105190522162165_w-980x735.jpg 980w, https:\/\/alcaldiaalbertoadriani.com\/wp-content\/uploads\/2026\/04\/photo_5148105190522162165_w-480x360.jpg 480w\" sizes=\"auto, (min-width: 0px) and (max-width: 480px) 480px, (min-width: 481px) and (max-width: 980px) 980px, (min-width: 981px) 1024px, 100vw\" \/><\/figure>\n\n\n\n<figure class=\"wp-block-image size-large\"><img loading=\"lazy\" decoding=\"async\" width=\"1024\" height=\"768\" data-id=\"16165\" src=\"https:\/\/alcaldiaalbertoadriani.com\/wp-content\/uploads\/2026\/04\/photo_5148105190522162166_w-1024x768.jpg\" alt=\"\" class=\"wp-image-16165\" srcset=\"https:\/\/alcaldiaalbertoadriani.com\/wp-content\/uploads\/2026\/04\/photo_5148105190522162166_w-980x735.jpg 980w, https:\/\/alcaldiaalbertoadriani.com\/wp-content\/uploads\/2026\/04\/photo_5148105190522162166_w-480x360.jpg 480w\" sizes=\"auto, (min-width: 0px) and (max-width: 480px) 480px, (min-width: 481px) and (max-width: 980px) 980px, (min-width: 981px) 1024px, 100vw\" \/><\/figure>\n<\/figure>\n","protected":false},"excerpt":{"rendered":"<p>La inspecci\u00f3n t\u00e9cnica cont\u00f3 con profesionales de ingenier\u00eda Este s\u00e1bado, el alcalde Lisandro Segura realiz\u00f3 un recorrido por diversas comunidades de la parroquia H\u00e9ctor Amable Mora del municipio Alberto Adriani, [&hellip;]<\/p>\n","protected":false},"author":2,"featured_media":16160,"comment_status":"open","ping_status":"closed","sticky":false,"template":"","format":"standard","meta":{"_et_pb_use_builder":"off","_et_pb_old_content":"","_et_gb_content_width":"","footnotes":""},"categories":[341,197,25],"tags":[31,11,12,15,761,30,29,28],"class_list":["post-16159","post","type-post","status-publish","format-standard","has-post-thumbnail","hentry","category-alcaldia-alberto-adriani","category-gipul","category-nuestro-municipio","tag-alcalde","tag-alcaldia","tag-alcaldiaalbertoadriani","tag-elvigia","tag-encrucijadadeprogreso","tag-lisandrosegura","tag-municipioquenosmerecemos","tag-porelrenacer"],"yoast_head":"<!-- This site is optimized with the Yoast SEO plugin v19.13 - https:\/\/yoast.com\/wordpress\/plugins\/seo\/ -->\n<title>Alcalde Lisandro Segura despleg\u00f3 maquinaria para atender<\/title>\n<meta name=\"description\" content=\"Alcalde Lisandro Segura despleg\u00f3 maquinaria para atender afectaciones por lluvias en H\u00e9ctor Amable Mora parroquia Hector Amable Mora\" \/>\n<meta name=\"robots\" content=\"index, follow, max-snippet:-1, max-image-preview:large, max-video-preview:-1\" \/>\n<link rel=\"canonical\" href=\"https:\/\/alcaldiaalbertoadriani.com\/?p=16159\" \/>\n<meta property=\"og:locale\" content=\"es_ES\" \/>\n<meta property=\"og:type\" content=\"article\" \/>\n<meta property=\"og:title\" content=\"Alcalde Lisandro Segura despleg\u00f3 maquinaria para atender\" \/>\n<meta property=\"og:description\" content=\"Alcalde Lisandro Segura despleg\u00f3 maquinaria para atender afectaciones por lluvias en H\u00e9ctor Amable Mora parroquia Hector Amable Mora\" \/>\n<meta property=\"og:url\" content=\"https:\/\/alcaldiaalbertoadriani.com\/?p=16159\" \/>\n<meta property=\"og:site_name\" content=\"Alcaldia Alberto Adriani\" \/>\n<meta property=\"article:published_time\" content=\"2026-04-28T13:50:37+00:00\" \/>\n<meta property=\"article:modified_time\" content=\"2026-04-28T13:50:48+00:00\" \/>\n<meta property=\"og:image\" content=\"https:\/\/alcaldiaalbertoadriani.com\/wp-content\/uploads\/2026\/04\/photo_5148105190522162160_w.jpg\" \/>\n\t<meta property=\"og:image:width\" content=\"2560\" \/>\n\t<meta property=\"og:image:height\" content=\"1920\" \/>\n\t<meta property=\"og:image:type\" content=\"image\/jpeg\" \/>\n<meta name=\"author\" content=\"Prensa\" \/>\n<meta name=\"twitter:card\" content=\"summary_large_image\" \/>\n<meta name=\"twitter:label1\" content=\"Escrito por\" \/>\n\t<meta name=\"twitter:data1\" content=\"Prensa\" \/>\n\t<meta name=\"twitter:label2\" content=\"Tiempo de lectura\" \/>\n\t<meta name=\"twitter:data2\" content=\"3 minutos\" \/>\n<script type=\"application\/ld+json\" class=\"yoast-schema-graph\">{\"@context\":\"https:\/\/schema.org\",\"@graph\":[{\"@type\":\"WebPage\",\"@id\":\"https:\/\/alcaldiaalbertoadriani.com\/?p=16159\",\"url\":\"https:\/\/alcaldiaalbertoadriani.com\/?p=16159\",\"name\":\"Alcalde Lisandro Segura despleg\u00f3 maquinaria para atender\",\"isPartOf\":{\"@id\":\"https:\/\/alcaldiaalbertoadriani.com\/#website\"},\"datePublished\":\"2026-04-28T13:50:37+00:00\",\"dateModified\":\"2026-04-28T13:50:48+00:00\",\"author\":{\"@id\":\"https:\/\/alcaldiaalbertoadriani.com\/#\/schema\/person\/549b4483ff8999ac780deeea78795fc9\"},\"description\":\"Alcalde Lisandro Segura despleg\u00f3 maquinaria para atender afectaciones por lluvias en H\u00e9ctor Amable Mora parroquia Hector Amable Mora\",\"breadcrumb\":{\"@id\":\"https:\/\/alcaldiaalbertoadriani.com\/?p=16159#breadcrumb\"},\"inLanguage\":\"es\",\"potentialAction\":[{\"@type\":\"ReadAction\",\"target\":[\"https:\/\/alcaldiaalbertoadriani.com\/?p=16159\"]}]},{\"@type\":\"BreadcrumbList\",\"@id\":\"https:\/\/alcaldiaalbertoadriani.com\/?p=16159#breadcrumb\",\"itemListElement\":[{\"@type\":\"ListItem\",\"position\":1,\"name\":\"Portada\",\"item\":\"https:\/\/alcaldiaalbertoadriani.com\/\"},{\"@type\":\"ListItem\",\"position\":2,\"name\":\"Alcalde Lisandro Segura despleg\u00f3 maquinaria para atender afectaciones por lluvias en H\u00e9ctor Amable Mora\"}]},{\"@type\":\"WebSite\",\"@id\":\"https:\/\/alcaldiaalbertoadriani.com\/#website\",\"url\":\"https:\/\/alcaldiaalbertoadriani.com\/\",\"name\":\"Alcaldia Alberto Adriani\",\"description\":\"\",\"potentialAction\":[{\"@type\":\"SearchAction\",\"target\":{\"@type\":\"EntryPoint\",\"urlTemplate\":\"https:\/\/alcaldiaalbertoadriani.com\/?s={search_term_string}\"},\"query-input\":\"required name=search_term_string\"}],\"inLanguage\":\"es\"},{\"@type\":\"Person\",\"@id\":\"https:\/\/alcaldiaalbertoadriani.com\/#\/schema\/person\/549b4483ff8999ac780deeea78795fc9\",\"name\":\"Prensa\",\"image\":{\"@type\":\"ImageObject\",\"inLanguage\":\"es\",\"@id\":\"https:\/\/alcaldiaalbertoadriani.com\/#\/schema\/person\/image\/\",\"url\":\"https:\/\/secure.gravatar.com\/avatar\/ea1cb567ea992a29627f4eee1c2eb185ec16decec6342d508fdf18dedb56c9de?s=96&d=mm&r=g\",\"contentUrl\":\"https:\/\/secure.gravatar.com\/avatar\/ea1cb567ea992a29627f4eee1c2eb185ec16decec6342d508fdf18dedb56c9de?s=96&d=mm&r=g\",\"caption\":\"Prensa\"},\"url\":\"https:\/\/alcaldiaalbertoadriani.com\/?author=2\"}]}<\/script>\n<!-- \/ Yoast SEO plugin. -->","yoast_head_json":{"title":"Alcalde Lisandro Segura despleg\u00f3 maquinaria para atender","description":"Alcalde Lisandro Segura despleg\u00f3 maquinaria para atender afectaciones por lluvias en H\u00e9ctor Amable Mora parroquia Hector Amable Mora","robots":{"index":"index","follow":"follow","max-snippet":"max-snippet:-1","max-image-preview":"max-image-preview:large","max-video-preview":"max-video-preview:-1"},"canonical":"https:\/\/alcaldiaalbertoadriani.com\/?p=16159","og_locale":"es_ES","og_type":"article","og_title":"Alcalde Lisandro Segura despleg\u00f3 maquinaria para atender","og_description":"Alcalde Lisandro Segura despleg\u00f3 maquinaria para atender afectaciones por lluvias en H\u00e9ctor Amable Mora parroquia Hector Amable Mora","og_url":"https:\/\/alcaldiaalbertoadriani.com\/?p=16159","og_site_name":"Alcaldia Alberto Adriani","article_published_time":"2026-04-28T13:50:37+00:00","article_modified_time":"2026-04-28T13:50:48+00:00","og_image":[{"width":2560,"height":1920,"url":"https:\/\/alcaldiaalbertoadriani.com\/wp-content\/uploads\/2026\/04\/photo_5148105190522162160_w.jpg","type":"image\/jpeg"}],"author":"Prensa","twitter_card":"summary_large_image","twitter_misc":{"Escrito por":"Prensa","Tiempo de lectura":"3 minutos"},"schema":{"@context":"https:\/\/schema.org","@graph":[{"@type":"WebPage","@id":"https:\/\/alcaldiaalbertoadriani.com\/?p=16159","url":"https:\/\/alcaldiaalbertoadriani.com\/?p=16159","name":"Alcalde Lisandro Segura despleg\u00f3 maquinaria para atender","isPartOf":{"@id":"https:\/\/alcaldiaalbertoadriani.com\/#website"},"datePublished":"2026-04-28T13:50:37+00:00","dateModified":"2026-04-28T13:50:48+00:00","author":{"@id":"https:\/\/alcaldiaalbertoadriani.com\/#\/schema\/person\/549b4483ff8999ac780deeea78795fc9"},"description":"Alcalde Lisandro Segura despleg\u00f3 maquinaria para atender afectaciones por lluvias en H\u00e9ctor Amable Mora parroquia Hector Amable Mora","breadcrumb":{"@id":"https:\/\/alcaldiaalbertoadriani.com\/?p=16159#breadcrumb"},"inLanguage":"es","potentialAction":[{"@type":"ReadAction","target":["https:\/\/alcaldiaalbertoadriani.com\/?p=16159"]}]},{"@type":"BreadcrumbList","@id":"https:\/\/alcaldiaalbertoadriani.com\/?p=16159#breadcrumb","itemListElement":[{"@type":"ListItem","position":1,"name":"Portada","item":"https:\/\/alcaldiaalbertoadriani.com\/"},{"@type":"ListItem","position":2,"name":"Alcalde Lisandro Segura despleg\u00f3 maquinaria para atender afectaciones por lluvias en H\u00e9ctor Amable Mora"}]},{"@type":"WebSite","@id":"https:\/\/alcaldiaalbertoadriani.com\/#website","url":"https:\/\/alcaldiaalbertoadriani.com\/","name":"Alcaldia Alberto Adriani","description":"","potentialAction":[{"@type":"SearchAction","target":{"@type":"EntryPoint","urlTemplate":"https:\/\/alcaldiaalbertoadriani.com\/?s={search_term_string}"},"query-input":"required name=search_term_string"}],"inLanguage":"es"},{"@type":"Person","@id":"https:\/\/alcaldiaalbertoadriani.com\/#\/schema\/person\/549b4483ff8999ac780deeea78795fc9","name":"Prensa","image":{"@type":"ImageObject","inLanguage":"es","@id":"https:\/\/alcaldiaalbertoadriani.com\/#\/schema\/person\/image\/","url":"https:\/\/secure.gravatar.com\/avatar\/ea1cb567ea992a29627f4eee1c2eb185ec16decec6342d508fdf18dedb56c9de?s=96&d=mm&r=g","contentUrl":"https:\/\/secure.gravatar.com\/avatar\/ea1cb567ea992a29627f4eee1c2eb185ec16decec6342d508fdf18dedb56c9de?s=96&d=mm&r=g","caption":"Prensa"},"url":"https:\/\/alcaldiaalbertoadriani.com\/?author=2"}]}},"_links":{"self":[{"href":"https:\/\/alcaldiaalbertoadriani.com\/index.php?rest_route=\/wp\/v2\/posts\/16159","targetHints":{"allow":["GET"]}}],"collection":[{"href":"https:\/\/alcaldiaalbertoadriani.com\/index.php?rest_route=\/wp\/v2\/posts"}],"about":[{"href":"https:\/\/alcaldiaalbertoadriani.com\/index.php?rest_route=\/wp\/v2\/types\/post"}],"author":[{"embeddable":true,"href":"https:\/\/alcaldiaalbertoadriani.com\/index.php?rest_route=\/wp\/v2\/users\/2"}],"replies":[{"embeddable":true,"href":"https:\/\/alcaldiaalbertoadriani.com\/index.php?rest_route=%2Fwp%2Fv2%2Fcomments&post=16159"}],"version-history":[{"count":1,"href":"https:\/\/alcaldiaalbertoadriani.com\/index.php?rest_route=\/wp\/v2\/posts\/16159\/revisions"}],"predecessor-version":[{"id":16167,"href":"https:\/\/alcaldiaalbertoadriani.com\/index.php?rest_route=\/wp\/v2\/posts\/16159\/revisions\/16167"}],"wp:featuredmedia":[{"embeddable":true,"href":"https:\/\/alcaldiaalbertoadriani.com\/index.php?rest_route=\/wp\/v2\/media\/16160"}],"wp:attachment":[{"href":"https:\/\/alcaldiaalbertoadriani.com\/index.php?rest_route=%2Fwp%2Fv2%2Fmedia&parent=16159"}],"wp:term":[{"taxonomy":"category","embeddable":true,"href":"https:\/\/alcaldiaalbertoadriani.com\/index.php?rest_route=%2Fwp%2Fv2%2Fcategories&post=16159"},{"taxonomy":"post_tag","embeddable":true,"href":"https:\/\/alcaldiaalbertoadriani.com\/index.php?rest_route=%2Fwp%2Fv2%2Ftags&post=16159"}],"curies":[{"name":"wp","href":"https:\/\/api.w.org\/{rel}","templated":true}]}}