{"id":16150,"date":"2026-04-27T18:47:44","date_gmt":"2026-04-27T18:47:44","guid":{"rendered":"https:\/\/alcaldiaalbertoadriani.com\/?p=16150"},"modified":"2026-04-27T18:47:50","modified_gmt":"2026-04-27T18:47:50","slug":"samat-fortalece-recaudacion-tributaria-mediante-jornadas","status":"publish","type":"post","link":"https:\/\/alcaldiaalbertoadriani.com\/?p=16150","title":{"rendered":"Samat fortalece recaudaci\u00f3n tributaria mediante jornadas de actualizaci\u00f3n"},"content":{"rendered":"\n<p>La Alcald\u00eda del municipio Alberto Adriani, a trav\u00e9s del Servicio Aut\u00f3nomo Municipal de Administraci\u00f3n Tributaria (<a href=\"https:\/\/alcaldiaalbertoadriani.com\/?tag=samat-comerciantes-licencias\">Samat<\/a>), contin\u00faa avanzando en el fortalecimiento del sistema tributario local mediante jornadas de fiscalizaci\u00f3n, registro y actualizaci\u00f3n de contribuyentes en la jurisdicci\u00f3n.<\/p>\n\n\n\n<!--more-->\n\n\n\n<p>As\u00ed lo inform\u00f3 el superintendente del Samat, Henry Molina, quien se\u00f1al\u00f3 que siguiendo las orientaciones del alcalde <a href=\"https:\/\/www.instagram.com\/lisandrosegura02\/\">Lisandro Segura<\/a>, durante la semana comprendida entre el 21 y el 24 de abril de 2026 se llev\u00f3 a cabo un operativo especial orientado a la incorporaci\u00f3n de nuevos comerciantes y la regularizaci\u00f3n de aquellos ya establecidos.<\/p>\n\n\n\n<figure class=\"wp-block-gallery has-nested-images columns-default is-cropped wp-block-gallery-1 is-layout-flex wp-block-gallery-is-layout-flex\">\n<figure class=\"wp-block-image size-large\"><img loading=\"lazy\" decoding=\"async\" width=\"1024\" height=\"768\" data-id=\"16152\" src=\"https:\/\/alcaldiaalbertoadriani.com\/wp-content\/uploads\/2026\/04\/photo_5145853390708476954_y-1024x768.jpg\" alt=\"\" class=\"wp-image-16152\" srcset=\"https:\/\/alcaldiaalbertoadriani.com\/wp-content\/uploads\/2026\/04\/photo_5145853390708476954_y-1024x768.jpg 1024w, https:\/\/alcaldiaalbertoadriani.com\/wp-content\/uploads\/2026\/04\/photo_5145853390708476954_y-980x735.jpg 980w, https:\/\/alcaldiaalbertoadriani.com\/wp-content\/uploads\/2026\/04\/photo_5145853390708476954_y-480x360.jpg 480w\" sizes=\"auto, (min-width: 0px) and (max-width: 480px) 480px, (min-width: 481px) and (max-width: 980px) 980px, (min-width: 981px) 1024px, 100vw\" \/><\/figure>\n<\/figure>\n\n\n\n<p>Durante esta jornada se realiz\u00f3 el censo de nuevos contribuyentes, as\u00ed como la verificaci\u00f3n de comerciantes previamente registrados que no contaban con licencia de actividad econ\u00f3mica o que no se encontraban al d\u00eda con sus obligaciones tributarias.<\/p>\n\n\n\n<p>Como resultado del operativo, dijo el superintendente que &#8220;se logr\u00f3 registrar un total de 111 comerciantes, distribuidos de la siguiente manera: 78 nuevos comerciantes incorporados al sistema y 33 comerciantes que, aunque ya estaban registrados, no contaban con licencia de actividad econ\u00f3mica o presentaban estatus desactualizado ante la administraci\u00f3n tributaria&#8221;, detall\u00f3.<\/p>\n\n\n\n<p>Molina destac\u00f3 que estas acciones forman parte del compromiso de la gesti\u00f3n municipal para garantizar el cumplimiento de las normativas fiscales, promover la formalizaci\u00f3n de la actividad econ\u00f3mica y fortalecer los ingresos propios del municipio.<\/p>\n\n\n\n<p>Finalmente, el titular del ente tributario, anunci\u00f3 que para la pr\u00f3xima semana continuar\u00e1 el despliegue de estos operativos de fiscalizaci\u00f3n y registro en distintos sectores de la jurisdicci\u00f3n, con el objetivo de seguir ampliando la base de contribuyentes, optimizar el sistema de recaudaci\u00f3n municipal lo cual se traduce en mayor inversi\u00f3n en obras para el municipio Alberto Adriani. <strong><em>Prensa OIPI\/Tahiry Villalobos C.N.P.23.225\/Fotos OIPI<\/em><\/strong><\/p>\n\n\n\n<figure class=\"wp-block-gallery has-nested-images columns-default is-cropped wp-block-gallery-2 is-layout-flex wp-block-gallery-is-layout-flex\">\n<figure class=\"wp-block-image size-large\"><img loading=\"lazy\" decoding=\"async\" width=\"1024\" height=\"768\" data-id=\"16153\" src=\"https:\/\/alcaldiaalbertoadriani.com\/wp-content\/uploads\/2026\/04\/photo_5145853390708476951_y-1024x768.jpg\" alt=\"\" class=\"wp-image-16153\" srcset=\"https:\/\/alcaldiaalbertoadriani.com\/wp-content\/uploads\/2026\/04\/photo_5145853390708476951_y-1024x768.jpg 1024w, https:\/\/alcaldiaalbertoadriani.com\/wp-content\/uploads\/2026\/04\/photo_5145853390708476951_y-980x735.jpg 980w, https:\/\/alcaldiaalbertoadriani.com\/wp-content\/uploads\/2026\/04\/photo_5145853390708476951_y-480x360.jpg 480w\" sizes=\"auto, (min-width: 0px) and (max-width: 480px) 480px, (min-width: 481px) and (max-width: 980px) 980px, (min-width: 981px) 1024px, 100vw\" \/><\/figure>\n\n\n\n<figure class=\"wp-block-image size-large\"><img loading=\"lazy\" decoding=\"async\" width=\"768\" height=\"1024\" data-id=\"16155\" src=\"https:\/\/alcaldiaalbertoadriani.com\/wp-content\/uploads\/2026\/04\/photo_5145853390708476953_y-768x1024.jpg\" alt=\"\" class=\"wp-image-16155\" srcset=\"https:\/\/alcaldiaalbertoadriani.com\/wp-content\/uploads\/2026\/04\/photo_5145853390708476953_y-768x1024.jpg 768w, https:\/\/alcaldiaalbertoadriani.com\/wp-content\/uploads\/2026\/04\/photo_5145853390708476953_y-480x640.jpg 480w\" sizes=\"auto, (min-width: 0px) and (max-width: 480px) 480px, (min-width: 481px) 768px, 100vw\" \/><\/figure>\n\n\n\n<figure class=\"wp-block-image size-large\"><img loading=\"lazy\" decoding=\"async\" width=\"768\" height=\"1024\" data-id=\"16154\" src=\"https:\/\/alcaldiaalbertoadriani.com\/wp-content\/uploads\/2026\/04\/photo_5145853390708476955_y-768x1024.jpg\" alt=\"\" class=\"wp-image-16154\" srcset=\"https:\/\/alcaldiaalbertoadriani.com\/wp-content\/uploads\/2026\/04\/photo_5145853390708476955_y-768x1024.jpg 768w, https:\/\/alcaldiaalbertoadriani.com\/wp-content\/uploads\/2026\/04\/photo_5145853390708476955_y-480x640.jpg 480w\" sizes=\"auto, (min-width: 0px) and (max-width: 480px) 480px, (min-width: 481px) 768px, 100vw\" \/><\/figure>\n\n\n\n<figure class=\"wp-block-image size-large\"><img loading=\"lazy\" decoding=\"async\" width=\"768\" height=\"1024\" data-id=\"16156\" src=\"https:\/\/alcaldiaalbertoadriani.com\/wp-content\/uploads\/2026\/04\/photo_5145853390708476949_y-768x1024.jpg\" alt=\"\" class=\"wp-image-16156\" srcset=\"https:\/\/alcaldiaalbertoadriani.com\/wp-content\/uploads\/2026\/04\/photo_5145853390708476949_y-768x1024.jpg 768w, https:\/\/alcaldiaalbertoadriani.com\/wp-content\/uploads\/2026\/04\/photo_5145853390708476949_y-480x640.jpg 480w\" sizes=\"auto, (min-width: 0px) and (max-width: 480px) 480px, (min-width: 481px) 768px, 100vw\" \/><\/figure>\n<\/figure>\n","protected":false},"excerpt":{"rendered":"<p>La Alcald\u00eda del municipio Alberto Adriani, a trav\u00e9s del Servicio Aut\u00f3nomo Municipal de Administraci\u00f3n Tributaria (Samat), contin\u00faa avanzando en el fortalecimiento del sistema tributario local mediante jornadas de fiscalizaci\u00f3n, registro [&hellip;]<\/p>\n","protected":false},"author":2,"featured_media":16151,"comment_status":"open","ping_status":"closed","sticky":false,"template":"","format":"standard","meta":{"_et_pb_use_builder":"off","_et_pb_old_content":"","_et_gb_content_width":"","footnotes":""},"categories":[341,25,69],"tags":[31,11,12,15,761,30,29,70],"class_list":["post-16150","post","type-post","status-publish","format-standard","has-post-thumbnail","hentry","category-alcaldia-alberto-adriani","category-nuestro-municipio","category-samat","tag-alcalde","tag-alcaldia","tag-alcaldiaalbertoadriani","tag-elvigia","tag-encrucijadadeprogreso","tag-lisandrosegura","tag-municipioquenosmerecemos","tag-samat"],"yoast_head":"<!-- This site is optimized with the Yoast SEO plugin v19.13 - https:\/\/yoast.com\/wordpress\/plugins\/seo\/ -->\n<title>Samat fortalece recaudaci\u00f3n tributaria mediante jornadas<\/title>\n<meta name=\"description\" content=\"Samat fortalece recaudaci\u00f3n tributaria mediante jornadas de actualizaci\u00f3n As\u00ed lo inform\u00f3 el superintendente del Samat, Henry Molina\" \/>\n<meta name=\"robots\" content=\"index, follow, max-snippet:-1, max-image-preview:large, max-video-preview:-1\" \/>\n<link rel=\"canonical\" href=\"https:\/\/alcaldiaalbertoadriani.com\/?p=16150\" \/>\n<meta property=\"og:locale\" content=\"es_ES\" \/>\n<meta property=\"og:type\" content=\"article\" \/>\n<meta property=\"og:title\" content=\"Samat fortalece recaudaci\u00f3n tributaria mediante jornadas\" \/>\n<meta property=\"og:description\" content=\"Samat fortalece recaudaci\u00f3n tributaria mediante jornadas de actualizaci\u00f3n As\u00ed lo inform\u00f3 el superintendente del Samat, Henry Molina\" \/>\n<meta property=\"og:url\" content=\"https:\/\/alcaldiaalbertoadriani.com\/?p=16150\" \/>\n<meta property=\"og:site_name\" content=\"Alcaldia Alberto Adriani\" \/>\n<meta property=\"article:published_time\" content=\"2026-04-27T18:47:44+00:00\" \/>\n<meta property=\"article:modified_time\" content=\"2026-04-27T18:47:50+00:00\" \/>\n<meta property=\"og:image\" content=\"https:\/\/alcaldiaalbertoadriani.com\/wp-content\/uploads\/2026\/04\/photo_5145853390708476947_y.jpg\" \/>\n\t<meta property=\"og:image:width\" content=\"1040\" \/>\n\t<meta property=\"og:image:height\" content=\"780\" \/>\n\t<meta property=\"og:image:type\" content=\"image\/jpeg\" \/>\n<meta name=\"author\" content=\"Prensa\" \/>\n<meta name=\"twitter:card\" content=\"summary_large_image\" \/>\n<meta name=\"twitter:label1\" content=\"Escrito por\" \/>\n\t<meta name=\"twitter:data1\" content=\"Prensa\" \/>\n\t<meta name=\"twitter:label2\" content=\"Tiempo de lectura\" \/>\n\t<meta name=\"twitter:data2\" content=\"3 minutos\" \/>\n<script type=\"application\/ld+json\" class=\"yoast-schema-graph\">{\"@context\":\"https:\/\/schema.org\",\"@graph\":[{\"@type\":\"WebPage\",\"@id\":\"https:\/\/alcaldiaalbertoadriani.com\/?p=16150\",\"url\":\"https:\/\/alcaldiaalbertoadriani.com\/?p=16150\",\"name\":\"Samat fortalece recaudaci\u00f3n tributaria mediante jornadas\",\"isPartOf\":{\"@id\":\"https:\/\/alcaldiaalbertoadriani.com\/#website\"},\"datePublished\":\"2026-04-27T18:47:44+00:00\",\"dateModified\":\"2026-04-27T18:47:50+00:00\",\"author\":{\"@id\":\"https:\/\/alcaldiaalbertoadriani.com\/#\/schema\/person\/549b4483ff8999ac780deeea78795fc9\"},\"description\":\"Samat fortalece recaudaci\u00f3n tributaria mediante jornadas de actualizaci\u00f3n As\u00ed lo inform\u00f3 el superintendente del Samat, Henry Molina\",\"breadcrumb\":{\"@id\":\"https:\/\/alcaldiaalbertoadriani.com\/?p=16150#breadcrumb\"},\"inLanguage\":\"es\",\"potentialAction\":[{\"@type\":\"ReadAction\",\"target\":[\"https:\/\/alcaldiaalbertoadriani.com\/?p=16150\"]}]},{\"@type\":\"BreadcrumbList\",\"@id\":\"https:\/\/alcaldiaalbertoadriani.com\/?p=16150#breadcrumb\",\"itemListElement\":[{\"@type\":\"ListItem\",\"position\":1,\"name\":\"Portada\",\"item\":\"https:\/\/alcaldiaalbertoadriani.com\/\"},{\"@type\":\"ListItem\",\"position\":2,\"name\":\"Samat fortalece recaudaci\u00f3n tributaria mediante jornadas de actualizaci\u00f3n\"}]},{\"@type\":\"WebSite\",\"@id\":\"https:\/\/alcaldiaalbertoadriani.com\/#website\",\"url\":\"https:\/\/alcaldiaalbertoadriani.com\/\",\"name\":\"Alcaldia Alberto Adriani\",\"description\":\"\",\"potentialAction\":[{\"@type\":\"SearchAction\",\"target\":{\"@type\":\"EntryPoint\",\"urlTemplate\":\"https:\/\/alcaldiaalbertoadriani.com\/?s={search_term_string}\"},\"query-input\":\"required name=search_term_string\"}],\"inLanguage\":\"es\"},{\"@type\":\"Person\",\"@id\":\"https:\/\/alcaldiaalbertoadriani.com\/#\/schema\/person\/549b4483ff8999ac780deeea78795fc9\",\"name\":\"Prensa\",\"image\":{\"@type\":\"ImageObject\",\"inLanguage\":\"es\",\"@id\":\"https:\/\/alcaldiaalbertoadriani.com\/#\/schema\/person\/image\/\",\"url\":\"https:\/\/secure.gravatar.com\/avatar\/ea1cb567ea992a29627f4eee1c2eb185ec16decec6342d508fdf18dedb56c9de?s=96&d=mm&r=g\",\"contentUrl\":\"https:\/\/secure.gravatar.com\/avatar\/ea1cb567ea992a29627f4eee1c2eb185ec16decec6342d508fdf18dedb56c9de?s=96&d=mm&r=g\",\"caption\":\"Prensa\"},\"url\":\"https:\/\/alcaldiaalbertoadriani.com\/?author=2\"}]}<\/script>\n<!-- \/ Yoast SEO plugin. -->","yoast_head_json":{"title":"Samat fortalece recaudaci\u00f3n tributaria mediante jornadas","description":"Samat fortalece recaudaci\u00f3n tributaria mediante jornadas de actualizaci\u00f3n As\u00ed lo inform\u00f3 el superintendente del Samat, Henry Molina","robots":{"index":"index","follow":"follow","max-snippet":"max-snippet:-1","max-image-preview":"max-image-preview:large","max-video-preview":"max-video-preview:-1"},"canonical":"https:\/\/alcaldiaalbertoadriani.com\/?p=16150","og_locale":"es_ES","og_type":"article","og_title":"Samat fortalece recaudaci\u00f3n tributaria mediante jornadas","og_description":"Samat fortalece recaudaci\u00f3n tributaria mediante jornadas de actualizaci\u00f3n As\u00ed lo inform\u00f3 el superintendente del Samat, Henry Molina","og_url":"https:\/\/alcaldiaalbertoadriani.com\/?p=16150","og_site_name":"Alcaldia Alberto Adriani","article_published_time":"2026-04-27T18:47:44+00:00","article_modified_time":"2026-04-27T18:47:50+00:00","og_image":[{"width":1040,"height":780,"url":"https:\/\/alcaldiaalbertoadriani.com\/wp-content\/uploads\/2026\/04\/photo_5145853390708476947_y.jpg","type":"image\/jpeg"}],"author":"Prensa","twitter_card":"summary_large_image","twitter_misc":{"Escrito por":"Prensa","Tiempo de lectura":"3 minutos"},"schema":{"@context":"https:\/\/schema.org","@graph":[{"@type":"WebPage","@id":"https:\/\/alcaldiaalbertoadriani.com\/?p=16150","url":"https:\/\/alcaldiaalbertoadriani.com\/?p=16150","name":"Samat fortalece recaudaci\u00f3n tributaria mediante jornadas","isPartOf":{"@id":"https:\/\/alcaldiaalbertoadriani.com\/#website"},"datePublished":"2026-04-27T18:47:44+00:00","dateModified":"2026-04-27T18:47:50+00:00","author":{"@id":"https:\/\/alcaldiaalbertoadriani.com\/#\/schema\/person\/549b4483ff8999ac780deeea78795fc9"},"description":"Samat fortalece recaudaci\u00f3n tributaria mediante jornadas de actualizaci\u00f3n As\u00ed lo inform\u00f3 el superintendente del Samat, Henry Molina","breadcrumb":{"@id":"https:\/\/alcaldiaalbertoadriani.com\/?p=16150#breadcrumb"},"inLanguage":"es","potentialAction":[{"@type":"ReadAction","target":["https:\/\/alcaldiaalbertoadriani.com\/?p=16150"]}]},{"@type":"BreadcrumbList","@id":"https:\/\/alcaldiaalbertoadriani.com\/?p=16150#breadcrumb","itemListElement":[{"@type":"ListItem","position":1,"name":"Portada","item":"https:\/\/alcaldiaalbertoadriani.com\/"},{"@type":"ListItem","position":2,"name":"Samat fortalece recaudaci\u00f3n tributaria mediante jornadas de actualizaci\u00f3n"}]},{"@type":"WebSite","@id":"https:\/\/alcaldiaalbertoadriani.com\/#website","url":"https:\/\/alcaldiaalbertoadriani.com\/","name":"Alcaldia Alberto Adriani","description":"","potentialAction":[{"@type":"SearchAction","target":{"@type":"EntryPoint","urlTemplate":"https:\/\/alcaldiaalbertoadriani.com\/?s={search_term_string}"},"query-input":"required name=search_term_string"}],"inLanguage":"es"},{"@type":"Person","@id":"https:\/\/alcaldiaalbertoadriani.com\/#\/schema\/person\/549b4483ff8999ac780deeea78795fc9","name":"Prensa","image":{"@type":"ImageObject","inLanguage":"es","@id":"https:\/\/alcaldiaalbertoadriani.com\/#\/schema\/person\/image\/","url":"https:\/\/secure.gravatar.com\/avatar\/ea1cb567ea992a29627f4eee1c2eb185ec16decec6342d508fdf18dedb56c9de?s=96&d=mm&r=g","contentUrl":"https:\/\/secure.gravatar.com\/avatar\/ea1cb567ea992a29627f4eee1c2eb185ec16decec6342d508fdf18dedb56c9de?s=96&d=mm&r=g","caption":"Prensa"},"url":"https:\/\/alcaldiaalbertoadriani.com\/?author=2"}]}},"_links":{"self":[{"href":"https:\/\/alcaldiaalbertoadriani.com\/index.php?rest_route=\/wp\/v2\/posts\/16150","targetHints":{"allow":["GET"]}}],"collection":[{"href":"https:\/\/alcaldiaalbertoadriani.com\/index.php?rest_route=\/wp\/v2\/posts"}],"about":[{"href":"https:\/\/alcaldiaalbertoadriani.com\/index.php?rest_route=\/wp\/v2\/types\/post"}],"author":[{"embeddable":true,"href":"https:\/\/alcaldiaalbertoadriani.com\/index.php?rest_route=\/wp\/v2\/users\/2"}],"replies":[{"embeddable":true,"href":"https:\/\/alcaldiaalbertoadriani.com\/index.php?rest_route=%2Fwp%2Fv2%2Fcomments&post=16150"}],"version-history":[{"count":1,"href":"https:\/\/alcaldiaalbertoadriani.com\/index.php?rest_route=\/wp\/v2\/posts\/16150\/revisions"}],"predecessor-version":[{"id":16157,"href":"https:\/\/alcaldiaalbertoadriani.com\/index.php?rest_route=\/wp\/v2\/posts\/16150\/revisions\/16157"}],"wp:featuredmedia":[{"embeddable":true,"href":"https:\/\/alcaldiaalbertoadriani.com\/index.php?rest_route=\/wp\/v2\/media\/16151"}],"wp:attachment":[{"href":"https:\/\/alcaldiaalbertoadriani.com\/index.php?rest_route=%2Fwp%2Fv2%2Fmedia&parent=16150"}],"wp:term":[{"taxonomy":"category","embeddable":true,"href":"https:\/\/alcaldiaalbertoadriani.com\/index.php?rest_route=%2Fwp%2Fv2%2Fcategories&post=16150"},{"taxonomy":"post_tag","embeddable":true,"href":"https:\/\/alcaldiaalbertoadriani.com\/index.php?rest_route=%2Fwp%2Fv2%2Ftags&post=16150"}],"curies":[{"name":"wp","href":"https:\/\/api.w.org\/{rel}","templated":true}]}}