{"id":16137,"date":"2026-04-27T18:28:16","date_gmt":"2026-04-27T18:28:16","guid":{"rendered":"https:\/\/alcaldiaalbertoadriani.com\/?p=16137"},"modified":"2026-04-27T18:28:23","modified_gmt":"2026-04-27T18:28:23","slug":"gobierno-del-alcalde-lisandro-segura-continua-atendiendo","status":"publish","type":"post","link":"https:\/\/alcaldiaalbertoadriani.com\/?p=16137","title":{"rendered":"Gobierno del alcalde Lisandro Segura contin\u00faa atendiendo afectaciones por lluvias"},"content":{"rendered":"\n<p>Tras las fuertes precipitaciones registradas recientemente, el alcalde <a href=\"https:\/\/www.instagram.com\/lisandrosegura02\/\">Lisandro Segura<\/a>, inform\u00f3 del despliegue inmediato y de manera constante de maquinaria pesada y personal especializado para atender 22 focos de afectaci\u00f3n en el municipio Alberto Adriani.<\/p>\n\n\n\n<p>Indic\u00f3 que se despej\u00f3 el paso en El Iberia, cabecera del puente \u201cChama\u201d, La Pirelli y La Blanca, utilizando una retroexcavadora y camiones tipo volteo. Tambi\u00e9n, se redoblaron esfuerzos en La Vega I y la avenida Rotaria, donde la remoci\u00f3n de escombros, rocas y \u00e1rboles ca\u00eddos ha sido prioritaria.<\/p>\n\n\n\n<p>\u201cAfectaciones que se han atendido con las cuadrillas del plan Renacer de mi Vig\u00eda Querido para garantizar la movilidad y la seguridad de los ciudadanos\u201d, enfatiz\u00f3.<\/p>\n\n\n\n<p>Segura hizo un llamado urgente al Ejecutivo Nacional debido a la situaci\u00f3n cr\u00edtica en la v\u00eda hacia LaPalmita, donde el hundimiento de un tramo amenaza con dejar incomunicadas a las poblaciones de Bolero Bajo, Bolero Alto y Mesa Bol\u00edvar. &#8220;Es necesaria la intervenci\u00f3n inmediata del Gobierno Nacional para estabilizar el puente de Quebrada La Virgen y evitar el colapso total de esta arteria vial&#8221;, exhort\u00f3.<\/p>\n\n\n\n<h2 class=\"wp-block-heading\"><strong><em>Otros trabajos<\/em><\/strong><\/h2>\n\n\n\n<p>Por otra parte,<a href=\"https:\/\/www.instagram.com\/lisandrosegura02\/\"> Lisandro Segura<\/a>, refiri\u00f3 sobre los trabajos que se ejecutan en Ca\u00f1o Balza y Ca\u00f1o Jab\u00f3n de la parroquia H\u00e9ctor Amable Mora para proteger el pavimentado r\u00edgido mediante muros cicl\u00f3peos y canalizaciones. En Mesa Abajo, anunci\u00f3 la adquisici\u00f3n de tuber\u00edas de concreto de gran di\u00e1metro para reconstruir el alcantarillado de aguas pluviales colapsado.<\/p>\n\n\n\n<p>Agreg\u00f3 el alcalde que en articulaci\u00f3n con Corpoelec, se gestiona la reubicaci\u00f3n de un poste de alta tensi\u00f3n en la v\u00eda a La Palmita para evitar un apag\u00f3n masivo. A su vez, profesionales de ingenier\u00eda municipal inspeccionan el Ca\u00f1o Bubuqu\u00ed para evaluar da\u00f1os presuntamente causados por construcciones que incumplen normativas t\u00e9cnicas.<\/p>\n\n\n\n<p>Finalmente, Lisandro Segura, asegur\u00f3 que su administraci\u00f3n mantiene activo a sus ingenieros y obreros en la remoci\u00f3n de taludes en Colinas Pony, San Jos\u00e9 y Ca\u00f1o Caim\u00e1n. <strong><em>Prensa Alcald\u00eda OIPI: Edgar Mendoza CNP: 25.736\/Fotos: Sharlei M\u00e9ndez.<\/em><\/strong><\/p>\n","protected":false},"excerpt":{"rendered":"<p>Tras las fuertes precipitaciones registradas recientemente, el alcalde Lisandro Segura, inform\u00f3 del despliegue inmediato y de manera constante de maquinaria pesada y personal especializado para atender 22 focos de afectaci\u00f3n [&hellip;]<\/p>\n","protected":false},"author":2,"featured_media":16138,"comment_status":"open","ping_status":"closed","sticky":false,"template":"","format":"standard","meta":{"_et_pb_use_builder":"off","_et_pb_old_content":"","_et_gb_content_width":"","footnotes":""},"categories":[341,25],"tags":[31,11,12,15,761,30,29,28],"class_list":["post-16137","post","type-post","status-publish","format-standard","has-post-thumbnail","hentry","category-alcaldia-alberto-adriani","category-nuestro-municipio","tag-alcalde","tag-alcaldia","tag-alcaldiaalbertoadriani","tag-elvigia","tag-encrucijadadeprogreso","tag-lisandrosegura","tag-municipioquenosmerecemos","tag-porelrenacer"],"yoast_head":"<!-- This site is optimized with the Yoast SEO plugin v19.13 - https:\/\/yoast.com\/wordpress\/plugins\/seo\/ -->\n<title>Gobierno del alcalde Lisandro Segura contin\u00faa atendiendo<\/title>\n<meta name=\"description\" content=\"Gobierno del alcalde Lisandro Segura contin\u00faa atendiendo afectaciones por lluvias inform\u00f3 del despliegue inmediato de maquinaria pesada\" \/>\n<meta name=\"robots\" content=\"index, follow, max-snippet:-1, max-image-preview:large, max-video-preview:-1\" \/>\n<link rel=\"canonical\" href=\"https:\/\/alcaldiaalbertoadriani.com\/?p=16137\" \/>\n<meta property=\"og:locale\" content=\"es_ES\" \/>\n<meta property=\"og:type\" content=\"article\" \/>\n<meta property=\"og:title\" content=\"Gobierno del alcalde Lisandro Segura contin\u00faa atendiendo\" \/>\n<meta property=\"og:description\" content=\"Gobierno del alcalde Lisandro Segura contin\u00faa atendiendo afectaciones por lluvias inform\u00f3 del despliegue inmediato de maquinaria pesada\" \/>\n<meta property=\"og:url\" content=\"https:\/\/alcaldiaalbertoadriani.com\/?p=16137\" \/>\n<meta property=\"og:site_name\" content=\"Alcaldia Alberto Adriani\" \/>\n<meta property=\"article:published_time\" content=\"2026-04-27T18:28:16+00:00\" \/>\n<meta property=\"article:modified_time\" content=\"2026-04-27T18:28:23+00:00\" \/>\n<meta property=\"og:image\" content=\"https:\/\/alcaldiaalbertoadriani.com\/wp-content\/uploads\/2026\/04\/photo_5143601590894791868_y.jpg\" \/>\n\t<meta property=\"og:image:width\" content=\"1280\" \/>\n\t<meta property=\"og:image:height\" content=\"963\" \/>\n\t<meta property=\"og:image:type\" content=\"image\/jpeg\" \/>\n<meta name=\"author\" content=\"Prensa\" \/>\n<meta name=\"twitter:card\" content=\"summary_large_image\" \/>\n<meta name=\"twitter:label1\" content=\"Escrito por\" \/>\n\t<meta name=\"twitter:data1\" content=\"Prensa\" \/>\n\t<meta name=\"twitter:label2\" content=\"Tiempo de lectura\" \/>\n\t<meta name=\"twitter:data2\" content=\"2 minutos\" \/>\n<script type=\"application\/ld+json\" class=\"yoast-schema-graph\">{\"@context\":\"https:\/\/schema.org\",\"@graph\":[{\"@type\":\"WebPage\",\"@id\":\"https:\/\/alcaldiaalbertoadriani.com\/?p=16137\",\"url\":\"https:\/\/alcaldiaalbertoadriani.com\/?p=16137\",\"name\":\"Gobierno del alcalde Lisandro Segura contin\u00faa atendiendo\",\"isPartOf\":{\"@id\":\"https:\/\/alcaldiaalbertoadriani.com\/#website\"},\"datePublished\":\"2026-04-27T18:28:16+00:00\",\"dateModified\":\"2026-04-27T18:28:23+00:00\",\"author\":{\"@id\":\"https:\/\/alcaldiaalbertoadriani.com\/#\/schema\/person\/549b4483ff8999ac780deeea78795fc9\"},\"description\":\"Gobierno del alcalde Lisandro Segura contin\u00faa atendiendo afectaciones por lluvias inform\u00f3 del despliegue inmediato de maquinaria pesada\",\"breadcrumb\":{\"@id\":\"https:\/\/alcaldiaalbertoadriani.com\/?p=16137#breadcrumb\"},\"inLanguage\":\"es\",\"potentialAction\":[{\"@type\":\"ReadAction\",\"target\":[\"https:\/\/alcaldiaalbertoadriani.com\/?p=16137\"]}]},{\"@type\":\"BreadcrumbList\",\"@id\":\"https:\/\/alcaldiaalbertoadriani.com\/?p=16137#breadcrumb\",\"itemListElement\":[{\"@type\":\"ListItem\",\"position\":1,\"name\":\"Portada\",\"item\":\"https:\/\/alcaldiaalbertoadriani.com\/\"},{\"@type\":\"ListItem\",\"position\":2,\"name\":\"Gobierno del alcalde Lisandro Segura contin\u00faa atendiendo afectaciones por lluvias\"}]},{\"@type\":\"WebSite\",\"@id\":\"https:\/\/alcaldiaalbertoadriani.com\/#website\",\"url\":\"https:\/\/alcaldiaalbertoadriani.com\/\",\"name\":\"Alcaldia Alberto Adriani\",\"description\":\"\",\"potentialAction\":[{\"@type\":\"SearchAction\",\"target\":{\"@type\":\"EntryPoint\",\"urlTemplate\":\"https:\/\/alcaldiaalbertoadriani.com\/?s={search_term_string}\"},\"query-input\":\"required name=search_term_string\"}],\"inLanguage\":\"es\"},{\"@type\":\"Person\",\"@id\":\"https:\/\/alcaldiaalbertoadriani.com\/#\/schema\/person\/549b4483ff8999ac780deeea78795fc9\",\"name\":\"Prensa\",\"image\":{\"@type\":\"ImageObject\",\"inLanguage\":\"es\",\"@id\":\"https:\/\/alcaldiaalbertoadriani.com\/#\/schema\/person\/image\/\",\"url\":\"https:\/\/secure.gravatar.com\/avatar\/ea1cb567ea992a29627f4eee1c2eb185ec16decec6342d508fdf18dedb56c9de?s=96&d=mm&r=g\",\"contentUrl\":\"https:\/\/secure.gravatar.com\/avatar\/ea1cb567ea992a29627f4eee1c2eb185ec16decec6342d508fdf18dedb56c9de?s=96&d=mm&r=g\",\"caption\":\"Prensa\"},\"url\":\"https:\/\/alcaldiaalbertoadriani.com\/?author=2\"}]}<\/script>\n<!-- \/ Yoast SEO plugin. -->","yoast_head_json":{"title":"Gobierno del alcalde Lisandro Segura contin\u00faa atendiendo","description":"Gobierno del alcalde Lisandro Segura contin\u00faa atendiendo afectaciones por lluvias inform\u00f3 del despliegue inmediato de maquinaria pesada","robots":{"index":"index","follow":"follow","max-snippet":"max-snippet:-1","max-image-preview":"max-image-preview:large","max-video-preview":"max-video-preview:-1"},"canonical":"https:\/\/alcaldiaalbertoadriani.com\/?p=16137","og_locale":"es_ES","og_type":"article","og_title":"Gobierno del alcalde Lisandro Segura contin\u00faa atendiendo","og_description":"Gobierno del alcalde Lisandro Segura contin\u00faa atendiendo afectaciones por lluvias inform\u00f3 del despliegue inmediato de maquinaria pesada","og_url":"https:\/\/alcaldiaalbertoadriani.com\/?p=16137","og_site_name":"Alcaldia Alberto Adriani","article_published_time":"2026-04-27T18:28:16+00:00","article_modified_time":"2026-04-27T18:28:23+00:00","og_image":[{"width":1280,"height":963,"url":"https:\/\/alcaldiaalbertoadriani.com\/wp-content\/uploads\/2026\/04\/photo_5143601590894791868_y.jpg","type":"image\/jpeg"}],"author":"Prensa","twitter_card":"summary_large_image","twitter_misc":{"Escrito por":"Prensa","Tiempo de lectura":"2 minutos"},"schema":{"@context":"https:\/\/schema.org","@graph":[{"@type":"WebPage","@id":"https:\/\/alcaldiaalbertoadriani.com\/?p=16137","url":"https:\/\/alcaldiaalbertoadriani.com\/?p=16137","name":"Gobierno del alcalde Lisandro Segura contin\u00faa atendiendo","isPartOf":{"@id":"https:\/\/alcaldiaalbertoadriani.com\/#website"},"datePublished":"2026-04-27T18:28:16+00:00","dateModified":"2026-04-27T18:28:23+00:00","author":{"@id":"https:\/\/alcaldiaalbertoadriani.com\/#\/schema\/person\/549b4483ff8999ac780deeea78795fc9"},"description":"Gobierno del alcalde Lisandro Segura contin\u00faa atendiendo afectaciones por lluvias inform\u00f3 del despliegue inmediato de maquinaria pesada","breadcrumb":{"@id":"https:\/\/alcaldiaalbertoadriani.com\/?p=16137#breadcrumb"},"inLanguage":"es","potentialAction":[{"@type":"ReadAction","target":["https:\/\/alcaldiaalbertoadriani.com\/?p=16137"]}]},{"@type":"BreadcrumbList","@id":"https:\/\/alcaldiaalbertoadriani.com\/?p=16137#breadcrumb","itemListElement":[{"@type":"ListItem","position":1,"name":"Portada","item":"https:\/\/alcaldiaalbertoadriani.com\/"},{"@type":"ListItem","position":2,"name":"Gobierno del alcalde Lisandro Segura contin\u00faa atendiendo afectaciones por lluvias"}]},{"@type":"WebSite","@id":"https:\/\/alcaldiaalbertoadriani.com\/#website","url":"https:\/\/alcaldiaalbertoadriani.com\/","name":"Alcaldia Alberto Adriani","description":"","potentialAction":[{"@type":"SearchAction","target":{"@type":"EntryPoint","urlTemplate":"https:\/\/alcaldiaalbertoadriani.com\/?s={search_term_string}"},"query-input":"required name=search_term_string"}],"inLanguage":"es"},{"@type":"Person","@id":"https:\/\/alcaldiaalbertoadriani.com\/#\/schema\/person\/549b4483ff8999ac780deeea78795fc9","name":"Prensa","image":{"@type":"ImageObject","inLanguage":"es","@id":"https:\/\/alcaldiaalbertoadriani.com\/#\/schema\/person\/image\/","url":"https:\/\/secure.gravatar.com\/avatar\/ea1cb567ea992a29627f4eee1c2eb185ec16decec6342d508fdf18dedb56c9de?s=96&d=mm&r=g","contentUrl":"https:\/\/secure.gravatar.com\/avatar\/ea1cb567ea992a29627f4eee1c2eb185ec16decec6342d508fdf18dedb56c9de?s=96&d=mm&r=g","caption":"Prensa"},"url":"https:\/\/alcaldiaalbertoadriani.com\/?author=2"}]}},"_links":{"self":[{"href":"https:\/\/alcaldiaalbertoadriani.com\/index.php?rest_route=\/wp\/v2\/posts\/16137","targetHints":{"allow":["GET"]}}],"collection":[{"href":"https:\/\/alcaldiaalbertoadriani.com\/index.php?rest_route=\/wp\/v2\/posts"}],"about":[{"href":"https:\/\/alcaldiaalbertoadriani.com\/index.php?rest_route=\/wp\/v2\/types\/post"}],"author":[{"embeddable":true,"href":"https:\/\/alcaldiaalbertoadriani.com\/index.php?rest_route=\/wp\/v2\/users\/2"}],"replies":[{"embeddable":true,"href":"https:\/\/alcaldiaalbertoadriani.com\/index.php?rest_route=%2Fwp%2Fv2%2Fcomments&post=16137"}],"version-history":[{"count":1,"href":"https:\/\/alcaldiaalbertoadriani.com\/index.php?rest_route=\/wp\/v2\/posts\/16137\/revisions"}],"predecessor-version":[{"id":16139,"href":"https:\/\/alcaldiaalbertoadriani.com\/index.php?rest_route=\/wp\/v2\/posts\/16137\/revisions\/16139"}],"wp:featuredmedia":[{"embeddable":true,"href":"https:\/\/alcaldiaalbertoadriani.com\/index.php?rest_route=\/wp\/v2\/media\/16138"}],"wp:attachment":[{"href":"https:\/\/alcaldiaalbertoadriani.com\/index.php?rest_route=%2Fwp%2Fv2%2Fmedia&parent=16137"}],"wp:term":[{"taxonomy":"category","embeddable":true,"href":"https:\/\/alcaldiaalbertoadriani.com\/index.php?rest_route=%2Fwp%2Fv2%2Fcategories&post=16137"},{"taxonomy":"post_tag","embeddable":true,"href":"https:\/\/alcaldiaalbertoadriani.com\/index.php?rest_route=%2Fwp%2Fv2%2Ftags&post=16137"}],"curies":[{"name":"wp","href":"https:\/\/api.w.org\/{rel}","templated":true}]}}