{"id":16125,"date":"2026-04-27T18:16:37","date_gmt":"2026-04-27T18:16:37","guid":{"rendered":"https:\/\/alcaldiaalbertoadriani.com\/?p=16125"},"modified":"2026-04-27T18:17:48","modified_gmt":"2026-04-27T18:17:48","slug":"la-cuarta-noche-tipica-de-ferivigia-se-vistio-de-antano","status":"publish","type":"post","link":"https:\/\/alcaldiaalbertoadriani.com\/?p=16125","title":{"rendered":"La cuarta Noche T\u00edpica de Ferivig\u00eda se visti\u00f3 de anta\u00f1o en un despliegue de elegancia y tradici\u00f3n"},"content":{"rendered":"\n<p>La cuarta <a href=\"https:\/\/alcaldiaalbertoadriani.com\/?p=15958\">Noche T\u00edpica<\/a> de Ferivig\u00eda 2026 se desarroll\u00f3 en un ambiente cargado de elegancia, glamour y evocaci\u00f3n de \u00e9pocas pasadas, destacando el valor de las tradiciones culturales que identifican al gentilicio vigiense.<\/p>\n\n\n\n<p>La velada, inspirada en el estilo anta\u00f1\u00f3n, inici\u00f3 con la destacada participaci\u00f3n de la academia Dans Lovers, quien cautiv\u00f3 al p\u00fablico presente, con la presentaci\u00f3n de un opening de paso doble.<\/p>\n\n\n\n<figure class=\"wp-block-gallery has-nested-images columns-default is-cropped wp-block-gallery-1 is-layout-flex wp-block-gallery-is-layout-flex\">\n<figure class=\"wp-block-image size-large\"><img loading=\"lazy\" decoding=\"async\" width=\"1024\" height=\"682\" data-id=\"16127\" src=\"https:\/\/alcaldiaalbertoadriani.com\/wp-content\/uploads\/2026\/04\/photo_5141359248599092210_y-1024x682.jpg\" alt=\"\" class=\"wp-image-16127\" srcset=\"https:\/\/alcaldiaalbertoadriani.com\/wp-content\/uploads\/2026\/04\/photo_5141359248599092210_y-1024x682.jpg 1024w, https:\/\/alcaldiaalbertoadriani.com\/wp-content\/uploads\/2026\/04\/photo_5141359248599092210_y-980x653.jpg 980w, https:\/\/alcaldiaalbertoadriani.com\/wp-content\/uploads\/2026\/04\/photo_5141359248599092210_y-480x320.jpg 480w\" sizes=\"auto, (min-width: 0px) and (max-width: 480px) 480px, (min-width: 481px) and (max-width: 980px) 980px, (min-width: 981px) 1024px, 100vw\" \/><\/figure>\n<\/figure>\n\n\n\n<p>Cabe destacar que estas actividades se desarrollan gracias al apoyo de la Alcald\u00eda del Municipio Alberto Adriani, bajo la gesti\u00f3n del alcalde <a href=\"https:\/\/www.instagram.com\/lisandrosegura02\/\">Lisandro Segura<\/a>. Qui\u00e9n contin\u00faa fortaleciendo las tradiciones culturales del municipio mediante la exitosa realizaci\u00f3n de esta cuarta Noche T\u00edpica. Actividad que forma parte del cronograma oficial de Ferivig\u00eda 2026.<\/p>\n\n\n\n<p>Ademas el evento cont\u00f3 con la presencia de importantes autoridades y miembros del comit\u00e9 organizador, entre ellos Yasmeira Molina, coordinadora del reinado; Jorge \u00c1lvarez, presidente de Ferivig\u00eda; Jean Carlos Torres, vicepresidente; Erasmo Sand\u00eda, director de finanzas; Nelly Franco, directora del reinado; Elis Aristiz\u00e1bal y Yesisbeli Are\u00f1ano, miembros del comit\u00e9 directivo; y Mariana Pe\u00f1a, asistente administrativa.<\/p>\n\n\n\n<figure class=\"wp-block-gallery has-nested-images columns-default is-cropped wp-block-gallery-2 is-layout-flex wp-block-gallery-is-layout-flex\">\n<figure class=\"wp-block-image size-large\"><img loading=\"lazy\" decoding=\"async\" width=\"1024\" height=\"768\" data-id=\"16128\" src=\"https:\/\/alcaldiaalbertoadriani.com\/wp-content\/uploads\/2026\/04\/photo_5141359248599092201_y-1024x768.jpg\" alt=\"\" class=\"wp-image-16128\" srcset=\"https:\/\/alcaldiaalbertoadriani.com\/wp-content\/uploads\/2026\/04\/photo_5141359248599092201_y-1024x768.jpg 1024w, https:\/\/alcaldiaalbertoadriani.com\/wp-content\/uploads\/2026\/04\/photo_5141359248599092201_y-980x735.jpg 980w, https:\/\/alcaldiaalbertoadriani.com\/wp-content\/uploads\/2026\/04\/photo_5141359248599092201_y-480x360.jpg 480w\" sizes=\"auto, (min-width: 0px) and (max-width: 480px) 480px, (min-width: 481px) and (max-width: 980px) 980px, (min-width: 981px) 1024px, 100vw\" \/><\/figure>\n<\/figure>\n\n\n\n<p>Asimismo, se cont\u00f3 con la presencia de reinas de ediciones anteriores, entre ellas Glorielba Jim\u00e9nez (2014), Yairet Araque, primera finalista 2023, y Nailisbet Atencio, primera finalista 2025, quienes engalanaron el evento con su participaci\u00f3n.<\/p>\n\n\n\n<p>El jurado calificador estuvo conformado por las licenciadas en danza Ana Marcano, Ana Estrada y Cindy Marcano. Quienes tuvieron la responsabilidad de evaluar cada una de las presentaciones, tomando en cuenta la puesta en escena y el desenvolvimiento de la candidata.<\/p>\n\n\n\n<p>Durante la noche tambi\u00e9n hizo acto de presencia el concejal Geovanny Araque, sum\u00e1ndose al respaldo institucional de esta importante celebraci\u00f3n.<\/p>\n\n\n\n<p>La velada fue amenizada por talento local, quienes deleitaron a los presentes con m\u00fasica criolla y ritmos bailables. La parte danc\u00edstica estuvo a cargo de las agrupaciones Dans Lovers, Danzas Capuy y Danzas Tito Lino, aportando dinamismo y colorido a la jornada.<\/p>\n\n\n\n<h2 class=\"wp-block-heading\"><strong><em>La presentaci\u00f3n<\/em><\/strong><\/h2>\n\n\n\n<p>La actividad fue organizada por la Pe\u00f1a Ferial Paquirri, quienes, junto a su equipo de protocolo y escenificaci\u00f3n. Lograron recrear un espacio acorde a la tem\u00e1tica de la noche, captando la atenci\u00f3n y el reconocimiento de todos los asistentes.<\/p>\n\n\n\n<p>La candidata de la parroquia R\u00f3mulo Gallegos, Crisbel Araque. Quien abri\u00f3 la noche con un impecable paso doble y un traje que record\u00f3 la elegancia y picardia de la \u00e9poca anta\u00f1ona.<\/p>\n\n\n\n<p>En sus palabras, la candidata Crisbel Araque enalteci\u00f3 a su parroquia, resaltando que las ferias representan un espacio de uni\u00f3n para todos los vigienses, enfocado en conocer, preservar y exaltar la cultura y las ra\u00edces locales.<\/p>\n\n\n\n<p>La Alcald\u00eda del Municipio Alberto Adriani reafirma su compromiso de seguir promoviendo actividades que fortalezcan la identidad cultural. <strong><em>Prensa OIPI Tahiry Villalobos CNP 23.225\/ Foto OIPI Luis Dufflart.<\/em><\/strong><\/p>\n\n\n\n<figure class=\"wp-block-gallery has-nested-images columns-default is-cropped wp-block-gallery-3 is-layout-flex wp-block-gallery-is-layout-flex\">\n<figure class=\"wp-block-image size-large\"><img loading=\"lazy\" decoding=\"async\" width=\"1024\" height=\"682\" data-id=\"16129\" src=\"https:\/\/alcaldiaalbertoadriani.com\/wp-content\/uploads\/2026\/04\/photo_5141359248599092212_y-1024x682.jpg\" alt=\"\" class=\"wp-image-16129\" srcset=\"https:\/\/alcaldiaalbertoadriani.com\/wp-content\/uploads\/2026\/04\/photo_5141359248599092212_y-1024x682.jpg 1024w, https:\/\/alcaldiaalbertoadriani.com\/wp-content\/uploads\/2026\/04\/photo_5141359248599092212_y-980x653.jpg 980w, https:\/\/alcaldiaalbertoadriani.com\/wp-content\/uploads\/2026\/04\/photo_5141359248599092212_y-480x320.jpg 480w\" sizes=\"auto, (min-width: 0px) and (max-width: 480px) 480px, (min-width: 481px) and (max-width: 980px) 980px, (min-width: 981px) 1024px, 100vw\" \/><\/figure>\n\n\n\n<figure class=\"wp-block-image size-large\"><img loading=\"lazy\" decoding=\"async\" width=\"1024\" height=\"682\" data-id=\"16130\" src=\"https:\/\/alcaldiaalbertoadriani.com\/wp-content\/uploads\/2026\/04\/photo_5141359248599092214_y-1024x682.jpg\" alt=\"\" class=\"wp-image-16130\" srcset=\"https:\/\/alcaldiaalbertoadriani.com\/wp-content\/uploads\/2026\/04\/photo_5141359248599092214_y-1024x682.jpg 1024w, https:\/\/alcaldiaalbertoadriani.com\/wp-content\/uploads\/2026\/04\/photo_5141359248599092214_y-980x653.jpg 980w, https:\/\/alcaldiaalbertoadriani.com\/wp-content\/uploads\/2026\/04\/photo_5141359248599092214_y-480x320.jpg 480w\" sizes=\"auto, (min-width: 0px) and (max-width: 480px) 480px, (min-width: 481px) and (max-width: 980px) 980px, (min-width: 981px) 1024px, 100vw\" \/><\/figure>\n\n\n\n<figure class=\"wp-block-image size-large\"><img loading=\"lazy\" decoding=\"async\" width=\"1024\" height=\"768\" data-id=\"16131\" src=\"https:\/\/alcaldiaalbertoadriani.com\/wp-content\/uploads\/2026\/04\/photo_5141359248599092199_y-1024x768.jpg\" alt=\"\" class=\"wp-image-16131\" srcset=\"https:\/\/alcaldiaalbertoadriani.com\/wp-content\/uploads\/2026\/04\/photo_5141359248599092199_y-1024x768.jpg 1024w, https:\/\/alcaldiaalbertoadriani.com\/wp-content\/uploads\/2026\/04\/photo_5141359248599092199_y-980x735.jpg 980w, https:\/\/alcaldiaalbertoadriani.com\/wp-content\/uploads\/2026\/04\/photo_5141359248599092199_y-480x360.jpg 480w\" sizes=\"auto, (min-width: 0px) and (max-width: 480px) 480px, (min-width: 481px) and (max-width: 980px) 980px, (min-width: 981px) 1024px, 100vw\" \/><\/figure>\n\n\n\n<figure class=\"wp-block-image size-large\"><img loading=\"lazy\" decoding=\"async\" width=\"1024\" height=\"768\" data-id=\"16133\" src=\"https:\/\/alcaldiaalbertoadriani.com\/wp-content\/uploads\/2026\/04\/photo_5141359248599092202_y-1024x768.jpg\" alt=\"\" class=\"wp-image-16133\" srcset=\"https:\/\/alcaldiaalbertoadriani.com\/wp-content\/uploads\/2026\/04\/photo_5141359248599092202_y-1024x768.jpg 1024w, https:\/\/alcaldiaalbertoadriani.com\/wp-content\/uploads\/2026\/04\/photo_5141359248599092202_y-980x735.jpg 980w, https:\/\/alcaldiaalbertoadriani.com\/wp-content\/uploads\/2026\/04\/photo_5141359248599092202_y-480x360.jpg 480w\" sizes=\"auto, (min-width: 0px) and (max-width: 480px) 480px, (min-width: 481px) and (max-width: 980px) 980px, (min-width: 981px) 1024px, 100vw\" \/><\/figure>\n\n\n\n<figure class=\"wp-block-image size-large\"><img loading=\"lazy\" decoding=\"async\" width=\"1024\" height=\"768\" data-id=\"16132\" src=\"https:\/\/alcaldiaalbertoadriani.com\/wp-content\/uploads\/2026\/04\/photo_5141359248599092203_y-1024x768.jpg\" alt=\"\" class=\"wp-image-16132\" srcset=\"https:\/\/alcaldiaalbertoadriani.com\/wp-content\/uploads\/2026\/04\/photo_5141359248599092203_y-1024x768.jpg 1024w, https:\/\/alcaldiaalbertoadriani.com\/wp-content\/uploads\/2026\/04\/photo_5141359248599092203_y-980x735.jpg 980w, https:\/\/alcaldiaalbertoadriani.com\/wp-content\/uploads\/2026\/04\/photo_5141359248599092203_y-480x360.jpg 480w\" sizes=\"auto, (min-width: 0px) and (max-width: 480px) 480px, (min-width: 481px) and (max-width: 980px) 980px, (min-width: 981px) 1024px, 100vw\" \/><\/figure>\n\n\n\n<figure class=\"wp-block-image size-large\"><img loading=\"lazy\" decoding=\"async\" width=\"1024\" height=\"768\" data-id=\"16135\" src=\"https:\/\/alcaldiaalbertoadriani.com\/wp-content\/uploads\/2026\/04\/photo_5141359248599092204_y-1024x768.jpg\" alt=\"\" class=\"wp-image-16135\" srcset=\"https:\/\/alcaldiaalbertoadriani.com\/wp-content\/uploads\/2026\/04\/photo_5141359248599092204_y-1024x768.jpg 1024w, https:\/\/alcaldiaalbertoadriani.com\/wp-content\/uploads\/2026\/04\/photo_5141359248599092204_y-980x735.jpg 980w, https:\/\/alcaldiaalbertoadriani.com\/wp-content\/uploads\/2026\/04\/photo_5141359248599092204_y-480x360.jpg 480w\" sizes=\"auto, (min-width: 0px) and (max-width: 480px) 480px, (min-width: 481px) and (max-width: 980px) 980px, (min-width: 981px) 1024px, 100vw\" \/><\/figure>\n\n\n\n<figure class=\"wp-block-image size-large\"><img loading=\"lazy\" decoding=\"async\" width=\"1024\" height=\"682\" data-id=\"16134\" src=\"https:\/\/alcaldiaalbertoadriani.com\/wp-content\/uploads\/2026\/04\/photo_5141359248599092207_y-1024x682.jpg\" alt=\"\" class=\"wp-image-16134\" srcset=\"https:\/\/alcaldiaalbertoadriani.com\/wp-content\/uploads\/2026\/04\/photo_5141359248599092207_y-1024x682.jpg 1024w, https:\/\/alcaldiaalbertoadriani.com\/wp-content\/uploads\/2026\/04\/photo_5141359248599092207_y-980x653.jpg 980w, https:\/\/alcaldiaalbertoadriani.com\/wp-content\/uploads\/2026\/04\/photo_5141359248599092207_y-480x320.jpg 480w\" sizes=\"auto, (min-width: 0px) and (max-width: 480px) 480px, (min-width: 481px) and (max-width: 980px) 980px, (min-width: 981px) 1024px, 100vw\" \/><\/figure>\n<\/figure>\n","protected":false},"excerpt":{"rendered":"<p>La cuarta Noche T\u00edpica de Ferivig\u00eda 2026 se desarroll\u00f3 en un ambiente cargado de elegancia, glamour y evocaci\u00f3n de \u00e9pocas pasadas, destacando el valor de las tradiciones culturales que identifican [&hellip;]<\/p>\n","protected":false},"author":2,"featured_media":16126,"comment_status":"open","ping_status":"closed","sticky":false,"template":"","format":"standard","meta":{"_et_pb_use_builder":"off","_et_pb_old_content":"","_et_gb_content_width":"","footnotes":""},"categories":[341,382,25],"tags":[31,11,12,15,761,30,29,28],"class_list":["post-16125","post","type-post","status-publish","format-standard","has-post-thumbnail","hentry","category-alcaldia-alberto-adriani","category-ferivigia","category-nuestro-municipio","tag-alcalde","tag-alcaldia","tag-alcaldiaalbertoadriani","tag-elvigia","tag-encrucijadadeprogreso","tag-lisandrosegura","tag-municipioquenosmerecemos","tag-porelrenacer"],"yoast_head":"<!-- This site is optimized with the Yoast SEO plugin v19.13 - https:\/\/yoast.com\/wordpress\/plugins\/seo\/ -->\n<title>La cuarta Noche T\u00edpica de Ferivig\u00eda se visti\u00f3 de anta\u00f1o<\/title>\n<meta name=\"description\" content=\"La cuarta Noche T\u00edpica de Ferivig\u00eda se visti\u00f3 de anta\u00f1o en un despliegue de elegancia y tradici\u00f3n inici\u00f3 con la participaci\u00f3n de Dans Lovers\" \/>\n<meta name=\"robots\" content=\"index, follow, max-snippet:-1, max-image-preview:large, max-video-preview:-1\" \/>\n<link rel=\"canonical\" href=\"https:\/\/alcaldiaalbertoadriani.com\/?p=16125\" \/>\n<meta property=\"og:locale\" content=\"es_ES\" \/>\n<meta property=\"og:type\" content=\"article\" \/>\n<meta property=\"og:title\" content=\"La cuarta Noche T\u00edpica de Ferivig\u00eda se visti\u00f3 de anta\u00f1o\" \/>\n<meta property=\"og:description\" content=\"La cuarta Noche T\u00edpica de Ferivig\u00eda se visti\u00f3 de anta\u00f1o en un despliegue de elegancia y tradici\u00f3n inici\u00f3 con la participaci\u00f3n de Dans Lovers\" \/>\n<meta property=\"og:url\" content=\"https:\/\/alcaldiaalbertoadriani.com\/?p=16125\" \/>\n<meta property=\"og:site_name\" content=\"Alcaldia Alberto Adriani\" \/>\n<meta property=\"article:published_time\" content=\"2026-04-27T18:16:37+00:00\" \/>\n<meta property=\"article:modified_time\" content=\"2026-04-27T18:17:48+00:00\" \/>\n<meta property=\"og:image\" content=\"https:\/\/alcaldiaalbertoadriani.com\/wp-content\/uploads\/2026\/04\/photo_5141359248599092206_y.jpg\" \/>\n\t<meta property=\"og:image:width\" content=\"1280\" \/>\n\t<meta property=\"og:image:height\" content=\"853\" \/>\n\t<meta property=\"og:image:type\" content=\"image\/jpeg\" \/>\n<meta name=\"author\" content=\"Prensa\" \/>\n<meta name=\"twitter:card\" content=\"summary_large_image\" \/>\n<meta name=\"twitter:label1\" content=\"Escrito por\" \/>\n\t<meta name=\"twitter:data1\" content=\"Prensa\" \/>\n\t<meta name=\"twitter:label2\" content=\"Tiempo de lectura\" \/>\n\t<meta name=\"twitter:data2\" content=\"4 minutos\" \/>\n<script type=\"application\/ld+json\" class=\"yoast-schema-graph\">{\"@context\":\"https:\/\/schema.org\",\"@graph\":[{\"@type\":\"WebPage\",\"@id\":\"https:\/\/alcaldiaalbertoadriani.com\/?p=16125\",\"url\":\"https:\/\/alcaldiaalbertoadriani.com\/?p=16125\",\"name\":\"La cuarta Noche T\u00edpica de Ferivig\u00eda se visti\u00f3 de anta\u00f1o\",\"isPartOf\":{\"@id\":\"https:\/\/alcaldiaalbertoadriani.com\/#website\"},\"datePublished\":\"2026-04-27T18:16:37+00:00\",\"dateModified\":\"2026-04-27T18:17:48+00:00\",\"author\":{\"@id\":\"https:\/\/alcaldiaalbertoadriani.com\/#\/schema\/person\/549b4483ff8999ac780deeea78795fc9\"},\"description\":\"La cuarta Noche T\u00edpica de Ferivig\u00eda se visti\u00f3 de anta\u00f1o en un despliegue de elegancia y tradici\u00f3n inici\u00f3 con la participaci\u00f3n de Dans Lovers\",\"breadcrumb\":{\"@id\":\"https:\/\/alcaldiaalbertoadriani.com\/?p=16125#breadcrumb\"},\"inLanguage\":\"es\",\"potentialAction\":[{\"@type\":\"ReadAction\",\"target\":[\"https:\/\/alcaldiaalbertoadriani.com\/?p=16125\"]}]},{\"@type\":\"BreadcrumbList\",\"@id\":\"https:\/\/alcaldiaalbertoadriani.com\/?p=16125#breadcrumb\",\"itemListElement\":[{\"@type\":\"ListItem\",\"position\":1,\"name\":\"Portada\",\"item\":\"https:\/\/alcaldiaalbertoadriani.com\/\"},{\"@type\":\"ListItem\",\"position\":2,\"name\":\"La cuarta Noche T\u00edpica de Ferivig\u00eda se visti\u00f3 de anta\u00f1o en un despliegue de elegancia y tradici\u00f3n\"}]},{\"@type\":\"WebSite\",\"@id\":\"https:\/\/alcaldiaalbertoadriani.com\/#website\",\"url\":\"https:\/\/alcaldiaalbertoadriani.com\/\",\"name\":\"Alcaldia Alberto Adriani\",\"description\":\"\",\"potentialAction\":[{\"@type\":\"SearchAction\",\"target\":{\"@type\":\"EntryPoint\",\"urlTemplate\":\"https:\/\/alcaldiaalbertoadriani.com\/?s={search_term_string}\"},\"query-input\":\"required name=search_term_string\"}],\"inLanguage\":\"es\"},{\"@type\":\"Person\",\"@id\":\"https:\/\/alcaldiaalbertoadriani.com\/#\/schema\/person\/549b4483ff8999ac780deeea78795fc9\",\"name\":\"Prensa\",\"image\":{\"@type\":\"ImageObject\",\"inLanguage\":\"es\",\"@id\":\"https:\/\/alcaldiaalbertoadriani.com\/#\/schema\/person\/image\/\",\"url\":\"https:\/\/secure.gravatar.com\/avatar\/ea1cb567ea992a29627f4eee1c2eb185ec16decec6342d508fdf18dedb56c9de?s=96&d=mm&r=g\",\"contentUrl\":\"https:\/\/secure.gravatar.com\/avatar\/ea1cb567ea992a29627f4eee1c2eb185ec16decec6342d508fdf18dedb56c9de?s=96&d=mm&r=g\",\"caption\":\"Prensa\"},\"url\":\"https:\/\/alcaldiaalbertoadriani.com\/?author=2\"}]}<\/script>\n<!-- \/ Yoast SEO plugin. -->","yoast_head_json":{"title":"La cuarta Noche T\u00edpica de Ferivig\u00eda se visti\u00f3 de anta\u00f1o","description":"La cuarta Noche T\u00edpica de Ferivig\u00eda se visti\u00f3 de anta\u00f1o en un despliegue de elegancia y tradici\u00f3n inici\u00f3 con la participaci\u00f3n de Dans Lovers","robots":{"index":"index","follow":"follow","max-snippet":"max-snippet:-1","max-image-preview":"max-image-preview:large","max-video-preview":"max-video-preview:-1"},"canonical":"https:\/\/alcaldiaalbertoadriani.com\/?p=16125","og_locale":"es_ES","og_type":"article","og_title":"La cuarta Noche T\u00edpica de Ferivig\u00eda se visti\u00f3 de anta\u00f1o","og_description":"La cuarta Noche T\u00edpica de Ferivig\u00eda se visti\u00f3 de anta\u00f1o en un despliegue de elegancia y tradici\u00f3n inici\u00f3 con la participaci\u00f3n de Dans Lovers","og_url":"https:\/\/alcaldiaalbertoadriani.com\/?p=16125","og_site_name":"Alcaldia Alberto Adriani","article_published_time":"2026-04-27T18:16:37+00:00","article_modified_time":"2026-04-27T18:17:48+00:00","og_image":[{"width":1280,"height":853,"url":"https:\/\/alcaldiaalbertoadriani.com\/wp-content\/uploads\/2026\/04\/photo_5141359248599092206_y.jpg","type":"image\/jpeg"}],"author":"Prensa","twitter_card":"summary_large_image","twitter_misc":{"Escrito por":"Prensa","Tiempo de lectura":"4 minutos"},"schema":{"@context":"https:\/\/schema.org","@graph":[{"@type":"WebPage","@id":"https:\/\/alcaldiaalbertoadriani.com\/?p=16125","url":"https:\/\/alcaldiaalbertoadriani.com\/?p=16125","name":"La cuarta Noche T\u00edpica de Ferivig\u00eda se visti\u00f3 de anta\u00f1o","isPartOf":{"@id":"https:\/\/alcaldiaalbertoadriani.com\/#website"},"datePublished":"2026-04-27T18:16:37+00:00","dateModified":"2026-04-27T18:17:48+00:00","author":{"@id":"https:\/\/alcaldiaalbertoadriani.com\/#\/schema\/person\/549b4483ff8999ac780deeea78795fc9"},"description":"La cuarta Noche T\u00edpica de Ferivig\u00eda se visti\u00f3 de anta\u00f1o en un despliegue de elegancia y tradici\u00f3n inici\u00f3 con la participaci\u00f3n de Dans Lovers","breadcrumb":{"@id":"https:\/\/alcaldiaalbertoadriani.com\/?p=16125#breadcrumb"},"inLanguage":"es","potentialAction":[{"@type":"ReadAction","target":["https:\/\/alcaldiaalbertoadriani.com\/?p=16125"]}]},{"@type":"BreadcrumbList","@id":"https:\/\/alcaldiaalbertoadriani.com\/?p=16125#breadcrumb","itemListElement":[{"@type":"ListItem","position":1,"name":"Portada","item":"https:\/\/alcaldiaalbertoadriani.com\/"},{"@type":"ListItem","position":2,"name":"La cuarta Noche T\u00edpica de Ferivig\u00eda se visti\u00f3 de anta\u00f1o en un despliegue de elegancia y tradici\u00f3n"}]},{"@type":"WebSite","@id":"https:\/\/alcaldiaalbertoadriani.com\/#website","url":"https:\/\/alcaldiaalbertoadriani.com\/","name":"Alcaldia Alberto Adriani","description":"","potentialAction":[{"@type":"SearchAction","target":{"@type":"EntryPoint","urlTemplate":"https:\/\/alcaldiaalbertoadriani.com\/?s={search_term_string}"},"query-input":"required name=search_term_string"}],"inLanguage":"es"},{"@type":"Person","@id":"https:\/\/alcaldiaalbertoadriani.com\/#\/schema\/person\/549b4483ff8999ac780deeea78795fc9","name":"Prensa","image":{"@type":"ImageObject","inLanguage":"es","@id":"https:\/\/alcaldiaalbertoadriani.com\/#\/schema\/person\/image\/","url":"https:\/\/secure.gravatar.com\/avatar\/ea1cb567ea992a29627f4eee1c2eb185ec16decec6342d508fdf18dedb56c9de?s=96&d=mm&r=g","contentUrl":"https:\/\/secure.gravatar.com\/avatar\/ea1cb567ea992a29627f4eee1c2eb185ec16decec6342d508fdf18dedb56c9de?s=96&d=mm&r=g","caption":"Prensa"},"url":"https:\/\/alcaldiaalbertoadriani.com\/?author=2"}]}},"_links":{"self":[{"href":"https:\/\/alcaldiaalbertoadriani.com\/index.php?rest_route=\/wp\/v2\/posts\/16125","targetHints":{"allow":["GET"]}}],"collection":[{"href":"https:\/\/alcaldiaalbertoadriani.com\/index.php?rest_route=\/wp\/v2\/posts"}],"about":[{"href":"https:\/\/alcaldiaalbertoadriani.com\/index.php?rest_route=\/wp\/v2\/types\/post"}],"author":[{"embeddable":true,"href":"https:\/\/alcaldiaalbertoadriani.com\/index.php?rest_route=\/wp\/v2\/users\/2"}],"replies":[{"embeddable":true,"href":"https:\/\/alcaldiaalbertoadriani.com\/index.php?rest_route=%2Fwp%2Fv2%2Fcomments&post=16125"}],"version-history":[{"count":1,"href":"https:\/\/alcaldiaalbertoadriani.com\/index.php?rest_route=\/wp\/v2\/posts\/16125\/revisions"}],"predecessor-version":[{"id":16136,"href":"https:\/\/alcaldiaalbertoadriani.com\/index.php?rest_route=\/wp\/v2\/posts\/16125\/revisions\/16136"}],"wp:featuredmedia":[{"embeddable":true,"href":"https:\/\/alcaldiaalbertoadriani.com\/index.php?rest_route=\/wp\/v2\/media\/16126"}],"wp:attachment":[{"href":"https:\/\/alcaldiaalbertoadriani.com\/index.php?rest_route=%2Fwp%2Fv2%2Fmedia&parent=16125"}],"wp:term":[{"taxonomy":"category","embeddable":true,"href":"https:\/\/alcaldiaalbertoadriani.com\/index.php?rest_route=%2Fwp%2Fv2%2Fcategories&post=16125"},{"taxonomy":"post_tag","embeddable":true,"href":"https:\/\/alcaldiaalbertoadriani.com\/index.php?rest_route=%2Fwp%2Fv2%2Ftags&post=16125"}],"curies":[{"name":"wp","href":"https:\/\/api.w.org\/{rel}","templated":true}]}}