{"id":16114,"date":"2026-04-27T16:01:53","date_gmt":"2026-04-27T16:01:53","guid":{"rendered":"https:\/\/alcaldiaalbertoadriani.com\/?p=16114"},"modified":"2026-04-27T16:01:56","modified_gmt":"2026-04-27T16:01:56","slug":"alcaldia-de-alberto-adriani-desplego-jornada-social-4","status":"publish","type":"post","link":"https:\/\/alcaldiaalbertoadriani.com\/?p=16114","title":{"rendered":"Alcald\u00eda de Alberto Adriani despleg\u00f3 jornada social en la Parroquia Pulido M\u00e9ndez"},"content":{"rendered":"\n<p>El Gobierno Municipal de Alberto Adriani, liderado por el alcalde <a href=\"https:\/\/www.instagram.com\/lisandrosegura02\/\">Lisandro Segura<\/a>, a trav\u00e9s de la <a href=\"https:\/\/alcaldiaalbertoadriani.com\/?p=5049\">Gerencia de Desarrollo Social<\/a>, contin\u00faa fortaleciendo la atenci\u00f3n integral. Llevando bienestar y servicios esenciales a los sectores m\u00e1s vulnerables.<\/p>\n\n\n\n<p>En esta oportunidad, la <a href=\"https:\/\/alcaldiaalbertoadriani.com\/?tag=la-motosa-recibio-atencion-integral-en-jornada-social\">jornada social<\/a> se desarroll\u00f3 en la parroquia Pulido M\u00e9ndez, espec\u00edficamente en el sector Araguaney. Beneficiando a los habitantes de las comunidades Santa Ines, Los Caobos, La Bandera, Los Geranios, Nueva Lucha y Ca\u00f1o Seco II.<\/p>\n\n\n\n<p>Durante la jornada social, se brind\u00f3 atenci\u00f3n m\u00e9dica integral, logrando beneficiar a un importante n\u00famero de ciudadanos. En el \u00e1rea de medicina general fueron atendidas 72 personas, mientras que en pediatr\u00eda se asistieron 25 ni\u00f1os.<\/p>\n\n\n\n<figure class=\"wp-block-gallery has-nested-images columns-default is-cropped wp-block-gallery-1 is-layout-flex wp-block-gallery-is-layout-flex\">\n<figure class=\"wp-block-image size-large\"><img loading=\"lazy\" decoding=\"async\" width=\"1024\" height=\"768\" data-id=\"16116\" src=\"https:\/\/alcaldiaalbertoadriani.com\/wp-content\/uploads\/2026\/04\/photo_5143601590894791798_y-1024x768.jpg\" alt=\"\" class=\"wp-image-16116\" srcset=\"https:\/\/alcaldiaalbertoadriani.com\/wp-content\/uploads\/2026\/04\/photo_5143601590894791798_y-1024x768.jpg 1024w, https:\/\/alcaldiaalbertoadriani.com\/wp-content\/uploads\/2026\/04\/photo_5143601590894791798_y-980x735.jpg 980w, https:\/\/alcaldiaalbertoadriani.com\/wp-content\/uploads\/2026\/04\/photo_5143601590894791798_y-480x360.jpg 480w\" sizes=\"auto, (min-width: 0px) and (max-width: 480px) 480px, (min-width: 481px) and (max-width: 980px) 980px, (min-width: 981px) 1024px, 100vw\" \/><\/figure>\n<\/figure>\n\n\n\n<p>De igual manera, se realizaron controles de salud como el pesaje de 40 personas y el registro de presi\u00f3n arterial a 64 ciudadanos. En otros servicios, 14 personas se registraron en el \u00e1rea de nutrici\u00f3n, del mismo modo la asistencia de la Terapia Restauradora mejoro a 17 personas, 109 fueron al servicio de desparasitaci\u00f3n, mientras que 10 casos quedaron registrados en la Oficina de Personas con Discapacidad, para un total de 130 ciudadanos atendidos.<\/p>\n\n\n\n<figure class=\"wp-block-gallery has-nested-images columns-default is-cropped wp-block-gallery-2 is-layout-flex wp-block-gallery-is-layout-flex\">\n<figure class=\"wp-block-image size-large\"><img loading=\"lazy\" decoding=\"async\" width=\"1024\" height=\"768\" data-id=\"16117\" src=\"https:\/\/alcaldiaalbertoadriani.com\/wp-content\/uploads\/2026\/04\/photo_5143601590894791802_y-1024x768.jpg\" alt=\"\" class=\"wp-image-16117\" srcset=\"https:\/\/alcaldiaalbertoadriani.com\/wp-content\/uploads\/2026\/04\/photo_5143601590894791802_y-1024x768.jpg 1024w, https:\/\/alcaldiaalbertoadriani.com\/wp-content\/uploads\/2026\/04\/photo_5143601590894791802_y-980x735.jpg 980w, https:\/\/alcaldiaalbertoadriani.com\/wp-content\/uploads\/2026\/04\/photo_5143601590894791802_y-480x360.jpg 480w\" sizes=\"auto, (min-width: 0px) and (max-width: 480px) 480px, (min-width: 481px) and (max-width: 980px) 980px, (min-width: 981px) 1024px, 100vw\" \/><\/figure>\n<\/figure>\n\n\n\n<p>En cuanto a la asistencia social, 87 personas fueron beneficiadas con la entrega de medicamentos, mientras que 12 ciudadanos recibieron servicios de peluquer\u00eda. Por su parte, el Consejo de Protecci\u00f3n del Ni\u00f1o, Ni\u00f1a y Adolescente (CPNNA) brind\u00f3 atenci\u00f3n especializada a 30 personas y el Consejo de Derechos del Ni\u00f1o Ni\u00f1a y Adolescente (CDNNA), atendi\u00f3 30 casos.<\/p>\n\n\n\n<p>Estas acciones reafirman el compromiso del alcalde <a href=\"https:\/\/www.instagram.com\/lisandrosegura02\/\">Lisandro Segura <\/a>de continuar trabajando por el bienestar social de los habitantes del municipio, garantizando el acceso a servicios de salud y programas sociales que contribuyan a mejorar la calidad de vida de todos los ciudadanos. <strong><em>Prensa OIPITahiry Villalobos C.N.P: 23.225 \/ foto OIPI: Karla M\u00e1rquez.<\/em><\/strong><\/p>\n\n\n\n<figure class=\"wp-block-gallery has-nested-images columns-default is-cropped wp-block-gallery-3 is-layout-flex wp-block-gallery-is-layout-flex\">\n<figure class=\"wp-block-image size-large\"><img loading=\"lazy\" decoding=\"async\" width=\"1024\" height=\"768\" data-id=\"16118\" src=\"https:\/\/alcaldiaalbertoadriani.com\/wp-content\/uploads\/2026\/04\/photo_5143601590894791811_y-1024x768.jpg\" alt=\"\" class=\"wp-image-16118\" srcset=\"https:\/\/alcaldiaalbertoadriani.com\/wp-content\/uploads\/2026\/04\/photo_5143601590894791811_y-1024x768.jpg 1024w, https:\/\/alcaldiaalbertoadriani.com\/wp-content\/uploads\/2026\/04\/photo_5143601590894791811_y-980x735.jpg 980w, https:\/\/alcaldiaalbertoadriani.com\/wp-content\/uploads\/2026\/04\/photo_5143601590894791811_y-480x360.jpg 480w\" sizes=\"auto, (min-width: 0px) and (max-width: 480px) 480px, (min-width: 481px) and (max-width: 980px) 980px, (min-width: 981px) 1024px, 100vw\" \/><\/figure>\n\n\n\n<figure class=\"wp-block-image size-large\"><img loading=\"lazy\" decoding=\"async\" width=\"1024\" height=\"768\" data-id=\"16122\" src=\"https:\/\/alcaldiaalbertoadriani.com\/wp-content\/uploads\/2026\/04\/photo_5143601590894791795_y-1024x768.jpg\" alt=\"\" class=\"wp-image-16122\" srcset=\"https:\/\/alcaldiaalbertoadriani.com\/wp-content\/uploads\/2026\/04\/photo_5143601590894791795_y-1024x768.jpg 1024w, https:\/\/alcaldiaalbertoadriani.com\/wp-content\/uploads\/2026\/04\/photo_5143601590894791795_y-980x735.jpg 980w, https:\/\/alcaldiaalbertoadriani.com\/wp-content\/uploads\/2026\/04\/photo_5143601590894791795_y-480x360.jpg 480w\" sizes=\"auto, (min-width: 0px) and (max-width: 480px) 480px, (min-width: 481px) and (max-width: 980px) 980px, (min-width: 981px) 1024px, 100vw\" \/><\/figure>\n\n\n\n<figure class=\"wp-block-image size-large\"><img loading=\"lazy\" decoding=\"async\" width=\"1024\" height=\"768\" data-id=\"16120\" src=\"https:\/\/alcaldiaalbertoadriani.com\/wp-content\/uploads\/2026\/04\/photo_5143601590894791797_y-1024x768.jpg\" alt=\"\" class=\"wp-image-16120\" srcset=\"https:\/\/alcaldiaalbertoadriani.com\/wp-content\/uploads\/2026\/04\/photo_5143601590894791797_y-1024x768.jpg 1024w, https:\/\/alcaldiaalbertoadriani.com\/wp-content\/uploads\/2026\/04\/photo_5143601590894791797_y-980x735.jpg 980w, https:\/\/alcaldiaalbertoadriani.com\/wp-content\/uploads\/2026\/04\/photo_5143601590894791797_y-480x360.jpg 480w\" sizes=\"auto, (min-width: 0px) and (max-width: 480px) 480px, (min-width: 481px) and (max-width: 980px) 980px, (min-width: 981px) 1024px, 100vw\" \/><\/figure>\n\n\n\n<figure class=\"wp-block-image size-large\"><img loading=\"lazy\" decoding=\"async\" width=\"1024\" height=\"768\" data-id=\"16119\" src=\"https:\/\/alcaldiaalbertoadriani.com\/wp-content\/uploads\/2026\/04\/photo_5143601590894791804_y-1024x768.jpg\" alt=\"\" class=\"wp-image-16119\" srcset=\"https:\/\/alcaldiaalbertoadriani.com\/wp-content\/uploads\/2026\/04\/photo_5143601590894791804_y-1024x768.jpg 1024w, https:\/\/alcaldiaalbertoadriani.com\/wp-content\/uploads\/2026\/04\/photo_5143601590894791804_y-980x735.jpg 980w, https:\/\/alcaldiaalbertoadriani.com\/wp-content\/uploads\/2026\/04\/photo_5143601590894791804_y-480x360.jpg 480w\" sizes=\"auto, (min-width: 0px) and (max-width: 480px) 480px, (min-width: 481px) and (max-width: 980px) 980px, (min-width: 981px) 1024px, 100vw\" \/><\/figure>\n\n\n\n<figure class=\"wp-block-image size-large\"><img loading=\"lazy\" decoding=\"async\" width=\"1024\" height=\"768\" data-id=\"16121\" src=\"https:\/\/alcaldiaalbertoadriani.com\/wp-content\/uploads\/2026\/04\/photo_5143601590894791806_y-1024x768.jpg\" alt=\"\" class=\"wp-image-16121\" srcset=\"https:\/\/alcaldiaalbertoadriani.com\/wp-content\/uploads\/2026\/04\/photo_5143601590894791806_y-1024x768.jpg 1024w, https:\/\/alcaldiaalbertoadriani.com\/wp-content\/uploads\/2026\/04\/photo_5143601590894791806_y-980x735.jpg 980w, https:\/\/alcaldiaalbertoadriani.com\/wp-content\/uploads\/2026\/04\/photo_5143601590894791806_y-480x360.jpg 480w\" sizes=\"auto, (min-width: 0px) and (max-width: 480px) 480px, (min-width: 481px) and (max-width: 980px) 980px, (min-width: 981px) 1024px, 100vw\" \/><\/figure>\n\n\n\n<figure class=\"wp-block-image size-large\"><img loading=\"lazy\" decoding=\"async\" width=\"1024\" height=\"768\" data-id=\"16123\" src=\"https:\/\/alcaldiaalbertoadriani.com\/wp-content\/uploads\/2026\/04\/photo_5143601590894791808_y-1024x768.jpg\" alt=\"\" class=\"wp-image-16123\" srcset=\"https:\/\/alcaldiaalbertoadriani.com\/wp-content\/uploads\/2026\/04\/photo_5143601590894791808_y-1024x768.jpg 1024w, https:\/\/alcaldiaalbertoadriani.com\/wp-content\/uploads\/2026\/04\/photo_5143601590894791808_y-980x735.jpg 980w, https:\/\/alcaldiaalbertoadriani.com\/wp-content\/uploads\/2026\/04\/photo_5143601590894791808_y-480x360.jpg 480w\" sizes=\"auto, (min-width: 0px) and (max-width: 480px) 480px, (min-width: 481px) and (max-width: 980px) 980px, (min-width: 981px) 1024px, 100vw\" \/><\/figure>\n<\/figure>\n","protected":false},"excerpt":{"rendered":"<p>El Gobierno Municipal de Alberto Adriani, liderado por el alcalde Lisandro Segura, a trav\u00e9s de la Gerencia de Desarrollo Social, contin\u00faa fortaleciendo la atenci\u00f3n integral. Llevando bienestar y servicios esenciales [&hellip;]<\/p>\n","protected":false},"author":2,"featured_media":16115,"comment_status":"open","ping_status":"closed","sticky":false,"template":"","format":"standard","meta":{"_et_pb_use_builder":"off","_et_pb_old_content":"","_et_gb_content_width":"","footnotes":""},"categories":[341,49,89,60,240,821,25,472],"tags":[31,11,12,15,761,30,29,28],"class_list":["post-16114","post","type-post","status-publish","format-standard","has-post-thumbnail","hentry","category-alcaldia-alberto-adriani","category-cmdnna","category-imjaa","category-immigaa","category-inbies","category-jornada","category-nuestro-municipio","category-salud","tag-alcalde","tag-alcaldia","tag-alcaldiaalbertoadriani","tag-elvigia","tag-encrucijadadeprogreso","tag-lisandrosegura","tag-municipioquenosmerecemos","tag-porelrenacer"],"yoast_head":"<!-- This site is optimized with the Yoast SEO plugin v19.13 - https:\/\/yoast.com\/wordpress\/plugins\/seo\/ -->\n<title>Alcald\u00eda de Alberto Adriani despleg\u00f3 jornada social<\/title>\n<meta name=\"description\" content=\"Alcald\u00eda de Alberto Adriani despleg\u00f3 jornada social en la Parroquia Pulido M\u00e9ndez fortaleciendo la atenci\u00f3n integral a las comunidades\" \/>\n<meta name=\"robots\" content=\"index, follow, max-snippet:-1, max-image-preview:large, max-video-preview:-1\" \/>\n<link rel=\"canonical\" href=\"https:\/\/alcaldiaalbertoadriani.com\/?p=16114\" \/>\n<meta property=\"og:locale\" content=\"es_ES\" \/>\n<meta property=\"og:type\" content=\"article\" \/>\n<meta property=\"og:title\" content=\"Alcald\u00eda de Alberto Adriani despleg\u00f3 jornada social\" \/>\n<meta property=\"og:description\" content=\"Alcald\u00eda de Alberto Adriani despleg\u00f3 jornada social en la Parroquia Pulido M\u00e9ndez fortaleciendo la atenci\u00f3n integral a las comunidades\" \/>\n<meta property=\"og:url\" content=\"https:\/\/alcaldiaalbertoadriani.com\/?p=16114\" \/>\n<meta property=\"og:site_name\" content=\"Alcaldia Alberto Adriani\" \/>\n<meta property=\"article:published_time\" content=\"2026-04-27T16:01:53+00:00\" \/>\n<meta property=\"article:modified_time\" content=\"2026-04-27T16:01:56+00:00\" \/>\n<meta property=\"og:image\" content=\"https:\/\/alcaldiaalbertoadriani.com\/wp-content\/uploads\/2026\/04\/photo_5143601590894791790_y.jpg\" \/>\n\t<meta property=\"og:image:width\" content=\"1280\" \/>\n\t<meta property=\"og:image:height\" content=\"960\" \/>\n\t<meta property=\"og:image:type\" content=\"image\/jpeg\" \/>\n<meta name=\"author\" content=\"Prensa\" \/>\n<meta name=\"twitter:card\" content=\"summary_large_image\" \/>\n<meta name=\"twitter:label1\" content=\"Escrito por\" \/>\n\t<meta name=\"twitter:data1\" content=\"Prensa\" \/>\n\t<meta name=\"twitter:label2\" content=\"Tiempo de lectura\" \/>\n\t<meta name=\"twitter:data2\" content=\"3 minutos\" \/>\n<script type=\"application\/ld+json\" class=\"yoast-schema-graph\">{\"@context\":\"https:\/\/schema.org\",\"@graph\":[{\"@type\":\"WebPage\",\"@id\":\"https:\/\/alcaldiaalbertoadriani.com\/?p=16114\",\"url\":\"https:\/\/alcaldiaalbertoadriani.com\/?p=16114\",\"name\":\"Alcald\u00eda de Alberto Adriani despleg\u00f3 jornada social\",\"isPartOf\":{\"@id\":\"https:\/\/alcaldiaalbertoadriani.com\/#website\"},\"datePublished\":\"2026-04-27T16:01:53+00:00\",\"dateModified\":\"2026-04-27T16:01:56+00:00\",\"author\":{\"@id\":\"https:\/\/alcaldiaalbertoadriani.com\/#\/schema\/person\/549b4483ff8999ac780deeea78795fc9\"},\"description\":\"Alcald\u00eda de Alberto Adriani despleg\u00f3 jornada social en la Parroquia Pulido M\u00e9ndez fortaleciendo la atenci\u00f3n integral a las comunidades\",\"breadcrumb\":{\"@id\":\"https:\/\/alcaldiaalbertoadriani.com\/?p=16114#breadcrumb\"},\"inLanguage\":\"es\",\"potentialAction\":[{\"@type\":\"ReadAction\",\"target\":[\"https:\/\/alcaldiaalbertoadriani.com\/?p=16114\"]}]},{\"@type\":\"BreadcrumbList\",\"@id\":\"https:\/\/alcaldiaalbertoadriani.com\/?p=16114#breadcrumb\",\"itemListElement\":[{\"@type\":\"ListItem\",\"position\":1,\"name\":\"Portada\",\"item\":\"https:\/\/alcaldiaalbertoadriani.com\/\"},{\"@type\":\"ListItem\",\"position\":2,\"name\":\"Alcald\u00eda de Alberto Adriani despleg\u00f3 jornada social en la Parroquia Pulido M\u00e9ndez\"}]},{\"@type\":\"WebSite\",\"@id\":\"https:\/\/alcaldiaalbertoadriani.com\/#website\",\"url\":\"https:\/\/alcaldiaalbertoadriani.com\/\",\"name\":\"Alcaldia Alberto Adriani\",\"description\":\"\",\"potentialAction\":[{\"@type\":\"SearchAction\",\"target\":{\"@type\":\"EntryPoint\",\"urlTemplate\":\"https:\/\/alcaldiaalbertoadriani.com\/?s={search_term_string}\"},\"query-input\":\"required name=search_term_string\"}],\"inLanguage\":\"es\"},{\"@type\":\"Person\",\"@id\":\"https:\/\/alcaldiaalbertoadriani.com\/#\/schema\/person\/549b4483ff8999ac780deeea78795fc9\",\"name\":\"Prensa\",\"image\":{\"@type\":\"ImageObject\",\"inLanguage\":\"es\",\"@id\":\"https:\/\/alcaldiaalbertoadriani.com\/#\/schema\/person\/image\/\",\"url\":\"https:\/\/secure.gravatar.com\/avatar\/ea1cb567ea992a29627f4eee1c2eb185ec16decec6342d508fdf18dedb56c9de?s=96&d=mm&r=g\",\"contentUrl\":\"https:\/\/secure.gravatar.com\/avatar\/ea1cb567ea992a29627f4eee1c2eb185ec16decec6342d508fdf18dedb56c9de?s=96&d=mm&r=g\",\"caption\":\"Prensa\"},\"url\":\"https:\/\/alcaldiaalbertoadriani.com\/?author=2\"}]}<\/script>\n<!-- \/ Yoast SEO plugin. -->","yoast_head_json":{"title":"Alcald\u00eda de Alberto Adriani despleg\u00f3 jornada social","description":"Alcald\u00eda de Alberto Adriani despleg\u00f3 jornada social en la Parroquia Pulido M\u00e9ndez fortaleciendo la atenci\u00f3n integral a las comunidades","robots":{"index":"index","follow":"follow","max-snippet":"max-snippet:-1","max-image-preview":"max-image-preview:large","max-video-preview":"max-video-preview:-1"},"canonical":"https:\/\/alcaldiaalbertoadriani.com\/?p=16114","og_locale":"es_ES","og_type":"article","og_title":"Alcald\u00eda de Alberto Adriani despleg\u00f3 jornada social","og_description":"Alcald\u00eda de Alberto Adriani despleg\u00f3 jornada social en la Parroquia Pulido M\u00e9ndez fortaleciendo la atenci\u00f3n integral a las comunidades","og_url":"https:\/\/alcaldiaalbertoadriani.com\/?p=16114","og_site_name":"Alcaldia Alberto Adriani","article_published_time":"2026-04-27T16:01:53+00:00","article_modified_time":"2026-04-27T16:01:56+00:00","og_image":[{"width":1280,"height":960,"url":"https:\/\/alcaldiaalbertoadriani.com\/wp-content\/uploads\/2026\/04\/photo_5143601590894791790_y.jpg","type":"image\/jpeg"}],"author":"Prensa","twitter_card":"summary_large_image","twitter_misc":{"Escrito por":"Prensa","Tiempo de lectura":"3 minutos"},"schema":{"@context":"https:\/\/schema.org","@graph":[{"@type":"WebPage","@id":"https:\/\/alcaldiaalbertoadriani.com\/?p=16114","url":"https:\/\/alcaldiaalbertoadriani.com\/?p=16114","name":"Alcald\u00eda de Alberto Adriani despleg\u00f3 jornada social","isPartOf":{"@id":"https:\/\/alcaldiaalbertoadriani.com\/#website"},"datePublished":"2026-04-27T16:01:53+00:00","dateModified":"2026-04-27T16:01:56+00:00","author":{"@id":"https:\/\/alcaldiaalbertoadriani.com\/#\/schema\/person\/549b4483ff8999ac780deeea78795fc9"},"description":"Alcald\u00eda de Alberto Adriani despleg\u00f3 jornada social en la Parroquia Pulido M\u00e9ndez fortaleciendo la atenci\u00f3n integral a las comunidades","breadcrumb":{"@id":"https:\/\/alcaldiaalbertoadriani.com\/?p=16114#breadcrumb"},"inLanguage":"es","potentialAction":[{"@type":"ReadAction","target":["https:\/\/alcaldiaalbertoadriani.com\/?p=16114"]}]},{"@type":"BreadcrumbList","@id":"https:\/\/alcaldiaalbertoadriani.com\/?p=16114#breadcrumb","itemListElement":[{"@type":"ListItem","position":1,"name":"Portada","item":"https:\/\/alcaldiaalbertoadriani.com\/"},{"@type":"ListItem","position":2,"name":"Alcald\u00eda de Alberto Adriani despleg\u00f3 jornada social en la Parroquia Pulido M\u00e9ndez"}]},{"@type":"WebSite","@id":"https:\/\/alcaldiaalbertoadriani.com\/#website","url":"https:\/\/alcaldiaalbertoadriani.com\/","name":"Alcaldia Alberto Adriani","description":"","potentialAction":[{"@type":"SearchAction","target":{"@type":"EntryPoint","urlTemplate":"https:\/\/alcaldiaalbertoadriani.com\/?s={search_term_string}"},"query-input":"required name=search_term_string"}],"inLanguage":"es"},{"@type":"Person","@id":"https:\/\/alcaldiaalbertoadriani.com\/#\/schema\/person\/549b4483ff8999ac780deeea78795fc9","name":"Prensa","image":{"@type":"ImageObject","inLanguage":"es","@id":"https:\/\/alcaldiaalbertoadriani.com\/#\/schema\/person\/image\/","url":"https:\/\/secure.gravatar.com\/avatar\/ea1cb567ea992a29627f4eee1c2eb185ec16decec6342d508fdf18dedb56c9de?s=96&d=mm&r=g","contentUrl":"https:\/\/secure.gravatar.com\/avatar\/ea1cb567ea992a29627f4eee1c2eb185ec16decec6342d508fdf18dedb56c9de?s=96&d=mm&r=g","caption":"Prensa"},"url":"https:\/\/alcaldiaalbertoadriani.com\/?author=2"}]}},"_links":{"self":[{"href":"https:\/\/alcaldiaalbertoadriani.com\/index.php?rest_route=\/wp\/v2\/posts\/16114","targetHints":{"allow":["GET"]}}],"collection":[{"href":"https:\/\/alcaldiaalbertoadriani.com\/index.php?rest_route=\/wp\/v2\/posts"}],"about":[{"href":"https:\/\/alcaldiaalbertoadriani.com\/index.php?rest_route=\/wp\/v2\/types\/post"}],"author":[{"embeddable":true,"href":"https:\/\/alcaldiaalbertoadriani.com\/index.php?rest_route=\/wp\/v2\/users\/2"}],"replies":[{"embeddable":true,"href":"https:\/\/alcaldiaalbertoadriani.com\/index.php?rest_route=%2Fwp%2Fv2%2Fcomments&post=16114"}],"version-history":[{"count":1,"href":"https:\/\/alcaldiaalbertoadriani.com\/index.php?rest_route=\/wp\/v2\/posts\/16114\/revisions"}],"predecessor-version":[{"id":16124,"href":"https:\/\/alcaldiaalbertoadriani.com\/index.php?rest_route=\/wp\/v2\/posts\/16114\/revisions\/16124"}],"wp:featuredmedia":[{"embeddable":true,"href":"https:\/\/alcaldiaalbertoadriani.com\/index.php?rest_route=\/wp\/v2\/media\/16115"}],"wp:attachment":[{"href":"https:\/\/alcaldiaalbertoadriani.com\/index.php?rest_route=%2Fwp%2Fv2%2Fmedia&parent=16114"}],"wp:term":[{"taxonomy":"category","embeddable":true,"href":"https:\/\/alcaldiaalbertoadriani.com\/index.php?rest_route=%2Fwp%2Fv2%2Fcategories&post=16114"},{"taxonomy":"post_tag","embeddable":true,"href":"https:\/\/alcaldiaalbertoadriani.com\/index.php?rest_route=%2Fwp%2Fv2%2Ftags&post=16114"}],"curies":[{"name":"wp","href":"https:\/\/api.w.org\/{rel}","templated":true}]}}